{"id":3863,"date":"2009-07-24T22:45:03","date_gmt":"2009-07-24T19:45:03","guid":{"rendered":"https:\/\/www.satokangas.fi\/blogi\/?p=3863"},"modified":"2009-07-24T22:45:03","modified_gmt":"2009-07-24T19:45:03","slug":"hitaasti","status":"publish","type":"post","link":"https:\/\/www.satokangas.fi\/blogi\/2009\/07\/hitaasti\/","title":{"rendered":"Hitaasti"},"content":{"rendered":"<p>Perjantai. L\u00e4mmin perjantai. Aamuinen lenkki ilo tehd\u00e4 luistellen. Etel\u00e4tuulella, iPodin s\u00e4est\u00e4ess\u00e4 pitki\u00e4 rauhallisia potkuja&#8230; Voiko kaupungissa loma-aamua paremmin aloittaa. <\/p>\n<p>P\u00e4iv\u00e4 pihalla. Siivoten, luututen (jos nyt teht\u00e4isiin talo min\u00e4 hankitsisin tarkkaan, kannattaako laittaa valkoiset ikkunalaudat!), istutellen, kitkien, suunnitellen. Istuen ja miettien. Tytt\u00e4ren kanssa jutellen, pojan kanssa ohimennen huudellen&#8230; <\/p>\n<p>Uusia reseptej\u00e4 kokeilin &#8211; kalaasit l\u00e4henee&#8230; Kes\u00e4n ruokajuhlaan tarjottavia koettelin&#8230; Huomenna ehk\u00e4p\u00e4 postailen jotain kuvia ja resehtej\u00e4. Pehtoori ja tyt\u00e4r ainakin pitiv\u00e4t nuudeli-tonnikalavirityksest\u00e4.<\/p>\n<p>Illan p\u00e4\u00e4lle vihdoin Katalonian kuviakin ryhdyin ty\u00f6st\u00e4m\u00e4\u00e4n &#8211; matkasivua varten. Kummallisen verkkaista t\u00e4m\u00e4 lomalaisen aikaansaanti. Muutama enemm\u00e4n kuin mukava keskeytys (systerin puhelu ja yst\u00e4vien piipahdus) kuvaeditoinninlle! <\/p>\n<p>Nyt jatkuu Qstockissa olevien nuorten kanssa tekstailu ja pienoinen huoli&#8230; Nukahdan min\u00e4, v\u00e4lill\u00e4. Toivottavasti. Mutta kyll\u00e4 festariviikonloppu saa hieman herk\u00e4ksi ja huolestuneeksi. Montakos vuotta omasta ensimm\u00e4isest\u00e4 Kuusrockista onkaan?<\/p>\n","protected":false},"excerpt":{"rendered":"<p>Perjantai. L\u00e4mmin perjantai. Aamuinen lenkki ilo tehd\u00e4 luistellen. Etel\u00e4tuulella, iPodin s\u00e4est\u00e4ess\u00e4 pitki\u00e4 rauhallisia potkuja&#8230; Voiko kaupungissa loma-aamua paremmin aloittaa. P\u00e4iv\u00e4 pihalla. Siivoten, luututen (jos nyt teht\u00e4isiin talo min\u00e4 hankitsisin tarkkaan, kannattaako laittaa valkoiset ikkunalaudat!), istutellen, kitkien, suunnitellen. Istuen ja miettien. Tytt\u00e4ren kanssa jutellen, pojan kanssa ohimennen huudellen&#8230; Uusia reseptej\u00e4 kokeilin &#8211; kalaasit l\u00e4henee&#8230; Kes\u00e4n ruokajuhlaan tarjottavia koettelin&#8230; Huomenna ehk\u00e4p\u00e4 postailen &hellip; <\/p>\n","protected":false},"author":1,"featured_media":0,"comment_status":"open","ping_status":"open","sticky":false,"template":"","format":"standard","meta":{"jetpack_post_was_ever_published":false,"_jetpack_newsletter_access":"","_jetpack_dont_email_post_to_subs":false,"_jetpack_newsletter_tier_id":0,"_jetpack_memberships_contains_paywalled_content":false,"_jetpack_memberships_contains_paid_content":false,"footnotes":"","jetpack_publicize_message":"","jetpack_publicize_feature_enabled":true,"jetpack_social_post_already_shared":false,"jetpack_social_options":{"image_generator_settings":{"template":"highway","default_image_id":0,"font":"","enabled":false},"version":2}},"categories":[1],"tags":[],"class_list":["post-3863","post","type-post","status-publish","format-standard","hentry","category-aiheeton","latest_post"],"jetpack_publicize_connections":[],"jetpack_featured_media_url":"","jetpack_shortlink":"https:\/\/wp.me\/sr4p4-hitaasti","jetpack_sharing_enabled":true,"jetpack_likes_enabled":false,"jetpack-related-posts":[{"id":21874,"url":"https:\/\/www.satokangas.fi\/blogi\/2014\/07\/alpeilta-palattua\/","url_meta":{"origin":3863,"position":0},"title":"Alpeilta palattua","author":"Reija","date":"19.7.2014","format":false,"excerpt":"Palaanpa ja kertaanpa viel\u00e4 eilist\u00e4kin... Lauantain vaellus oli viikon lyhyin (alle 8 km) ja korkeusmetrej\u00e4k\u00e4\u00e4n ei tullut 400 metri\u00e4 enemp\u00e4\u00e4 (1600 - > 2000), mutta melkein seitsem\u00e4n tuntia vuorilla oltiin. Ihan kohtuullista nousua, alppiniityt samettisina, taivaankansi kirkkaansinisen\u00e4, aurinko tavallista l\u00e4hemp\u00e4n\u00e4, l\u00e4mmint\u00e4 niin, ett\u00e4 sit\u00e4 olisi ollut varmasti liiankin kanssa, jollei\u2026","rel":"","context":"Kategoriassa &quot;Bad Gastein&quot;","block_context":{"text":"Bad Gastein","link":"https:\/\/www.satokangas.fi\/blogi\/category\/reissut\/bad-gastein\/"},"img":{"alt_text":"Perjantai Stubnerkogel-2","src":"https:\/\/i0.wp.com\/www.satokangas.fi\/blogi\/wp-content\/uploads\/2014\/07\/Perjantai-Stubnerkogel-21-600x400.jpg?resize=350%2C200&ssl=1","width":350,"height":200,"srcset":"https:\/\/i0.wp.com\/www.satokangas.fi\/blogi\/wp-content\/uploads\/2014\/07\/Perjantai-Stubnerkogel-21-600x400.jpg?resize=350%2C200&ssl=1 1x, https:\/\/i0.wp.com\/www.satokangas.fi\/blogi\/wp-content\/uploads\/2014\/07\/Perjantai-Stubnerkogel-21-600x400.jpg?resize=525%2C300&ssl=1 1.5x"},"classes":[]},{"id":21384,"url":"https:\/\/www.satokangas.fi\/blogi\/2014\/06\/vahan-saaskia-ja-pienia-kuplia\/","url_meta":{"origin":3863,"position":1},"title":"V\u00e4h\u00e4n s\u00e4\u00e4ski\u00e4 ja pieni\u00e4 kuplia","author":"Reija","date":"13.6.2014","format":false,"excerpt":"Arkiaamun lenkki. Pelk\u00e4st\u00e4\u00e4n siin\u00e4 on enemm\u00e4n kuin kolme positiivista asiaa: se, ett\u00e4 se on mahdollista, ett\u00e4 tein sen, se kaikki vihreys, lopultakin v\u00e4h\u00e4inen itikoiden m\u00e4\u00e4r\u00e4, meren tyyneys, liikkumisen ilo. \u00a0Mahdollisuus valita, l\u00e4hdenk\u00f6 duuniin kampukselle vai k\u00e4ynk\u00f6 ensin lenkill\u00e4 ja j\u00e4\u00e4n p\u00e4iv\u00e4ksi kotiin nimikkeell\u00e4 \"et\u00e4ty\u00f6\". \u00a0Tuota et\u00e4ty\u00f6-k\u00e4sitett\u00e4 aina joskus mietin: meill\u00e4kin\u2026","rel":"","context":"Kategoriassa &quot;Niit\u00e4 n\u00e4it\u00e4&quot;","block_context":{"text":"Niit\u00e4 n\u00e4it\u00e4","link":"https:\/\/www.satokangas.fi\/blogi\/category\/aiheeton\/"},"img":{"alt_text":"lenkill\u00e4","src":"https:\/\/i0.wp.com\/www.satokangas.fi\/blogi\/wp-content\/uploads\/2014\/06\/lenkill%C3%A4-236x400.jpg?resize=350%2C200&ssl=1","width":350,"height":200},"classes":[]},{"id":18038,"url":"https:\/\/www.satokangas.fi\/blogi\/2013\/07\/urupaa-401-mpy-huiputettu\/","url_meta":{"origin":3863,"position":2},"title":"Urup\u00e4\u00e4 (401 mpy) huiputettu","author":"Reija","date":"12.7.2013","format":false,"excerpt":"Liki pakkasy\u00f6n j\u00e4lkeen aamu kuulas, purolla kylm\u00e4, valoisaa jo varhain, niin kuin t\u00e4\u00e4ll\u00e4 koko ajan, hetken luulee olevansa syksyss\u00e4. L\u00e4hdemme autolla Kaunisp\u00e4\u00e4lle. Ja tavoitteena kulkea huipulta huipulle; Kaunisp\u00e4\u00e4lt\u00e4 kohti Urup\u00e4\u00e4t\u00e4. Hassua ett\u00e4 koskaan ei ole tullut siell\u00e4 k\u00e4yty\u00e4. Kaunisp\u00e4\u00e4n pohjoisrinteell\u00e4 kanervikkoa, mustikanvarpuja, jotka jo punastuneet; ruska hein\u00e4kuun puoliv\u00e4liss\u00e4!! Kuvassa ylh\u00e4\u00e4ll\u00e4\u2026","rel":"","context":"Kategoriassa &quot;Lappi&quot;","block_context":{"text":"Lappi","link":"https:\/\/www.satokangas.fi\/blogi\/category\/lappi\/"},"img":{"alt_text":"Paras perjantai-14","src":"https:\/\/i0.wp.com\/www.satokangas.fi\/blogi\/wp-content\/uploads\/2013\/07\/Paras-perjantai-14-299x400.jpg?resize=350%2C200&ssl=1","width":350,"height":200},"classes":[]},{"id":16717,"url":"https:\/\/www.satokangas.fi\/blogi\/2013\/03\/taman-viikon-perjantai\/","url_meta":{"origin":3863,"position":3},"title":"T\u00e4m\u00e4n viikon perjantai","author":"Reija","date":"8.3.2013","format":false,"excerpt":"Varjot iltap\u00e4iv\u00e4ll\u00e4 viel\u00e4 pitki\u00e4, mutta kuitenkin valossa jotain kev\u00e4tt\u00e4. Ehk\u00e4 kontrasti aamun ja aamup\u00e4iv\u00e4n lumimyr\u00e4kk\u00e4\u00e4n, joka alkoi aamuyhdeks\u00e4lt\u00e4 ihan yht\u00e4kki\u00e4, vain saa aikaan luulon kev\u00e4\u00e4n tulosta. Lenkill\u00e4 viima, pohjasta tuleva pureva tuuli muistutti siit\u00e4, miksi en sittenk\u00e4\u00e4n l\u00e4htenyt m\u00e4keen. Loma\/et\u00e4ty\u00f6viikko alkaa olla lopuillaan, nyt jo? Merkillinen viikko. Harvoin t\u00e4\u00e4ll\u00e4 tulee\u2026","rel":"","context":"Kategoriassa &quot;Lappi&quot;","block_context":{"text":"Lappi","link":"https:\/\/www.satokangas.fi\/blogi\/category\/lappi\/"},"img":{"alt_text":"Sininen Hangasoja 2","src":"https:\/\/i0.wp.com\/www.satokangas.fi\/blogi\/wp-content\/uploads\/2013\/03\/Sininen-Hangasoja-2-682x1024.jpg?resize=350%2C200&ssl=1","width":350,"height":200,"srcset":"https:\/\/i0.wp.com\/www.satokangas.fi\/blogi\/wp-content\/uploads\/2013\/03\/Sininen-Hangasoja-2-682x1024.jpg?resize=350%2C200&ssl=1 1x, https:\/\/i0.wp.com\/www.satokangas.fi\/blogi\/wp-content\/uploads\/2013\/03\/Sininen-Hangasoja-2-682x1024.jpg?resize=525%2C300&ssl=1 1.5x"},"classes":[]},{"id":30981,"url":"https:\/\/www.satokangas.fi\/blogi\/2017\/06\/perjantai-vai-tiistai-vai-mika\/","url_meta":{"origin":3863,"position":4},"title":"Perjantai, vai tiistai vai mik\u00e4?","author":"Reija","date":"13.6.2017","format":false,"excerpt":"- Niin kauan kuin Juniori on J:n ja sittemmin my\u00f6s Apsun kanssa asunut Pateniemess\u00e4 ja olen siell\u00e4 kulkenut, viime aikoina yh\u00e4 useammin hakemassa pojanpoikaa mummilap\u00e4iv\u00e4\u00e4 viett\u00e4m\u00e4\u00e4n (allergiani vuoksi en heill\u00e4 - kolmen koiran huushollissa - paljon aikaani viet\u00e4, mutta tuleehan siell\u00e4 p\u00e4in kuitenkin kuljettua) olen kaukaa ihaillut koivikkoa, joka matkan\u2026","rel":"","context":"Kategoriassa &quot;Niit\u00e4 n\u00e4it\u00e4&quot;","block_context":{"text":"Niit\u00e4 n\u00e4it\u00e4","link":"https:\/\/www.satokangas.fi\/blogi\/category\/aiheeton\/"},"img":{"alt_text":"","src":"https:\/\/i0.wp.com\/www.satokangas.fi\/blogi\/wp-content\/uploads\/2017\/06\/Oulun-komein-koivikko-4-267x400.jpg?resize=350%2C200&ssl=1","width":350,"height":200},"classes":[]},{"id":5886,"url":"https:\/\/www.satokangas.fi\/blogi\/2010\/01\/thank%c2%b4s-god-it%c2%b4s-friday\/","url_meta":{"origin":3863,"position":5},"title":"Thank\u00b4s God: It\u00b4s Friday","author":"Reija","date":"29.1.2010","format":false,"excerpt":"Perjantai. Perjantai tarkoittaa v\u00e4h\u00e4n h\u00f6llennetty\u00e4 duuniin rient\u00e4mist\u00e4. T\u00e4n\u00e4\u00e4nkin olin kustannuspaikalla vasta puol yhdeks\u00e4n kieppeiss\u00e4. Perjantai tarkoittaa v\u00e4h\u00e4n pidemm\u00e4ksi venyv\u00e4\u00e4 aamukahvia, vaikkei meit\u00e4 monta Humus-kuppilan p\u00f6yd\u00e4ss\u00e4 ollutkaan. Perjantai tarkoittaa usein kokouksia, mutta t\u00e4n\u00e4\u00e4n niit\u00e4 ei ollut yht\u00e4\u00e4n. Perjantai tarkoittaa arkistoa, ei aina, mutta t\u00e4n\u00e4\u00e4n olin kuitenkin - ehk\u00e4 siksikin kun ei\u2026","rel":"","context":"Kategoriassa &quot;Niit\u00e4 n\u00e4it\u00e4&quot;","block_context":{"text":"Niit\u00e4 n\u00e4it\u00e4","link":"https:\/\/www.satokangas.fi\/blogi\/category\/aiheeton\/"},"img":{"alt_text":"","src":"","width":0,"height":0},"classes":[]}],"_links":{"self":[{"href":"https:\/\/www.satokangas.fi\/blogi\/wp-json\/wp\/v2\/posts\/3863","targetHints":{"allow":["GET"]}}],"collection":[{"href":"https:\/\/www.satokangas.fi\/blogi\/wp-json\/wp\/v2\/posts"}],"about":[{"href":"https:\/\/www.satokangas.fi\/blogi\/wp-json\/wp\/v2\/types\/post"}],"author":[{"embeddable":true,"href":"https:\/\/www.satokangas.fi\/blogi\/wp-json\/wp\/v2\/users\/1"}],"replies":[{"embeddable":true,"href":"https:\/\/www.satokangas.fi\/blogi\/wp-json\/wp\/v2\/comments?post=3863"}],"version-history":[{"count":0,"href":"https:\/\/www.satokangas.fi\/blogi\/wp-json\/wp\/v2\/posts\/3863\/revisions"}],"wp:attachment":[{"href":"https:\/\/www.satokangas.fi\/blogi\/wp-json\/wp\/v2\/media?parent=3863"}],"wp:term":[{"taxonomy":"category","embeddable":true,"href":"https:\/\/www.satokangas.fi\/blogi\/wp-json\/wp\/v2\/categories?post=3863"},{"taxonomy":"post_tag","embeddable":true,"href":"https:\/\/www.satokangas.fi\/blogi\/wp-json\/wp\/v2\/tags?post=3863"}],"curies":[{"name":"wp","href":"https:\/\/api.w.org\/{rel}","templated":true}]}}