{"id":3845,"date":"2009-07-21T19:59:34","date_gmt":"2009-07-21T16:59:34","guid":{"rendered":"https:\/\/www.satokangas.fi\/blogi\/?p=3845"},"modified":"2009-07-21T20:02:42","modified_gmt":"2009-07-21T17:02:42","slug":"kesaisesta-etelasta-syksyiseen-pohjoiseen","status":"publish","type":"post","link":"https:\/\/www.satokangas.fi\/blogi\/2009\/07\/kesaisesta-etelasta-syksyiseen-pohjoiseen\/","title":{"rendered":"Kes\u00e4isest\u00e4 etel\u00e4st\u00e4 syksyiseen pohjoiseen"},"content":{"rendered":"<p>Aamiainen herkutellen, rauhaisasti. Aika my\u00f6h\u00e4\u00e4n nukuimme ja s\u00f6imme. Hiljalleen teimme l\u00e4ht\u00f6\u00e4, yst\u00e4v\u00e4t hyv\u00e4stellen: &#8221;pian onneksi n\u00e4hd\u00e4\u00e4n taas&#8221;. A presto!<\/p>\n<p>Heinola &#8211; Jyv\u00e4skyl\u00e4 &#8211; Rantsila &#8211; Oulu -reitti ei houkuta. Olemmehan kotimaanturneella, kierret\u00e4\u00e4n uusia reittej\u00e4: Asikkala, J\u00e4ms\u00e4nkoski, Pylk\u00f6nm\u00e4ki, Kaustinen, Oulainen. Kuusisataa kilometri\u00e4 lis\u00e4\u00e4 edellisten p\u00e4ivien 1400 kilometrin p\u00e4\u00e4lle. Yhteens\u00e4 siis 2000 km ristin rastiin (it\u00e4ist\u00e4) suvista Suomea. M\u00e4nt\u00e4ss\u00e4 olisi ollut Serlachiuksen museon Gustaf ja G\u00f6sta &#8211; uusitut taidemuseo ja lapsuuden historia -n\u00e4yttely &#8211; mutta emme kuitenkaan menneet. Tuntui ett\u00e4 matkaa kotiin oli niin paljon&#8230;<\/p>\n<p>Aurinkoisesta aamusta keltaisten rypsi- ja kauniisti aaltoilevien kaurapeltojen sek\u00e4 lupiinien ja hoidettujen pihapiirien maisemista Pohjanmaalle horsmien ja soiden aukeisiin n\u00e4kymiin. Sadepilvet kulkivat koko matkan edell\u00e4. Limingassa ne vihdoin putosivat, oikeasti tuntui ett\u00e4 putosivat!, p\u00e4\u00e4llemme. L\u00e4mp\u00f6tila laski alle viiteentoista. Oli kummallisen pime\u00e4\u00e4nkin.<\/p>\n<p>Kotona valoisampi n\u00e4ky. Ja tuoksu! Pihalle asti tuoksui kun tyt\u00e4r oli tehnyt ruoan valmiiksi. My\u00f6s juniori ja tytt\u00f6yst\u00e4v\u00e4ns\u00e4 olivat kotona. Paluu ei ollutkaan ollenkaan kurja.<\/p>\n<p>Viisi p\u00e4iv\u00e4\u00e4 l\u00e4hes koko ajan kaksistaan. Hienoissa uusissa paikoissa, rauhallisesti, kartanokierros-teemalla. Ensi kes\u00e4n\u00e4 ehk\u00e4 p\u00e4\u00e4st\u00e4\u00e4n Karjalaankin, ja varmasti tehd\u00e4\u00e4n kotimaan turnee taas. \u00a0Ehk\u00e4 L\u00e4nsi-Suomeen: Fiskars, Perni\u00f6, H\u00e4meenlinna, Rauma? Ehk\u00e4 ensi kes\u00e4n\u00e4 kartanoiden sijaan linnoja?<\/p>\n","protected":false},"excerpt":{"rendered":"<p>Aamiainen herkutellen, rauhaisasti. Aika my\u00f6h\u00e4\u00e4n nukuimme ja s\u00f6imme. Hiljalleen teimme l\u00e4ht\u00f6\u00e4, yst\u00e4v\u00e4t hyv\u00e4stellen: &#8221;pian onneksi n\u00e4hd\u00e4\u00e4n taas&#8221;. A presto! Heinola &#8211; Jyv\u00e4skyl\u00e4 &#8211; Rantsila &#8211; Oulu -reitti ei houkuta. Olemmehan kotimaanturneella, kierret\u00e4\u00e4n uusia reittej\u00e4: Asikkala, J\u00e4ms\u00e4nkoski, Pylk\u00f6nm\u00e4ki, Kaustinen, Oulainen. Kuusisataa kilometri\u00e4 lis\u00e4\u00e4 edellisten p\u00e4ivien 1400 kilometrin p\u00e4\u00e4lle. Yhteens\u00e4 siis 2000 km ristin rastiin (it\u00e4ist\u00e4) suvista Suomea. M\u00e4nt\u00e4ss\u00e4 olisi ollut Serlachiuksen &hellip; <\/p>\n","protected":false},"author":1,"featured_media":0,"comment_status":"open","ping_status":"open","sticky":false,"template":"","format":"standard","meta":{"jetpack_post_was_ever_published":false,"_jetpack_newsletter_access":"","_jetpack_dont_email_post_to_subs":false,"_jetpack_newsletter_tier_id":0,"_jetpack_memberships_contains_paywalled_content":false,"_jetpack_memberships_contains_paid_content":false,"footnotes":"","jetpack_publicize_message":"","jetpack_publicize_feature_enabled":true,"jetpack_social_post_already_shared":false,"jetpack_social_options":{"image_generator_settings":{"template":"highway","default_image_id":0,"font":"","enabled":false},"version":2}},"categories":[1],"tags":[],"class_list":["post-3845","post","type-post","status-publish","format-standard","hentry","category-aiheeton","latest_post"],"jetpack_publicize_connections":[],"jetpack_featured_media_url":"","jetpack_shortlink":"https:\/\/wp.me\/pr4p4-101","jetpack_sharing_enabled":true,"jetpack_likes_enabled":false,"jetpack-related-posts":[{"id":47428,"url":"https:\/\/www.satokangas.fi\/blogi\/2023\/10\/kausi-ohi-hyvilla-mielin\/","url_meta":{"origin":3845,"position":0},"title":"Kausi ohi, &#8211; hyvill\u00e4 mielin","author":"Reija","date":"28.10.2023","format":false,"excerpt":"Melkein viime metreill\u00e4 tavoite saavutettu! Viimeisen viikon aikana ja varsinkin t\u00e4n\u00e4\u00e4n on mennyt ihan suorittamiseksi n\u00e4m\u00e4 py\u00f6r\u00e4ilyhommat! Kev\u00e4\u00e4ll\u00e4 kun py\u00f6r\u00e4n esille otin, ajattelin, ett\u00e4 jos ajelen saman verran kilometrej\u00e4 kuin viime vuonna, niin kolmivuotiaan py\u00f6r\u00e4n mittarissa on kauden lopussa kymppitonni! Ja sit\u00e4 kohti. Tosiasiassa en ole kilometrej\u00e4 kummemmin laskeskellut, enk\u00e4\u2026","rel":"","context":"Kategoriassa &quot;Liikkuminen&quot;","block_context":{"text":"Liikkuminen","link":"https:\/\/www.satokangas.fi\/blogi\/category\/liikkuminen\/"},"img":{"alt_text":"","src":"https:\/\/i0.wp.com\/www.satokangas.fi\/blogi\/wp-content\/uploads\/2023\/10\/pyorailykaupunkiOULU-3.jpg?resize=350%2C200&ssl=1","width":350,"height":200,"srcset":"https:\/\/i0.wp.com\/www.satokangas.fi\/blogi\/wp-content\/uploads\/2023\/10\/pyorailykaupunkiOULU-3.jpg?resize=350%2C200&ssl=1 1x, https:\/\/i0.wp.com\/www.satokangas.fi\/blogi\/wp-content\/uploads\/2023\/10\/pyorailykaupunkiOULU-3.jpg?resize=525%2C300&ssl=1 1.5x, https:\/\/i0.wp.com\/www.satokangas.fi\/blogi\/wp-content\/uploads\/2023\/10\/pyorailykaupunkiOULU-3.jpg?resize=700%2C400&ssl=1 2x"},"classes":[]},{"id":48989,"url":"https:\/\/www.satokangas.fi\/blogi\/2024\/04\/tavoitteessa-hiihdot-hiihdelty\/","url_meta":{"origin":3845,"position":1},"title":"Tavoitteessa &#8211; hiihdot hiihdelty","author":"Reija","date":"10.4.2024","format":false,"excerpt":"Sataa vett\u00e4. Hiihtokausi on nyt ohi. Mutta k\u00e4vinp\u00e4 viel\u00e4 aamup\u00e4iv\u00e4ll\u00e4 15 km hiihtelem\u00e4ss\u00e4 Sivakkaoja-Kiilop\u00e4\u00e4 -huudeilla.\u00a0T\u00e4\u00e4ll\u00e4 pohjoisessa hiihtokautta on varmaan viel\u00e4 vappuun asti, m\u00f6kkipihassakin on lunta aika lailla (artikkelikuva aamup\u00e4iv\u00e4lt\u00e4), mutta meill\u00e4 paluu etel\u00e4\u00e4n edess\u00e4. T\u00e4m\u00e4n hiihtokauden tavoitteeksi asetin itselleni hiiht\u00e4\u00e4 kilometrin enemm\u00e4n kuin viime vuonna, joka sekin oli minun el\u00e4m\u00e4ss\u00e4ni\u2026","rel":"","context":"Kategoriassa &quot;Lappi&quot;","block_context":{"text":"Lappi","link":"https:\/\/www.satokangas.fi\/blogi\/category\/lappi\/"},"img":{"alt_text":"","src":"https:\/\/i0.wp.com\/www.satokangas.fi\/blogi\/wp-content\/uploads\/2024\/04\/luntariittaa.jpg?resize=350%2C200&ssl=1","width":350,"height":200,"srcset":"https:\/\/i0.wp.com\/www.satokangas.fi\/blogi\/wp-content\/uploads\/2024\/04\/luntariittaa.jpg?resize=350%2C200&ssl=1 1x, https:\/\/i0.wp.com\/www.satokangas.fi\/blogi\/wp-content\/uploads\/2024\/04\/luntariittaa.jpg?resize=525%2C300&ssl=1 1.5x, https:\/\/i0.wp.com\/www.satokangas.fi\/blogi\/wp-content\/uploads\/2024\/04\/luntariittaa.jpg?resize=700%2C400&ssl=1 2x"},"classes":[]},{"id":5512,"url":"https:\/\/www.satokangas.fi\/blogi\/2009\/12\/kohti-joulua\/","url_meta":{"origin":3845,"position":2},"title":"Kohti joulua","author":"Reija","date":"22.12.2009","format":false,"excerpt":"Olen yritt\u00e4nyt saada junioriin v\u00e4h\u00e4n puhtia, joulupuuhiin avuksi ja pojan heti loman aluksi umpisekaisin hurahtaneen unij\u00e4rjestyksen kohilleen. Olen yritt\u00e4nyt saada \u00e4\u00e4rimm\u00e4isen realistisen, ei-niin-jouluihminen tytt\u00e4ren ymm\u00e4rt\u00e4m\u00e4\u00e4n sit\u00e4,\u00a0 kuinka minusta on mukavaa laitella v\u00e4h\u00e4n kynttil\u00e4lyhtyj\u00e4 pihalle, tonttuja keitti\u00f6\u00f6n, suklaakakkusia pakkaseen, lahjoja jemmaan, \u00a0punaisia pikkuliinoja p\u00f6ydille, \u00a0kuinka ihanaa on kuunnella Andrea Bocellin uutta\u2026","rel":"","context":"Kategoriassa &quot;Niit\u00e4 n\u00e4it\u00e4&quot;","block_context":{"text":"Niit\u00e4 n\u00e4it\u00e4","link":"https:\/\/www.satokangas.fi\/blogi\/category\/aiheeton\/"},"img":{"alt_text":"","src":"https:\/\/i0.wp.com\/www.satokangas.fi\/blogi\/wp-content\/uploads\/2009\/12\/22-500x333.jpg?resize=350%2C200&ssl=1","width":350,"height":200},"classes":[]},{"id":40344,"url":"https:\/\/www.satokangas.fi\/blogi\/2021\/02\/hitaasti-hiihdellen\/","url_meta":{"origin":3845,"position":3},"title":"Hitaasti hiihdellen","author":"Reija","date":"28.2.2021","format":false,"excerpt":"Hiihtop\u00e4iv\u00e4. T\u00e4n\u00e4\u00e4nkin. Oli hyv\u00e4, ett\u00e4 l\u00e4hdimme (tahoillemme) jo aamup\u00e4iv\u00e4ll\u00e4, iltap\u00e4iv\u00e4n puolella pilvistyi, l\u00e4mpeni, nyt liki sataa vett\u00e4. Valitsin reitikseni Kakslauttanen* - (Sivakkaojan vartta kohti)\u00a0 Niilanp\u00e4\u00e4 - Kiilop\u00e4\u00e4. Minulle ennen kulkematon, hiiht\u00e4m\u00e4t\u00f6n, reitti\/latu. Niilanp\u00e4\u00e4ll\u00e4 on k\u00e4yty patikalla, - itse asiassa ihan vastik\u00e4\u00e4n -\u00a0 mutta ei hiiht\u00e4m\u00e4ss\u00e4. T\u00e4n\u00e4\u00e4n tarkoitukseni oli parin kilometrin\u2026","rel":"","context":"Kategoriassa &quot;Lappi&quot;","block_context":{"text":"Lappi","link":"https:\/\/www.satokangas.fi\/blogi\/category\/lappi\/"},"img":{"alt_text":"","src":"https:\/\/i0.wp.com\/www.satokangas.fi\/blogi\/wp-content\/uploads\/2021\/02\/Kakslauttanen-755x400.png?resize=350%2C200&ssl=1","width":350,"height":200,"srcset":"https:\/\/i0.wp.com\/www.satokangas.fi\/blogi\/wp-content\/uploads\/2021\/02\/Kakslauttanen-755x400.png?resize=350%2C200&ssl=1 1x, https:\/\/i0.wp.com\/www.satokangas.fi\/blogi\/wp-content\/uploads\/2021\/02\/Kakslauttanen-755x400.png?resize=525%2C300&ssl=1 1.5x, https:\/\/i0.wp.com\/www.satokangas.fi\/blogi\/wp-content\/uploads\/2021\/02\/Kakslauttanen-755x400.png?resize=700%2C400&ssl=1 2x"},"classes":[]},{"id":14591,"url":"https:\/\/www.satokangas.fi\/blogi\/2012\/06\/lemmenjoella\/","url_meta":{"origin":3845,"position":4},"title":"Lemmenjoella","author":"Reija","date":"25.6.2012","format":false,"excerpt":"Retkip\u00e4iv\u00e4. Aamuaurinko lupasi hyv\u00e4\u00e4, ja hyvin lupaus piti. Lemmenjoen kansallispuistossa oltu t\u00e4m\u00e4 p\u00e4iv\u00e4. Koko p\u00e4iv\u00e4. M\u00f6kilt\u00e4 Ivalon ja Inarin kautta Njurgulahteen ja sielt\u00e4 sitten venekyydille. \u00a0Saman verran kesti ja maksoi venematka Ravadas-K\u00f6ng\u00e4ksen kautta Kultalan Haminaan kuin junamatka Lahdesta Helsinkiin. Venematka oli jotain ennenkokematonta, ja ainutlaatuisia olivat maisemat ja n\u00e4kym\u00e4t. Ja\u2026","rel":"","context":"Kategoriassa &quot;Lappi&quot;","block_context":{"text":"Lappi","link":"https:\/\/www.satokangas.fi\/blogi\/category\/lappi\/"},"img":{"alt_text":"","src":"https:\/\/i0.wp.com\/www.satokangas.fi\/blogi\/wp-content\/uploads\/lemmenjoella-Custom.jpg?resize=350%2C200&ssl=1","width":350,"height":200,"srcset":"https:\/\/i0.wp.com\/www.satokangas.fi\/blogi\/wp-content\/uploads\/lemmenjoella-Custom.jpg?resize=350%2C200&ssl=1 1x, https:\/\/i0.wp.com\/www.satokangas.fi\/blogi\/wp-content\/uploads\/lemmenjoella-Custom.jpg?resize=525%2C300&ssl=1 1.5x, https:\/\/i0.wp.com\/www.satokangas.fi\/blogi\/wp-content\/uploads\/lemmenjoella-Custom.jpg?resize=700%2C400&ssl=1 2x, https:\/\/i0.wp.com\/www.satokangas.fi\/blogi\/wp-content\/uploads\/lemmenjoella-Custom.jpg?resize=1050%2C600&ssl=1 3x"},"classes":[]},{"id":45289,"url":"https:\/\/www.satokangas.fi\/blogi\/2023\/04\/hankikantoa\/","url_meta":{"origin":3845,"position":5},"title":"Hankikantoa","author":"Reija","date":"11.4.2023","format":false,"excerpt":"Hiihdolle hyv\u00e4stit! T\u00e4n\u00e4\u00e4n viel\u00e4 kerran lempireitille, Pieranvaaran reunaa kohti Ahop\u00e4\u00e4t\u00e4 ja V\u00e4vyp\u00e4\u00e4t\u00e4, \"yl\u00e4ng\u00f6ll\u00e4\" pitk\u00e4\u00e4n nautiskellen, pys\u00e4hdellen, kuunnellen. Lis\u00e4mutkan kautta takaisin m\u00f6kille ja rantasaunaan. Ei t\u00e4n\u00e4\u00e4n mik\u00e4\u00e4n hyv\u00e4 hiihtokeli ollut. Taisi olla ensimm\u00e4ist\u00e4 kertaa t\u00e4lle reissulle, kun oli kunnon hankikanto. Y\u00f6pakkanen teki hangista kimmelt\u00e4vi\u00e4, kantavia. Kestohangille en poikennut, - mutta el\u00e4m\u00e4\u2026","rel":"","context":"Kategoriassa &quot;Lappi&quot;","block_context":{"text":"Lappi","link":"https:\/\/www.satokangas.fi\/blogi\/category\/lappi\/"},"img":{"alt_text":"","src":"https:\/\/i0.wp.com\/www.satokangas.fi\/blogi\/wp-content\/uploads\/2023\/04\/hankikantoa-5.jpg?resize=350%2C200&ssl=1","width":350,"height":200,"srcset":"https:\/\/i0.wp.com\/www.satokangas.fi\/blogi\/wp-content\/uploads\/2023\/04\/hankikantoa-5.jpg?resize=350%2C200&ssl=1 1x, https:\/\/i0.wp.com\/www.satokangas.fi\/blogi\/wp-content\/uploads\/2023\/04\/hankikantoa-5.jpg?resize=525%2C300&ssl=1 1.5x, https:\/\/i0.wp.com\/www.satokangas.fi\/blogi\/wp-content\/uploads\/2023\/04\/hankikantoa-5.jpg?resize=700%2C400&ssl=1 2x"},"classes":[]}],"_links":{"self":[{"href":"https:\/\/www.satokangas.fi\/blogi\/wp-json\/wp\/v2\/posts\/3845","targetHints":{"allow":["GET"]}}],"collection":[{"href":"https:\/\/www.satokangas.fi\/blogi\/wp-json\/wp\/v2\/posts"}],"about":[{"href":"https:\/\/www.satokangas.fi\/blogi\/wp-json\/wp\/v2\/types\/post"}],"author":[{"embeddable":true,"href":"https:\/\/www.satokangas.fi\/blogi\/wp-json\/wp\/v2\/users\/1"}],"replies":[{"embeddable":true,"href":"https:\/\/www.satokangas.fi\/blogi\/wp-json\/wp\/v2\/comments?post=3845"}],"version-history":[{"count":0,"href":"https:\/\/www.satokangas.fi\/blogi\/wp-json\/wp\/v2\/posts\/3845\/revisions"}],"wp:attachment":[{"href":"https:\/\/www.satokangas.fi\/blogi\/wp-json\/wp\/v2\/media?parent=3845"}],"wp:term":[{"taxonomy":"category","embeddable":true,"href":"https:\/\/www.satokangas.fi\/blogi\/wp-json\/wp\/v2\/categories?post=3845"},{"taxonomy":"post_tag","embeddable":true,"href":"https:\/\/www.satokangas.fi\/blogi\/wp-json\/wp\/v2\/tags?post=3845"}],"curies":[{"name":"wp","href":"https:\/\/api.w.org\/{rel}","templated":true}]}}