{"id":3842,"date":"2009-07-20T23:51:50","date_gmt":"2009-07-20T20:51:50","guid":{"rendered":"https:\/\/www.satokangas.fi\/blogi\/?p=3842"},"modified":"2009-07-22T19:13:59","modified_gmt":"2009-07-22T16:13:59","slug":"lomasen-loppuhuipennus","status":"publish","type":"post","link":"https:\/\/www.satokangas.fi\/blogi\/2009\/07\/lomasen-loppuhuipennus\/","title":{"rendered":"Lomasen loppuhuipennus"},"content":{"rendered":"<p class=\"MsoNormal\" style=\"margin: 0cm 0cm 10pt;\"><span style=\"font-size: small; font-family: Calibri;\">Rantasalmelta Vierum\u00e4elle, kiert\u00e4en Saimaan etel\u00e4rannan kautta, on yli 300 kilometri\u00e4. Sateen uhan <span style=\"mso-spacerun: yes;\">\u00a0<\/span>alla ja sateen sattuessa ajelimme. Imatralla pys\u00e4hdyimme: Buttenhofin kahvilassa oli k\u00e4yt\u00e4v\u00e4. <\/span><\/p>\n<p class=\"MsoNormal\" style=\"margin: 0cm 0cm 10pt;\"><span style=\"font-size: small; font-family: Calibri;\">Milloin lie olemme Lappeenrannassa k\u00e4yneet? T\u00e4n\u00e4\u00e4n k\u00e4ytiin. Iltap\u00e4iv\u00e4ll\u00e4 yst\u00e4vien m\u00f6kin pihaan ajoimme. Satoi. Satakoon. Meit\u00e4 odotti lounas ja sen j\u00e4lkeen illallinen. Ruhtinaallista. Majoituksen ja tarjoilun taso ei ainakaan laskenut edellisiin p\u00e4iviin verrattuna. Ja mik\u00e4 parasta: seura oli mit\u00e4 parasta. Pitk\u00e4n yst\u00e4vyyden<span style=\"mso-spacerun: yes;\">\u00a0 <\/span>tuoma turva ja tuttuus, helppous ja hyv\u00e4 olo. <\/span><\/p>\n","protected":false},"excerpt":{"rendered":"<p>Rantasalmelta Vierum\u00e4elle, kiert\u00e4en Saimaan etel\u00e4rannan kautta, on yli 300 kilometri\u00e4. Sateen uhan \u00a0alla ja sateen sattuessa ajelimme. Imatralla pys\u00e4hdyimme: Buttenhofin kahvilassa oli k\u00e4yt\u00e4v\u00e4. Milloin lie olemme Lappeenrannassa k\u00e4yneet? T\u00e4n\u00e4\u00e4n k\u00e4ytiin. Iltap\u00e4iv\u00e4ll\u00e4 yst\u00e4vien m\u00f6kin pihaan ajoimme. Satoi. Satakoon. Meit\u00e4 odotti lounas ja sen j\u00e4lkeen illallinen. Ruhtinaallista. Majoituksen ja tarjoilun taso ei ainakaan laskenut edellisiin p\u00e4iviin verrattuna. Ja mik\u00e4 parasta: seura oli &hellip; <\/p>\n","protected":false},"author":1,"featured_media":0,"comment_status":"open","ping_status":"open","sticky":false,"template":"","format":"standard","meta":{"jetpack_post_was_ever_published":false,"_jetpack_newsletter_access":"","_jetpack_dont_email_post_to_subs":false,"_jetpack_newsletter_tier_id":0,"_jetpack_memberships_contains_paywalled_content":false,"_jetpack_memberships_contains_paid_content":false,"footnotes":"","jetpack_publicize_message":"","jetpack_publicize_feature_enabled":true,"jetpack_social_post_already_shared":false,"jetpack_social_options":{"image_generator_settings":{"template":"highway","default_image_id":0,"font":"","enabled":false},"version":2}},"categories":[1],"tags":[],"class_list":["post-3842","post","type-post","status-publish","format-standard","hentry","category-aiheeton","latest_post"],"jetpack_publicize_connections":[],"jetpack_featured_media_url":"","jetpack_shortlink":"https:\/\/wp.me\/pr4p4-ZY","jetpack_sharing_enabled":true,"jetpack_likes_enabled":false,"jetpack-related-posts":[{"id":39420,"url":"https:\/\/www.satokangas.fi\/blogi\/2020\/09\/sateen-sattuessa\/","url_meta":{"origin":3842,"position":0},"title":"Sateen sattuessa","author":"Reija","date":"26.9.2020","format":false,"excerpt":"[Kotipihallakin on ruska. Kuva eiliselt\u00e4 25.9.] P\u00e4iv\u00e4ksi oli luvattu sadetta, tihkua, kuuroja... Turhan aikaisin (klo 5.50 on minullekin liian varhain) her\u00e4nneen\u00e4 katselin s\u00e4\u00e4karttoja ja totesin, ett\u00e4 t\u00e4n\u00e4\u00e4n onkin hyv\u00e4 p\u00e4iv\u00e4 tehd\u00e4 valmiiksi kuvat eilisen kuvauskeikan j\u00e4ljilt\u00e4. Ja katsella, josko olisi joku hyv\u00e4 v\u00e4l\u00e4m\u00e4 k\u00e4yd\u00e4 v\u00e4h\u00e4n ulkona, pieni lenkki py\u00f6r\u00e4ll\u00e4... Ja\u2026","rel":"","context":"Kategoriassa &quot;Niit\u00e4 n\u00e4it\u00e4&quot;","block_context":{"text":"Niit\u00e4 n\u00e4it\u00e4","link":"https:\/\/www.satokangas.fi\/blogi\/category\/aiheeton\/"},"img":{"alt_text":"","src":"https:\/\/i0.wp.com\/www.satokangas.fi\/blogi\/wp-content\/uploads\/2020\/09\/syksy-3.jpg?resize=350%2C200&ssl=1","width":350,"height":200,"srcset":"https:\/\/i0.wp.com\/www.satokangas.fi\/blogi\/wp-content\/uploads\/2020\/09\/syksy-3.jpg?resize=350%2C200&ssl=1 1x, https:\/\/i0.wp.com\/www.satokangas.fi\/blogi\/wp-content\/uploads\/2020\/09\/syksy-3.jpg?resize=525%2C300&ssl=1 1.5x, https:\/\/i0.wp.com\/www.satokangas.fi\/blogi\/wp-content\/uploads\/2020\/09\/syksy-3.jpg?resize=700%2C400&ssl=1 2x"},"classes":[]},{"id":7020,"url":"https:\/\/www.satokangas.fi\/blogi\/2010\/05\/uuteen-nousuun\/","url_meta":{"origin":3842,"position":1},"title":"Uuteen nousuun","author":"Reija","date":"1.5.2010","format":false,"excerpt":"Kello oli kolme aamuy\u00f6ll\u00e4 kun olimme kotona. Kolme! Vappuy\u00f6n\u00e4. Enp\u00e4 muista milloin on viimeksi juhlittu noin my\u00f6h\u00e4\u00e4n. Siis viihdyimme yst\u00e4vien luona vallan mainiosti, mihin ei v\u00e4h\u00e4isimp\u00e4n\u00e4 syyn\u00e4 ollut nauru. Nauroimme eilen illalla ja y\u00f6ll\u00e4 niin paljon, ett\u00e4 jos nauru pident\u00e4\u00e4 ik\u00e4\u00e4, saimme ainakin puoli vuotta lis\u00e4\u00e4 elinaikaa. S\u00f6imme ja joimme\u2026","rel":"","context":"Kategoriassa &quot;Niit\u00e4 n\u00e4it\u00e4&quot;","block_context":{"text":"Niit\u00e4 n\u00e4it\u00e4","link":"https:\/\/www.satokangas.fi\/blogi\/category\/aiheeton\/"},"img":{"alt_text":"","src":"","width":0,"height":0},"classes":[]},{"id":11693,"url":"https:\/\/www.satokangas.fi\/blogi\/2011\/05\/sateen-jalkeen-ja-ennen-seuraavaa\/","url_meta":{"origin":3842,"position":2},"title":"Sateen j\u00e4lkeen, ja ennen seuraavaa","author":"Reija","date":"29.5.2011","format":false,"excerpt":"Tarkka ajoitus kahden sateen v\u00e4liss\u00e4, kakkujen teon ja kandit\u00f6iden arvostelun v\u00e4liss\u00e4: kymmenelt\u00e4 l\u00e4hdin lenkille. Sateen j\u00e4lkeen ja ennen seuraavaa. Olen iloinen, ett\u00e4 j\u00e4tin iPodin kotiin. Linnut lauloivat, korvanappimusiikkia ei todellakaan kaivannut. Tuoksu hyv\u00e4, eik\u00e4 siitep\u00f6lyallergia vaivannut. Alkukes\u00e4n kaunis vehreys. Liikkumisen ilo. Ja mit\u00e4 kaikkea vakkarilenkkipolullani olikaan! Kuvat - ainakin osa\u2026","rel":"","context":"Kategoriassa &quot;Niit\u00e4 n\u00e4it\u00e4&quot;","block_context":{"text":"Niit\u00e4 n\u00e4it\u00e4","link":"https:\/\/www.satokangas.fi\/blogi\/category\/aiheeton\/"},"img":{"alt_text":"","src":"https:\/\/i0.wp.com\/www.satokangas.fi\/blogi\/wp-content\/uploads\/pisarat-2.jpg?resize=350%2C200&ssl=1","width":350,"height":200,"srcset":"https:\/\/i0.wp.com\/www.satokangas.fi\/blogi\/wp-content\/uploads\/pisarat-2.jpg?resize=350%2C200&ssl=1 1x, https:\/\/i0.wp.com\/www.satokangas.fi\/blogi\/wp-content\/uploads\/pisarat-2.jpg?resize=525%2C300&ssl=1 1.5x"},"classes":[]},{"id":50947,"url":"https:\/\/www.satokangas.fi\/blogi\/2024\/10\/mihinkaan-ulos-lahdeta\/","url_meta":{"origin":3842,"position":3},"title":"&#8221;Mihink\u00e4\u00e4n ulos l\u00e4hdet\u00e4!&#8221;","author":"Reija","date":"28.10.2024","format":false,"excerpt":"Her\u00e4tess\u00e4 m\u00f6kin kattoon kuului sateen rummutus, ei ropina, vaan rummutus. Ja m\u00f6kkipihan puiden oksat n\u00e4yttiv\u00e4t silt\u00e4, ett\u00e4 tuulee, tuulee kovasti. Ja oli hyvin pime\u00e4\u00e4, mik\u00e4 ei tuntunut mill\u00e4\u00e4n muuttuvan edes h\u00e4m\u00e4r\u00e4ksi. Aamupalalla pohdiskeltiin, ett\u00e4 eip\u00e4 meill\u00e4 ole mit\u00e4\u00e4n kiirett\u00e4 ulos: \"Aikaisintaan sitten iltap\u00e4iv\u00e4ll\u00e4 jos kerran s\u00e4\u00e4tiedotuksen mukaan tyyntyy ja selkenee...\u2026","rel":"","context":"Kategoriassa &quot;M\u00f6kkiel\u00e4m\u00e4\u00e4&quot;","block_context":{"text":"M\u00f6kkiel\u00e4m\u00e4\u00e4","link":"https:\/\/www.satokangas.fi\/blogi\/category\/mokkielamaa\/"},"img":{"alt_text":"","src":"https:\/\/i0.wp.com\/www.satokangas.fi\/blogi\/wp-content\/uploads\/2024\/10\/Mariankuru-2.jpg?resize=350%2C200&ssl=1","width":350,"height":200,"srcset":"https:\/\/i0.wp.com\/www.satokangas.fi\/blogi\/wp-content\/uploads\/2024\/10\/Mariankuru-2.jpg?resize=350%2C200&ssl=1 1x, https:\/\/i0.wp.com\/www.satokangas.fi\/blogi\/wp-content\/uploads\/2024\/10\/Mariankuru-2.jpg?resize=525%2C300&ssl=1 1.5x, https:\/\/i0.wp.com\/www.satokangas.fi\/blogi\/wp-content\/uploads\/2024\/10\/Mariankuru-2.jpg?resize=700%2C400&ssl=1 2x"},"classes":[]},{"id":48885,"url":"https:\/\/www.satokangas.fi\/blogi\/2024\/03\/valipaiva-perhepaiva\/","url_meta":{"origin":3842,"position":4},"title":"V\u00e4lip\u00e4iv\u00e4, perhep\u00e4iv\u00e4","author":"Reija","date":"30.3.2024","format":false,"excerpt":"Kerta kaikkisen surkea s\u00e4\u00e4. Vesir\u00e4nt\u00e4\u00e4, loskaa, harmaata. No eip\u00e4 tarvinnut mietti\u00e4, k\u00e4yt\u00e4nk\u00f6 koko p\u00e4iv\u00e4n ruoan parissa puuhasteluun ja siit\u00e4 nauttimiseen parhaassa seurassa. K\u00e4ytin. - Hyv\u00e4 ett\u00e4 k\u00e4ytin. Tosin parantamisen varaa taas j\u00e4i, ei seurassa vaan ruokien onnistumisessa. Mutta kyll\u00e4 perheell\u00e4 n\u00e4lk\u00e4 l\u00e4hti. Ja ilo oli kun Juniori toi meid\u00e4n Lombardian\u2026","rel":"","context":"Kategoriassa &quot;Ruoka ja viini&quot;","block_context":{"text":"Ruoka ja viini","link":"https:\/\/www.satokangas.fi\/blogi\/category\/ruoka_ja_viini\/"},"img":{"alt_text":"","src":"https:\/\/i0.wp.com\/www.satokangas.fi\/blogi\/wp-content\/uploads\/2024\/03\/leinikit.jpg?resize=350%2C200&ssl=1","width":350,"height":200,"srcset":"https:\/\/i0.wp.com\/www.satokangas.fi\/blogi\/wp-content\/uploads\/2024\/03\/leinikit.jpg?resize=350%2C200&ssl=1 1x, https:\/\/i0.wp.com\/www.satokangas.fi\/blogi\/wp-content\/uploads\/2024\/03\/leinikit.jpg?resize=525%2C300&ssl=1 1.5x, https:\/\/i0.wp.com\/www.satokangas.fi\/blogi\/wp-content\/uploads\/2024\/03\/leinikit.jpg?resize=700%2C400&ssl=1 2x"},"classes":[]},{"id":37336,"url":"https:\/\/www.satokangas.fi\/blogi\/2019\/10\/san-lorenzo-jalleen-elamassamme\/","url_meta":{"origin":3842,"position":5},"title":"San Lorenzo j\u00e4lleen el\u00e4m\u00e4ss\u00e4mme","author":"Reija","date":"10.10.2019","format":false,"excerpt":"Olemme juuri palanneet sy\u00f6m\u00e4st\u00e4. Katu ei kiill\u00e4 sateesta, vaan ihan vaan puhtaudesta. Edelleen on l\u00e4mmin (klo on 21.30 ja edelleen yli +20 C). Ravintolan nimi oli\u00a0Bistro Principal. Se on vain parin korttelin p\u00e4\u00e4st\u00e4 hotelliltamme. Vahingossa sinne. Eik\u00e4 se oikeastaan ollut mik\u00e4\u00e4n bistro, melkein enemm\u00e4nkin fine dining, - tosin hinnat eilisen\u2026","rel":"","context":"Kategoriassa &quot;Liikkuminen&quot;","block_context":{"text":"Liikkuminen","link":"https:\/\/www.satokangas.fi\/blogi\/category\/liikkuminen\/"},"img":{"alt_text":"","src":"https:\/\/i0.wp.com\/www.satokangas.fi\/blogi\/wp-content\/uploads\/2019\/10\/IMG_20191009_213221-01.jpeg?resize=350%2C200&ssl=1","width":350,"height":200,"srcset":"https:\/\/i0.wp.com\/www.satokangas.fi\/blogi\/wp-content\/uploads\/2019\/10\/IMG_20191009_213221-01.jpeg?resize=350%2C200&ssl=1 1x, https:\/\/i0.wp.com\/www.satokangas.fi\/blogi\/wp-content\/uploads\/2019\/10\/IMG_20191009_213221-01.jpeg?resize=525%2C300&ssl=1 1.5x, https:\/\/i0.wp.com\/www.satokangas.fi\/blogi\/wp-content\/uploads\/2019\/10\/IMG_20191009_213221-01.jpeg?resize=700%2C400&ssl=1 2x"},"classes":[]}],"_links":{"self":[{"href":"https:\/\/www.satokangas.fi\/blogi\/wp-json\/wp\/v2\/posts\/3842","targetHints":{"allow":["GET"]}}],"collection":[{"href":"https:\/\/www.satokangas.fi\/blogi\/wp-json\/wp\/v2\/posts"}],"about":[{"href":"https:\/\/www.satokangas.fi\/blogi\/wp-json\/wp\/v2\/types\/post"}],"author":[{"embeddable":true,"href":"https:\/\/www.satokangas.fi\/blogi\/wp-json\/wp\/v2\/users\/1"}],"replies":[{"embeddable":true,"href":"https:\/\/www.satokangas.fi\/blogi\/wp-json\/wp\/v2\/comments?post=3842"}],"version-history":[{"count":0,"href":"https:\/\/www.satokangas.fi\/blogi\/wp-json\/wp\/v2\/posts\/3842\/revisions"}],"wp:attachment":[{"href":"https:\/\/www.satokangas.fi\/blogi\/wp-json\/wp\/v2\/media?parent=3842"}],"wp:term":[{"taxonomy":"category","embeddable":true,"href":"https:\/\/www.satokangas.fi\/blogi\/wp-json\/wp\/v2\/categories?post=3842"},{"taxonomy":"post_tag","embeddable":true,"href":"https:\/\/www.satokangas.fi\/blogi\/wp-json\/wp\/v2\/tags?post=3842"}],"curies":[{"name":"wp","href":"https:\/\/api.w.org\/{rel}","templated":true}]}}