{"id":3828,"date":"2009-07-19T22:13:50","date_gmt":"2009-07-19T19:13:50","guid":{"rendered":"https:\/\/www.satokangas.fi\/blogi\/?p=3828"},"modified":"2009-07-21T21:16:09","modified_gmt":"2009-07-21T18:16:09","slug":"kartanokierros-jatkuu","status":"publish","type":"post","link":"https:\/\/www.satokangas.fi\/blogi\/2009\/07\/kartanokierros-jatkuu\/","title":{"rendered":"Kartanokierros jatkuu"},"content":{"rendered":"<p>Suvinen sunnuntaiaamu &#8211; hiljaista. \u00a0Tuoksuu vastaleivottu pulla.\u00a0 Ollaanko oikeasti keskell\u00e4 kaupunkia? Porvoon kirkon silhuetti ensimm\u00e4isen\u00e4 silmiss\u00e4 aamukahdeksalta uloskatsoessa. Aamiainen hotelli Onnissa jotain ennenkokematonta. Olimme eilen hotelliin kirjautuessamme saaneet t\u00e4ytett\u00e4v\u00e4ksemme lanketin, jossa ilmoitimme, mit\u00e4 aamiaisella haluaisimme ja moneltako aamiainen olisi hyv\u00e4ksi. Ruksailimme aamiaherkkuja ja kirjasimme, ett\u00e4 aamulla yhdeks\u00e4n j\u00e4lkeen olisi sopiva aika meille aamiainen tarjoilla.<\/p>\n<p>Niinp\u00e4 menimme aamiaihuoneeseen yhdeks\u00e4n j\u00e4lkeen ja meille oli katettu oma p\u00f6yt\u00e4 valmiiksi. Kauniisti katettu, kahvi kuumaa ja pehtoorin ruksittama pekoni ja paistetut munat tuotiin p\u00f6yt\u00e4\u00e4n saman tien kun ehdimme istahtaa&#8230;<\/p>\n<p><a href=\"https:\/\/www.satokangas.fi\/blogi\/wp-content\/uploads\/2009\/07\/aamiainen.jpg\"><img loading=\"lazy\" decoding=\"async\" data-attachment-id=\"3830\" data-permalink=\"https:\/\/www.satokangas.fi\/blogi\/2009\/07\/kartanokierros-jatkuu\/aamiainen\/\" data-orig-file=\"https:\/\/www.satokangas.fi\/blogi\/wp-content\/uploads\/2009\/07\/aamiainen.jpg\" data-orig-size=\"683,481\" data-comments-opened=\"1\" data-image-meta=\"{&quot;aperture&quot;:&quot;4&quot;,&quot;credit&quot;:&quot;&quot;,&quot;camera&quot;:&quot;Canon EOS 450D&quot;,&quot;caption&quot;:&quot;&quot;,&quot;created_timestamp&quot;:&quot;1247981464&quot;,&quot;copyright&quot;:&quot;&quot;,&quot;focal_length&quot;:&quot;18&quot;,&quot;iso&quot;:&quot;800&quot;,&quot;shutter_speed&quot;:&quot;0.004&quot;,&quot;title&quot;:&quot;&quot;}\" data-image-title=\"aamiainen\" data-image-description=\"\" data-image-caption=\"\" data-large-file=\"https:\/\/www.satokangas.fi\/blogi\/wp-content\/uploads\/2009\/07\/aamiainen.jpg\" class=\"aligncenter size-medium wp-image-3830\" title=\"aamiainen\" src=\"https:\/\/www.satokangas.fi\/blogi\/wp-content\/uploads\/2009\/07\/aamiainen-500x352.jpg\" alt=\"aamiainen\" width=\"500\" height=\"352\" srcset=\"https:\/\/www.satokangas.fi\/blogi\/wp-content\/uploads\/2009\/07\/aamiainen-500x352.jpg 500w, https:\/\/www.satokangas.fi\/blogi\/wp-content\/uploads\/2009\/07\/aamiainen-200x140.jpg 200w, https:\/\/www.satokangas.fi\/blogi\/wp-content\/uploads\/2009\/07\/aamiainen.jpg 683w\" sizes=\"auto, (max-width: 500px) 100vw, 500px\" \/><\/a><\/p>\n<p><a href=\"https:\/\/www.satokangas.fi\/blogi\/wp-content\/uploads\/2009\/07\/pekoni.jpg\"><img loading=\"lazy\" decoding=\"async\" data-attachment-id=\"3831\" data-permalink=\"https:\/\/www.satokangas.fi\/blogi\/2009\/07\/kartanokierros-jatkuu\/pekoni\/\" data-orig-file=\"https:\/\/www.satokangas.fi\/blogi\/wp-content\/uploads\/2009\/07\/pekoni.jpg\" data-orig-size=\"768,523\" data-comments-opened=\"1\" data-image-meta=\"{&quot;aperture&quot;:&quot;5&quot;,&quot;credit&quot;:&quot;&quot;,&quot;camera&quot;:&quot;Canon EOS 450D&quot;,&quot;caption&quot;:&quot;&quot;,&quot;created_timestamp&quot;:&quot;1247981520&quot;,&quot;copyright&quot;:&quot;&quot;,&quot;focal_length&quot;:&quot;50&quot;,&quot;iso&quot;:&quot;800&quot;,&quot;shutter_speed&quot;:&quot;0.01&quot;,&quot;title&quot;:&quot;&quot;}\" data-image-title=\"pekoni\" data-image-description=\"\" data-image-caption=\"\" data-large-file=\"https:\/\/www.satokangas.fi\/blogi\/wp-content\/uploads\/2009\/07\/pekoni.jpg\" class=\"aligncenter size-medium wp-image-3831\" title=\"pekoni\" src=\"https:\/\/www.satokangas.fi\/blogi\/wp-content\/uploads\/2009\/07\/pekoni-500x340.jpg\" alt=\"pekoni\" width=\"500\" height=\"340\" srcset=\"https:\/\/www.satokangas.fi\/blogi\/wp-content\/uploads\/2009\/07\/pekoni-500x340.jpg 500w, https:\/\/www.satokangas.fi\/blogi\/wp-content\/uploads\/2009\/07\/pekoni-200x136.jpg 200w, https:\/\/www.satokangas.fi\/blogi\/wp-content\/uploads\/2009\/07\/pekoni.jpg 768w\" sizes=\"auto, (max-width: 500px) 100vw, 500px\" \/><\/a><\/p>\n<p>Aamiaisen j\u00e4lkeen oli aika kirkonmenoille. Eik\u00e4 ihan mik\u00e4 tahansa jumalanpalvelus, vaan Porvoon tuomikirkossa oli &#8221;Porvoon valtiop\u00e4ivien 200-vuotisjuhlien p\u00e4\u00e4t\u00f6smessu&#8221;. P\u00e4iv\u00e4lleen 200 vuotta sitten samassa kirkossa olivat Aleksanteri I, autonomisen aseman saaneen Suomen valtiop\u00e4iv\u00e4miehet ja alamaiset ja Ulla M\u00f6llensv\u00e4rd? T\u00e4n\u00e4\u00e4nkin siell\u00e4 oli kirkko \u00e4\u00e4ri\u00e4\u00e4n my\u00f6ten t\u00e4ynn\u00e4. Lukukappaleen (psalmin 28 alusta) luki Sauli Niinist\u00f6, jonka rouva puoliso oli my\u00f6s mukana, ja saarna oli piispa Eero Huovisen vastuulla. Huovinen puhui enemm\u00e4n asiaa kuin julisti evankeliumia. Saarna oli retorisesti,\u00a0asiallisesti ja historiallisesti kaikin puolin erinomainen. Ennen ei olla oltu kaksikielisess\u00e4 jumalanpalveluksessa. Kaksikielisyydest\u00e4 tuli oma s\u00e4vyns\u00e4: uskontunnustus kahdella kielell\u00e4 yhteen\u00e4\u00e4neen! Onneksi toinen kieli oli ruotsi, ei ven\u00e4j\u00e4. Sit\u00e4 min\u00e4 siell\u00e4 lehterin penkill\u00e4 mietin.<\/p>\n<p>Puolelta p\u00e4ivin suuntasimme kohti <a href=\"http:\/\/www.verla.fi\">Verlaa<\/a>. Unescon maailmanperint\u00f6kohteen statuksen vuonna 1996 saanut Verlan pahvitehdas on kerran aikaisemminkin (1984??)\u00a0ollut vierailumme kohde, mutta nyt museoitu tehdasalue oli hienon hienoksi kohteeksi laitettu. Tunnin opastus vei vuosisadan takaiseen tehdasmilj\u00f6\u00f6seen, ty\u00f6n tekemisen &#8211; nykyp\u00e4iv\u00e4st\u00e4 kovin paljon poikkeavaan &#8211; raskaaseen maailmaan. Ensi talven luentosarjani &#8221;Suomen teollistumisen sosiaalihistoria&#8221; sai paljon uusia nyansseja ja paljon uusia kuvia. Ks. esim. tiiliornamentiikkaa. Ei monessa Suomen tehtaassa ole tuollaista!<\/p>\n<p><a href=\"https:\/\/www.satokangas.fi\/blogi\/wp-content\/uploads\/2009\/07\/werla.jpg\"><img loading=\"lazy\" decoding=\"async\" data-attachment-id=\"3834\" data-permalink=\"https:\/\/www.satokangas.fi\/blogi\/2009\/07\/kartanokierros-jatkuu\/werla\/\" data-orig-file=\"https:\/\/www.satokangas.fi\/blogi\/wp-content\/uploads\/2009\/07\/werla.jpg\" data-orig-size=\"787,527\" data-comments-opened=\"1\" data-image-meta=\"{&quot;aperture&quot;:&quot;7.1&quot;,&quot;credit&quot;:&quot;&quot;,&quot;camera&quot;:&quot;Canon EOS 450D&quot;,&quot;caption&quot;:&quot;&quot;,&quot;created_timestamp&quot;:&quot;1247997099&quot;,&quot;copyright&quot;:&quot;&quot;,&quot;focal_length&quot;:&quot;32&quot;,&quot;iso&quot;:&quot;400&quot;,&quot;shutter_speed&quot;:&quot;0.001&quot;,&quot;title&quot;:&quot;&quot;}\" data-image-title=\"werla\" data-image-description=\"\" data-image-caption=\"\" data-large-file=\"https:\/\/www.satokangas.fi\/blogi\/wp-content\/uploads\/2009\/07\/werla.jpg\" class=\"aligncenter size-medium wp-image-3834\" title=\"werla\" src=\"https:\/\/www.satokangas.fi\/blogi\/wp-content\/uploads\/2009\/07\/werla-500x334.jpg\" alt=\"werla\" width=\"500\" height=\"334\" srcset=\"https:\/\/www.satokangas.fi\/blogi\/wp-content\/uploads\/2009\/07\/werla-500x334.jpg 500w, https:\/\/www.satokangas.fi\/blogi\/wp-content\/uploads\/2009\/07\/werla-200x133.jpg 200w, https:\/\/www.satokangas.fi\/blogi\/wp-content\/uploads\/2009\/07\/werla.jpg 787w\" sizes=\"auto, (max-width: 500px) 100vw, 500px\" \/><\/a><\/p>\n<p>Verlasta suuntasimme mutkien kautta kohti Rantasalmea. Matkalla mm. Tertin suurenmoinen kartano, ja houkutuksia t\u00e4ynn\u00e4 ollut kartanon &#8221;<a href=\"http:\/\/www.tertinkartano.fi\/?pg=2602\">Navettakauppa<\/a>&#8221;. Omena-calvados-hyytel\u00f6\u00e4, Karu arki -olutta tuliaisiksi\u00a0 ja pieni\u00e4 lahjaesineit\u00e4 tarttui mukaan. Olisi ehk\u00e4 kannattanut j\u00e4\u00e4d\u00e4 Terttiin y\u00f6ksikin. Mutta alkuper\u00e4isen suunnitelman mukaan olemme nyt Rantasalmella Ruusuhovissa.<\/p>\n<p>T\u00e4ll\u00e4kin kartanolla on kiehtova <a href=\"http:\/\/www.hotelliruusuhovi.fi\/\">historiansa <\/a> Hieman syrj\u00e4ss\u00e4, hieman nukkavieru, mutta rauhallinen ja illallinen (alkuun sokerisuolattua ankanrintaa ja p\u00e4\u00e4ruoaksi madeirassa haudutttuja sipuleita, kermahapankaalta ja &#8211; ah niin makoisaksi kypsytetty\u00e4 &#8211; karitsanpotkaa) oli kerrassaan kulinaarinen. Viinilista ei s\u00e4v\u00e4ytt\u00e4nyt mutta Raimat Abadia oli tuttua ja t\u00e4ytti teht\u00e4v\u00e4ns\u00e4. Ilta-auringossa kartanon j\u00e4rvenpuoleisella terassilla kelpasi. Kartanot ovat kiehtovia.<\/p>\n<p><a href=\"https:\/\/www.satokangas.fi\/blogi\/wp-content\/uploads\/2009\/07\/ruusuhovi.jpg\"><img loading=\"lazy\" decoding=\"async\" data-attachment-id=\"3829\" data-permalink=\"https:\/\/www.satokangas.fi\/blogi\/2009\/07\/kartanokierros-jatkuu\/ruusuhovi\/\" data-orig-file=\"https:\/\/www.satokangas.fi\/blogi\/wp-content\/uploads\/2009\/07\/ruusuhovi.jpg\" data-orig-size=\"724,424\" data-comments-opened=\"1\" data-image-meta=\"{&quot;aperture&quot;:&quot;9&quot;,&quot;credit&quot;:&quot;&quot;,&quot;camera&quot;:&quot;Canon EOS 450D&quot;,&quot;caption&quot;:&quot;&quot;,&quot;created_timestamp&quot;:&quot;1248014393&quot;,&quot;copyright&quot;:&quot;&quot;,&quot;focal_length&quot;:&quot;50&quot;,&quot;iso&quot;:&quot;100&quot;,&quot;shutter_speed&quot;:&quot;0.01&quot;,&quot;title&quot;:&quot;&quot;}\" data-image-title=\"ruusuhovi\" data-image-description=\"\" data-image-caption=\"\" data-large-file=\"https:\/\/www.satokangas.fi\/blogi\/wp-content\/uploads\/2009\/07\/ruusuhovi.jpg\" class=\"aligncenter size-medium wp-image-3829\" title=\"ruusuhovi\" src=\"https:\/\/www.satokangas.fi\/blogi\/wp-content\/uploads\/2009\/07\/ruusuhovi-500x292.jpg\" alt=\"ruusuhovi\" width=\"500\" height=\"292\" srcset=\"https:\/\/www.satokangas.fi\/blogi\/wp-content\/uploads\/2009\/07\/ruusuhovi-500x292.jpg 500w, https:\/\/www.satokangas.fi\/blogi\/wp-content\/uploads\/2009\/07\/ruusuhovi-200x117.jpg 200w, https:\/\/www.satokangas.fi\/blogi\/wp-content\/uploads\/2009\/07\/ruusuhovi.jpg 724w\" sizes=\"auto, (max-width: 500px) 100vw, 500px\" \/><\/a><\/p>\n","protected":false},"excerpt":{"rendered":"<p>Suvinen sunnuntaiaamu &#8211; hiljaista. \u00a0Tuoksuu vastaleivottu pulla.\u00a0 Ollaanko oikeasti keskell\u00e4 kaupunkia? Porvoon kirkon silhuetti ensimm\u00e4isen\u00e4 silmiss\u00e4 aamukahdeksalta uloskatsoessa. Aamiainen hotelli Onnissa jotain ennenkokematonta. Olimme eilen hotelliin kirjautuessamme saaneet t\u00e4ytett\u00e4v\u00e4ksemme lanketin, jossa ilmoitimme, mit\u00e4 aamiaisella haluaisimme ja moneltako aamiainen olisi hyv\u00e4ksi. Ruksailimme aamiaherkkuja ja kirjasimme, ett\u00e4 aamulla yhdeks\u00e4n j\u00e4lkeen olisi sopiva aika meille aamiainen tarjoilla. Niinp\u00e4 menimme aamiaihuoneeseen yhdeks\u00e4n j\u00e4lkeen ja &hellip; <\/p>\n","protected":false},"author":1,"featured_media":0,"comment_status":"open","ping_status":"open","sticky":false,"template":"","format":"standard","meta":{"jetpack_post_was_ever_published":false,"_jetpack_newsletter_access":"","_jetpack_dont_email_post_to_subs":false,"_jetpack_newsletter_tier_id":0,"_jetpack_memberships_contains_paywalled_content":false,"_jetpack_memberships_contains_paid_content":false,"footnotes":"","jetpack_publicize_message":"","jetpack_publicize_feature_enabled":true,"jetpack_social_post_already_shared":false,"jetpack_social_options":{"image_generator_settings":{"template":"highway","default_image_id":0,"font":"","enabled":false},"version":2}},"categories":[1],"tags":[],"class_list":["post-3828","post","type-post","status-publish","format-standard","hentry","category-aiheeton","latest_post"],"jetpack_publicize_connections":[],"jetpack_featured_media_url":"","jetpack_shortlink":"https:\/\/wp.me\/pr4p4-ZK","jetpack_sharing_enabled":true,"jetpack_likes_enabled":false,"jetpack-related-posts":[{"id":1577,"url":"https:\/\/www.satokangas.fi\/blogi\/2008\/11\/poyta-on-katettu\/","url_meta":{"origin":3828,"position":0},"title":"P\u00f6yt\u00e4 on katettu","author":"Reija","date":"15.11.2008","format":false,"excerpt":"Unohda aika, uhraa kellosi, arkesi sykkiv\u00e4 syd\u00e4n, vaikka se tikitt\u00e4\u00e4 viel\u00e4. Ruoka on kohta valmis. Se on lahja kuin yst\u00e4vyys k\u00e4sintehty vain sinulle.","rel":"","context":"Kategoriassa &quot;Niit\u00e4 n\u00e4it\u00e4&quot;","block_context":{"text":"Niit\u00e4 n\u00e4it\u00e4","link":"https:\/\/www.satokangas.fi\/blogi\/category\/aiheeton\/"},"img":{"alt_text":"","src":"https:\/\/i0.wp.com\/www.satokangas.fi\/blogi\/wp-content\/uploads\/2008\/11\/katettu.jpg?resize=350%2C200&ssl=1","width":350,"height":200,"srcset":"https:\/\/i0.wp.com\/www.satokangas.fi\/blogi\/wp-content\/uploads\/2008\/11\/katettu.jpg?resize=350%2C200&ssl=1 1x, https:\/\/i0.wp.com\/www.satokangas.fi\/blogi\/wp-content\/uploads\/2008\/11\/katettu.jpg?resize=525%2C300&ssl=1 1.5x, https:\/\/i0.wp.com\/www.satokangas.fi\/blogi\/wp-content\/uploads\/2008\/11\/katettu.jpg?resize=700%2C400&ssl=1 2x"},"classes":[]},{"id":3078,"url":"https:\/\/www.satokangas.fi\/blogi\/2009\/04\/valokuvatorstai-saapuminen\/","url_meta":{"origin":3828,"position":1},"title":"Valokuvatorstai: Saapuminen","author":"Reija","date":"16.4.2009","format":false,"excerpt":"Yst\u00e4vien saapuminen merkitsee \"p\u00f6yt\u00e4 on katettu\".\u00a0On ilo laittaa ruokaa kun saapuu vieraita. \u00a0 \u00a0 \u00a0 \u00a0 \u00a0 \u00a0 \u00a0 \u00a0 \u00a0 \u00a0 Klikkaamalla kuva suurenee. K\u00e4y kurkkaamassa, mit\u00e4 saapuminen on muille Valokuvatorstaissa tuonut mieleen.","rel":"","context":"Kategoriassa &quot;Valokuvatorstai&quot;","block_context":{"text":"Valokuvatorstai","link":"https:\/\/www.satokangas.fi\/blogi\/category\/valokuvaus\/valokuvatorstai\/"},"img":{"alt_text":"P\u00f6yt\u00e4 on katettu","src":"https:\/\/i0.wp.com\/www.satokangas.fi\/blogi\/wp-content\/uploads\/2009\/04\/katettu1-500x333.jpg?resize=350%2C200&ssl=1","width":350,"height":200},"classes":[]},{"id":498,"url":"https:\/\/www.satokangas.fi\/blogi\/2008\/07\/toscana-kestit-huomenna\/","url_meta":{"origin":3828,"position":2},"title":"Toscana-kestit huomenna","author":"Reija","date":"31.7.2008","format":false,"excerpt":"Toscanan tunnelmissa. P\u00f6yt\u00e4 on katettu ja koristeltu. J\u00e4lkiruoat muhivat ja viinit ovat kylm\u00e4ss\u00e4. Onhan kalaasit meille yksi kes\u00e4n kohokohdista. Olisi vain maltettava nukkua ett\u00e4 huomenna jaksaa...\u00a0","rel":"","context":"Kategoriassa &quot;Niit\u00e4 n\u00e4it\u00e4&quot;","block_context":{"text":"Niit\u00e4 n\u00e4it\u00e4","link":"https:\/\/www.satokangas.fi\/blogi\/category\/aiheeton\/"},"img":{"alt_text":"","src":"","width":0,"height":0},"classes":[]},{"id":22079,"url":"https:\/\/www.satokangas.fi\/blogi\/2014\/08\/helsinki-ja-tadin-synttarit\/","url_meta":{"origin":3828,"position":3},"title":"Helsinki ja t\u00e4din syntt\u00e4rit","author":"Reija","date":"2.8.2014","format":false,"excerpt":"Helsingin keskustan Holiday Inn -hotellissa (Rautatieaseman vieress\u00e4) olen\/olemme olleet usein. Sen sijainti on erinomainen: Finnairin bussit ajavat ja l\u00e4htev\u00e4t oven eteen\/edest\u00e4, Ateneum on vastap\u00e4\u00e4t\u00e4, Yliopiston kirjastoon ja Kansallisarkistoon on lyhyt matka, ostosmahdollisuudet liki, rautatieasema vieress\u00e4 etc. Siksi sen nytkin olin varannut, mutta ensimm\u00e4ist\u00e4 kertaa tein varauksen ILMAN aamiaista. Ja se\u2026","rel":"","context":"Kategoriassa &quot;Niit\u00e4 n\u00e4it\u00e4&quot;","block_context":{"text":"Niit\u00e4 n\u00e4it\u00e4","link":"https:\/\/www.satokangas.fi\/blogi\/category\/aiheeton\/"},"img":{"alt_text":"_MG_8652 (Custom)","src":"https:\/\/i0.wp.com\/www.satokangas.fi\/blogi\/wp-content\/uploads\/2014\/08\/MG_8652-Custom-600x400.jpg?resize=350%2C200&ssl=1","width":350,"height":200,"srcset":"https:\/\/i0.wp.com\/www.satokangas.fi\/blogi\/wp-content\/uploads\/2014\/08\/MG_8652-Custom-600x400.jpg?resize=350%2C200&ssl=1 1x, https:\/\/i0.wp.com\/www.satokangas.fi\/blogi\/wp-content\/uploads\/2014\/08\/MG_8652-Custom-600x400.jpg?resize=525%2C300&ssl=1 1.5x"},"classes":[]},{"id":31313,"url":"https:\/\/www.satokangas.fi\/blogi\/2017\/07\/arctic-light-hotellin-aamiaiselta-hangasojalle\/","url_meta":{"origin":3828,"position":4},"title":"Arctic Light hotellin aamiaiselta Hangasojalle","author":"Reija","date":"16.7.2017","format":false,"excerpt":"Her\u00e4ttiin suvisunnuntaiaamuun Arctic Light -hotellissa vasta l\u00e4hemp\u00e4n\u00e4 kahdeksaa. Oli illalla suunniteltu, ett\u00e4 jos her\u00e4\u00e4mme tapamme mukaan ihan liian aikaisin, l\u00e4hdemme kaupunkilenkille, mutta j\u00e4timmekin v\u00e4liin, koska olimme onnistuneet nukkumaan ja aamiaistarjoilu oli valmiina. Hotellin aamiainen on Sara la Fontainen suunnittelema, eik\u00e4 todellakaan ole mik\u00e4\u00e4n normihotellin puuro-pikkuprinssi-jukurtti-leikkele -paahtoleip\u00e4-kattaus, vaan THE Breakfast. Olennaista\u2026","rel":"","context":"Kategoriassa &quot;Lappi&quot;","block_context":{"text":"Lappi","link":"https:\/\/www.satokangas.fi\/blogi\/category\/lappi\/"},"img":{"alt_text":"","src":"https:\/\/i0.wp.com\/www.satokangas.fi\/blogi\/wp-content\/uploads\/2017\/07\/The-Breakfast_-3-538x400.jpg?resize=350%2C200&ssl=1","width":350,"height":200,"srcset":"https:\/\/i0.wp.com\/www.satokangas.fi\/blogi\/wp-content\/uploads\/2017\/07\/The-Breakfast_-3-538x400.jpg?resize=350%2C200&ssl=1 1x, https:\/\/i0.wp.com\/www.satokangas.fi\/blogi\/wp-content\/uploads\/2017\/07\/The-Breakfast_-3-538x400.jpg?resize=525%2C300&ssl=1 1.5x"},"classes":[]},{"id":34626,"url":"https:\/\/www.satokangas.fi\/blogi\/2018\/08\/paistinkaantajyys-on-hieno-asia\/","url_meta":{"origin":3828,"position":5},"title":"Paistink\u00e4\u00e4nt\u00e4jyys on hieno asia!","author":"Reija","date":"18.8.2018","format":false,"excerpt":"Aamiainen (l\u00e4hinn\u00e4 kahvia ja viiniryp\u00e4leit\u00e4), lenkki torille ja Harjulle, Polarn o. Pyretist\u00e4 tuliaisia, lounas kilpiravintola Albassa, kampaaja ja Grand Dinner Paviljongissa. Niist\u00e4 oli Suurkapitulin toinen p\u00e4iv\u00e4 tehty. Aamukahdeksalta viel\u00e4 satoi, mutta yhdeks\u00e4n j\u00e4lkeen lenkille l\u00e4htiess\u00e4 se oli jo toennut, iltap\u00e4iv\u00e4ll\u00e4 kaunis kes\u00e4inen p\u00e4iv\u00e4, Jyv\u00e4skyl\u00e4n paljon Oulua vilkkaammassa keskustassa tuntui kuin\u2026","rel":"","context":"Kategoriassa &quot;Niit\u00e4 n\u00e4it\u00e4&quot;","block_context":{"text":"Niit\u00e4 n\u00e4it\u00e4","link":"https:\/\/www.satokangas.fi\/blogi\/category\/aiheeton\/"},"img":{"alt_text":"","src":"https:\/\/i0.wp.com\/www.satokangas.fi\/blogi\/wp-content\/uploads\/2018\/08\/Lounas-4.jpg?resize=350%2C200&ssl=1","width":350,"height":200,"srcset":"https:\/\/i0.wp.com\/www.satokangas.fi\/blogi\/wp-content\/uploads\/2018\/08\/Lounas-4.jpg?resize=350%2C200&ssl=1 1x, https:\/\/i0.wp.com\/www.satokangas.fi\/blogi\/wp-content\/uploads\/2018\/08\/Lounas-4.jpg?resize=525%2C300&ssl=1 1.5x, https:\/\/i0.wp.com\/www.satokangas.fi\/blogi\/wp-content\/uploads\/2018\/08\/Lounas-4.jpg?resize=700%2C400&ssl=1 2x"},"classes":[]}],"_links":{"self":[{"href":"https:\/\/www.satokangas.fi\/blogi\/wp-json\/wp\/v2\/posts\/3828","targetHints":{"allow":["GET"]}}],"collection":[{"href":"https:\/\/www.satokangas.fi\/blogi\/wp-json\/wp\/v2\/posts"}],"about":[{"href":"https:\/\/www.satokangas.fi\/blogi\/wp-json\/wp\/v2\/types\/post"}],"author":[{"embeddable":true,"href":"https:\/\/www.satokangas.fi\/blogi\/wp-json\/wp\/v2\/users\/1"}],"replies":[{"embeddable":true,"href":"https:\/\/www.satokangas.fi\/blogi\/wp-json\/wp\/v2\/comments?post=3828"}],"version-history":[{"count":0,"href":"https:\/\/www.satokangas.fi\/blogi\/wp-json\/wp\/v2\/posts\/3828\/revisions"}],"wp:attachment":[{"href":"https:\/\/www.satokangas.fi\/blogi\/wp-json\/wp\/v2\/media?parent=3828"}],"wp:term":[{"taxonomy":"category","embeddable":true,"href":"https:\/\/www.satokangas.fi\/blogi\/wp-json\/wp\/v2\/categories?post=3828"},{"taxonomy":"post_tag","embeddable":true,"href":"https:\/\/www.satokangas.fi\/blogi\/wp-json\/wp\/v2\/tags?post=3828"}],"curies":[{"name":"wp","href":"https:\/\/api.w.org\/{rel}","templated":true}]}}