{"id":38131,"date":"2020-01-27T18:36:48","date_gmt":"2020-01-27T16:36:48","guid":{"rendered":"https:\/\/www.satokangas.fi\/blogi\/?p=38131"},"modified":"2020-01-27T18:36:48","modified_gmt":"2020-01-27T16:36:48","slug":"pakkasen-purtavina","status":"publish","type":"post","link":"https:\/\/www.satokangas.fi\/blogi\/2020\/01\/pakkasen-purtavina\/","title":{"rendered":"Pakkasen purtavina"},"content":{"rendered":"<p style=\"text-align: justify;\">Vaikka tiesimme odottaa, ett\u00e4 t\u00e4n\u00e4\u00e4n olisi pakkasta, oli silti v\u00e4h\u00e4n vaikea uskoa, kun mittari m\u00f6kkiterassilla aamulla n\u00e4ytti -34 C (nyt viel\u00e4 pari astetta kylmemp\u00e4\u00e4). Yksi monista syist\u00e4, miksi tulimme m\u00f6kille vasta t\u00e4ll\u00e4 viikolla oli se, ett\u00e4 ajattelimme, ettei pakkanen en\u00e4\u00e4 ole niin kova, ett\u00e4 se hankaloittaisi hiiht\u00e4mist\u00e4 ja muuta ulkoilua.<\/p>\n<p><a href=\"https:\/\/www.satokangas.fi\/blogi\/2020\/01\/pakkasen-purtavina\/pakkanen_-6\/#main\" rel=\"attachment wp-att-38135\"><img loading=\"lazy\" decoding=\"async\" data-attachment-id=\"38135\" data-permalink=\"https:\/\/www.satokangas.fi\/blogi\/2020\/01\/pakkasen-purtavina\/pakkanen_-6\/\" data-orig-file=\"https:\/\/www.satokangas.fi\/blogi\/wp-content\/uploads\/2020\/01\/pakkanen_-6.jpg\" data-orig-size=\"1000,667\" data-comments-opened=\"1\" data-image-meta=\"{&quot;aperture&quot;:&quot;0&quot;,&quot;credit&quot;:&quot;&quot;,&quot;camera&quot;:&quot;&quot;,&quot;caption&quot;:&quot;&quot;,&quot;created_timestamp&quot;:&quot;1580107610&quot;,&quot;copyright&quot;:&quot;&quot;,&quot;focal_length&quot;:&quot;0&quot;,&quot;iso&quot;:&quot;0&quot;,&quot;shutter_speed&quot;:&quot;0&quot;,&quot;title&quot;:&quot;&quot;,&quot;orientation&quot;:&quot;0&quot;}\" data-image-title=\"pakkanen_-6\" data-image-description=\"\" data-image-caption=\"\" data-large-file=\"https:\/\/www.satokangas.fi\/blogi\/wp-content\/uploads\/2020\/01\/pakkanen_-6.jpg\" class=\"aligncenter size-full wp-image-38135\" src=\"https:\/\/www.satokangas.fi\/blogi\/wp-content\/uploads\/2020\/01\/pakkanen_-6.jpg\" alt=\"\" width=\"1000\" height=\"667\" srcset=\"https:\/\/www.satokangas.fi\/blogi\/wp-content\/uploads\/2020\/01\/pakkanen_-6.jpg 1000w, https:\/\/www.satokangas.fi\/blogi\/wp-content\/uploads\/2020\/01\/pakkanen_-6-600x400.jpg 600w, https:\/\/www.satokangas.fi\/blogi\/wp-content\/uploads\/2020\/01\/pakkanen_-6-300x200.jpg 300w, https:\/\/www.satokangas.fi\/blogi\/wp-content\/uploads\/2020\/01\/pakkanen_-6-768x512.jpg 768w\" sizes=\"auto, (max-width: 1000px) 100vw, 1000px\" \/><\/a><\/p>\n<p style=\"text-align: justify;\">Kun her\u00e4tty\u00e4 n\u00e4in mittarin lukemat, p\u00e4\u00e4tin saman tien, ett\u00e4 t\u00e4n\u00e4\u00e4n on pirttip\u00e4iv\u00e4: min\u00e4h\u00e4n en ulos l\u00e4hde. Ja ei mennyt kuin reilu puoli tuntia, kun n\u00e4in kuinka aamun purppurainen valo n\u00e4kyi puiden latvoissa, ker\u00e4sin p\u00e4\u00e4lle paljon kampetta, reppuun kameran ja objektiiveja, jalustan kainaloon ja hypp\u00e4sin autoon (joka onneksi oli ollut y\u00f6n &#8221;letkun nokassa&#8221;) huikaten Pehtoorille, ett\u00e4 k\u00e4yn ison tien varressa \u00e4kki\u00e4 kuvailemassa. Ja niinh\u00e4n siin\u00e4 sitten meni melkein kaksi tuntia. Ajelin pitkin poikin Saariselk\u00e4\u00e4, ja hain hyvi\u00e4 kuvakulmia nousevalle auringolle. Kaunisp\u00e4\u00e4ll\u00e4 &#8211; ylh\u00e4\u00e4ll\u00e4 &#8211; pakkanen putosi puoleen siit\u00e4, mit\u00e4 meill\u00e4 Hangasojan rannalla oli, eli vain -17 C, mik\u00e4 mahdollisti sen, ett\u00e4 siell\u00e4 oli mukavakin ulkoilla. Vain k\u00e4si\u00e4 paleli ihan hirmuisesti kun olin j\u00e4tt\u00e4nyt l\u00e4mmittimet m\u00f6kille&#8230; \ud83d\ude41<\/p>\n<p style=\"text-align: justify;\">Kuitenkin: oli taas kerran hyv\u00e4 olo n\u00e4ill\u00e4 huudeilla. Sellainen mukavasti v\u00e4h\u00e4p\u00e4t\u00f6inen tai toisaalta sellainen, ettenh\u00e4n min\u00e4 t\u00e4\u00e4ll\u00e4 kovin kummoisia voi, ja silti t\u00e4\u00e4ll\u00e4 on hienoa. Ei mun tartte muuta kuin ymm\u00e4rt\u00e4\u00e4 olla kiitollinen t\u00e4st\u00e4.<\/p>\n<p style=\"text-align: justify;\"><a href=\"https:\/\/www.satokangas.fi\/blogi\/2020\/01\/pakkasen-purtavina\/pakkanen_-8\/#main\" rel=\"attachment wp-att-38132\"><img loading=\"lazy\" decoding=\"async\" data-attachment-id=\"38132\" data-permalink=\"https:\/\/www.satokangas.fi\/blogi\/2020\/01\/pakkasen-purtavina\/pakkanen_-8\/\" data-orig-file=\"https:\/\/www.satokangas.fi\/blogi\/wp-content\/uploads\/2020\/01\/pakkanen_-8-scaled.jpg\" data-orig-size=\"2560,1660\" data-comments-opened=\"1\" data-image-meta=\"{&quot;aperture&quot;:&quot;0&quot;,&quot;credit&quot;:&quot;REIJA SATOKANGAS&quot;,&quot;camera&quot;:&quot;&quot;,&quot;caption&quot;:&quot;&quot;,&quot;created_timestamp&quot;:&quot;1580109255&quot;,&quot;copyright&quot;:&quot;&quot;,&quot;focal_length&quot;:&quot;0&quot;,&quot;iso&quot;:&quot;0&quot;,&quot;shutter_speed&quot;:&quot;0&quot;,&quot;title&quot;:&quot;&quot;,&quot;orientation&quot;:&quot;0&quot;}\" data-image-title=\"pakkanen_-8\" data-image-description=\"\" data-image-caption=\"\" data-large-file=\"https:\/\/www.satokangas.fi\/blogi\/wp-content\/uploads\/2020\/01\/pakkanen_-8-1579x1024.jpg\" class=\"wp-image-38132 aligncenter\" src=\"https:\/\/www.satokangas.fi\/blogi\/wp-content\/uploads\/2020\/01\/pakkanen_-8-scaled.jpg\" alt=\"\" width=\"1000\" height=\"648\" srcset=\"https:\/\/www.satokangas.fi\/blogi\/wp-content\/uploads\/2020\/01\/pakkanen_-8-scaled.jpg 2560w, https:\/\/www.satokangas.fi\/blogi\/wp-content\/uploads\/2020\/01\/pakkanen_-8-617x400.jpg 617w, https:\/\/www.satokangas.fi\/blogi\/wp-content\/uploads\/2020\/01\/pakkanen_-8-1579x1024.jpg 1579w, https:\/\/www.satokangas.fi\/blogi\/wp-content\/uploads\/2020\/01\/pakkanen_-8-300x195.jpg 300w, https:\/\/www.satokangas.fi\/blogi\/wp-content\/uploads\/2020\/01\/pakkanen_-8-768x498.jpg 768w, https:\/\/www.satokangas.fi\/blogi\/wp-content\/uploads\/2020\/01\/pakkanen_-8-1536x996.jpg 1536w, https:\/\/www.satokangas.fi\/blogi\/wp-content\/uploads\/2020\/01\/pakkanen_-8-2048x1328.jpg 2048w\" sizes=\"auto, (max-width: 1000px) 100vw, 1000px\" \/><\/a><\/p>\n<p>Iltap\u00e4iv\u00e4ll\u00e4 oltiin viel\u00e4 reippaita, ja p\u00e4\u00e4tettiin l\u00e4hte\u00e4 kimpassa jonnekin k\u00e4velylle. Valitsimme kohteeksi West Villagen: ei tarvitse tarpoa hangessa, ja saattaa olla jotain kamerallekin&#8230;<\/p>\n<p><a href=\"https:\/\/www.satokangas.fi\/blogi\/2020\/01\/pakkasen-purtavina\/pakkanen_\/#main\" rel=\"attachment wp-att-38133\"><img loading=\"lazy\" decoding=\"async\" data-attachment-id=\"38133\" data-permalink=\"https:\/\/www.satokangas.fi\/blogi\/2020\/01\/pakkasen-purtavina\/pakkanen_\/\" data-orig-file=\"https:\/\/www.satokangas.fi\/blogi\/wp-content\/uploads\/2020\/01\/pakkanen_.jpg\" data-orig-size=\"1000,667\" data-comments-opened=\"1\" data-image-meta=\"{&quot;aperture&quot;:&quot;0&quot;,&quot;credit&quot;:&quot;&quot;,&quot;camera&quot;:&quot;&quot;,&quot;caption&quot;:&quot;&quot;,&quot;created_timestamp&quot;:&quot;1580119970&quot;,&quot;copyright&quot;:&quot;&quot;,&quot;focal_length&quot;:&quot;0&quot;,&quot;iso&quot;:&quot;0&quot;,&quot;shutter_speed&quot;:&quot;0&quot;,&quot;title&quot;:&quot;&quot;,&quot;orientation&quot;:&quot;0&quot;}\" data-image-title=\"pakkanen_\" data-image-description=\"\" data-image-caption=\"\" data-large-file=\"https:\/\/www.satokangas.fi\/blogi\/wp-content\/uploads\/2020\/01\/pakkanen_.jpg\" class=\"aligncenter size-full wp-image-38133\" src=\"https:\/\/www.satokangas.fi\/blogi\/wp-content\/uploads\/2020\/01\/pakkanen_.jpg\" alt=\"\" width=\"1000\" height=\"667\" srcset=\"https:\/\/www.satokangas.fi\/blogi\/wp-content\/uploads\/2020\/01\/pakkanen_.jpg 1000w, https:\/\/www.satokangas.fi\/blogi\/wp-content\/uploads\/2020\/01\/pakkanen_-600x400.jpg 600w, https:\/\/www.satokangas.fi\/blogi\/wp-content\/uploads\/2020\/01\/pakkanen_-300x200.jpg 300w, https:\/\/www.satokangas.fi\/blogi\/wp-content\/uploads\/2020\/01\/pakkanen_-768x512.jpg 768w\" sizes=\"auto, (max-width: 1000px) 100vw, 1000px\" \/><\/a><\/p>\n<p>Ja siell\u00e4h\u00e4n oli v\u00e4hint\u00e4\u00e4n yht\u00e4 kylm\u00e4 kuin Hangasojan kupeessa. Melkein sattui kasvoihin, toisaalta lopultakin vain k\u00e4det (taas) j\u00e4\u00e4ss\u00e4. Eih\u00e4n me mill\u00e4\u00e4n saatu 10 000 askelta t\u00e4yteen, ei puoltakaan. Mutta punaiset posket sent\u00e4\u00e4n Ja ruokahaluahan on aina. \ud83d\ude09<\/p>\n<p><a href=\"https:\/\/www.satokangas.fi\/blogi\/2020\/01\/pakkasen-purtavina\/pakkanen_-2\/#main\" rel=\"attachment wp-att-38134\"><img loading=\"lazy\" decoding=\"async\" data-attachment-id=\"38134\" data-permalink=\"https:\/\/www.satokangas.fi\/blogi\/2020\/01\/pakkasen-purtavina\/pakkanen_-2\/\" data-orig-file=\"https:\/\/www.satokangas.fi\/blogi\/wp-content\/uploads\/2020\/01\/pakkanen_-2.jpg\" data-orig-size=\"1000,667\" data-comments-opened=\"1\" data-image-meta=\"{&quot;aperture&quot;:&quot;0&quot;,&quot;credit&quot;:&quot;&quot;,&quot;camera&quot;:&quot;&quot;,&quot;caption&quot;:&quot;&quot;,&quot;created_timestamp&quot;:&quot;1580119256&quot;,&quot;copyright&quot;:&quot;&quot;,&quot;focal_length&quot;:&quot;0&quot;,&quot;iso&quot;:&quot;0&quot;,&quot;shutter_speed&quot;:&quot;0&quot;,&quot;title&quot;:&quot;&quot;,&quot;orientation&quot;:&quot;0&quot;}\" data-image-title=\"pakkanen_-2\" data-image-description=\"\" data-image-caption=\"\" data-large-file=\"https:\/\/www.satokangas.fi\/blogi\/wp-content\/uploads\/2020\/01\/pakkanen_-2.jpg\" class=\"aligncenter size-full wp-image-38134\" src=\"https:\/\/www.satokangas.fi\/blogi\/wp-content\/uploads\/2020\/01\/pakkanen_-2.jpg\" alt=\"\" width=\"1000\" height=\"667\" srcset=\"https:\/\/www.satokangas.fi\/blogi\/wp-content\/uploads\/2020\/01\/pakkanen_-2.jpg 1000w, https:\/\/www.satokangas.fi\/blogi\/wp-content\/uploads\/2020\/01\/pakkanen_-2-600x400.jpg 600w, https:\/\/www.satokangas.fi\/blogi\/wp-content\/uploads\/2020\/01\/pakkanen_-2-300x200.jpg 300w, https:\/\/www.satokangas.fi\/blogi\/wp-content\/uploads\/2020\/01\/pakkanen_-2-768x512.jpg 768w\" sizes=\"auto, (max-width: 1000px) 100vw, 1000px\" \/><\/a><\/p>\n<p>Paluu Hangasojalle. Eik\u00e4 en\u00e4\u00e4 m\u00f6kist\u00e4 ulos! \ud83d\ude09<\/p>\n","protected":false},"excerpt":{"rendered":"<p>Vaikka tiesimme odottaa, ett\u00e4 t\u00e4n\u00e4\u00e4n olisi pakkasta, oli silti v\u00e4h\u00e4n vaikea uskoa, kun mittari m\u00f6kkiterassilla aamulla n\u00e4ytti -34 C (nyt viel\u00e4 pari astetta kylmemp\u00e4\u00e4). Yksi monista syist\u00e4, miksi tulimme m\u00f6kille vasta t\u00e4ll\u00e4 viikolla oli se, ett\u00e4 ajattelimme, ettei pakkanen en\u00e4\u00e4 ole niin kova, ett\u00e4 se hankaloittaisi hiiht\u00e4mist\u00e4 ja muuta ulkoilua. Kun her\u00e4tty\u00e4 n\u00e4in mittarin lukemat, p\u00e4\u00e4tin saman tien, ett\u00e4 t\u00e4n\u00e4\u00e4n &hellip; <\/p>\n","protected":false},"author":1,"featured_media":0,"comment_status":"open","ping_status":"open","sticky":false,"template":"","format":"standard","meta":{"jetpack_post_was_ever_published":false,"_jetpack_newsletter_access":"","_jetpack_dont_email_post_to_subs":false,"_jetpack_newsletter_tier_id":0,"_jetpack_memberships_contains_paywalled_content":false,"_jetpack_memberships_contains_paid_content":false,"footnotes":"","jetpack_publicize_message":"","jetpack_publicize_feature_enabled":true,"jetpack_social_post_already_shared":true,"jetpack_social_options":{"image_generator_settings":{"template":"highway","default_image_id":0,"font":"","enabled":false},"version":2}},"categories":[15,97,37],"tags":[],"class_list":["post-38131","post","type-post","status-publish","format-standard","hentry","category-lappi","category-mokkielamaa","category-valokuvaus","latest_post"],"jetpack_publicize_connections":[],"jetpack_featured_media_url":"","jetpack_shortlink":"https:\/\/wp.me\/pr4p4-9V1","jetpack_sharing_enabled":true,"jetpack_likes_enabled":false,"jetpack-related-posts":[{"id":49257,"url":"https:\/\/www.satokangas.fi\/blogi\/2024\/04\/perinteeton-vappuaatto\/","url_meta":{"origin":38131,"position":0},"title":"Perinteet\u00f6n vappuaatto","author":"Reija","date":"30.4.2024","format":false,"excerpt":"Vappuaatto. Heti aamulla mittari n\u00e4ytti l\u00e4mp\u00f6asteita. Monikossa. Kaksi on monikko: +2 C. Ja niidenkin n\u00e4keminen mittarista oli v\u00e4h\u00e4n niin ja n\u00e4in, sill\u00e4 sumu oli v\u00e4hint\u00e4\u00e4nkin kohtuullisen sakea. Noh, ei meill\u00e4 ollut mit\u00e4\u00e4n aktiviteetteja suunniteltunakaan. Kauppahallissa sent\u00e4\u00e4n piipahdin: kalaa (huomiseksi) ja \u00e4yri\u00e4isvartaita hain. Tulomatkalla viel\u00e4 ajelin kaupan kautta. Surkea s\u00e4\u00e4 kannusti\u2026","rel":"","context":"Kategoriassa &quot;Niit\u00e4 n\u00e4it\u00e4&quot;","block_context":{"text":"Niit\u00e4 n\u00e4it\u00e4","link":"https:\/\/www.satokangas.fi\/blogi\/category\/aiheeton\/"},"img":{"alt_text":"","src":"https:\/\/i0.wp.com\/www.satokangas.fi\/blogi\/wp-content\/uploads\/2024\/04\/vappuaatto_2024-2.jpg?resize=350%2C200&ssl=1","width":350,"height":200,"srcset":"https:\/\/i0.wp.com\/www.satokangas.fi\/blogi\/wp-content\/uploads\/2024\/04\/vappuaatto_2024-2.jpg?resize=350%2C200&ssl=1 1x, https:\/\/i0.wp.com\/www.satokangas.fi\/blogi\/wp-content\/uploads\/2024\/04\/vappuaatto_2024-2.jpg?resize=525%2C300&ssl=1 1.5x, https:\/\/i0.wp.com\/www.satokangas.fi\/blogi\/wp-content\/uploads\/2024\/04\/vappuaatto_2024-2.jpg?resize=700%2C400&ssl=1 2x"},"classes":[]},{"id":5568,"url":"https:\/\/www.satokangas.fi\/blogi\/2009\/12\/5568\/","url_meta":{"origin":38131,"position":1},"title":"Matkalla m\u00f6kille","author":"Reija","date":"27.12.2009","format":false,"excerpt":"Matkalla - Voi kunpa nuoret olis mukana! - Melkein alakulo kun eiv\u00e4t... - Miksi me n\u00e4in my\u00f6h\u00e4\u00e4n l\u00e4hdettiin (9.08)? - Kuinka moni minun lis\u00e4kseni inhoaa ABC:n huoltsikka-radiomainoksia niin paljon, ett\u00e4 j\u00e4tt\u00e4\u00e4 niiden takia k\u00e4ym\u00e4tt\u00e4 ko. paikoissa? - Paraneekohan olkap\u00e4\u00e4vamma m\u00f6kill\u00e4 kun en juuri voi datailla (niin kuin en nytk\u00e4\u00e4n...:)). Ett\u00e4\u2026","rel":"","context":"Kategoriassa &quot;Lappi&quot;","block_context":{"text":"Lappi","link":"https:\/\/www.satokangas.fi\/blogi\/category\/lappi\/"},"img":{"alt_text":"","src":"https:\/\/i0.wp.com\/www.satokangas.fi\/blogi\/wp-content\/uploads\/2009\/12\/matkalla1-482x400.jpg?resize=350%2C200&ssl=1","width":350,"height":200},"classes":[]},{"id":10741,"url":"https:\/\/www.satokangas.fi\/blogi\/2011\/02\/ravintolailta\/","url_meta":{"origin":38131,"position":2},"title":"Ravintolailta","author":"Reija","date":"18.2.2011","format":false,"excerpt":"Odotettu perjantai, joka tulikin kovin \u00e4kki\u00e4. Odotukset t\u00e4yttyiv\u00e4t\/t\u00e4yttyv\u00e4t: rauha tehd\u00e4 t\u00f6it\u00e4. Rauhassa monelta asialta. Vain pari \"omaa\" opiskelijaa k\u00e4viv\u00e4t opinn\u00e4ytet\u00f6idens\u00e4 kanssa, - olen luottavaisin mielin.\u00a0 Aiheet kiinnostavat ohjaajaakin - v\u00e4hint\u00e4\u00e4nkin paljon. tapaamme yst\u00e4v\u00e4t. Viimeksi t\u00e4ll\u00e4 porukalla kuudestaan oltu Roomassa; t\u00e4n\u00e4\u00e4n menemme ravintola Puistolaan, jossa on vierailevana t\u00e4htikokkina chez Jouni. Michelin-t\u00e4hdet\u2026","rel":"","context":"Kategoriassa &quot;Niit\u00e4 n\u00e4it\u00e4&quot;","block_context":{"text":"Niit\u00e4 n\u00e4it\u00e4","link":"https:\/\/www.satokangas.fi\/blogi\/category\/aiheeton\/"},"img":{"alt_text":"","src":"","width":0,"height":0},"classes":[]},{"id":34008,"url":"https:\/\/www.satokangas.fi\/blogi\/2018\/05\/rantoja-ruostetta-pihatoita-ja-aurinkoa\/","url_meta":{"origin":38131,"position":3},"title":"Rantoja, ruostetta, pihat\u00f6it\u00e4 &#8211; ja aurinkoa!!","author":"Reija","date":"14.5.2018","format":false,"excerpt":"Nyt on v\u00e4sy, ihan liikkumisesta v\u00e4sy. Aamukuuden aikaan nousin keittelem\u00e4\u00e4n kahvia, ja oli k\u00e4yt\u00e4v\u00e4 pihalla nurmella k\u00e4velem\u00e4ss\u00e4 ett\u00e4 uskoi, ett\u00e4 t\u00e4m\u00e4 ihana s\u00e4\u00e4 on todellista, eik\u00e4 Kreikan j\u00e4lkeinen harha aamun unenp\u00f6pper\u00f6ss\u00e4. Lintujen laulu mielet\u00f6n ja luonnossa jo tuoksujakin. T\u00e4n\u00e4\u00e4n jos joskus olin niin iloinen, etten kahdeksan aikaan l\u00e4htenytk\u00e4\u00e4n polkemaan kohti\u2026","rel":"","context":"Kategoriassa &quot;Hautausmailla&quot;","block_context":{"text":"Hautausmailla","link":"https:\/\/www.satokangas.fi\/blogi\/category\/hautausmailla\/"},"img":{"alt_text":"","src":"https:\/\/i0.wp.com\/www.satokangas.fi\/blogi\/wp-content\/uploads\/2018\/05\/Ruoste-7.jpg?resize=350%2C200&ssl=1","width":350,"height":200,"srcset":"https:\/\/i0.wp.com\/www.satokangas.fi\/blogi\/wp-content\/uploads\/2018\/05\/Ruoste-7.jpg?resize=350%2C200&ssl=1 1x, https:\/\/i0.wp.com\/www.satokangas.fi\/blogi\/wp-content\/uploads\/2018\/05\/Ruoste-7.jpg?resize=525%2C300&ssl=1 1.5x, https:\/\/i0.wp.com\/www.satokangas.fi\/blogi\/wp-content\/uploads\/2018\/05\/Ruoste-7.jpg?resize=700%2C400&ssl=1 2x"},"classes":[]},{"id":44861,"url":"https:\/\/www.satokangas.fi\/blogi\/2023\/02\/pakkaspaivana-ivalossa-ja-ladulla\/","url_meta":{"origin":38131,"position":4},"title":"Pakkasp\u00e4iv\u00e4n\u00e4 Ivalossa ja ladulla","author":"Reija","date":"21.2.2023","format":false,"excerpt":"El\u00e4m\u00e4nmeno ja p\u00e4ivien kulku m\u00f6kill\u00e4 ollessa m\u00e4\u00e4r\u00e4ytyy paljolti valon ja s\u00e4\u00e4n mukaan. Aamulla sen j\u00e4lkeen kun on l\u00f6yt\u00e4nyt rillit nen\u00e4lleen ja villasukat jalkaansa, tulee seuraavaksi katsottua ulkol\u00e4mp\u00f6mittaria, taivaan v\u00e4ri\u00e4 ja ilman laatua. T\u00e4n\u00e4\u00e4n seitsem\u00e4lt\u00e4: - 25 C, pilvet\u00f6n taivas, aurinko nousemassa. Siis ei aamuladulle! Koska t\u00e4ll\u00e4 viikolla olisi joka tapauksessa\u2026","rel":"","context":"Kategoriassa &quot;Lappi&quot;","block_context":{"text":"Lappi","link":"https:\/\/www.satokangas.fi\/blogi\/category\/lappi\/"},"img":{"alt_text":"","src":"https:\/\/i0.wp.com\/www.satokangas.fi\/blogi\/wp-content\/uploads\/2023\/02\/pakkaspaiva-3-1.jpg?resize=350%2C200&ssl=1","width":350,"height":200,"srcset":"https:\/\/i0.wp.com\/www.satokangas.fi\/blogi\/wp-content\/uploads\/2023\/02\/pakkaspaiva-3-1.jpg?resize=350%2C200&ssl=1 1x, https:\/\/i0.wp.com\/www.satokangas.fi\/blogi\/wp-content\/uploads\/2023\/02\/pakkaspaiva-3-1.jpg?resize=525%2C300&ssl=1 1.5x, https:\/\/i0.wp.com\/www.satokangas.fi\/blogi\/wp-content\/uploads\/2023\/02\/pakkaspaiva-3-1.jpg?resize=700%2C400&ssl=1 2x"},"classes":[]},{"id":43546,"url":"https:\/\/www.satokangas.fi\/blogi\/2022\/08\/myrskyn-jalkeen-ja-ennen-sita\/","url_meta":{"origin":38131,"position":5},"title":"Myrskyn j\u00e4lkeen .. ja ennen sit\u00e4","author":"Reija","date":"17.8.2022","format":false,"excerpt":"Kaupungissa mets\u00e4n korvaa merenranta, se tasaa hengityksen, saa ajatukset paikoilleen. Merenrannalle, itse asiassa -rannoille, l\u00e4hdin aika varhain aamusella, - my\u00f6s puistoissa on samaa tasaannuttavaa taikaa. Kyll\u00e4 sit\u00e4 olisin voinut ammentaa viel\u00e4 lis\u00e4\u00e4kin. T\u00e4n\u00e4 aamuna joka paikassa kosteaa, m\u00e4rk\u00e4\u00e4, tukkeutuneita aliskoja, isoja l\u00e4t\u00e4k\u00f6it\u00e4 siell\u00e4 t\u00e4\u00e4ll\u00e4. Eilen illalla ukkonen py\u00f6ri nelj\u00e4 tuntia\u2026","rel":"","context":"Kategoriassa &quot;Niit\u00e4 n\u00e4it\u00e4&quot;","block_context":{"text":"Niit\u00e4 n\u00e4it\u00e4","link":"https:\/\/www.satokangas.fi\/blogi\/category\/aiheeton\/"},"img":{"alt_text":"","src":"https:\/\/i0.wp.com\/www.satokangas.fi\/blogi\/wp-content\/uploads\/2022\/08\/1-3-4.jpg?resize=350%2C200&ssl=1","width":350,"height":200,"srcset":"https:\/\/i0.wp.com\/www.satokangas.fi\/blogi\/wp-content\/uploads\/2022\/08\/1-3-4.jpg?resize=350%2C200&ssl=1 1x, https:\/\/i0.wp.com\/www.satokangas.fi\/blogi\/wp-content\/uploads\/2022\/08\/1-3-4.jpg?resize=525%2C300&ssl=1 1.5x"},"classes":[]}],"_links":{"self":[{"href":"https:\/\/www.satokangas.fi\/blogi\/wp-json\/wp\/v2\/posts\/38131","targetHints":{"allow":["GET"]}}],"collection":[{"href":"https:\/\/www.satokangas.fi\/blogi\/wp-json\/wp\/v2\/posts"}],"about":[{"href":"https:\/\/www.satokangas.fi\/blogi\/wp-json\/wp\/v2\/types\/post"}],"author":[{"embeddable":true,"href":"https:\/\/www.satokangas.fi\/blogi\/wp-json\/wp\/v2\/users\/1"}],"replies":[{"embeddable":true,"href":"https:\/\/www.satokangas.fi\/blogi\/wp-json\/wp\/v2\/comments?post=38131"}],"version-history":[{"count":0,"href":"https:\/\/www.satokangas.fi\/blogi\/wp-json\/wp\/v2\/posts\/38131\/revisions"}],"wp:attachment":[{"href":"https:\/\/www.satokangas.fi\/blogi\/wp-json\/wp\/v2\/media?parent=38131"}],"wp:term":[{"taxonomy":"category","embeddable":true,"href":"https:\/\/www.satokangas.fi\/blogi\/wp-json\/wp\/v2\/categories?post=38131"},{"taxonomy":"post_tag","embeddable":true,"href":"https:\/\/www.satokangas.fi\/blogi\/wp-json\/wp\/v2\/tags?post=38131"}],"curies":[{"name":"wp","href":"https:\/\/api.w.org\/{rel}","templated":true}]}}