{"id":37710,"date":"2019-12-04T20:23:26","date_gmt":"2019-12-04T18:23:26","guid":{"rendered":"https:\/\/www.satokangas.fi\/blogi\/?p=37710"},"modified":"2019-12-05T10:53:52","modified_gmt":"2019-12-05T08:53:52","slug":"huoltopaiva-3","status":"publish","type":"post","link":"https:\/\/www.satokangas.fi\/blogi\/2019\/12\/huoltopaiva-3\/","title":{"rendered":"Huoltop\u00e4iv\u00e4"},"content":{"rendered":"<p style=\"text-align: justify;\">Rovaniemell\u00e4 rotiss\u00f6\u00f6rien Grand Dinerill\u00e4 elokuussa illan viihdytt\u00e4j\u00e4n\u00e4 ollut stand up -koomikko kertoi juttua, jonka Pehtoorikin on useaan otteeseen kertonut, &#8230; Se menee jotenkin n\u00e4in:<\/p>\n<blockquote><p>Lapista nuori p\u00e4\u00e4si opiskelemaan maan p\u00e4\u00e4kaupunkiin, oikein Helsinkiin asti, ja vanhemmat saatellessaan lastaan matkalle opastivat kohtuullisiin el\u00e4m\u00e4ntapoihin ja varoittivat sortumasta kalliisiin ravintolaruokiin &#8211; mm. kehottivat sy\u00f6m\u00e4\u00e4n kotiruokaa ihan kuin kotonakin aina on tehty.<\/p>\n<p>Kun poika sitten jo syyslukukauden puoliv\u00e4liss\u00e4 l\u00e4hetti kotiin pyynn\u00f6n lis\u00e4rahoituksesta elinkustannusten kattamiseksi, vanhemmat kyseliv\u00e4t, mihin on poika kaikki rahansa t\u00f6rs\u00e4nnyt, ei kai vain ole ruvennut kalliilla ulkona sy\u00f6m\u00e4\u00e4n? &#8211; T\u00e4h\u00e4n poika sitten vastasi: &#8221;No en, ihan olen sy\u00f6nyt niin kuin kotonakin: poroa, lohta, m\u00e4ti\u00e4 ja riekkoa&#8230;<\/p><\/blockquote>\n<p style=\"text-align: justify;\">Tuli vaan mieleen kun viikonlopun ruokalistaa aamulla kirjoittelin paperille, jotta muistaisin ostaa kaikki tarpeelliset tyk\u00f6tarpeet kaupasta.<\/p>\n<p style=\"text-align: justify;\">Olen kovin iloinen kun saamme yst\u00e4vi\u00e4 t\u00e4nne Hangasojan huomaan viikonlopuksi ja saan hyv\u00e4n syyn kokkailla v\u00e4h\u00e4n parempaa kuin mit\u00e4 kaksin t\u00e4\u00e4ll\u00e4 s\u00f6isimme. Uusia reseptej\u00e4kin ajattelin kokeilla; n\u00e4m\u00e4 vieraat kun ovat aina mukisematta kaiken tarjottavan sy\u00f6neet. Minun menussani nuo Lapin pojan herkut ovat kyll\u00e4 vain pienen\u00e4 pikanttina osana, pienin\u00e4 makurippusina kaiken pastan ja perunan p\u00e4\u00e4ll\u00e4, joten ei ole mit\u00e4\u00e4n &#8221;grand dinnereit\u00e4&#8221; tulossa.<\/p>\n<p style=\"text-align: justify;\">Kaikesta huolimatta p\u00e4\u00e4tin t\u00e4n\u00e4\u00e4n ajella Ivaloon, koskapa Kuukkelin kalatarjonta ei oikein vastaa kysynt\u00e4\u00e4ni. Ivaloon ajelulle oli toinenkin syy: olen siell\u00e4 s\u00e4hk\u00f6liikkeen\/lamppukaupan ikkunassa jo pari vuotta ihaillut kaunista valaisinta, joka (ehk\u00e4) sopisi t\u00e4nne m\u00f6killemme. Se on sellainen valkoinen puu, jossa on valo. Noh, t\u00e4n\u00e4\u00e4n k\u00e4velin sitten kauppaan sis\u00e4lle katsomaan lamppua tarkemmin: edelleen tykk\u00e4sin, eik\u00e4 ollut kalliskaan, mutta lopultakin, mihin sen laittaisin, kun meill\u00e4 ei ole ikkunalautoja t\u00e4\u00e4ll\u00e4. Siis kauppaan j\u00e4i.<\/p>\n<p style=\"text-align: justify;\">Mutta ruokakaupasta l\u00f6ysin kaikkea pient\u00e4 hyv\u00e4\u00e4. Ja kun Norjan lohi (toisin kuin em. jutussa) oli halvempaa kuin makkara, ostin kokonaisen kolmekiloisen kalan. Jo t\u00e4n\u00e4\u00e4n siit\u00e4 s\u00f6imme: tuore kala voissa paistettuna oli hyv\u00e4\u00e4, vaikka n\u00e4l\u00e4nhankintaa minulla oli kovin v\u00e4h\u00e4n takanani. Puolikas j\u00e4\u00e4 itsen\u00e4isyysp\u00e4iv\u00e4n ruoaksi ja palasen graavasin ginill\u00e4! Saapa n\u00e4hd\u00e4.<\/p>\n<p style=\"text-align: justify;\"><a href=\"https:\/\/www.satokangas.fi\/blogi\/2019\/12\/huoltopaiva-3\/graavi-2\/#main\" rel=\"attachment wp-att-37711\"><img loading=\"lazy\" decoding=\"async\" data-attachment-id=\"37711\" data-permalink=\"https:\/\/www.satokangas.fi\/blogi\/2019\/12\/huoltopaiva-3\/graavi-2\/\" data-orig-file=\"https:\/\/www.satokangas.fi\/blogi\/wp-content\/uploads\/2019\/12\/graavi-2.jpg\" data-orig-size=\"800,533\" data-comments-opened=\"1\" data-image-meta=\"{&quot;aperture&quot;:&quot;0&quot;,&quot;credit&quot;:&quot;REIJA SATOKANGAS&quot;,&quot;camera&quot;:&quot;&quot;,&quot;caption&quot;:&quot;&quot;,&quot;created_timestamp&quot;:&quot;1575474538&quot;,&quot;copyright&quot;:&quot;&quot;,&quot;focal_length&quot;:&quot;0&quot;,&quot;iso&quot;:&quot;0&quot;,&quot;shutter_speed&quot;:&quot;0&quot;,&quot;title&quot;:&quot;&quot;,&quot;orientation&quot;:&quot;0&quot;}\" data-image-title=\"graavi-2\" data-image-description=\"\" data-image-caption=\"\" data-large-file=\"https:\/\/www.satokangas.fi\/blogi\/wp-content\/uploads\/2019\/12\/graavi-2.jpg\" class=\"aligncenter size-full wp-image-37711\" src=\"https:\/\/www.satokangas.fi\/blogi\/wp-content\/uploads\/2019\/12\/graavi-2.jpg\" alt=\"\" width=\"800\" height=\"533\" srcset=\"https:\/\/www.satokangas.fi\/blogi\/wp-content\/uploads\/2019\/12\/graavi-2.jpg 800w, https:\/\/www.satokangas.fi\/blogi\/wp-content\/uploads\/2019\/12\/graavi-2-600x400.jpg 600w, https:\/\/www.satokangas.fi\/blogi\/wp-content\/uploads\/2019\/12\/graavi-2-300x200.jpg 300w, https:\/\/www.satokangas.fi\/blogi\/wp-content\/uploads\/2019\/12\/graavi-2-768x512.jpg 768w\" sizes=\"auto, (max-width: 800px) 100vw, 800px\" \/><\/a><\/p>\n<p style=\"text-align: justify;\">Ivalon reissun tuloksena ruokavarastot on nyt p\u00e4ivitetty tulevaa viikonloppua ja kev\u00e4ttalvea varten. Joten ruokahuolto on t\u00e4lt\u00e4 osin kunnossa.<\/p>\n<p style=\"text-align: justify;\">Pyykkihuollon p\u00e4iv\u00e4kin oli t\u00e4n\u00e4\u00e4n: iso lakana- ja pyyhepyykki on nyt hoideltu: pesty ja mankeloitu. Meid\u00e4n m\u00f6kill\u00e4 vieraille on sellainen tiukka ukaasi, ett\u00e4 pit\u00e4\u00e4 tuoda omat petivaatteet ja pyyhkeet, joten vieraspyykki\u00e4 t\u00e4\u00e4ll\u00e4\u00a0 ei ole, mutta pikkuperhe ja ty\u00e4r saavat elell\u00e4 ja nukkua paikallisen huollon turvin. Niinp\u00e4 viime kes\u00e4n pyykit olivat nyt k\u00e4sittelyss\u00e4.<\/p>\n<p style=\"text-align: justify;\">Huoltoa my\u00f6s itselle: luottohieroja L. oli t\u00e4n\u00e4\u00e4n Tunturihotellissa, joten olin varannut h\u00e4nelle ajan niskajumien ja hartiaseudun kiputilojen helpottamiseen. Ja kyll\u00e4, onhan nyt leppoisa ja kirist\u00e4m\u00e4t\u00f6n olo.<\/p>\n<p style=\"text-align: justify;\">Kaamoksen alku on t\u00e4n\u00e4\u00e4n ollut sateinen, pilvinen, lauha,\u00a0 &#8211; ja huono ajokelikin oli. Eilen illalla saunapolulla viel\u00e4 kirkasta ja hanki kimmelsi.<\/p>\n<p style=\"text-align: justify;\">~~~~~~~~~~~~~~~~~~~~~~<\/p>\n<h3 style=\"text-align: center;\"><span style=\"color: #808080;\">#4 Saunapolulla\u00a0<\/span><\/h3>\n<p style=\"text-align: justify;\"><a href=\"https:\/\/www.satokangas.fi\/blogi\/2019\/12\/huoltopaiva-3\/4-23\/#main\" rel=\"attachment wp-att-37712\"><img loading=\"lazy\" decoding=\"async\" data-attachment-id=\"37712\" data-permalink=\"https:\/\/www.satokangas.fi\/blogi\/2019\/12\/huoltopaiva-3\/4-23\/\" data-orig-file=\"https:\/\/www.satokangas.fi\/blogi\/wp-content\/uploads\/2019\/12\/4.jpg\" data-orig-size=\"800,533\" data-comments-opened=\"1\" data-image-meta=\"{&quot;aperture&quot;:&quot;0&quot;,&quot;credit&quot;:&quot;REIJA SATOKANGAS&quot;,&quot;camera&quot;:&quot;&quot;,&quot;caption&quot;:&quot;&quot;,&quot;created_timestamp&quot;:&quot;1575401514&quot;,&quot;copyright&quot;:&quot;&quot;,&quot;focal_length&quot;:&quot;0&quot;,&quot;iso&quot;:&quot;0&quot;,&quot;shutter_speed&quot;:&quot;0&quot;,&quot;title&quot;:&quot;&quot;,&quot;orientation&quot;:&quot;0&quot;}\" data-image-title=\"#4\" data-image-description=\"\" data-image-caption=\"\" data-large-file=\"https:\/\/www.satokangas.fi\/blogi\/wp-content\/uploads\/2019\/12\/4.jpg\" class=\"aligncenter size-full wp-image-37712\" src=\"https:\/\/www.satokangas.fi\/blogi\/wp-content\/uploads\/2019\/12\/4.jpg\" alt=\"\" width=\"800\" height=\"533\" srcset=\"https:\/\/www.satokangas.fi\/blogi\/wp-content\/uploads\/2019\/12\/4.jpg 800w, https:\/\/www.satokangas.fi\/blogi\/wp-content\/uploads\/2019\/12\/4-600x400.jpg 600w, https:\/\/www.satokangas.fi\/blogi\/wp-content\/uploads\/2019\/12\/4-300x200.jpg 300w, https:\/\/www.satokangas.fi\/blogi\/wp-content\/uploads\/2019\/12\/4-768x512.jpg 768w\" sizes=\"auto, (max-width: 800px) 100vw, 800px\" \/><\/a><\/p>\n<p style=\"text-align: justify;\">\n","protected":false},"excerpt":{"rendered":"<p>Rovaniemell\u00e4 rotiss\u00f6\u00f6rien Grand Dinerill\u00e4 elokuussa illan viihdytt\u00e4j\u00e4n\u00e4 ollut stand up -koomikko kertoi juttua, jonka Pehtoorikin on useaan otteeseen kertonut, &#8230; Se menee jotenkin n\u00e4in: Lapista nuori p\u00e4\u00e4si opiskelemaan maan p\u00e4\u00e4kaupunkiin, oikein Helsinkiin asti, ja vanhemmat saatellessaan lastaan matkalle opastivat kohtuullisiin el\u00e4m\u00e4ntapoihin ja varoittivat sortumasta kalliisiin ravintolaruokiin &#8211; mm. kehottivat sy\u00f6m\u00e4\u00e4n kotiruokaa ihan kuin kotonakin aina on tehty. Kun poika sitten &hellip; <\/p>\n","protected":false},"author":1,"featured_media":0,"comment_status":"open","ping_status":"open","sticky":false,"template":"","format":"standard","meta":{"jetpack_post_was_ever_published":false,"_jetpack_newsletter_access":"","_jetpack_dont_email_post_to_subs":false,"_jetpack_newsletter_tier_id":0,"_jetpack_memberships_contains_paywalled_content":false,"_jetpack_memberships_contains_paid_content":false,"footnotes":"","jetpack_publicize_message":"","jetpack_publicize_feature_enabled":true,"jetpack_social_post_already_shared":true,"jetpack_social_options":{"image_generator_settings":{"template":"highway","default_image_id":0,"font":"","enabled":false},"version":2}},"categories":[97],"tags":[],"class_list":["post-37710","post","type-post","status-publish","format-standard","hentry","category-mokkielamaa","latest_post"],"jetpack_publicize_connections":[],"jetpack_featured_media_url":"","jetpack_shortlink":"https:\/\/wp.me\/pr4p4-9Oe","jetpack_sharing_enabled":true,"jetpack_likes_enabled":false,"jetpack-related-posts":[{"id":36802,"url":"https:\/\/www.satokangas.fi\/blogi\/2019\/07\/valmistujaisjuhlan-paiva\/","url_meta":{"origin":37710,"position":0},"title":"Valmistujaisjuhlan p\u00e4iv\u00e4","author":"Reija","date":"13.7.2019","format":false,"excerpt":"T\u00e4n\u00e4\u00e4n on ollut juhlap\u00e4iv\u00e4. Vietimme pienimuotoisia valmistujaisia. Viimeinkin. Juniori halusi viett\u00e4\u00e4 insin\u00f6\u00f6riksi valmistumistaan perhepiiriss\u00e4 ja nimenomaan siten, ett\u00e4 my\u00f6s systerins\u00e4 olisi paikalla. Kun alkukes\u00e4n py\u00f6r\u00e4n sel\u00e4ss\u00e4 polkenut Esikoinen oli kotikotosalla ja Juniorilla alkoi kes\u00e4loma oli aika juhlia. Ja Juniori kutsui sitten lopulta my\u00f6s parhaan kaverinsa (kahden hengen samppanjakerhon V:n), niinp\u00e4\u2026","rel":"","context":"Kategoriassa &quot;Ruoka ja viini&quot;","block_context":{"text":"Ruoka ja viini","link":"https:\/\/www.satokangas.fi\/blogi\/category\/ruoka_ja_viini\/"},"img":{"alt_text":"","src":"https:\/\/i0.wp.com\/www.satokangas.fi\/blogi\/wp-content\/uploads\/2019\/07\/1-6.jpg?resize=350%2C200&ssl=1","width":350,"height":200,"srcset":"https:\/\/i0.wp.com\/www.satokangas.fi\/blogi\/wp-content\/uploads\/2019\/07\/1-6.jpg?resize=350%2C200&ssl=1 1x, https:\/\/i0.wp.com\/www.satokangas.fi\/blogi\/wp-content\/uploads\/2019\/07\/1-6.jpg?resize=525%2C300&ssl=1 1.5x, https:\/\/i0.wp.com\/www.satokangas.fi\/blogi\/wp-content\/uploads\/2019\/07\/1-6.jpg?resize=700%2C400&ssl=1 2x"},"classes":[]},{"id":4405,"url":"https:\/\/www.satokangas.fi\/blogi\/2009\/09\/hyva-ruoka-parempi-mieli\/","url_meta":{"origin":37710,"position":1},"title":"Hyv\u00e4 ruoka, parempi mieli","author":"Reija","date":"22.9.2009","format":false,"excerpt":"T\u00e4n\u00e4\u00e4n oltiin pitk\u00e4st\u00e4 aikaa koko perhe yht\u00e4 aikaa ruokap\u00f6yd\u00e4ss\u00e4. Esikoisen ty\u00f6vuorot\/luennot ovat pit\u00e4neet meid\u00e4t eri ruokavuoroissa toista viikkoa. Mutta siis t\u00e4n\u00e4\u00e4n tiesin saavani perheen yht\u00e4aikaa keitti\u00f6\u00f6n, ja t\u00f6iden j\u00e4lkeen pikakokkausta, ilman enempi\u00e4 suunnitelmia. Broileria ja pastaa. Tavallisen broilersuikaleet-, valkosipuli-, paprikajauhe-, pippurit-, suolaa- ja jotain maustetta -viritelm\u00e4n pirist\u00e4miseksi hulautin kastikkeen kypsymisen\u2026","rel":"","context":"Kategoriassa &quot;Ruoka ja viini&quot;","block_context":{"text":"Ruoka ja viini","link":"https:\/\/www.satokangas.fi\/blogi\/category\/ruoka_ja_viini\/"},"img":{"alt_text":"felic","src":"https:\/\/i0.wp.com\/www.satokangas.fi\/blogi\/wp-content\/uploads\/2009\/09\/felic-168x200.jpg?resize=350%2C200&ssl=1","width":350,"height":200},"classes":[]},{"id":29408,"url":"https:\/\/www.satokangas.fi\/blogi\/2016\/10\/paivallinen-ja-muuta-touhuamista\/","url_meta":{"origin":37710,"position":2},"title":"P\u00e4iv\u00e4llinen ja muuta touhuamista","author":"Reija","date":"9.10.2016","format":false,"excerpt":"\"T\u00e4\u00e4lt\u00e4 min\u00e4 tulen, - tulen isin ja \u00e4idin kanssa mummin luo sy\u00f6m\u00e4\u00e4n.... \"\u00a0Ja seh\u00e4n se on ollut mummin ykk\u00f6sjuttu t\u00e4lle p\u00e4iv\u00e4lle. Keitti\u00f6ss\u00e4 olen hyvin viihtynyt. Min\u00e4 muistan hyvin kun olin omien lasten kanssa kaupassa. Toinen heist\u00e4 oli ehk\u00e4 noin parivuotias, toinen siihen puoltoista vuotta enemm\u00e4n. Joka tapauksessa elettiin aikaa, jolloin\u2026","rel":"","context":"Kategoriassa &quot;Isovanhemmuus&quot;","block_context":{"text":"Isovanhemmuus","link":"https:\/\/www.satokangas.fi\/blogi\/category\/isovanhemmuus\/"},"img":{"alt_text":"pillimehu","src":"https:\/\/i0.wp.com\/www.satokangas.fi\/blogi\/wp-content\/uploads\/2016\/10\/Pillimehu-279x400.jpg?resize=350%2C200&ssl=1","width":350,"height":200},"classes":[]},{"id":13904,"url":"https:\/\/www.satokangas.fi\/blogi\/2012\/04\/perheen-kesken\/","url_meta":{"origin":37710,"position":3},"title":"Perheen kesken","author":"Reija","date":"9.4.2012","format":false,"excerpt":"Jopas meit\u00e4 pohjoissuomalaisia on hellitty p\u00e4\u00e4si\u00e4isen keleill\u00e4. Viel\u00e4 t\u00e4n\u00e4\u00e4nkin aurinkoa ja l\u00e4mp\u00f6\u00e4kin enemm\u00e4n kuin todellakaan on tavallista. Ulkoilua siis. Ja sitten p\u00e4\u00e4si\u00e4isruokaa vihdoin sain tehd\u00e4. M\u00f6kill\u00e4 kun ei ollut vieraita, niin meid\u00e4n sy\u00f6misemmme - ravintolailtaa lukuunottamatta - oli sellaista aikas vaatimatonta, mutta nyt minulla oli ruokavieraita, kun nuoriso tuli k\u00e4ym\u00e4\u00e4n.\u2026","rel":"","context":"Kategoriassa &quot;Niit\u00e4 n\u00e4it\u00e4&quot;","block_context":{"text":"Niit\u00e4 n\u00e4it\u00e4","link":"https:\/\/www.satokangas.fi\/blogi\/category\/aiheeton\/"},"img":{"alt_text":"","src":"https:\/\/i0.wp.com\/www.satokangas.fi\/blogi\/wp-content\/uploads\/MG_2635-313x400.jpg?resize=350%2C200&ssl=1","width":350,"height":200},"classes":[]},{"id":4002,"url":"https:\/\/www.satokangas.fi\/blogi\/2009\/08\/polvileikkaus-ja-pehtoorin-paivalliset\/","url_meta":{"origin":37710,"position":4},"title":"Polvileikkaus ja pehtoorin p\u00e4iv\u00e4lliset","author":"Reija","date":"11.8.2009","format":false,"excerpt":"Pojasta polvi paranee. Toivottavasti. T\u00e4n\u00e4\u00e4n on kuopuksen reilu vuosi sitten teloma polvi korjailtu, leikattu. Nivelsiteit\u00e4 kiristelty. T\u00f6iss\u00e4 kyseliv\u00e4t, ett\u00e4 olenko hermona kun poika on nukutettu ja leikkaus meneill\u00e4\u00e4n. Hermona? Huolissani? En, miksi olisin ollut? Poikahan oli ammattilaisten (mm. yst\u00e4v\u00e4-ortopedin) huomassa. Huolissani ja keskittymiskyvyt\u00f6n olen silloin kun poika huitelee tien p\u00e4\u00e4ll\u00e4\u2026","rel":"","context":"Kategoriassa &quot;Vanhemmuus&quot;","block_context":{"text":"Vanhemmuus","link":"https:\/\/www.satokangas.fi\/blogi\/category\/vanhemmuus\/"},"img":{"alt_text":"","src":"","width":0,"height":0},"classes":[]},{"id":11740,"url":"https:\/\/www.satokangas.fi\/blogi\/2011\/06\/jonkinlainen-kaannekohta\/","url_meta":{"origin":37710,"position":5},"title":"Jonkinlainen k\u00e4\u00e4nnekohta&#8230;","author":"Reija","date":"6.6.2011","format":false,"excerpt":"- Huomenta, tulit sitten t\u00e4n\u00e4\u00e4n t\u00f6ihin? - Totta kai tulin. Miksen olisi? - Juhlien j\u00e4rjest\u00e4misen ja viett\u00e4misen\u00a0j\u00e4lkeen oisit voinut v\u00e4h\u00e4n lev\u00e4t\u00e4, ja lukukausihan on jo lopussa.\u00a0\u00a0 Ihan hyvin oisit voinut j\u00e4\u00e4d\u00e4 kotiin ... Eih\u00e4n t\u00e4\u00e4ll\u00e4 en\u00e4\u00e4 mit\u00e4\u00e4n kummoisia ole. Niinh\u00e4n se esimies luulee. Ettei ole? Miksih\u00e4n meill\u00e4 on niin eri\u2026","rel":"","context":"Kategoriassa &quot;Niit\u00e4 n\u00e4it\u00e4&quot;","block_context":{"text":"Niit\u00e4 n\u00e4it\u00e4","link":"https:\/\/www.satokangas.fi\/blogi\/category\/aiheeton\/"},"img":{"alt_text":"","src":"https:\/\/i0.wp.com\/www.satokangas.fi\/blogi\/wp-content\/uploads\/kukkakortti-312x400.jpg?resize=350%2C200&ssl=1","width":350,"height":200},"classes":[]}],"_links":{"self":[{"href":"https:\/\/www.satokangas.fi\/blogi\/wp-json\/wp\/v2\/posts\/37710","targetHints":{"allow":["GET"]}}],"collection":[{"href":"https:\/\/www.satokangas.fi\/blogi\/wp-json\/wp\/v2\/posts"}],"about":[{"href":"https:\/\/www.satokangas.fi\/blogi\/wp-json\/wp\/v2\/types\/post"}],"author":[{"embeddable":true,"href":"https:\/\/www.satokangas.fi\/blogi\/wp-json\/wp\/v2\/users\/1"}],"replies":[{"embeddable":true,"href":"https:\/\/www.satokangas.fi\/blogi\/wp-json\/wp\/v2\/comments?post=37710"}],"version-history":[{"count":0,"href":"https:\/\/www.satokangas.fi\/blogi\/wp-json\/wp\/v2\/posts\/37710\/revisions"}],"wp:attachment":[{"href":"https:\/\/www.satokangas.fi\/blogi\/wp-json\/wp\/v2\/media?parent=37710"}],"wp:term":[{"taxonomy":"category","embeddable":true,"href":"https:\/\/www.satokangas.fi\/blogi\/wp-json\/wp\/v2\/categories?post=37710"},{"taxonomy":"post_tag","embeddable":true,"href":"https:\/\/www.satokangas.fi\/blogi\/wp-json\/wp\/v2\/tags?post=37710"}],"curies":[{"name":"wp","href":"https:\/\/api.w.org\/{rel}","templated":true}]}}