{"id":37706,"date":"2019-12-03T18:45:10","date_gmt":"2019-12-03T16:45:10","guid":{"rendered":"https:\/\/www.satokangas.fi\/blogi\/?p=37706"},"modified":"2019-12-03T18:45:11","modified_gmt":"2019-12-03T16:45:11","slug":"hyvastit-auringolle","status":"publish","type":"post","link":"https:\/\/www.satokangas.fi\/blogi\/2019\/12\/hyvastit-auringolle\/","title":{"rendered":"Hyv\u00e4stit auringolle"},"content":{"rendered":"<p style=\"text-align: justify;\">Koska huomiselle on luvannut lumir\u00e4nt\u00e4\u00e4 ja j\u00e4\u00e4t\u00e4v\u00e4\u00e4 tihkua, otin varasl\u00e4hd\u00f6n ja ajelin puolelta p\u00e4ivin Kaunisp\u00e4\u00e4n huipulle: oli aika heitt\u00e4\u00e4 auringolle hyv\u00e4stit. Huomenna se (kuulemma) viel\u00e4 nousee horisontin yl\u00e4puolelle, mutta tuskin on kaikelta sateelta n\u00e4kyviss\u00e4, joten toiveenani oli t\u00e4n\u00e4\u00e4n n\u00e4hd\u00e4 puolenp\u00e4iv\u00e4n auringonlasku. N\u00e4kemiin ensi vuosikymmenell\u00e4. T\u00e4\u00e4ll\u00e4 Saarisel\u00e4n leveysasteilla kaamos kest\u00e4\u00e4 36 vuorokautta, &#8211; joten vasta loppiaisen tienoilla seuraavat auringons\u00e4teet&#8230;<\/p>\n<p style=\"text-align: justify;\"><a href=\"https:\/\/www.satokangas.fi\/blogi\/2019\/12\/hyvastit-auringolle\/kaamos-2-3\/#main\" rel=\"attachment wp-att-37707\"><img loading=\"lazy\" decoding=\"async\" data-attachment-id=\"37707\" data-permalink=\"https:\/\/www.satokangas.fi\/blogi\/2019\/12\/hyvastit-auringolle\/kaamos-2-3\/\" data-orig-file=\"https:\/\/www.satokangas.fi\/blogi\/wp-content\/uploads\/2019\/12\/Kaamos-2.jpg\" data-orig-size=\"2048,1430\" data-comments-opened=\"1\" data-image-meta=\"{&quot;aperture&quot;:&quot;13&quot;,&quot;credit&quot;:&quot;REIJA SATOKANGAS&quot;,&quot;camera&quot;:&quot;Canon EOS 5D Mark IV&quot;,&quot;caption&quot;:&quot;&quot;,&quot;created_timestamp&quot;:&quot;1575368756&quot;,&quot;copyright&quot;:&quot;&quot;,&quot;focal_length&quot;:&quot;200&quot;,&quot;iso&quot;:&quot;200&quot;,&quot;shutter_speed&quot;:&quot;0.025&quot;,&quot;title&quot;:&quot;&quot;,&quot;orientation&quot;:&quot;0&quot;}\" data-image-title=\"Kaamos-2\" data-image-description=\"\" data-image-caption=\"\" data-large-file=\"https:\/\/www.satokangas.fi\/blogi\/wp-content\/uploads\/2019\/12\/Kaamos-2-1467x1024.jpg\" class=\"aligncenter size-full wp-image-37707\" src=\"https:\/\/www.satokangas.fi\/blogi\/wp-content\/uploads\/2019\/12\/Kaamos-2.jpg\" alt=\"\" width=\"2048\" height=\"1430\" srcset=\"https:\/\/www.satokangas.fi\/blogi\/wp-content\/uploads\/2019\/12\/Kaamos-2.jpg 2048w, https:\/\/www.satokangas.fi\/blogi\/wp-content\/uploads\/2019\/12\/Kaamos-2-573x400.jpg 573w, https:\/\/www.satokangas.fi\/blogi\/wp-content\/uploads\/2019\/12\/Kaamos-2-1467x1024.jpg 1467w, https:\/\/www.satokangas.fi\/blogi\/wp-content\/uploads\/2019\/12\/Kaamos-2-300x209.jpg 300w, https:\/\/www.satokangas.fi\/blogi\/wp-content\/uploads\/2019\/12\/Kaamos-2-768x536.jpg 768w, https:\/\/www.satokangas.fi\/blogi\/wp-content\/uploads\/2019\/12\/Kaamos-2-1536x1073.jpg 1536w\" sizes=\"auto, (max-width: 2048px) 100vw, 2048px\" \/><\/a><\/p>\n<p style=\"text-align: center;\">Sein\u00e4tunturien v\u00e4liss\u00e4 oranssi hehku. Sinne meni.<\/p>\n<p style=\"text-align: justify;\">Mutta olenhan niin monta kertaa ennenkin t\u00e4\u00e4ll\u00e4 todennut: kaamos on v\u00e4rik\u00e4s, kaunis, lempe\u00e4, valoisakin. Ainakin kaltaiselleni k\u00e4yp\u00e4l\u00e4iselle. Jos n\u00e4ill\u00e4 raukoilla rajoilla olisi vuoden ymp\u00e4ri, ihan ollakseen ja el\u00e4\u00e4kseen, asuttava, niin olisikohan kaamos minusta en\u00e4\u00e4 mitenk\u00e4\u00e4n kiehtova ja kauneudessaan ainutlaatuinen aika vuodesta. Ehk\u00e4 ei. Mutta asioiden n\u00e4in ollen: edelleen pid\u00e4n t\u00e4st\u00e4 ajasta t\u00e4\u00e4ll\u00e4 hyvin paljon.<\/p>\n<p style=\"text-align: justify;\">Ja pimeydest\u00e4 huolimatta, aika kuluu nopeaa. Niin nopeaa.<\/p>\n<h4><span style=\"color: #800000;\">~~~~~~~~~~~~~~~~~~~<\/span><\/h4>\n<h4><span style=\"color: #800000;\">#3 L\u00e4hell\u00e4kin on paljon kaunista. Liiterin ikkuna aamulla.<\/span><\/h4>\n<p><a href=\"https:\/\/www.satokangas.fi\/blogi\/2019\/12\/hyvastit-auringolle\/3-29\/#main\" rel=\"attachment wp-att-37708\"><img loading=\"lazy\" decoding=\"async\" data-attachment-id=\"37708\" data-permalink=\"https:\/\/www.satokangas.fi\/blogi\/2019\/12\/hyvastit-auringolle\/3-29\/\" data-orig-file=\"https:\/\/www.satokangas.fi\/blogi\/wp-content\/uploads\/2019\/12\/3.jpg\" data-orig-size=\"1000,583\" data-comments-opened=\"1\" data-image-meta=\"{&quot;aperture&quot;:&quot;4.5&quot;,&quot;credit&quot;:&quot;REIJA SATOKANGAS&quot;,&quot;camera&quot;:&quot;Canon EOS 5D Mark IV&quot;,&quot;caption&quot;:&quot;&quot;,&quot;created_timestamp&quot;:&quot;1575362963&quot;,&quot;copyright&quot;:&quot;&quot;,&quot;focal_length&quot;:&quot;35&quot;,&quot;iso&quot;:&quot;400&quot;,&quot;shutter_speed&quot;:&quot;0.05&quot;,&quot;title&quot;:&quot;&quot;,&quot;orientation&quot;:&quot;0&quot;}\" data-image-title=\"#3\" data-image-description=\"\" data-image-caption=\"\" data-large-file=\"https:\/\/www.satokangas.fi\/blogi\/wp-content\/uploads\/2019\/12\/3.jpg\" class=\"aligncenter size-full wp-image-37708\" src=\"https:\/\/www.satokangas.fi\/blogi\/wp-content\/uploads\/2019\/12\/3.jpg\" alt=\"\" width=\"1000\" height=\"583\" srcset=\"https:\/\/www.satokangas.fi\/blogi\/wp-content\/uploads\/2019\/12\/3.jpg 1000w, https:\/\/www.satokangas.fi\/blogi\/wp-content\/uploads\/2019\/12\/3-686x400.jpg 686w, https:\/\/www.satokangas.fi\/blogi\/wp-content\/uploads\/2019\/12\/3-300x175.jpg 300w, https:\/\/www.satokangas.fi\/blogi\/wp-content\/uploads\/2019\/12\/3-768x448.jpg 768w\" sizes=\"auto, (max-width: 1000px) 100vw, 1000px\" \/><\/a><\/p>\n","protected":false},"excerpt":{"rendered":"<p>Koska huomiselle on luvannut lumir\u00e4nt\u00e4\u00e4 ja j\u00e4\u00e4t\u00e4v\u00e4\u00e4 tihkua, otin varasl\u00e4hd\u00f6n ja ajelin puolelta p\u00e4ivin Kaunisp\u00e4\u00e4n huipulle: oli aika heitt\u00e4\u00e4 auringolle hyv\u00e4stit. Huomenna se (kuulemma) viel\u00e4 nousee horisontin yl\u00e4puolelle, mutta tuskin on kaikelta sateelta n\u00e4kyviss\u00e4, joten toiveenani oli t\u00e4n\u00e4\u00e4n n\u00e4hd\u00e4 puolenp\u00e4iv\u00e4n auringonlasku. N\u00e4kemiin ensi vuosikymmenell\u00e4. T\u00e4\u00e4ll\u00e4 Saarisel\u00e4n leveysasteilla kaamos kest\u00e4\u00e4 36 vuorokautta, &#8211; joten vasta loppiaisen tienoilla seuraavat auringons\u00e4teet&#8230; Sein\u00e4tunturien v\u00e4liss\u00e4 &hellip; <\/p>\n","protected":false},"author":1,"featured_media":0,"comment_status":"open","ping_status":"open","sticky":false,"template":"","format":"standard","meta":{"jetpack_post_was_ever_published":false,"_jetpack_newsletter_access":"","_jetpack_dont_email_post_to_subs":false,"_jetpack_newsletter_tier_id":0,"_jetpack_memberships_contains_paywalled_content":false,"_jetpack_memberships_contains_paid_content":false,"footnotes":"","jetpack_publicize_message":"","jetpack_publicize_feature_enabled":true,"jetpack_social_post_already_shared":true,"jetpack_social_options":{"image_generator_settings":{"template":"highway","default_image_id":0,"font":"","enabled":false},"version":2}},"categories":[15,97],"tags":[],"class_list":["post-37706","post","type-post","status-publish","format-standard","hentry","category-lappi","category-mokkielamaa","latest_post"],"jetpack_publicize_connections":[],"jetpack_featured_media_url":"","jetpack_shortlink":"https:\/\/wp.me\/pr4p4-9Oa","jetpack_sharing_enabled":true,"jetpack_likes_enabled":false,"jetpack-related-posts":[{"id":29823,"url":"https:\/\/www.satokangas.fi\/blogi\/2016\/12\/kaamos-on-taas-kerran-kaunis\/","url_meta":{"origin":37706,"position":0},"title":"Kaamos on taas kerran kaunis","author":"Reija","date":"5.12.2016","format":false,"excerpt":"Aurinko laski t\u00e4\u00e4ll\u00e4 eilen 12:24 ja nousee seuraavan kerran\u00a07.1.2017 11:54. Luulisi, ett\u00e4 on umpipime\u00e4\u00e4 ja synkk\u00e4\u00e4. Ei ole. [klikkaamalla saat kuvat isommiksi.] Kun yhdeks\u00e4n tunnin y\u00f6unien j\u00e4lkeen aamukahdeksalta her\u00e4simme oli jo v\u00e4h\u00e4n valoa. Sen verran, ett\u00e4 n\u00e4kyi y\u00f6ll\u00e4 sataneen kymmenen sentti\u00e4 puuterilunta. Oli kaunista, selke\u00e4\u00e4 - ja kylm\u00e4\u00e4. S\u00e4\u00e4tiedotus n\u00e4ytti,\u2026","rel":"","context":"Kategoriassa &quot;Lappi&quot;","block_context":{"text":"Lappi","link":"https:\/\/www.satokangas.fi\/blogi\/category\/lappi\/"},"img":{"alt_text":"kaamos-8","src":"https:\/\/i0.wp.com\/www.satokangas.fi\/blogi\/wp-content\/uploads\/2016\/12\/Kaamos-8-600x345.jpg?resize=350%2C200&ssl=1","width":350,"height":200,"srcset":"https:\/\/i0.wp.com\/www.satokangas.fi\/blogi\/wp-content\/uploads\/2016\/12\/Kaamos-8-600x345.jpg?resize=350%2C200&ssl=1 1x, https:\/\/i0.wp.com\/www.satokangas.fi\/blogi\/wp-content\/uploads\/2016\/12\/Kaamos-8-600x345.jpg?resize=525%2C300&ssl=1 1.5x"},"classes":[]},{"id":40047,"url":"https:\/\/www.satokangas.fi\/blogi\/2021\/01\/kaamos-on-ohi-ja-aika-palata\/","url_meta":{"origin":37706,"position":1},"title":"Kaamos on ohi, &#8211; ja aika palata","author":"Reija","date":"7.1.2021","format":false,"excerpt":"Here comes the Sun! Kaamos on ohi. Saarisel\u00e4ll\u00e4 aurinko nousi t\u00e4n\u00e4\u00e4n ensimm\u00e4ist\u00e4 kertaa reiluun kuukauteen. Emme j\u00e4\u00e4neet odottelemaan ensi s\u00e4teist\u00e4 Kaunisp\u00e4\u00e4n huipulle tai muuallekaan m\u00f6kkimaisemiin, vaan l\u00e4hdimme valoa vastaan, valoa kohti. Aamuyhdeks\u00e4lt\u00e4 hyv\u00e4stelimme nuorenparin joka j\u00e4i et\u00e4t\u00f6ihin ja -opiskeluihin, hiiht\u00e4m\u00e4\u00e4n ja juoksemaan sek\u00e4 tietysti nauttimaan Hangasojan verkkaisesta el\u00e4m\u00e4nmenosta. Sinnekin kyll\u00e4\u2026","rel":"","context":"Kategoriassa &quot;Niit\u00e4 n\u00e4it\u00e4&quot;","block_context":{"text":"Niit\u00e4 n\u00e4it\u00e4","link":"https:\/\/www.satokangas.fi\/blogi\/category\/aiheeton\/"},"img":{"alt_text":"","src":"https:\/\/i0.wp.com\/www.satokangas.fi\/blogi\/wp-content\/uploads\/2021\/01\/1-7.jpg?resize=350%2C200&ssl=1","width":350,"height":200,"srcset":"https:\/\/i0.wp.com\/www.satokangas.fi\/blogi\/wp-content\/uploads\/2021\/01\/1-7.jpg?resize=350%2C200&ssl=1 1x, https:\/\/i0.wp.com\/www.satokangas.fi\/blogi\/wp-content\/uploads\/2021\/01\/1-7.jpg?resize=525%2C300&ssl=1 1.5x, https:\/\/i0.wp.com\/www.satokangas.fi\/blogi\/wp-content\/uploads\/2021\/01\/1-7.jpg?resize=700%2C400&ssl=1 2x"},"classes":[]},{"id":27320,"url":"https:\/\/www.satokangas.fi\/blogi\/2016\/01\/kaamos-ohi-pakkasia-pitelee\/","url_meta":{"origin":37706,"position":2},"title":"Kaamos ohi, pakkasia pitelee","author":"Reija","date":"7.1.2016","format":false,"excerpt":"Virallisesti t\u00e4n\u00e4\u00e4n on kaamos t\u00e4\u00e4ll\u00e4 Hangasojan rannalla ohi. Aurinko nousi t\u00e4n\u00e4\u00e4n klo 12:13, ja p\u00e4iv\u00e4n pituus oli kokonaiset seitsem\u00e4n minuuttia. Kuukauden aurinko\u00a0on ollut taivaanrannan alapuolella, mutta taas nousee. Sit\u00e4 varten mentiin\u00a0t\u00e4n\u00e4\u00e4nkin\u00a0Kaunisp\u00e4\u00e4lle (autolla kyll\u00e4kin), oikein vartoomaan auringon n\u00e4kemist\u00e4, mutta pilvess\u00e4h\u00e4n se taivas t\u00e4n\u00e4\u00e4n oli. Lauhtuu nimitt\u00e4in. Kolmeenkymmeneen pakkasasteeseen ja allekin jo\u2026","rel":"","context":"Kategoriassa &quot;Lappi&quot;","block_context":{"text":"Lappi","link":"https:\/\/www.satokangas.fi\/blogi\/category\/lappi\/"},"img":{"alt_text":"","src":"https:\/\/i0.wp.com\/www.satokangas.fi\/blogi\/wp-content\/uploads\/2016\/01\/Kuvausassistentti-2-600x400.jpg?resize=350%2C200&ssl=1","width":350,"height":200,"srcset":"https:\/\/i0.wp.com\/www.satokangas.fi\/blogi\/wp-content\/uploads\/2016\/01\/Kuvausassistentti-2-600x400.jpg?resize=350%2C200&ssl=1 1x, https:\/\/i0.wp.com\/www.satokangas.fi\/blogi\/wp-content\/uploads\/2016\/01\/Kuvausassistentti-2-600x400.jpg?resize=525%2C300&ssl=1 1.5x, https:\/\/i0.wp.com\/www.satokangas.fi\/blogi\/wp-content\/uploads\/2016\/01\/Kuvausassistentti-2-600x400.jpg?resize=700%2C400&ssl=1 2x, https:\/\/i0.wp.com\/www.satokangas.fi\/blogi\/wp-content\/uploads\/2016\/01\/Kuvausassistentti-2-600x400.jpg?resize=1050%2C600&ssl=1 3x, https:\/\/i0.wp.com\/www.satokangas.fi\/blogi\/wp-content\/uploads\/2016\/01\/Kuvausassistentti-2-600x400.jpg?resize=1400%2C800&ssl=1 4x"},"classes":[]},{"id":37574,"url":"https:\/\/www.satokangas.fi\/blogi\/2019\/11\/kaupungin-kaamos\/","url_meta":{"origin":37706,"position":3},"title":"Kaupungin kaamos","author":"Reija","date":"5.11.2019","format":false,"excerpt":"Eilisen auringonpaisteen j\u00e4lkeen t\u00e4n\u00e4\u00e4n tuntui kovin pime\u00e4lt\u00e4. Oulun korkeudellehan kaamos ei laskeudu, t\u00e4\u00e4ll\u00e4 aurinko nousee viel\u00e4 talvip\u00e4iv\u00e4n seisauksen aikanakin, joten \"oikeita\" kaamoskuvia ei t\u00e4\u00e4ll\u00e4 voi ottaa. Toisaalta kyll\u00e4 t\u00e4n\u00e4\u00e4n aika auringottomalta on n\u00e4ytt\u00e4nyt. Joten t\u00e4ss\u00e4 fotomaratonin yksi haastekuva \"suoritettuna\": kaamos. T\u00e4m\u00e4 kuva M\u00f6lj\u00e4lt\u00e4. Ja huom. V\u00c4RIkuva. Totta puhuen oli aika\u2026","rel":"","context":"Kategoriassa &quot;Niit\u00e4 n\u00e4it\u00e4&quot;","block_context":{"text":"Niit\u00e4 n\u00e4it\u00e4","link":"https:\/\/www.satokangas.fi\/blogi\/category\/aiheeton\/"},"img":{"alt_text":"","src":"https:\/\/i0.wp.com\/www.satokangas.fi\/blogi\/wp-content\/uploads\/2019\/11\/1-4.jpg?resize=350%2C200&ssl=1","width":350,"height":200,"srcset":"https:\/\/i0.wp.com\/www.satokangas.fi\/blogi\/wp-content\/uploads\/2019\/11\/1-4.jpg?resize=350%2C200&ssl=1 1x, https:\/\/i0.wp.com\/www.satokangas.fi\/blogi\/wp-content\/uploads\/2019\/11\/1-4.jpg?resize=525%2C300&ssl=1 1.5x, https:\/\/i0.wp.com\/www.satokangas.fi\/blogi\/wp-content\/uploads\/2019\/11\/1-4.jpg?resize=700%2C400&ssl=1 2x"},"classes":[]},{"id":13227,"url":"https:\/\/www.satokangas.fi\/blogi\/2012\/01\/kaamos-ohi-ja-taysikuu\/","url_meta":{"origin":37706,"position":4},"title":"Kaamos ohi ja t\u00e4ysikuu","author":"Reija","date":"8.1.2012","format":false,"excerpt":"Aamulla [edelleen kurkkukipuisena!] her\u00e4tess\u00e4 pakkasta muutama aste, sininen h\u00e4m\u00e4r\u00e4 ja t\u00e4ysin tyynt\u00e4. Kirjoittelen, kummastelen. Ja kiroan, etten voi l\u00e4hte\u00e4 kunnolla ulkoilemaan, hiiht\u00e4m\u00e4\u00e4n tai lenkille. Kiukuttelen itsekseni, ja sitten koetan samalla tupista, ett\u00e4 t\u00e4m\u00e4h\u00e4n on vain flunssa, siis? ---\u00a0 turha valittaa. Aamup\u00e4iv\u00e4n aikana pakastuu, nopeastikin. Kuitenkin hyviss\u00e4 ajoin ennen puoltap\u00e4iv\u00e4\u00e4 olen\u2026","rel":"","context":"Kategoriassa &quot;Lappi&quot;","block_context":{"text":"Lappi","link":"https:\/\/www.satokangas.fi\/blogi\/category\/lappi\/"},"img":{"alt_text":"","src":"https:\/\/i0.wp.com\/www.satokangas.fi\/blogi\/wp-content\/uploads\/Sieppaa-390x400.png?resize=350%2C200&ssl=1","width":350,"height":200},"classes":[]},{"id":27008,"url":"https:\/\/www.satokangas.fi\/blogi\/2015\/12\/kaamos-on-kaunis\/","url_meta":{"origin":37706,"position":5},"title":"Kaamos on kaunis!","author":"Reija","date":"7.12.2015","format":false,"excerpt":"Kaamos. Seh\u00e4n se t\u00e4\u00e4ll\u00e4 Koilliskairassa, Saarisel\u00e4ll\u00e4, nyt on. Ja ennakkok\u00e4sitys siit\u00e4 ihmisill\u00e4 on, ett\u00e4 on tavattoman pime\u00e4\u00e4 ja ankeaa, harmaata ja synkk\u00e4\u00e4.\u00a0Olen ennenkin urputtanut t\u00e4t\u00e4 k\u00e4sityst\u00e4 vastaan, sill\u00e4 t\u00e4\u00e4ll\u00e4 on valoa - ja iloa! - enemm\u00e4n kuin etel\u00e4mp\u00e4n\u00e4. Her\u00e4tess\u00e4ni puoli kuudelta, kuten marras-joulukuussa tapana on ( :) ), oli uni\u2026","rel":"","context":"Kategoriassa &quot;Lappi&quot;","block_context":{"text":"Lappi","link":"https:\/\/www.satokangas.fi\/blogi\/category\/lappi\/"},"img":{"alt_text":"Kaunisp\u00e4\u00e4n rinteill\u00e4_-3","src":"https:\/\/i0.wp.com\/www.satokangas.fi\/blogi\/wp-content\/uploads\/2015\/12\/Kaunisp%C3%A4%C3%A4n-rinteill%C3%A4_-3-600x350.jpg?resize=350%2C200&ssl=1","width":350,"height":200,"srcset":"https:\/\/i0.wp.com\/www.satokangas.fi\/blogi\/wp-content\/uploads\/2015\/12\/Kaunisp%C3%A4%C3%A4n-rinteill%C3%A4_-3-600x350.jpg?resize=350%2C200&ssl=1 1x, https:\/\/i0.wp.com\/www.satokangas.fi\/blogi\/wp-content\/uploads\/2015\/12\/Kaunisp%C3%A4%C3%A4n-rinteill%C3%A4_-3-600x350.jpg?resize=525%2C300&ssl=1 1.5x"},"classes":[]}],"_links":{"self":[{"href":"https:\/\/www.satokangas.fi\/blogi\/wp-json\/wp\/v2\/posts\/37706","targetHints":{"allow":["GET"]}}],"collection":[{"href":"https:\/\/www.satokangas.fi\/blogi\/wp-json\/wp\/v2\/posts"}],"about":[{"href":"https:\/\/www.satokangas.fi\/blogi\/wp-json\/wp\/v2\/types\/post"}],"author":[{"embeddable":true,"href":"https:\/\/www.satokangas.fi\/blogi\/wp-json\/wp\/v2\/users\/1"}],"replies":[{"embeddable":true,"href":"https:\/\/www.satokangas.fi\/blogi\/wp-json\/wp\/v2\/comments?post=37706"}],"version-history":[{"count":0,"href":"https:\/\/www.satokangas.fi\/blogi\/wp-json\/wp\/v2\/posts\/37706\/revisions"}],"wp:attachment":[{"href":"https:\/\/www.satokangas.fi\/blogi\/wp-json\/wp\/v2\/media?parent=37706"}],"wp:term":[{"taxonomy":"category","embeddable":true,"href":"https:\/\/www.satokangas.fi\/blogi\/wp-json\/wp\/v2\/categories?post=37706"},{"taxonomy":"post_tag","embeddable":true,"href":"https:\/\/www.satokangas.fi\/blogi\/wp-json\/wp\/v2\/tags?post=37706"}],"curies":[{"name":"wp","href":"https:\/\/api.w.org\/{rel}","templated":true}]}}