{"id":37702,"date":"2019-12-02T19:18:09","date_gmt":"2019-12-02T17:18:09","guid":{"rendered":"https:\/\/www.satokangas.fi\/blogi\/?p=37702"},"modified":"2019-12-02T19:18:10","modified_gmt":"2019-12-02T17:18:10","slug":"mokkiviikon-alussa","status":"publish","type":"post","link":"https:\/\/www.satokangas.fi\/blogi\/2019\/12\/mokkiviikon-alussa\/","title":{"rendered":"M\u00f6kkiviikon alussa"},"content":{"rendered":"<p style=\"text-align: justify;\">K\u00f6mmin aamulla yl\u00f6s s\u00e4ngyst\u00e4 m\u00f6kin keitti\u00f6\u00f6n, on pime\u00e4\u00e4 viel\u00e4, hyvin pime\u00e4\u00e4 ja kello sein\u00e4ll\u00e4 n\u00e4ytt\u00e4\u00e4 kymment\u00e4!! Kymmenen! Vaikka y\u00f6ll\u00e4 pitk\u00e4n p\u00e4tk\u00e4n valvoinkin, niin olisinko nukkunut kymmeneen? N\u00e4ink\u00f6 t\u00e4m\u00e4 auringolta piilossa olevan Lapinmaan p\u00e4ivien kulku on kerralla sotkenut minun p\u00e4iv\u00e4rytmini. &#8211; Mutta pian selvisikin, ett\u00e4 kellosta on loppunut patterit.\u00a0 Mutta kahdeksaankin nukkuminen oli jo hyv\u00e4 saavutus.<\/p>\n<p style=\"text-align: justify;\">Aamup\u00e4iv\u00e4 kului viel\u00e4 kaikenmoisen p\u00e4ivitt\u00e4miseen = laita kes\u00e4vaatteet ja keng\u00e4t varastoon, etsi untuvatakki, Icebugit, monot, villapuserot ja kaikkia l\u00e4mpimi\u00e4 vaatteita esille. Vaihda kes\u00e4iset pyyhkeet ja p\u00f6yt\u00e4liinat jouluisempiin, etsi kynttil\u00e4jalat ja joulukoristeet ja -valot. Ja viel\u00e4 s\u00e4\u00e4tele m\u00f6kkil\u00e4pp\u00e4rin asetuksia, ett\u00e4 saat korttikaupasta s\u00e4hk\u00f6postit l\u00e4htem\u00e4\u00e4n.<\/p>\n<p style=\"text-align: justify;\">Tuulentuvan (&#8221;vierasm\u00f6kin&#8221;, pikku m\u00f6kin) kylpp\u00e4riin vein t\u00e4ydennyst\u00e4 toilettitarpeisiin. Minulla kun on tapana reissuissa ker\u00e4t\u00e4 hotellien kylpp\u00e4reist\u00e4 pienet samppoo-, hoitoaine-, suihkugeeli ja body lotion -pullot mukaani; reissuissa minulla on aina omat allergiavapaat voiteet ja omille hiukselleni passelit aineet mukanani, joten <a href=\"https:\/\/www.mtvuutiset.fi\/artikkeli\/tiesitko-nama-asiat-saat-oikeasti-ottaa-mukaan-hotellihuoneesta-vaaran-tavaran-nappaamisesta-voi-koitua-ikavyyksia\/7334492\" target=\"_blank\" rel=\"noopener noreferrer\">hotellien pikkupullot j\u00e4\u00e4v\u00e4t k\u00e4ytt\u00e4m\u00e4tt\u00e4<\/a>. Paitsi, ett\u00e4 tuon ne aina t\u00e4nne m\u00f6kille. Olen tehnyt niin &#8221;aina&#8221; ja kyll\u00e4 ne ovat hyvin m\u00f6kkivieraiden tarpeisiin kelvanneet. \ud83d\ude09<\/p>\n<p style=\"text-align: justify;\">Kylill\u00e4 k\u00e4vimme hakemassa kaikenmoista tarpeellista kuten tulitikkuja, pesuaineita, leip\u00e4\u00e4, linnuille siemeni\u00e4 ja kelloon patterit. Ja Kuukkeli-kaupassa oli pilvin pimein japanilaisia. Olen ennenkin miettinyt t\u00e4\u00e4ll\u00e4, ett\u00e4 miten ihmeess\u00e4 ihmiset, jotka kotimaassaan, Tokiossa ja muissa miljoonakaupungeissa, osaavat liikkua sujuvasti, nopeasti, t\u00f6rtt\u00f6ilem\u00e4tt\u00e4 metroissa, asemilla, suurkaupunkien ruuhkissa, ovat t\u00e4\u00e4ll\u00e4 Saarisel\u00e4n ainoassa ruokakaupassa ja kyl\u00e4n raitilla sek\u00e4 tunturissa ihan koko ajan edess\u00e4, tukkona, hukassa ja tulppana ovien pieliss\u00e4? Aivan kuin v\u00e4kim\u00e4\u00e4r\u00e4n v\u00e4hyys saisi heid\u00e4t h\u00e4mmentym\u00e4\u00e4n&#8230;<\/p>\n<p><a href=\"https:\/\/www.satokangas.fi\/blogi\/2019\/12\/mokkiviikon-alussa\/2-3-14\/#main\" rel=\"attachment wp-att-37703\"><img loading=\"lazy\" decoding=\"async\" data-attachment-id=\"37703\" data-permalink=\"https:\/\/www.satokangas.fi\/blogi\/2019\/12\/mokkiviikon-alussa\/2-3-14\/\" data-orig-file=\"https:\/\/www.satokangas.fi\/blogi\/wp-content\/uploads\/2019\/12\/2-3.jpg\" data-orig-size=\"1000,500\" data-comments-opened=\"1\" data-image-meta=\"{&quot;aperture&quot;:&quot;1.8&quot;,&quot;credit&quot;:&quot;&quot;,&quot;camera&quot;:&quot;CLT-L29&quot;,&quot;caption&quot;:&quot;&quot;,&quot;created_timestamp&quot;:&quot;1575294734&quot;,&quot;copyright&quot;:&quot;&quot;,&quot;focal_length&quot;:&quot;3.95&quot;,&quot;iso&quot;:&quot;160&quot;,&quot;shutter_speed&quot;:&quot;0.02&quot;,&quot;title&quot;:&quot;&quot;,&quot;orientation&quot;:&quot;0&quot;}\" data-image-title=\"#2-3\" data-image-description=\"\" data-image-caption=\"\" data-large-file=\"https:\/\/www.satokangas.fi\/blogi\/wp-content\/uploads\/2019\/12\/2-3.jpg\" class=\"aligncenter size-full wp-image-37703\" src=\"https:\/\/www.satokangas.fi\/blogi\/wp-content\/uploads\/2019\/12\/2-3.jpg\" alt=\"\" width=\"1000\" height=\"500\" srcset=\"https:\/\/www.satokangas.fi\/blogi\/wp-content\/uploads\/2019\/12\/2-3.jpg 1000w, https:\/\/www.satokangas.fi\/blogi\/wp-content\/uploads\/2019\/12\/2-3-800x400.jpg 800w, https:\/\/www.satokangas.fi\/blogi\/wp-content\/uploads\/2019\/12\/2-3-300x150.jpg 300w, https:\/\/www.satokangas.fi\/blogi\/wp-content\/uploads\/2019\/12\/2-3-768x384.jpg 768w\" sizes=\"auto, (max-width: 1000px) 100vw, 1000px\" \/><\/a><\/p>\n<p>En niin kovin innokkaana, mutta kuitenkin: sain hiihtokauden avatuksi. Pienen pienen lenkin k\u00e4vin hiiht\u00e4m\u00e4ss\u00e4. Varovaisesti, ettei heti iske vastustus. Enk\u00e4 voi kyll\u00e4 v\u00e4itt\u00e4\u00e4, ett\u00e4 olisi ollut lennokasta ja luistavaa menoni; enempikin sellaista r\u00e4mpimist\u00e4, eik\u00e4 se johtunut kelist\u00e4. Keli oli mit\u00e4 parhain. Mets\u00e4ss\u00e4 (toisin kuin Kaunisp\u00e4\u00e4n p\u00e4\u00e4ll\u00e4) ei tuullut ja pakkastakin vain -5 C. Ja niin kaunista. Hyv\u00e4 oli hiiht\u00e4j\u00e4n hiihdell\u00e4.<\/p>\n<p>~~~~~~~~~~~~~~~~~~~~~~~~~~~~<\/p>\n<h1>#2<\/h1>\n<p>Entinen palovartijan m\u00f6kki Kaunisp\u00e4\u00e4n huipulla olisi hyv\u00e4 joulukuvausten lokaatio!<\/p>\n<p><a href=\"https:\/\/www.satokangas.fi\/blogi\/2019\/12\/mokkiviikon-alussa\/palovartijan_mokki\/#main\" rel=\"attachment wp-att-37704\"><img loading=\"lazy\" decoding=\"async\" data-attachment-id=\"37704\" data-permalink=\"https:\/\/www.satokangas.fi\/blogi\/2019\/12\/mokkiviikon-alussa\/palovartijan_mokki\/\" data-orig-file=\"https:\/\/www.satokangas.fi\/blogi\/wp-content\/uploads\/2019\/12\/palovartijan_mokki.jpg\" data-orig-size=\"1000,667\" data-comments-opened=\"1\" data-image-meta=\"{&quot;aperture&quot;:&quot;5.6&quot;,&quot;credit&quot;:&quot;REIJA SATOKANGAS&quot;,&quot;camera&quot;:&quot;Canon EOS 5D Mark IV&quot;,&quot;caption&quot;:&quot;&quot;,&quot;created_timestamp&quot;:&quot;1575282055&quot;,&quot;copyright&quot;:&quot;&quot;,&quot;focal_length&quot;:&quot;24&quot;,&quot;iso&quot;:&quot;250&quot;,&quot;shutter_speed&quot;:&quot;0.01&quot;,&quot;title&quot;:&quot;&quot;,&quot;orientation&quot;:&quot;0&quot;}\" data-image-title=\"palovartijan_mokki\" data-image-description=\"\" data-image-caption=\"\" data-large-file=\"https:\/\/www.satokangas.fi\/blogi\/wp-content\/uploads\/2019\/12\/palovartijan_mokki.jpg\" class=\"aligncenter size-full wp-image-37704\" src=\"https:\/\/www.satokangas.fi\/blogi\/wp-content\/uploads\/2019\/12\/palovartijan_mokki.jpg\" alt=\"\" width=\"1000\" height=\"667\" srcset=\"https:\/\/www.satokangas.fi\/blogi\/wp-content\/uploads\/2019\/12\/palovartijan_mokki.jpg 1000w, https:\/\/www.satokangas.fi\/blogi\/wp-content\/uploads\/2019\/12\/palovartijan_mokki-600x400.jpg 600w, https:\/\/www.satokangas.fi\/blogi\/wp-content\/uploads\/2019\/12\/palovartijan_mokki-300x200.jpg 300w, https:\/\/www.satokangas.fi\/blogi\/wp-content\/uploads\/2019\/12\/palovartijan_mokki-768x512.jpg 768w\" sizes=\"auto, (max-width: 1000px) 100vw, 1000px\" \/><\/a><\/p>\n<p>&nbsp;<\/p>\n","protected":false},"excerpt":{"rendered":"<p>K\u00f6mmin aamulla yl\u00f6s s\u00e4ngyst\u00e4 m\u00f6kin keitti\u00f6\u00f6n, on pime\u00e4\u00e4 viel\u00e4, hyvin pime\u00e4\u00e4 ja kello sein\u00e4ll\u00e4 n\u00e4ytt\u00e4\u00e4 kymment\u00e4!! Kymmenen! Vaikka y\u00f6ll\u00e4 pitk\u00e4n p\u00e4tk\u00e4n valvoinkin, niin olisinko nukkunut kymmeneen? N\u00e4ink\u00f6 t\u00e4m\u00e4 auringolta piilossa olevan Lapinmaan p\u00e4ivien kulku on kerralla sotkenut minun p\u00e4iv\u00e4rytmini. &#8211; Mutta pian selvisikin, ett\u00e4 kellosta on loppunut patterit.\u00a0 Mutta kahdeksaankin nukkuminen oli jo hyv\u00e4 saavutus. Aamup\u00e4iv\u00e4 kului viel\u00e4 kaikenmoisen p\u00e4ivitt\u00e4miseen &hellip; <\/p>\n","protected":false},"author":1,"featured_media":0,"comment_status":"open","ping_status":"open","sticky":false,"template":"","format":"standard","meta":{"jetpack_post_was_ever_published":false,"_jetpack_newsletter_access":"","_jetpack_dont_email_post_to_subs":false,"_jetpack_newsletter_tier_id":0,"_jetpack_memberships_contains_paywalled_content":false,"_jetpack_memberships_contains_paid_content":false,"footnotes":"","jetpack_publicize_message":"","jetpack_publicize_feature_enabled":true,"jetpack_social_post_already_shared":true,"jetpack_social_options":{"image_generator_settings":{"template":"highway","default_image_id":0,"font":"","enabled":false},"version":2}},"categories":[97],"tags":[],"class_list":["post-37702","post","type-post","status-publish","format-standard","hentry","category-mokkielamaa","latest_post"],"jetpack_publicize_connections":[],"jetpack_featured_media_url":"","jetpack_shortlink":"https:\/\/wp.me\/pr4p4-9O6","jetpack_sharing_enabled":true,"jetpack_likes_enabled":false,"jetpack-related-posts":[{"id":12844,"url":"https:\/\/www.satokangas.fi\/blogi\/2011\/11\/joulukuuta-kohti\/","url_meta":{"origin":37702,"position":0},"title":"Joulukuuta kohti","author":"Reija","date":"16.11.2011","format":false,"excerpt":"Hangasojalla, pohjoisessa, y\u00f6t\u00e4 riitt\u00e4\u00e4. Ja herravarjelkoon! kuinka paljon unta riitt\u00e4\u00e4! En edes kehtaa kertoa, kuinka pitk\u00e4\u00e4n olemme nukkuneet!\u00a0Ilman kelloa on vaikea tiet\u00e4\u00e4, mik\u00e4 aika vuorokaudesta on menossa.\u00a0T\u00e4n\u00e4\u00e4n her\u00e4tess\u00e4mme maa valkoinen. Pikku pakkanen. Pehtoori l\u00e4hti k\u00e4velem\u00e4\u00e4n Laanilaan, min\u00e4 j\u00e4in koneelle. Rojekteja... uskokaa pois rojekteja, joista teillekin (ainakin osasta), hyv\u00e4t blogilukijat, on\u2026","rel":"","context":"Kategoriassa &quot;Niit\u00e4 n\u00e4it\u00e4&quot;","block_context":{"text":"Niit\u00e4 n\u00e4it\u00e4","link":"https:\/\/www.satokangas.fi\/blogi\/category\/aiheeton\/"},"img":{"alt_text":"","src":"https:\/\/i0.wp.com\/www.satokangas.fi\/blogi\/wp-content\/uploads\/pulahdettiinko-266x400.jpg?resize=350%2C200&ssl=1","width":350,"height":200},"classes":[]},{"id":14077,"url":"https:\/\/www.satokangas.fi\/blogi\/2012\/04\/matkalla-perille\/","url_meta":{"origin":37702,"position":1},"title":"Matkalla perille","author":"Reija","date":"28.4.2012","format":false,"excerpt":"Bellavista, klo 5.25 loppuu uni. Riitt\u00e4v\u00e4sti nukuttu? No tied\u00e4 h\u00e4nt\u00e4, ... J\u00e4nnittik\u00f6? No en tunnusta, mutta johan sit\u00e4 oltaisiin valmiita jatkamaan matkaa. Aamulenkki (minimaalinen), aamiainen, auton haku parkkihallista, check-out ja tielle. P\u00e4\u00e4t\u00e4mme ajella Gardan rantatiet\u00e4. Vie aikaa, mutta on sen v\u00e4\u00e4rti. Ja k\u00e4vimme katsomassa Villa Paolaa! Se talo, joka meill\u00e4\u2026","rel":"","context":"Kategoriassa &quot;Italia&quot;","block_context":{"text":"Italia","link":"https:\/\/www.satokangas.fi\/blogi\/category\/italia\/"},"img":{"alt_text":"","src":"https:\/\/i0.wp.com\/www.satokangas.fi\/blogi\/wp-content\/uploads\/2012\/04\/Villa-Paola-600x400-korjattu.jpg?resize=350%2C200&ssl=1","width":350,"height":200,"srcset":"https:\/\/i0.wp.com\/www.satokangas.fi\/blogi\/wp-content\/uploads\/2012\/04\/Villa-Paola-600x400-korjattu.jpg?resize=350%2C200&ssl=1 1x, https:\/\/i0.wp.com\/www.satokangas.fi\/blogi\/wp-content\/uploads\/2012\/04\/Villa-Paola-600x400-korjattu.jpg?resize=525%2C300&ssl=1 1.5x"},"classes":[]},{"id":24844,"url":"https:\/\/www.satokangas.fi\/blogi\/2015\/06\/tyoleirilla-leppoisaa-oleilua-ja-arvonta\/","url_meta":{"origin":37702,"position":2},"title":"Ty\u00f6leirill\u00e4 leppoisaa oleilua  (ja arvonta!)","author":"Reija","date":"22.6.2015","format":false,"excerpt":"M\u00f6kkilomista puhutaan usein ty\u00f6leirein\u00e4. M\u00f6kill\u00e4 kun on aina tekemist\u00e4, puuhaa, korjattavaa, varustautumista kes\u00e4\u00e4n, talveen, kev\u00e4\u00e4seen, syksyyn. Puuhommia, maalaamista, siivousta ja loputtomasti kaikkea kohenneltavaa. Niin meill\u00e4kin. T\u00e4m\u00e4nkertaisella do-to -listalla olivat ainakin n\u00e4m\u00e4: rantasaunan suursiivous, liiterin hyllyjen teko, ikkunoiden pesu, pihan siivous ja haravointi, tykkylumen ja kev\u00e4tmyrskyjen katkomien puiden ja oksien (eik\u00e4\u2026","rel":"","context":"Kategoriassa &quot;Lappi&quot;","block_context":{"text":"Lappi","link":"https:\/\/www.satokangas.fi\/blogi\/category\/lappi\/"},"img":{"alt_text":"Kelo-3","src":"https:\/\/i0.wp.com\/www.satokangas.fi\/blogi\/wp-content\/uploads\/2015\/06\/Kelo-3-600x400.jpg?resize=350%2C200&ssl=1","width":350,"height":200,"srcset":"https:\/\/i0.wp.com\/www.satokangas.fi\/blogi\/wp-content\/uploads\/2015\/06\/Kelo-3-600x400.jpg?resize=350%2C200&ssl=1 1x, https:\/\/i0.wp.com\/www.satokangas.fi\/blogi\/wp-content\/uploads\/2015\/06\/Kelo-3-600x400.jpg?resize=525%2C300&ssl=1 1.5x"},"classes":[]},{"id":27008,"url":"https:\/\/www.satokangas.fi\/blogi\/2015\/12\/kaamos-on-kaunis\/","url_meta":{"origin":37702,"position":3},"title":"Kaamos on kaunis!","author":"Reija","date":"7.12.2015","format":false,"excerpt":"Kaamos. Seh\u00e4n se t\u00e4\u00e4ll\u00e4 Koilliskairassa, Saarisel\u00e4ll\u00e4, nyt on. Ja ennakkok\u00e4sitys siit\u00e4 ihmisill\u00e4 on, ett\u00e4 on tavattoman pime\u00e4\u00e4 ja ankeaa, harmaata ja synkk\u00e4\u00e4.\u00a0Olen ennenkin urputtanut t\u00e4t\u00e4 k\u00e4sityst\u00e4 vastaan, sill\u00e4 t\u00e4\u00e4ll\u00e4 on valoa - ja iloa! - enemm\u00e4n kuin etel\u00e4mp\u00e4n\u00e4. Her\u00e4tess\u00e4ni puoli kuudelta, kuten marras-joulukuussa tapana on ( :) ), oli uni\u2026","rel":"","context":"Kategoriassa &quot;Lappi&quot;","block_context":{"text":"Lappi","link":"https:\/\/www.satokangas.fi\/blogi\/category\/lappi\/"},"img":{"alt_text":"Kaunisp\u00e4\u00e4n rinteill\u00e4_-3","src":"https:\/\/i0.wp.com\/www.satokangas.fi\/blogi\/wp-content\/uploads\/2015\/12\/Kaunisp%C3%A4%C3%A4n-rinteill%C3%A4_-3-600x350.jpg?resize=350%2C200&ssl=1","width":350,"height":200,"srcset":"https:\/\/i0.wp.com\/www.satokangas.fi\/blogi\/wp-content\/uploads\/2015\/12\/Kaunisp%C3%A4%C3%A4n-rinteill%C3%A4_-3-600x350.jpg?resize=350%2C200&ssl=1 1x, https:\/\/i0.wp.com\/www.satokangas.fi\/blogi\/wp-content\/uploads\/2015\/12\/Kaunisp%C3%A4%C3%A4n-rinteill%C3%A4_-3-600x350.jpg?resize=525%2C300&ssl=1 1.5x"},"classes":[]},{"id":36415,"url":"https:\/\/www.satokangas.fi\/blogi\/2019\/05\/roomaa-ristiin-rastiin\/","url_meta":{"origin":37702,"position":4},"title":"Roomaa ristiin rastiin","author":"Reija","date":"18.5.2019","format":false,"excerpt":"Ajatus aamiaisesta Rooman kattojen yll\u00e4, hotellin kattoterassilla, oli kiehtova. Mutta j\u00e4i ajatukseksi, oli sen verran vilpoista ja tummia pilvi\u00e4 taivaalla, ett\u00e4 tyydyimme katselemaan n\u00e4kymi\u00e4 ikkunoiden takaa. V\u00e4h\u00e4n ennen kymment\u00e4 olimme taas valmiita Rooman valloitukseen, tai ainakin lauantaiseen tapaan torille ja halliin. Siisp\u00e4 ensin k\u00e4velimme Campo di Fiorille. Silloin jo satoi,\u2026","rel":"","context":"Kategoriassa &quot;Rooma 2019&quot;","block_context":{"text":"Rooma 2019","link":"https:\/\/www.satokangas.fi\/blogi\/category\/reissut\/rooma-2019\/"},"img":{"alt_text":"","src":"https:\/\/i0.wp.com\/www.satokangas.fi\/blogi\/wp-content\/uploads\/2019\/05\/Rooma2019-19.jpg?resize=350%2C200&ssl=1","width":350,"height":200,"srcset":"https:\/\/i0.wp.com\/www.satokangas.fi\/blogi\/wp-content\/uploads\/2019\/05\/Rooma2019-19.jpg?resize=350%2C200&ssl=1 1x, https:\/\/i0.wp.com\/www.satokangas.fi\/blogi\/wp-content\/uploads\/2019\/05\/Rooma2019-19.jpg?resize=525%2C300&ssl=1 1.5x, https:\/\/i0.wp.com\/www.satokangas.fi\/blogi\/wp-content\/uploads\/2019\/05\/Rooma2019-19.jpg?resize=700%2C400&ssl=1 2x"},"classes":[]},{"id":44411,"url":"https:\/\/www.satokangas.fi\/blogi\/2023\/01\/on-taas-aika-lahtea-palata\/","url_meta":{"origin":37702,"position":5},"title":"On taas aika l\u00e4hte\u00e4 &#8211; palata","author":"Reija","date":"4.1.2023","format":false,"excerpt":"Nytko jo pakattava? Nytk\u00f6 jo taas etel\u00e4\u00e4n suunnattava? Huomenna aamulla m\u00f6kkitien ja J\u00e4\u00e4merentien (nelostien, Rovaniementien, Ivalontie - nimityksi\u00e4 samalle tielle monia) risteyksess\u00e4 n\u00e4ytt\u00e4nee t\u00e4lt\u00e4. Huomenna on k\u00e4\u00e4nnytt\u00e4v\u00e4 tuonne p\u00e4in, etel\u00e4\u00e4n, kohti kotia. Mutta My\u00f6t\u00e4tuuli, m\u00f6kki, ei j\u00e4\u00e4 kylmilleen, sill\u00e4 Ty\u00e4r ja V\u00e4vy tulevat taas tammikuuksi t\u00e4nne.\u00a0 Huomenna on siis vaihtop\u00e4iv\u00e4.\u2026","rel":"","context":"Kategoriassa &quot;Lappi&quot;","block_context":{"text":"Lappi","link":"https:\/\/www.satokangas.fi\/blogi\/category\/lappi\/"},"img":{"alt_text":"","src":"https:\/\/i0.wp.com\/www.satokangas.fi\/blogi\/wp-content\/uploads\/2023\/01\/Pohjoiseen.jpg?resize=350%2C200&ssl=1","width":350,"height":200,"srcset":"https:\/\/i0.wp.com\/www.satokangas.fi\/blogi\/wp-content\/uploads\/2023\/01\/Pohjoiseen.jpg?resize=350%2C200&ssl=1 1x, https:\/\/i0.wp.com\/www.satokangas.fi\/blogi\/wp-content\/uploads\/2023\/01\/Pohjoiseen.jpg?resize=525%2C300&ssl=1 1.5x, https:\/\/i0.wp.com\/www.satokangas.fi\/blogi\/wp-content\/uploads\/2023\/01\/Pohjoiseen.jpg?resize=700%2C400&ssl=1 2x"},"classes":[]}],"_links":{"self":[{"href":"https:\/\/www.satokangas.fi\/blogi\/wp-json\/wp\/v2\/posts\/37702","targetHints":{"allow":["GET"]}}],"collection":[{"href":"https:\/\/www.satokangas.fi\/blogi\/wp-json\/wp\/v2\/posts"}],"about":[{"href":"https:\/\/www.satokangas.fi\/blogi\/wp-json\/wp\/v2\/types\/post"}],"author":[{"embeddable":true,"href":"https:\/\/www.satokangas.fi\/blogi\/wp-json\/wp\/v2\/users\/1"}],"replies":[{"embeddable":true,"href":"https:\/\/www.satokangas.fi\/blogi\/wp-json\/wp\/v2\/comments?post=37702"}],"version-history":[{"count":0,"href":"https:\/\/www.satokangas.fi\/blogi\/wp-json\/wp\/v2\/posts\/37702\/revisions"}],"wp:attachment":[{"href":"https:\/\/www.satokangas.fi\/blogi\/wp-json\/wp\/v2\/media?parent=37702"}],"wp:term":[{"taxonomy":"category","embeddable":true,"href":"https:\/\/www.satokangas.fi\/blogi\/wp-json\/wp\/v2\/categories?post=37702"},{"taxonomy":"post_tag","embeddable":true,"href":"https:\/\/www.satokangas.fi\/blogi\/wp-json\/wp\/v2\/tags?post=37702"}],"curies":[{"name":"wp","href":"https:\/\/api.w.org\/{rel}","templated":true}]}}