{"id":37405,"date":"2019-10-14T00:26:53","date_gmt":"2019-10-13T21:26:53","guid":{"rendered":"https:\/\/www.satokangas.fi\/blogi\/?p=37405"},"modified":"2019-10-14T00:46:30","modified_gmt":"2019-10-13T21:46:30","slug":"funchalissa-toivottavasti-ei-viimeista-kertaa","status":"publish","type":"post","link":"https:\/\/www.satokangas.fi\/blogi\/2019\/10\/funchalissa-toivottavasti-ei-viimeista-kertaa\/","title":{"rendered":"Funchalissa &#8211; toivottavasti ei viimeist\u00e4 kertaa&#8230;"},"content":{"rendered":"<p style=\"text-align: justify;\">Sateiseen sunnuntaiaamuun her\u00e4simme pitkien unien j\u00e4lkeen, ja aamiaisella (sis\u00e4ll\u00e4 eka kertaa) vasta kun suurin osa t\u00e4m\u00e4n hotellin muistakin vieraista oli paikalla. Monina aamuina olemme (kahdeksalta) olleet hyvin harvalukuisessa seurassa.<\/p>\n<p style=\"text-align: justify;\">Sade taukosi ennen kymment\u00e4 kuten s\u00e4\u00e4tiedotus oli luvannutkin, ja me l\u00e4hdimme sunnuntaiaamuk\u00e4velylle kaupungille &#8211; yhdess\u00e4. Mit\u00e4 ei koskaan Oulussa kyll\u00e4 tehd\u00e4. Aamuk\u00e4vely sunnuntaisin on kyll\u00e4 tapa, mutta ei yhdess\u00e4, eik\u00e4 kaupungille. Noh, t\u00e4n\u00e4\u00e4n siis Funchalin puistoihin, rantakadulle ja vanhaan kaupunkiin.<\/p>\n<p style=\"text-align: justify;\"><a href=\"https:\/\/www.satokangas.fi\/blogi\/2019\/10\/funchalissa-toivottavasti-ei-viimeista-kertaa\/funchal\/#main\" rel=\"attachment wp-att-37406\"><img loading=\"lazy\" decoding=\"async\" data-attachment-id=\"37406\" data-permalink=\"https:\/\/www.satokangas.fi\/blogi\/2019\/10\/funchalissa-toivottavasti-ei-viimeista-kertaa\/funchal\/\" data-orig-file=\"https:\/\/www.satokangas.fi\/blogi\/wp-content\/uploads\/2019\/10\/Funchal.jpg\" data-orig-size=\"1000,732\" data-comments-opened=\"1\" data-image-meta=\"{&quot;aperture&quot;:&quot;4.5&quot;,&quot;credit&quot;:&quot;REIJA SATOKANGAS&quot;,&quot;camera&quot;:&quot;Canon EOS 5D Mark IV&quot;,&quot;caption&quot;:&quot;&quot;,&quot;created_timestamp&quot;:&quot;1570969658&quot;,&quot;copyright&quot;:&quot;Reija Satokangas&quot;,&quot;focal_length&quot;:&quot;16&quot;,&quot;iso&quot;:&quot;500&quot;,&quot;shutter_speed&quot;:&quot;0.0125&quot;,&quot;title&quot;:&quot;&quot;,&quot;orientation&quot;:&quot;0&quot;}\" data-image-title=\"Funchal\" data-image-description=\"\" data-image-caption=\"\" data-large-file=\"https:\/\/www.satokangas.fi\/blogi\/wp-content\/uploads\/2019\/10\/Funchal.jpg\" class=\"aligncenter size-full wp-image-37406\" src=\"https:\/\/www.satokangas.fi\/blogi\/wp-content\/uploads\/2019\/10\/Funchal.jpg\" alt=\"\" width=\"1000\" height=\"732\" srcset=\"https:\/\/www.satokangas.fi\/blogi\/wp-content\/uploads\/2019\/10\/Funchal.jpg 1000w, https:\/\/www.satokangas.fi\/blogi\/wp-content\/uploads\/2019\/10\/Funchal-300x220.jpg 300w, https:\/\/www.satokangas.fi\/blogi\/wp-content\/uploads\/2019\/10\/Funchal-546x400.jpg 546w, https:\/\/www.satokangas.fi\/blogi\/wp-content\/uploads\/2019\/10\/Funchal-768x562.jpg 768w\" sizes=\"auto, (max-width: 1000px) 100vw, 1000px\" \/><\/a><\/p>\n<p style=\"text-align: justify;\">Kaupungin puistossa (Jardim Municipal do Funchal) on Avenida Arriagan (p\u00e4\u00e4katu) varrella ja se on vanhan luostarin paikalla, ja siell\u00e4 tuoksui sateen j\u00e4lkeen huikealta. Ja n\u00e4ytti v\u00e4h\u00e4n syksyiselt\u00e4, mutta vain v\u00e4h\u00e4n. \ud83d\ude09<\/p>\n<p style=\"text-align: justify;\">Kadun toisella puolella on The Ritz, jossa eilen istuimme &#8230;<\/p>\n<p style=\"text-align: justify;\"><a href=\"https:\/\/www.satokangas.fi\/blogi\/2019\/10\/funchalissa-toivottavasti-ei-viimeista-kertaa\/funchal-11\/#main\" rel=\"attachment wp-att-37410\"><img loading=\"lazy\" decoding=\"async\" data-attachment-id=\"37410\" data-permalink=\"https:\/\/www.satokangas.fi\/blogi\/2019\/10\/funchalissa-toivottavasti-ei-viimeista-kertaa\/funchal-11\/\" data-orig-file=\"https:\/\/www.satokangas.fi\/blogi\/wp-content\/uploads\/2019\/10\/Funchal-11.jpg\" data-orig-size=\"1000,667\" data-comments-opened=\"1\" data-image-meta=\"{&quot;aperture&quot;:&quot;5.6&quot;,&quot;credit&quot;:&quot;REIJA SATOKANGAS&quot;,&quot;camera&quot;:&quot;Canon EOS 5D Mark IV&quot;,&quot;caption&quot;:&quot;&quot;,&quot;created_timestamp&quot;:&quot;1570969542&quot;,&quot;copyright&quot;:&quot;Reija Satokangas&quot;,&quot;focal_length&quot;:&quot;16&quot;,&quot;iso&quot;:&quot;320&quot;,&quot;shutter_speed&quot;:&quot;0.02&quot;,&quot;title&quot;:&quot;&quot;,&quot;orientation&quot;:&quot;0&quot;}\" data-image-title=\"Funchal-11\" data-image-description=\"\" data-image-caption=\"\" data-large-file=\"https:\/\/www.satokangas.fi\/blogi\/wp-content\/uploads\/2019\/10\/Funchal-11.jpg\" class=\"aligncenter size-full wp-image-37410\" src=\"https:\/\/www.satokangas.fi\/blogi\/wp-content\/uploads\/2019\/10\/Funchal-11.jpg\" alt=\"\" width=\"1000\" height=\"667\" srcset=\"https:\/\/www.satokangas.fi\/blogi\/wp-content\/uploads\/2019\/10\/Funchal-11.jpg 1000w, https:\/\/www.satokangas.fi\/blogi\/wp-content\/uploads\/2019\/10\/Funchal-11-300x200.jpg 300w, https:\/\/www.satokangas.fi\/blogi\/wp-content\/uploads\/2019\/10\/Funchal-11-600x400.jpg 600w, https:\/\/www.satokangas.fi\/blogi\/wp-content\/uploads\/2019\/10\/Funchal-11-768x512.jpg 768w\" sizes=\"auto, (max-width: 1000px) 100vw, 1000px\" \/><\/a><\/p>\n<p style=\"text-align: justify;\">Santa Catarinan puisto v\u00e4h\u00e4n ylemp\u00e4n\u00e4 l\u00e4nness\u00e4 on laaja, siell\u00e4 on isoja nurmikentti\u00e4, lampi, kivettyj\u00e4 nupukivik\u00e4yt\u00e4vi\u00e4, joiden ylle puut ja pensaat kaartuvat kauniisti. Kauniita yhden kukan kukkapenkkej\u00e4, ei r\u00f6nsyily\u00e4 vaan kaunista harmoniaa&#8230;<\/p>\n<p style=\"text-align: justify;\"><a href=\"https:\/\/www.satokangas.fi\/blogi\/2019\/10\/funchalissa-toivottavasti-ei-viimeista-kertaa\/funchal-12\/#main\" rel=\"attachment wp-att-37414\"><img loading=\"lazy\" decoding=\"async\" data-attachment-id=\"37414\" data-permalink=\"https:\/\/www.satokangas.fi\/blogi\/2019\/10\/funchalissa-toivottavasti-ei-viimeista-kertaa\/funchal-12\/\" data-orig-file=\"https:\/\/www.satokangas.fi\/blogi\/wp-content\/uploads\/2019\/10\/Funchal-12.jpg\" data-orig-size=\"721,1000\" data-comments-opened=\"1\" data-image-meta=\"{&quot;aperture&quot;:&quot;5&quot;,&quot;credit&quot;:&quot;REIJA SATOKANGAS&quot;,&quot;camera&quot;:&quot;Canon EOS 5D Mark IV&quot;,&quot;caption&quot;:&quot;&quot;,&quot;created_timestamp&quot;:&quot;1570971869&quot;,&quot;copyright&quot;:&quot;Reija Satokangas&quot;,&quot;focal_length&quot;:&quot;50&quot;,&quot;iso&quot;:&quot;100&quot;,&quot;shutter_speed&quot;:&quot;0.025&quot;,&quot;title&quot;:&quot;&quot;,&quot;orientation&quot;:&quot;0&quot;}\" data-image-title=\"Funchal-12\" data-image-description=\"\" data-image-caption=\"\" data-large-file=\"https:\/\/www.satokangas.fi\/blogi\/wp-content\/uploads\/2019\/10\/Funchal-12.jpg\" class=\"aligncenter size-full wp-image-37414\" src=\"https:\/\/www.satokangas.fi\/blogi\/wp-content\/uploads\/2019\/10\/Funchal-12.jpg\" alt=\"\" width=\"721\" height=\"1000\" srcset=\"https:\/\/www.satokangas.fi\/blogi\/wp-content\/uploads\/2019\/10\/Funchal-12.jpg 721w, https:\/\/www.satokangas.fi\/blogi\/wp-content\/uploads\/2019\/10\/Funchal-12-216x300.jpg 216w, https:\/\/www.satokangas.fi\/blogi\/wp-content\/uploads\/2019\/10\/Funchal-12-288x400.jpg 288w\" sizes=\"auto, (max-width: 721px) 100vw, 721px\" \/><\/a><\/p>\n<p style=\"text-align: justify;\"><a href=\"https:\/\/www.satokangas.fi\/blogi\/2019\/10\/funchalissa-toivottavasti-ei-viimeista-kertaa\/funchal-9-2\/#main\" rel=\"attachment wp-att-37412\"><img loading=\"lazy\" decoding=\"async\" data-attachment-id=\"37412\" data-permalink=\"https:\/\/www.satokangas.fi\/blogi\/2019\/10\/funchalissa-toivottavasti-ei-viimeista-kertaa\/funchal-9-2\/\" data-orig-file=\"https:\/\/www.satokangas.fi\/blogi\/wp-content\/uploads\/2019\/10\/Funchal-9-1.jpg\" data-orig-size=\"1000,830\" data-comments-opened=\"1\" data-image-meta=\"{&quot;aperture&quot;:&quot;5&quot;,&quot;credit&quot;:&quot;REIJA SATOKANGAS&quot;,&quot;camera&quot;:&quot;Canon EOS 5D Mark IV&quot;,&quot;caption&quot;:&quot;&quot;,&quot;created_timestamp&quot;:&quot;1570972086&quot;,&quot;copyright&quot;:&quot;Reija Satokangas&quot;,&quot;focal_length&quot;:&quot;50&quot;,&quot;iso&quot;:&quot;100&quot;,&quot;shutter_speed&quot;:&quot;0.025&quot;,&quot;title&quot;:&quot;&quot;,&quot;orientation&quot;:&quot;0&quot;}\" data-image-title=\"Funchal-9\" data-image-description=\"\" data-image-caption=\"\" data-large-file=\"https:\/\/www.satokangas.fi\/blogi\/wp-content\/uploads\/2019\/10\/Funchal-9-1.jpg\" class=\"aligncenter size-full wp-image-37412\" src=\"https:\/\/www.satokangas.fi\/blogi\/wp-content\/uploads\/2019\/10\/Funchal-9-1.jpg\" alt=\"\" width=\"1000\" height=\"830\" srcset=\"https:\/\/www.satokangas.fi\/blogi\/wp-content\/uploads\/2019\/10\/Funchal-9-1.jpg 1000w, https:\/\/www.satokangas.fi\/blogi\/wp-content\/uploads\/2019\/10\/Funchal-9-1-300x249.jpg 300w, https:\/\/www.satokangas.fi\/blogi\/wp-content\/uploads\/2019\/10\/Funchal-9-1-482x400.jpg 482w, https:\/\/www.satokangas.fi\/blogi\/wp-content\/uploads\/2019\/10\/Funchal-9-1-768x637.jpg 768w\" sizes=\"auto, (max-width: 1000px) 100vw, 1000px\" \/><\/a><\/p>\n<p style=\"text-align: justify;\">Tuo kukka on niin Madeiran symboli minulle kuin olla ja voi. Ensimm\u00e4isen Madeiran reissun j\u00e4lkeen vein t\u00f6ihin sen tavallisen suklaarasian lis\u00e4ksi yhden t\u00e4llaisen, ja muistan kuinka kollegat olivat ihastuksissaan. Veinp\u00e4 my\u00f6s edellisen Madeiran reissun j\u00e4lkeen kuusi vuotta sitten, eik\u00e4 kukaan oikeastaan isommasti reagoinut &#8211; niin moni oli itsekin jo k\u00e4ynyt Madeiralla &#8211; ei en\u00e4\u00e4 uutuuden vieh\u00e4tyst\u00e4. Mutta ehk\u00e4p\u00e4 huomenna lentokent\u00e4ll\u00e4 muutaman ostan kotiin viemiseksi &#8211; ne kun s\u00e4ilyv\u00e4t monta viikkoa maljakossakin.<\/p>\n<p style=\"text-align: justify;\"><a href=\"https:\/\/www.satokangas.fi\/blogi\/2019\/10\/funchalissa-toivottavasti-ei-viimeista-kertaa\/funchal-10-2\/#main\" rel=\"attachment wp-att-37413\"><img loading=\"lazy\" decoding=\"async\" data-attachment-id=\"37413\" data-permalink=\"https:\/\/www.satokangas.fi\/blogi\/2019\/10\/funchalissa-toivottavasti-ei-viimeista-kertaa\/funchal-10-2\/\" data-orig-file=\"https:\/\/www.satokangas.fi\/blogi\/wp-content\/uploads\/2019\/10\/Funchal-10-1.jpg\" data-orig-size=\"1000,640\" data-comments-opened=\"1\" data-image-meta=\"{&quot;aperture&quot;:&quot;5.6&quot;,&quot;credit&quot;:&quot;REIJA SATOKANGAS&quot;,&quot;camera&quot;:&quot;Canon EOS 5D Mark IV&quot;,&quot;caption&quot;:&quot;&quot;,&quot;created_timestamp&quot;:&quot;1570972350&quot;,&quot;copyright&quot;:&quot;Reija Satokangas&quot;,&quot;focal_length&quot;:&quot;50&quot;,&quot;iso&quot;:&quot;1250&quot;,&quot;shutter_speed&quot;:&quot;0.00125&quot;,&quot;title&quot;:&quot;&quot;,&quot;orientation&quot;:&quot;0&quot;}\" data-image-title=\"Funchal-10\" data-image-description=\"\" data-image-caption=\"\" data-large-file=\"https:\/\/www.satokangas.fi\/blogi\/wp-content\/uploads\/2019\/10\/Funchal-10-1.jpg\" class=\"aligncenter size-full wp-image-37413\" src=\"https:\/\/www.satokangas.fi\/blogi\/wp-content\/uploads\/2019\/10\/Funchal-10-1.jpg\" alt=\"\" width=\"1000\" height=\"640\" srcset=\"https:\/\/www.satokangas.fi\/blogi\/wp-content\/uploads\/2019\/10\/Funchal-10-1.jpg 1000w, https:\/\/www.satokangas.fi\/blogi\/wp-content\/uploads\/2019\/10\/Funchal-10-1-300x192.jpg 300w, https:\/\/www.satokangas.fi\/blogi\/wp-content\/uploads\/2019\/10\/Funchal-10-1-625x400.jpg 625w, https:\/\/www.satokangas.fi\/blogi\/wp-content\/uploads\/2019\/10\/Funchal-10-1-768x492.jpg 768w\" sizes=\"auto, (max-width: 1000px) 100vw, 1000px\" \/><\/a><\/p>\n<p style=\"text-align: justify;\">Puolelta p\u00e4ivin sade palasi, ja me vet\u00e4ydyimme hotellille, &#8211; postailemaan, perusteelliseen kylpyyn, kuvien purkuun, Pehtoori unosillekin, postikortit (ettei j\u00e4\u00e4 viime tinkaan) ja sitten kun kova sade (ei ukkosta) loppui, l\u00e4hdimme taas kaduille ja kujille.<\/p>\n<p style=\"text-align: justify;\">Lomaviikon viimeiseksi ruokapaikaksi valikoitui oppaan toissap\u00e4iv\u00e4n\u00e4 mainostama <a href=\"https:\/\/pt-pt.facebook.com\/CasaPortuguesaPT\" target=\"_blank\" rel=\"noopener noreferrer\">Casa Portuguesa<\/a>. Eip\u00e4 ollut mik\u00e4\u00e4n kansanravintola, eik\u00e4 paikallisten suosikki, mutta oikein hyv\u00e4 v\u00e4h\u00e4n teatraalisen oloinen lopetus t\u00e4lle hyv\u00e4lle lomalle.<\/p>\n<p style=\"text-align: justify;\">Olimme &#8211; tietysti &#8211; ensimm\u00e4iset asiakkaat pieness\u00e4 ravintolassa, mutta seh\u00e4n tarkoitti yst\u00e4v\u00e4llist\u00e4, rauhallista aloitusta dinnerillemme. Anna Bel (jo ik\u00e4\u00e4ntynyt &#8211; eli ik\u00e4isemme? ) lady toivotti meid\u00e4t tervetulleeksi, jutusteli, suositteli ruokia ja viinej\u00e4, mutta antoi my\u00f6s olla rauhassa. Kertoi toimineensa yritt\u00e4j\u00e4n\u00e4 samalla paikkaa pian 20 vuotta ja pian puoli vuosisataa alalla&#8230; palvelualttius oli selk\u00e4ytimess\u00e4.<\/p>\n<p style=\"text-align: justify;\"><a href=\"https:\/\/www.satokangas.fi\/blogi\/2019\/10\/funchalissa-toivottavasti-ei-viimeista-kertaa\/casa_portuguesa-6\/#main\" rel=\"attachment wp-att-37421\"><img loading=\"lazy\" decoding=\"async\" data-attachment-id=\"37421\" data-permalink=\"https:\/\/www.satokangas.fi\/blogi\/2019\/10\/funchalissa-toivottavasti-ei-viimeista-kertaa\/casa_portuguesa-6\/\" data-orig-file=\"https:\/\/www.satokangas.fi\/blogi\/wp-content\/uploads\/2019\/10\/Casa_portuguesa-6.jpg\" data-orig-size=\"701,1000\" data-comments-opened=\"1\" data-image-meta=\"{&quot;aperture&quot;:&quot;3.5&quot;,&quot;credit&quot;:&quot;REIJA SATOKANGAS&quot;,&quot;camera&quot;:&quot;Canon EOS 5D Mark IV&quot;,&quot;caption&quot;:&quot;&quot;,&quot;created_timestamp&quot;:&quot;1571000581&quot;,&quot;copyright&quot;:&quot;Reija Satokangas&quot;,&quot;focal_length&quot;:&quot;50&quot;,&quot;iso&quot;:&quot;1250&quot;,&quot;shutter_speed&quot;:&quot;0.02&quot;,&quot;title&quot;:&quot;&quot;,&quot;orientation&quot;:&quot;0&quot;}\" data-image-title=\"Casa_portuguesa-6\" data-image-description=\"\" data-image-caption=\"\" data-large-file=\"https:\/\/www.satokangas.fi\/blogi\/wp-content\/uploads\/2019\/10\/Casa_portuguesa-6.jpg\" class=\"aligncenter size-full wp-image-37421\" src=\"https:\/\/www.satokangas.fi\/blogi\/wp-content\/uploads\/2019\/10\/Casa_portuguesa-6.jpg\" alt=\"\" width=\"701\" height=\"1000\" srcset=\"https:\/\/www.satokangas.fi\/blogi\/wp-content\/uploads\/2019\/10\/Casa_portuguesa-6.jpg 701w, https:\/\/www.satokangas.fi\/blogi\/wp-content\/uploads\/2019\/10\/Casa_portuguesa-6-210x300.jpg 210w, https:\/\/www.satokangas.fi\/blogi\/wp-content\/uploads\/2019\/10\/Casa_portuguesa-6-280x400.jpg 280w\" sizes=\"auto, (max-width: 701px) 100vw, 701px\" \/><\/a><\/p>\n<p style=\"text-align: justify;\">Liki jouluiselta n\u00e4ytt\u00e4v\u00e4n kattauksen keskell\u00e4 saimme alkuun parsaa ja pikku kotiloita tai simpukoita tai mik\u00e4h\u00e4n noiden nimi suomeksi onkaan. Any way &#8211; me molemmat olimme tyytyv\u00e4isi\u00e4. Ja viikon paras valkoviini oli Quinta do Carmo. Maksoikin se sen liki kaksi kertaa kuin mik\u00e4\u00e4n kuluneella viikolla (28 \u20ac).<\/p>\n<p style=\"text-align: justify;\"><a href=\"https:\/\/www.satokangas.fi\/blogi\/2019\/10\/funchalissa-toivottavasti-ei-viimeista-kertaa\/casa_portuguesa\/#main\" rel=\"attachment wp-att-37415\"><img loading=\"lazy\" decoding=\"async\" data-attachment-id=\"37415\" data-permalink=\"https:\/\/www.satokangas.fi\/blogi\/2019\/10\/funchalissa-toivottavasti-ei-viimeista-kertaa\/casa_portuguesa\/\" data-orig-file=\"https:\/\/www.satokangas.fi\/blogi\/wp-content\/uploads\/2019\/10\/Casa_portuguesa.jpg\" data-orig-size=\"1000,639\" data-comments-opened=\"1\" data-image-meta=\"{&quot;aperture&quot;:&quot;1.4&quot;,&quot;credit&quot;:&quot;REIJA SATOKANGAS&quot;,&quot;camera&quot;:&quot;Canon EOS 5D Mark IV&quot;,&quot;caption&quot;:&quot;&quot;,&quot;created_timestamp&quot;:&quot;1571001895&quot;,&quot;copyright&quot;:&quot;Reija Satokangas&quot;,&quot;focal_length&quot;:&quot;50&quot;,&quot;iso&quot;:&quot;3200&quot;,&quot;shutter_speed&quot;:&quot;0.0025&quot;,&quot;title&quot;:&quot;&quot;,&quot;orientation&quot;:&quot;0&quot;}\" data-image-title=\"Casa_portuguesa\" data-image-description=\"\" data-image-caption=\"\" data-large-file=\"https:\/\/www.satokangas.fi\/blogi\/wp-content\/uploads\/2019\/10\/Casa_portuguesa.jpg\" class=\"aligncenter size-full wp-image-37415\" src=\"https:\/\/www.satokangas.fi\/blogi\/wp-content\/uploads\/2019\/10\/Casa_portuguesa.jpg\" alt=\"\" width=\"1000\" height=\"639\" srcset=\"https:\/\/www.satokangas.fi\/blogi\/wp-content\/uploads\/2019\/10\/Casa_portuguesa.jpg 1000w, https:\/\/www.satokangas.fi\/blogi\/wp-content\/uploads\/2019\/10\/Casa_portuguesa-300x192.jpg 300w, https:\/\/www.satokangas.fi\/blogi\/wp-content\/uploads\/2019\/10\/Casa_portuguesa-626x400.jpg 626w, https:\/\/www.satokangas.fi\/blogi\/wp-content\/uploads\/2019\/10\/Casa_portuguesa-768x491.jpg 768w\" sizes=\"auto, (max-width: 1000px) 100vw, 1000px\" \/><\/a><\/p>\n<p style=\"text-align: justify;\"><a href=\"https:\/\/www.satokangas.fi\/blogi\/2019\/10\/funchalissa-toivottavasti-ei-viimeista-kertaa\/casa_portuguesa-2\/#main\" rel=\"attachment wp-att-37416\"><img loading=\"lazy\" decoding=\"async\" data-attachment-id=\"37416\" data-permalink=\"https:\/\/www.satokangas.fi\/blogi\/2019\/10\/funchalissa-toivottavasti-ei-viimeista-kertaa\/casa_portuguesa-2\/\" data-orig-file=\"https:\/\/www.satokangas.fi\/blogi\/wp-content\/uploads\/2019\/10\/Casa_portuguesa-2.jpg\" data-orig-size=\"1000,907\" data-comments-opened=\"1\" data-image-meta=\"{&quot;aperture&quot;:&quot;1.4&quot;,&quot;credit&quot;:&quot;REIJA SATOKANGAS&quot;,&quot;camera&quot;:&quot;Canon EOS 5D Mark IV&quot;,&quot;caption&quot;:&quot;&quot;,&quot;created_timestamp&quot;:&quot;1571001918&quot;,&quot;copyright&quot;:&quot;Reija Satokangas&quot;,&quot;focal_length&quot;:&quot;50&quot;,&quot;iso&quot;:&quot;3200&quot;,&quot;shutter_speed&quot;:&quot;0.0025&quot;,&quot;title&quot;:&quot;&quot;,&quot;orientation&quot;:&quot;0&quot;}\" data-image-title=\"Casa_portuguesa-2\" data-image-description=\"\" data-image-caption=\"\" data-large-file=\"https:\/\/www.satokangas.fi\/blogi\/wp-content\/uploads\/2019\/10\/Casa_portuguesa-2.jpg\" class=\"aligncenter size-large wp-image-37416\" src=\"https:\/\/www.satokangas.fi\/blogi\/wp-content\/uploads\/2019\/10\/Casa_portuguesa-2.jpg\" alt=\"\" width=\"1000\" height=\"907\" srcset=\"https:\/\/www.satokangas.fi\/blogi\/wp-content\/uploads\/2019\/10\/Casa_portuguesa-2.jpg 1000w, https:\/\/www.satokangas.fi\/blogi\/wp-content\/uploads\/2019\/10\/Casa_portuguesa-2-300x272.jpg 300w, https:\/\/www.satokangas.fi\/blogi\/wp-content\/uploads\/2019\/10\/Casa_portuguesa-2-441x400.jpg 441w, https:\/\/www.satokangas.fi\/blogi\/wp-content\/uploads\/2019\/10\/Casa_portuguesa-2-768x697.jpg 768w\" sizes=\"auto, (max-width: 1000px) 100vw, 1000px\" \/><\/a><\/p>\n<p style=\"text-align: justify;\">P\u00e4\u00e4ruokana meill\u00e4 molemmilla douradaa. Taas kerran todettiin, ett\u00e4 pit\u00e4isi opetella, tehd\u00e4 lista, oma sanakirja n\u00e4ille etel\u00e4isten maiden kalaruokalistoille. Ehk\u00e4 min\u00e4 sen viel\u00e4 teenkin. Mutta siis dourada (kultaotsa-ahven) oli niin hyv\u00e4\u00e4. Siin\u00e4 oli grillatun maku, siin\u00e4 oli tarpeeksi suolaa, se oli sopivan kuivaa mutta mehev\u00e4\u00e4. Sellaista olemme t\u00e4ll\u00e4 viikolla saaneet ennen, aika l\u00e4helle ainakin, mutta t\u00e4n\u00e4\u00e4n my\u00f6s lisukkeet suuremmoisia. Ilman kalaakin annos olisi ollut herkullinen: ette ehk\u00e4 usko, mutta t\u00e4\u00e4ll\u00e4kin pottumuusi voi olla hyv\u00e4\u00e4, ja parsakaali, ja pimpinella ja pavut ja pinaatti. Niin hyv\u00e4 annos. V\u00e4hempikin olisi riitt\u00e4nyt.<\/p>\n<p style=\"text-align: justify;\"><a href=\"https:\/\/www.satokangas.fi\/blogi\/2019\/10\/funchalissa-toivottavasti-ei-viimeista-kertaa\/casa_portuguesa-3\/#main\" rel=\"attachment wp-att-37417\"><img loading=\"lazy\" decoding=\"async\" data-attachment-id=\"37417\" data-permalink=\"https:\/\/www.satokangas.fi\/blogi\/2019\/10\/funchalissa-toivottavasti-ei-viimeista-kertaa\/casa_portuguesa-3\/\" data-orig-file=\"https:\/\/www.satokangas.fi\/blogi\/wp-content\/uploads\/2019\/10\/Casa_portuguesa-3.jpg\" data-orig-size=\"1000,627\" data-comments-opened=\"1\" data-image-meta=\"{&quot;aperture&quot;:&quot;2.8&quot;,&quot;credit&quot;:&quot;REIJA SATOKANGAS&quot;,&quot;camera&quot;:&quot;Canon EOS 5D Mark IV&quot;,&quot;caption&quot;:&quot;&quot;,&quot;created_timestamp&quot;:&quot;1571003095&quot;,&quot;copyright&quot;:&quot;Reija Satokangas&quot;,&quot;focal_length&quot;:&quot;50&quot;,&quot;iso&quot;:&quot;2500&quot;,&quot;shutter_speed&quot;:&quot;0.016666666666667&quot;,&quot;title&quot;:&quot;&quot;,&quot;orientation&quot;:&quot;0&quot;}\" data-image-title=\"Casa_portuguesa-3\" data-image-description=\"\" data-image-caption=\"\" data-large-file=\"https:\/\/www.satokangas.fi\/blogi\/wp-content\/uploads\/2019\/10\/Casa_portuguesa-3.jpg\" class=\"aligncenter size-full wp-image-37417\" src=\"https:\/\/www.satokangas.fi\/blogi\/wp-content\/uploads\/2019\/10\/Casa_portuguesa-3.jpg\" alt=\"\" width=\"1000\" height=\"627\" srcset=\"https:\/\/www.satokangas.fi\/blogi\/wp-content\/uploads\/2019\/10\/Casa_portuguesa-3.jpg 1000w, https:\/\/www.satokangas.fi\/blogi\/wp-content\/uploads\/2019\/10\/Casa_portuguesa-3-300x188.jpg 300w, https:\/\/www.satokangas.fi\/blogi\/wp-content\/uploads\/2019\/10\/Casa_portuguesa-3-638x400.jpg 638w, https:\/\/www.satokangas.fi\/blogi\/wp-content\/uploads\/2019\/10\/Casa_portuguesa-3-768x482.jpg 768w\" sizes=\"auto, (max-width: 1000px) 100vw, 1000px\" \/><\/a><\/p>\n<p style=\"text-align: justify;\">Mutta jaksoimmehan me viel\u00e4 j\u00e4lkk\u00e4ritkin kun oikein reippaita oltiin: t\u00e4ss\u00e4 Pehtoorin j\u00e4lkiruoka, joka oli appelsiinia ja j\u00e4tski\u00e4 Grand Marnier kastikkeessa.<\/p>\n<p style=\"text-align: justify;\"><a href=\"https:\/\/www.satokangas.fi\/blogi\/2019\/10\/funchalissa-toivottavasti-ei-viimeista-kertaa\/casa_portuguesa-4\/#main\" rel=\"attachment wp-att-37418\"><img loading=\"lazy\" decoding=\"async\" data-attachment-id=\"37418\" data-permalink=\"https:\/\/www.satokangas.fi\/blogi\/2019\/10\/funchalissa-toivottavasti-ei-viimeista-kertaa\/casa_portuguesa-4\/\" data-orig-file=\"https:\/\/www.satokangas.fi\/blogi\/wp-content\/uploads\/2019\/10\/Casa_portuguesa-4.jpg\" data-orig-size=\"1000,642\" data-comments-opened=\"1\" data-image-meta=\"{&quot;aperture&quot;:&quot;1.4&quot;,&quot;credit&quot;:&quot;REIJA SATOKANGAS&quot;,&quot;camera&quot;:&quot;Canon EOS 5D Mark IV&quot;,&quot;caption&quot;:&quot;&quot;,&quot;created_timestamp&quot;:&quot;1571005859&quot;,&quot;copyright&quot;:&quot;Reija Satokangas&quot;,&quot;focal_length&quot;:&quot;50&quot;,&quot;iso&quot;:&quot;1000&quot;,&quot;shutter_speed&quot;:&quot;0.00625&quot;,&quot;title&quot;:&quot;&quot;,&quot;orientation&quot;:&quot;0&quot;}\" data-image-title=\"Casa_portuguesa-4\" data-image-description=\"\" data-image-caption=\"\" data-large-file=\"https:\/\/www.satokangas.fi\/blogi\/wp-content\/uploads\/2019\/10\/Casa_portuguesa-4.jpg\" class=\"aligncenter size-full wp-image-37418\" src=\"https:\/\/www.satokangas.fi\/blogi\/wp-content\/uploads\/2019\/10\/Casa_portuguesa-4.jpg\" alt=\"\" width=\"1000\" height=\"642\" srcset=\"https:\/\/www.satokangas.fi\/blogi\/wp-content\/uploads\/2019\/10\/Casa_portuguesa-4.jpg 1000w, https:\/\/www.satokangas.fi\/blogi\/wp-content\/uploads\/2019\/10\/Casa_portuguesa-4-300x193.jpg 300w, https:\/\/www.satokangas.fi\/blogi\/wp-content\/uploads\/2019\/10\/Casa_portuguesa-4-623x400.jpg 623w, https:\/\/www.satokangas.fi\/blogi\/wp-content\/uploads\/2019\/10\/Casa_portuguesa-4-768x493.jpg 768w\" sizes=\"auto, (max-width: 1000px) 100vw, 1000px\" \/><\/a><\/p>\n<p style=\"text-align: justify;\">Aion testailla kotona &#8211; ja minun j\u00e4kiruokani! Voila &#8211; passionhedelm\u00e4-pudding. Kyselin resepti\u00e4, &#8221;but it\u00b4s secret&#8221; totesi rouva ravintoloitsija, ja kuitenkin kertoi yht\u00e4 sun toista siit\u00e4, mit\u00e4 ruokaan tulee. Min\u00e4h\u00e4n kokeilen kotona, ja palaan asiaan.<\/p>\n<p style=\"text-align: justify;\">Ja kun maksoimme laskua ja kun kerroin ett\u00e4 huomenna tulen blogissani l\u00e4mpim\u00e4sti suosittelemaan t\u00e4t\u00e4 ravintolaa, me saimme tarjouksen kyydist\u00e4: <em>for free<\/em>. Ja land-lady soittaa kilautti (miehelleen?) ja saimme kuin saimmekin autokyydin hotellille. Muutaman kilometrin k\u00e4vely olisi toki tehnyt meille hyv\u00e4\u00e4, mutta mikseip\u00e4 kyytikin&#8230; olihan ne p\u00e4iv\u00e4n kiinti\u00f6askeleet jo aiemmin saatu t\u00e4yteen. \ud83d\ude09<\/p>\n<p style=\"text-align: justify;\">Niinp\u00e4 jaksoimme viel\u00e4 hotellin kattoterassille katselemaan kuutamoa: Pehtoori kokosi minulle &#8221;kuvausjalustan&#8221; baarin tuoleista ja p\u00f6ydist\u00e4. ; ) T\u00e4ss\u00e4 yksi kuvaustulos.<\/p>\n<p style=\"text-align: justify;\"><a href=\"https:\/\/www.satokangas.fi\/blogi\/2019\/10\/funchalissa-toivottavasti-ei-viimeista-kertaa\/casa_portuguesa-5\/#main\" rel=\"attachment wp-att-37419\"><img loading=\"lazy\" decoding=\"async\" data-attachment-id=\"37419\" data-permalink=\"https:\/\/www.satokangas.fi\/blogi\/2019\/10\/funchalissa-toivottavasti-ei-viimeista-kertaa\/casa_portuguesa-5\/\" data-orig-file=\"https:\/\/www.satokangas.fi\/blogi\/wp-content\/uploads\/2019\/10\/Casa_portuguesa-5.jpg\" data-orig-size=\"1000,485\" data-comments-opened=\"1\" data-image-meta=\"{&quot;aperture&quot;:&quot;2.8&quot;,&quot;credit&quot;:&quot;REIJA SATOKANGAS&quot;,&quot;camera&quot;:&quot;Canon EOS 5D Mark IV&quot;,&quot;caption&quot;:&quot;&quot;,&quot;created_timestamp&quot;:&quot;1571009231&quot;,&quot;copyright&quot;:&quot;Reija Satokangas&quot;,&quot;focal_length&quot;:&quot;16&quot;,&quot;iso&quot;:&quot;250&quot;,&quot;shutter_speed&quot;:&quot;0.066666666666667&quot;,&quot;title&quot;:&quot;&quot;,&quot;orientation&quot;:&quot;0&quot;}\" data-image-title=\"Casa_portuguesa-5\" data-image-description=\"\" data-image-caption=\"\" data-large-file=\"https:\/\/www.satokangas.fi\/blogi\/wp-content\/uploads\/2019\/10\/Casa_portuguesa-5.jpg\" class=\"aligncenter size-full wp-image-37419\" src=\"https:\/\/www.satokangas.fi\/blogi\/wp-content\/uploads\/2019\/10\/Casa_portuguesa-5.jpg\" alt=\"\" width=\"1000\" height=\"485\" srcset=\"https:\/\/www.satokangas.fi\/blogi\/wp-content\/uploads\/2019\/10\/Casa_portuguesa-5.jpg 1000w, https:\/\/www.satokangas.fi\/blogi\/wp-content\/uploads\/2019\/10\/Casa_portuguesa-5-300x146.jpg 300w, https:\/\/www.satokangas.fi\/blogi\/wp-content\/uploads\/2019\/10\/Casa_portuguesa-5-800x388.jpg 800w, https:\/\/www.satokangas.fi\/blogi\/wp-content\/uploads\/2019\/10\/Casa_portuguesa-5-768x372.jpg 768w\" sizes=\"auto, (max-width: 1000px) 100vw, 1000px\" \/><\/a><\/p>\n<p style=\"text-align: justify;\">Funchal sulkeutuu, n\u00e4ihin kuviin, n\u00e4ihin tunnelmiin.<\/p>\n<p>Toivon mukaan viel\u00e4 joskus toiste n\u00e4ist\u00e4 maisemista&#8230;..<\/p>\n<p>&nbsp;<\/p>\n","protected":false},"excerpt":{"rendered":"<p>Sateiseen sunnuntaiaamuun her\u00e4simme pitkien unien j\u00e4lkeen, ja aamiaisella (sis\u00e4ll\u00e4 eka kertaa) vasta kun suurin osa t\u00e4m\u00e4n hotellin muistakin vieraista oli paikalla. Monina aamuina olemme (kahdeksalta) olleet hyvin harvalukuisessa seurassa. Sade taukosi ennen kymment\u00e4 kuten s\u00e4\u00e4tiedotus oli luvannutkin, ja me l\u00e4hdimme sunnuntaiaamuk\u00e4velylle kaupungille &#8211; yhdess\u00e4. Mit\u00e4 ei koskaan Oulussa kyll\u00e4 tehd\u00e4. Aamuk\u00e4vely sunnuntaisin on kyll\u00e4 tapa, mutta ei yhdess\u00e4, eik\u00e4 kaupungille. &hellip; <\/p>\n","protected":false},"author":1,"featured_media":0,"comment_status":"open","ping_status":"open","sticky":false,"template":"","format":"standard","meta":{"jetpack_post_was_ever_published":false,"_jetpack_newsletter_access":"","_jetpack_dont_email_post_to_subs":false,"_jetpack_newsletter_tier_id":0,"_jetpack_memberships_contains_paywalled_content":false,"_jetpack_memberships_contains_paid_content":false,"footnotes":"","jetpack_publicize_message":"","jetpack_publicize_feature_enabled":true,"jetpack_social_post_already_shared":true,"jetpack_social_options":{"image_generator_settings":{"template":"highway","default_image_id":0,"font":"","enabled":false},"version":2}},"categories":[66,94,17],"tags":[],"class_list":["post-37405","post","type-post","status-publish","format-standard","hentry","category-madeira","category-ravintolat-ruoka_ja_viini","category-ruoka_ja_viini","latest_post"],"jetpack_publicize_connections":[],"jetpack_featured_media_url":"","jetpack_shortlink":"https:\/\/wp.me\/pr4p4-9Jj","jetpack_sharing_enabled":true,"jetpack_likes_enabled":false,"jetpack-related-posts":[{"id":37312,"url":"https:\/\/www.satokangas.fi\/blogi\/2019\/10\/funchal-madeira\/","url_meta":{"origin":37405,"position":0},"title":"@Funchal, Madeira","author":"Reija","date":"7.10.2019","format":false,"excerpt":"Klo 2.22.\u00a0 Silloin loppui uni. Jota ei ollut kertynyt viel\u00e4 nelj\u00e4\u00e4 tuntiakaan. Nukku-Matti ei tehnyt t\u00e4ytt\u00e4 vuoroa, vaan katosi aamuy\u00f6n pimeyteen. Aamuy\u00f6n pimeydess\u00e4 mekin sitten l\u00e4hdimme liikkeelle. Kone l\u00e4hti kuudelta, ja jatkolento Helsingist\u00e4 kohti Madeiraa yhdeks\u00e4n j\u00e4lkeen. Tax-freess\u00e4 oli aie hankkia talviparfyymi, olin jo p\u00e4\u00e4tt\u00e4nyt, mink\u00e4 ostan (Aqua di Parma,\u2026","rel":"","context":"Kategoriassa &quot;Madeira&quot;","block_context":{"text":"Madeira","link":"https:\/\/www.satokangas.fi\/blogi\/category\/reissut\/madeira\/"},"img":{"alt_text":"","src":"https:\/\/i0.wp.com\/www.satokangas.fi\/blogi\/wp-content\/uploads\/2019\/10\/Kohti_Madeiraa-6.jpg?resize=350%2C200&ssl=1","width":350,"height":200,"srcset":"https:\/\/i0.wp.com\/www.satokangas.fi\/blogi\/wp-content\/uploads\/2019\/10\/Kohti_Madeiraa-6.jpg?resize=350%2C200&ssl=1 1x, https:\/\/i0.wp.com\/www.satokangas.fi\/blogi\/wp-content\/uploads\/2019\/10\/Kohti_Madeiraa-6.jpg?resize=525%2C300&ssl=1 1.5x"},"classes":[]},{"id":37324,"url":"https:\/\/www.satokangas.fi\/blogi\/2019\/10\/miksi-madeiralle\/","url_meta":{"origin":37405,"position":1},"title":"Miksi Madeiralle?","author":"Reija","date":"8.10.2019","format":false,"excerpt":"Miksi pid\u00e4mme Madeirasta? Miksi ollaan t\u00e4\u00e4ll\u00e4 kolmatta kertaa, vaikka maailmalla ja Euroopassakin on viel\u00e4 paljon n\u00e4kem\u00e4tt\u00f6mi\u00e4 ja kokemattomia paikkoja, joissa olisi hienoa joskus k\u00e4yd\u00e4. Yl\u00e4kuvassa on yksi syy. Madeiralla turistit ovat osa paikallista arkea. T\u00e4\u00e4ll\u00e4 on turistien kanssa samassa kaupungissa, bussissa, ravintolassa, rannalla madeiralaisia, eik\u00e4 vain turisteja. Toki Funchal ja\u2026","rel":"","context":"Kategoriassa &quot;Madeira&quot;","block_context":{"text":"Madeira","link":"https:\/\/www.satokangas.fi\/blogi\/category\/reissut\/madeira\/"},"img":{"alt_text":"","src":"https:\/\/i0.wp.com\/www.satokangas.fi\/blogi\/wp-content\/uploads\/2019\/10\/Lobos-10.jpg?resize=350%2C200&ssl=1","width":350,"height":200,"srcset":"https:\/\/i0.wp.com\/www.satokangas.fi\/blogi\/wp-content\/uploads\/2019\/10\/Lobos-10.jpg?resize=350%2C200&ssl=1 1x, https:\/\/i0.wp.com\/www.satokangas.fi\/blogi\/wp-content\/uploads\/2019\/10\/Lobos-10.jpg?resize=525%2C300&ssl=1 1.5x"},"classes":[]},{"id":37513,"url":"https:\/\/www.satokangas.fi\/blogi\/2019\/10\/bom-dia-viela-kerran-madeira-por-favor\/","url_meta":{"origin":37405,"position":2},"title":"Bom dia &#8211; viel\u00e4 kerran Madeira, por favor!","author":"Reija","date":"28.10.2019","format":false,"excerpt":"Madeirasta viel\u00e4 kerran. Nyt kuvakansiot ovat jotensakin kunnossa,\u00a0nekin kertonevat, miksi Madeiraa niin l\u00e4mpim\u00e4sti voin suositella lomakohteeksi. Meilleh\u00e4n Madeira on mieluisa lomakohde paljolti hyvien patikkamahdollisuuksien vuoksi. Mahdollisuuksia on paljon ja reittej\u00e4 monenlaisia, ja (levada)polut on aika helposti saavutettavissa Funchalista. Ehdottomasti kannattaa vaikka vain yhten\u00e4 p\u00e4iv\u00e4n\u00e4 hankkiutua levadareitille. T\u00e4\u00e4ll\u00e4 on hyv\u00e4 suomalainen\u2026","rel":"","context":"Kategoriassa &quot;Madeira&quot;","block_context":{"text":"Madeira","link":"https:\/\/www.satokangas.fi\/blogi\/category\/reissut\/madeira\/"},"img":{"alt_text":"","src":"https:\/\/i0.wp.com\/www.satokangas.fi\/blogi\/wp-content\/uploads\/2019\/10\/5-14.jpg?resize=350%2C200&ssl=1","width":350,"height":200,"srcset":"https:\/\/i0.wp.com\/www.satokangas.fi\/blogi\/wp-content\/uploads\/2019\/10\/5-14.jpg?resize=350%2C200&ssl=1 1x, https:\/\/i0.wp.com\/www.satokangas.fi\/blogi\/wp-content\/uploads\/2019\/10\/5-14.jpg?resize=525%2C300&ssl=1 1.5x, https:\/\/i0.wp.com\/www.satokangas.fi\/blogi\/wp-content\/uploads\/2019\/10\/5-14.jpg?resize=700%2C400&ssl=1 2x"},"classes":[]},{"id":19130,"url":"https:\/\/www.satokangas.fi\/blogi\/2013\/10\/funchalista-kohti-kotia\/","url_meta":{"origin":37405,"position":3},"title":"Funchalista kohti kotia","author":"Reija","date":"28.10.2013","format":false,"excerpt":"Funchal \u2013 Madeiran p\u00e4\u00e4kaupunki, jossa asuu enemm\u00e4n kuin puolet koko saaren v\u00e4est\u00f6st\u00e4, on erinomainen lomakohde sik\u00e4li, ett\u00e4 se ei ole vain rantapaikka. Siell\u00e4 on oikeaa el\u00e4m\u00e4\u00e4, siell\u00e4 on portugalilaisia, tai siis madeiralaisia. Siell\u00e4 kun asuu lomallaan, ei el\u00e4 vain turistien keskell\u00e4. Ja monesta muustakin syyst\u00e4 se on hyv\u00e4 lomakohde. Sana\u2026","rel":"","context":"Kategoriassa &quot;Madeira&quot;","block_context":{"text":"Madeira","link":"https:\/\/www.satokangas.fi\/blogi\/category\/reissut\/madeira\/"},"img":{"alt_text":"_MG_6728 (Custom)","src":"https:\/\/i0.wp.com\/www.satokangas.fi\/blogi\/wp-content\/uploads\/2013\/10\/MG_6728-Custom-600x400.jpg?resize=350%2C200&ssl=1","width":350,"height":200,"srcset":"https:\/\/i0.wp.com\/www.satokangas.fi\/blogi\/wp-content\/uploads\/2013\/10\/MG_6728-Custom-600x400.jpg?resize=350%2C200&ssl=1 1x, https:\/\/i0.wp.com\/www.satokangas.fi\/blogi\/wp-content\/uploads\/2013\/10\/MG_6728-Custom-600x400.jpg?resize=525%2C300&ssl=1 1.5x"},"classes":[]},{"id":37397,"url":"https:\/\/www.satokangas.fi\/blogi\/2019\/10\/castanheiro-ja-funchal-jaivat\/","url_meta":{"origin":37405,"position":4},"title":"Castanheiro ja Funchal j\u00e4iv\u00e4t&#8230;","author":"Reija","date":"14.10.2019","format":false,"excerpt":"Hotelli Castanheiron (suom. ~ kastanja) aamiainen viimeist\u00e4 kertaa \u2013 ainakin t\u00e4ll\u00e4 lomalla. Sek\u00e4 hotelli ett\u00e4 sen aamiaiset ovat suositeltavia. Jos lomalla ykk\u00f6sjuttu ei ole auringonotto ja meress\u00e4 uinti, ei parveke merin\u00e4k\u00f6alalla eik\u00e4 rantakatu, jonka varrella on rantahotelleja ja niiden oheispalveluja vieri vieress\u00e4, niin Castanheiro on kyll\u00e4 hyv\u00e4 valinta. \u00a0 Jokaisella\u2026","rel":"","context":"Kategoriassa &quot;Hautausmailla&quot;","block_context":{"text":"Hautausmailla","link":"https:\/\/www.satokangas.fi\/blogi\/category\/hautausmailla\/"},"img":{"alt_text":"","src":"https:\/\/i0.wp.com\/www.satokangas.fi\/blogi\/wp-content\/uploads\/2019\/10\/F-7.jpg?resize=350%2C200&ssl=1","width":350,"height":200,"srcset":"https:\/\/i0.wp.com\/www.satokangas.fi\/blogi\/wp-content\/uploads\/2019\/10\/F-7.jpg?resize=350%2C200&ssl=1 1x, https:\/\/i0.wp.com\/www.satokangas.fi\/blogi\/wp-content\/uploads\/2019\/10\/F-7.jpg?resize=525%2C300&ssl=1 1.5x, https:\/\/i0.wp.com\/www.satokangas.fi\/blogi\/wp-content\/uploads\/2019\/10\/F-7.jpg?resize=700%2C400&ssl=1 2x"},"classes":[]},{"id":45812,"url":"https:\/\/www.satokangas.fi\/blogi\/2023\/05\/top-10-splitin-lomalla\/","url_meta":{"origin":37405,"position":5},"title":"Top 10 Splitin lomalla","author":"Reija","date":"28.5.2023","format":false,"excerpt":"Koti tuntuu isolta, kaikki hyvin siistilt\u00e4, piha vihre\u00e4lt\u00e4, s\u00e4\u00e4 hyyt\u00e4v\u00e4n kylm\u00e4lt\u00e4, valo paljolta, lapsenlapsi syliss\u00e4 rakkaalta, kaikinpuolinen liikkumattomuus oudolta. Kotiuduimme eilen kymmenen j\u00e4lkeen, - nyt p\u00e4\u00e4llimm\u00e4isen\u00e4 tunne, ett\u00e4 olipa helppo, aurinkoinen, liikkuva, l\u00e4mmin, monenlaista tarjonnut, huoleton, herkullinen, paljon kulkemisen viikko. Kuvasatoa olen alkanut hiljalleen purkaa, pyykit jo pesty, ensiapu puutarhalle\u2026","rel":"","context":"Kategoriassa &quot;Kroatia 2023&quot;","block_context":{"text":"Kroatia 2023","link":"https:\/\/www.satokangas.fi\/blogi\/category\/reissut\/kroatia-2023\/"},"img":{"alt_text":"","src":"https:\/\/i0.wp.com\/www.satokangas.fi\/blogi\/wp-content\/uploads\/2023\/05\/10-10.jpg?resize=350%2C200&ssl=1","width":350,"height":200,"srcset":"https:\/\/i0.wp.com\/www.satokangas.fi\/blogi\/wp-content\/uploads\/2023\/05\/10-10.jpg?resize=350%2C200&ssl=1 1x, https:\/\/i0.wp.com\/www.satokangas.fi\/blogi\/wp-content\/uploads\/2023\/05\/10-10.jpg?resize=525%2C300&ssl=1 1.5x, https:\/\/i0.wp.com\/www.satokangas.fi\/blogi\/wp-content\/uploads\/2023\/05\/10-10.jpg?resize=700%2C400&ssl=1 2x, https:\/\/i0.wp.com\/www.satokangas.fi\/blogi\/wp-content\/uploads\/2023\/05\/10-10.jpg?resize=1050%2C600&ssl=1 3x"},"classes":[]}],"_links":{"self":[{"href":"https:\/\/www.satokangas.fi\/blogi\/wp-json\/wp\/v2\/posts\/37405","targetHints":{"allow":["GET"]}}],"collection":[{"href":"https:\/\/www.satokangas.fi\/blogi\/wp-json\/wp\/v2\/posts"}],"about":[{"href":"https:\/\/www.satokangas.fi\/blogi\/wp-json\/wp\/v2\/types\/post"}],"author":[{"embeddable":true,"href":"https:\/\/www.satokangas.fi\/blogi\/wp-json\/wp\/v2\/users\/1"}],"replies":[{"embeddable":true,"href":"https:\/\/www.satokangas.fi\/blogi\/wp-json\/wp\/v2\/comments?post=37405"}],"version-history":[{"count":0,"href":"https:\/\/www.satokangas.fi\/blogi\/wp-json\/wp\/v2\/posts\/37405\/revisions"}],"wp:attachment":[{"href":"https:\/\/www.satokangas.fi\/blogi\/wp-json\/wp\/v2\/media?parent=37405"}],"wp:term":[{"taxonomy":"category","embeddable":true,"href":"https:\/\/www.satokangas.fi\/blogi\/wp-json\/wp\/v2\/categories?post=37405"},{"taxonomy":"post_tag","embeddable":true,"href":"https:\/\/www.satokangas.fi\/blogi\/wp-json\/wp\/v2\/tags?post=37405"}],"curies":[{"name":"wp","href":"https:\/\/api.w.org\/{rel}","templated":true}]}}