{"id":36982,"date":"2019-08-15T21:22:06","date_gmt":"2019-08-15T18:22:06","guid":{"rendered":"https:\/\/www.satokangas.fi\/blogi\/?p=36982"},"modified":"2019-08-15T21:22:06","modified_gmt":"2019-08-15T18:22:06","slug":"sumuisessa-lapissa","status":"publish","type":"post","link":"https:\/\/www.satokangas.fi\/blogi\/2019\/08\/sumuisessa-lapissa\/","title":{"rendered":"Sumuisessa Lapissa"},"content":{"rendered":"<p style=\"text-align: justify;\"><a href=\"https:\/\/www.satokangas.fi\/blogi\/2019\/08\/sumuisessa-lapissa\/tupasvilla_makro-2\/#main\" rel=\"attachment wp-att-36983\"><img loading=\"lazy\" decoding=\"async\" data-attachment-id=\"36983\" data-permalink=\"https:\/\/www.satokangas.fi\/blogi\/2019\/08\/sumuisessa-lapissa\/tupasvilla_makro-2\/\" data-orig-file=\"https:\/\/www.satokangas.fi\/blogi\/wp-content\/uploads\/2019\/08\/Tupasvilla_makro-2.jpg\" data-orig-size=\"1000,667\" data-comments-opened=\"1\" data-image-meta=\"{&quot;aperture&quot;:&quot;7.1&quot;,&quot;credit&quot;:&quot;REIJA SATOKANGAS&quot;,&quot;camera&quot;:&quot;Canon EOS 5D Mark IV&quot;,&quot;caption&quot;:&quot;&quot;,&quot;created_timestamp&quot;:&quot;1565859220&quot;,&quot;copyright&quot;:&quot;&quot;,&quot;focal_length&quot;:&quot;100&quot;,&quot;iso&quot;:&quot;320&quot;,&quot;shutter_speed&quot;:&quot;0.01&quot;,&quot;title&quot;:&quot;&quot;,&quot;orientation&quot;:&quot;0&quot;}\" data-image-title=\"Tupasvilla_makro-2\" data-image-description=\"\" data-image-caption=\"\" data-large-file=\"https:\/\/www.satokangas.fi\/blogi\/wp-content\/uploads\/2019\/08\/Tupasvilla_makro-2.jpg\" class=\"aligncenter size-full wp-image-36983\" src=\"https:\/\/www.satokangas.fi\/blogi\/wp-content\/uploads\/2019\/08\/Tupasvilla_makro-2.jpg\" alt=\"\" width=\"1000\" height=\"667\" srcset=\"https:\/\/www.satokangas.fi\/blogi\/wp-content\/uploads\/2019\/08\/Tupasvilla_makro-2.jpg 1000w, https:\/\/www.satokangas.fi\/blogi\/wp-content\/uploads\/2019\/08\/Tupasvilla_makro-2-300x200.jpg 300w, https:\/\/www.satokangas.fi\/blogi\/wp-content\/uploads\/2019\/08\/Tupasvilla_makro-2-600x400.jpg 600w, https:\/\/www.satokangas.fi\/blogi\/wp-content\/uploads\/2019\/08\/Tupasvilla_makro-2-768x512.jpg 768w\" sizes=\"auto, (max-width: 1000px) 100vw, 1000px\" \/><\/a><\/p>\n<p style=\"text-align: justify;\">Curly Girl &#8211; tuli kummasti mieleen aamun lyhyell\u00e4 kuvauslenkill\u00e4ni. Nyt kun on ollut sumua, usvaa ja tihkusadetta, eiv\u00e4t tunturimaisemat ole kaikkein kuvauksellisempia. Joten otinpa aamulla repun ja kameran ja suuntasin kuvailemaan makroja\u00a0 &#8211; l\u00e4hikuvissa sade voi olla eduksikin. Ja yksi itselle mieluisin otos on t\u00e4m\u00e4: tupasvilla \u00f6isin sateen j\u00e4lkeen.<\/p>\n<p style=\"text-align: justify;\"><a href=\"https:\/\/www.satokangas.fi\/blogi\/2019\/08\/sumuisessa-lapissa\/1-3-58\/#main\" rel=\"attachment wp-att-36985\"><img loading=\"lazy\" decoding=\"async\" data-attachment-id=\"36985\" data-permalink=\"https:\/\/www.satokangas.fi\/blogi\/2019\/08\/sumuisessa-lapissa\/1-3-58\/\" data-orig-file=\"https:\/\/www.satokangas.fi\/blogi\/wp-content\/uploads\/2019\/08\/1-3.jpg\" data-orig-size=\"1000,667\" data-comments-opened=\"1\" data-image-meta=\"{&quot;aperture&quot;:&quot;13&quot;,&quot;credit&quot;:&quot;REIJA SATOKANGAS&quot;,&quot;camera&quot;:&quot;Canon EOS 5D Mark IV&quot;,&quot;caption&quot;:&quot;&quot;,&quot;created_timestamp&quot;:&quot;1565860334&quot;,&quot;copyright&quot;:&quot;&quot;,&quot;focal_length&quot;:&quot;70&quot;,&quot;iso&quot;:&quot;500&quot;,&quot;shutter_speed&quot;:&quot;0.016666666666667&quot;,&quot;title&quot;:&quot;&quot;,&quot;orientation&quot;:&quot;0&quot;}\" data-image-title=\"1-3\" data-image-description=\"\" data-image-caption=\"\" data-large-file=\"https:\/\/www.satokangas.fi\/blogi\/wp-content\/uploads\/2019\/08\/1-3.jpg\" class=\"aligncenter size-full wp-image-36985\" src=\"https:\/\/www.satokangas.fi\/blogi\/wp-content\/uploads\/2019\/08\/1-3.jpg\" alt=\"\" width=\"1000\" height=\"667\" srcset=\"https:\/\/www.satokangas.fi\/blogi\/wp-content\/uploads\/2019\/08\/1-3.jpg 1000w, https:\/\/www.satokangas.fi\/blogi\/wp-content\/uploads\/2019\/08\/1-3-300x200.jpg 300w, https:\/\/www.satokangas.fi\/blogi\/wp-content\/uploads\/2019\/08\/1-3-600x400.jpg 600w, https:\/\/www.satokangas.fi\/blogi\/wp-content\/uploads\/2019\/08\/1-3-768x512.jpg 768w\" sizes=\"auto, (max-width: 1000px) 100vw, 1000px\" \/><\/a><\/p>\n<p style=\"text-align: justify;\">Oma <a href=\"https:\/\/www.satokangas.fi\/blogi\/2019\/07\/hiusten-hoitoa-ja-intialaista-ruokaa\/\" target=\"_blank\" rel=\"noopener noreferrer\">Curly Girl -kokeilu<\/a> on jatkunut t\u00e4\u00e4ll\u00e4 m\u00f6ks\u00e4ll\u00e4. Noh, tekeeh\u00e4n se tukan el\u00e4v\u00e4isemm\u00e4ksi ja kiilt\u00e4v\u00e4mm\u00e4ksi, mutta ei todellakaan huolitellummaksi tai muutenkaan enemm\u00e4n mieluisaksi. Siisp\u00e4 jatkan huoltoa t\u00e4\u00e4ll\u00e4, ja jatkan hiuksia turmelevaa kuivausta ja ep\u00e4luomua hiustenhoitoarsenaalia kotosalla. Kaikkea kun ei voi saada&#8230;<\/p>\n<p style=\"text-align: justify;\">Kun puolenp\u00e4iv\u00e4n tienoilla palasin m\u00f6kille, oli Apsu pihalla vastassa &#8211; pomppien yl\u00f6s &#8211; alas! Nyt! Nyt. Nyt mummi l\u00e4hdet\u00e4\u00e4n! Ja niinh\u00e4n me sitten tehtiin.<\/p>\n<p style=\"text-align: justify;\">L\u00e4hdimme iltap\u00e4iv\u00e4ksi Angry Birds -puistoon kuten luvattu oli. Kaksin siell\u00e4 kuljimme, pelasimme, kiipeilimme, hypimme ja pompimme. Ja taas pistettiin mummi liikkumaan! Hyvin jaksettiin molemmat. Ja min\u00e4kin innostuin pelaamaan ko. peli\u00e4 &#8211; eka kertaa ikin\u00e4. Vanha Tetris -friikki muisti pelien riemun.<\/p>\n<p style=\"text-align: justify;\">M\u00f6kille palattua arkinen m\u00f6kkiruoka pikavauhtia p\u00f6yt\u00e4\u00e4n: pastaa kahdella kastikkeella ja j\u00e4lkkk\u00e4riksi perinteist\u00e4 leip\u00e4juusto &#8211; hillakomboa. Ja kuka olikaan mummin apuna keitti\u00f6puuhissa? Apsu oli paras salaatin ja j\u00e4lkkk\u00e4rin tuunaaja.<\/p>\n<p style=\"text-align: justify;\"><a href=\"https:\/\/www.satokangas.fi\/blogi\/2019\/08\/sumuisessa-lapissa\/1-2-72\/#main\" rel=\"attachment wp-att-36984\"><img loading=\"lazy\" decoding=\"async\" data-attachment-id=\"36984\" data-permalink=\"https:\/\/www.satokangas.fi\/blogi\/2019\/08\/sumuisessa-lapissa\/1-2-72\/\" data-orig-file=\"https:\/\/www.satokangas.fi\/blogi\/wp-content\/uploads\/2019\/08\/1-2.jpg\" data-orig-size=\"800,533\" data-comments-opened=\"1\" data-image-meta=\"{&quot;aperture&quot;:&quot;3.5&quot;,&quot;credit&quot;:&quot;REIJA SATOKANGAS&quot;,&quot;camera&quot;:&quot;Canon EOS 5D Mark IV&quot;,&quot;caption&quot;:&quot;&quot;,&quot;created_timestamp&quot;:&quot;1565886934&quot;,&quot;copyright&quot;:&quot;&quot;,&quot;focal_length&quot;:&quot;100&quot;,&quot;iso&quot;:&quot;1250&quot;,&quot;shutter_speed&quot;:&quot;0.02&quot;,&quot;title&quot;:&quot;&quot;,&quot;orientation&quot;:&quot;0&quot;}\" data-image-title=\"1-2\" data-image-description=\"\" data-image-caption=\"\" data-large-file=\"https:\/\/www.satokangas.fi\/blogi\/wp-content\/uploads\/2019\/08\/1-2.jpg\" class=\"aligncenter size-full wp-image-36984\" src=\"https:\/\/www.satokangas.fi\/blogi\/wp-content\/uploads\/2019\/08\/1-2.jpg\" alt=\"\" width=\"800\" height=\"533\" srcset=\"https:\/\/www.satokangas.fi\/blogi\/wp-content\/uploads\/2019\/08\/1-2.jpg 800w, https:\/\/www.satokangas.fi\/blogi\/wp-content\/uploads\/2019\/08\/1-2-300x200.jpg 300w, https:\/\/www.satokangas.fi\/blogi\/wp-content\/uploads\/2019\/08\/1-2-600x400.jpg 600w, https:\/\/www.satokangas.fi\/blogi\/wp-content\/uploads\/2019\/08\/1-2-768x512.jpg 768w\" sizes=\"auto, (max-width: 800px) 100vw, 800px\" \/><\/a><\/p>\n<p style=\"text-align: justify;\">Ja sitten tanssittiin Eeviksen kanssa tangoa. Kuinka lapsi nauttikaan musiikista ja tanssin keinunnasta. \ud83d\ude09 Niinp\u00e4 ne taitavat monet pienet tehd\u00e4.<\/p>\n<p style=\"text-align: justify;\">M\u00f6kkip\u00e4iv\u00e4ss\u00e4 keskeisint\u00e4 pienet, ja elo ja olo heid\u00e4n ehdoillaan ja kanssaan.<\/p>\n<p style=\"text-align: justify;\">\n","protected":false},"excerpt":{"rendered":"<p>Curly Girl &#8211; tuli kummasti mieleen aamun lyhyell\u00e4 kuvauslenkill\u00e4ni. Nyt kun on ollut sumua, usvaa ja tihkusadetta, eiv\u00e4t tunturimaisemat ole kaikkein kuvauksellisempia. Joten otinpa aamulla repun ja kameran ja suuntasin kuvailemaan makroja\u00a0 &#8211; l\u00e4hikuvissa sade voi olla eduksikin. Ja yksi itselle mieluisin otos on t\u00e4m\u00e4: tupasvilla \u00f6isin sateen j\u00e4lkeen. Oma Curly Girl -kokeilu on jatkunut t\u00e4\u00e4ll\u00e4 m\u00f6ks\u00e4ll\u00e4. Noh, tekeeh\u00e4n se &hellip; <\/p>\n","protected":false},"author":1,"featured_media":0,"comment_status":"open","ping_status":"open","sticky":false,"template":"","format":"standard","meta":{"jetpack_post_was_ever_published":false,"_jetpack_newsletter_access":"","_jetpack_dont_email_post_to_subs":false,"_jetpack_newsletter_tier_id":0,"_jetpack_memberships_contains_paywalled_content":false,"_jetpack_memberships_contains_paid_content":false,"footnotes":"","jetpack_publicize_message":"","jetpack_publicize_feature_enabled":true,"jetpack_social_post_already_shared":true,"jetpack_social_options":{"image_generator_settings":{"template":"highway","default_image_id":0,"font":"","enabled":false},"version":2}},"categories":[75,97,37],"tags":[],"class_list":["post-36982","post","type-post","status-publish","format-standard","hentry","category-isovanhemmuus","category-mokkielamaa","category-valokuvaus","latest_post"],"jetpack_publicize_connections":[],"jetpack_featured_media_url":"","jetpack_shortlink":"https:\/\/wp.me\/pr4p4-9Cu","jetpack_sharing_enabled":true,"jetpack_likes_enabled":false,"jetpack-related-posts":[{"id":26966,"url":"https:\/\/www.satokangas.fi\/blogi\/2015\/12\/oulun-aamu\/","url_meta":{"origin":36982,"position":0},"title":"Oulun aamu","author":"Reija","date":"2.12.2015","format":false,"excerpt":"Klikkaa isommaksi. Kyll\u00e4 min\u00e4 joskus ty\u00f6aamuisin ajattelin, ett\u00e4 ulkona saattaisi olla kauniita sinisi\u00e4 hetki\u00e4. Ett\u00e4 pikkupakkasessa, hiljaisessa kaupungissa voisi olla mukava k\u00e4vell\u00e4. Vaikka harvoinhan niit\u00e4 sellaisia ajatuksia sittenk\u00e4\u00e4n tuli, sill\u00e4 eip\u00e4 yliopiston kampuksen kolossissa paljon ulkoilmasta tiennyt. Toki ikkunoita ty\u00f6huoneissa ja neukkareissa, luentosaleissa ja k\u00e4yt\u00e4vien varsillakin oli, mutta ei ikkunoista\u00a0juuri\u2026","rel":"","context":"Kategoriassa &quot;Niit\u00e4 n\u00e4it\u00e4&quot;","block_context":{"text":"Niit\u00e4 n\u00e4it\u00e4","link":"https:\/\/www.satokangas.fi\/blogi\/category\/aiheeton\/"},"img":{"alt_text":"Linnanmaalla-aamu-5_3_2013_p","src":"https:\/\/i0.wp.com\/www.satokangas.fi\/blogi\/wp-content\/uploads\/2015\/12\/Linnanmaalla-aamu-5_3_2013_p-600x157.jpg?resize=350%2C200&ssl=1","width":350,"height":200,"srcset":"https:\/\/i0.wp.com\/www.satokangas.fi\/blogi\/wp-content\/uploads\/2015\/12\/Linnanmaalla-aamu-5_3_2013_p-600x157.jpg?resize=350%2C200&ssl=1 1x, https:\/\/i0.wp.com\/www.satokangas.fi\/blogi\/wp-content\/uploads\/2015\/12\/Linnanmaalla-aamu-5_3_2013_p-600x157.jpg?resize=525%2C300&ssl=1 1.5x"},"classes":[]},{"id":50893,"url":"https:\/\/www.satokangas.fi\/blogi\/2024\/10\/maanantaiaamukin-on-hyva\/","url_meta":{"origin":36982,"position":1},"title":"Maanantaiaamukin on hyv\u00e4","author":"Reija","date":"21.10.2024","format":false,"excerpt":"Aamut on parhaita. Senh\u00e4n toki tied\u00e4n, mutta miksi se on tahtonut unohtua viime aikoina. Jotenkin lusmuillen olen aamut usein tuhlannut, lukenut netist\u00e4 uutisia, vatuloinut jonkun pikku asian parissa (pyykki\u00e4, kauppalapun tekoa, s\u00e4hk\u00f6posteihin (niit\u00e4 on joinakin aamuina ehk\u00e4 monikko, siis kaksikin samalle aamulle!!, jonkun laatikon siivous...). T\u00e4n\u00e4\u00e4n en vatuloinut. Sen ett\u00e4\u2026","rel":"","context":"Kategoriassa &quot;Niit\u00e4 n\u00e4it\u00e4&quot;","block_context":{"text":"Niit\u00e4 n\u00e4it\u00e4","link":"https:\/\/www.satokangas.fi\/blogi\/category\/aiheeton\/"},"img":{"alt_text":"","src":"https:\/\/i0.wp.com\/www.satokangas.fi\/blogi\/wp-content\/uploads\/2024\/10\/Maanantaiaamu-3.jpg?resize=350%2C200&ssl=1","width":350,"height":200,"srcset":"https:\/\/i0.wp.com\/www.satokangas.fi\/blogi\/wp-content\/uploads\/2024\/10\/Maanantaiaamu-3.jpg?resize=350%2C200&ssl=1 1x, https:\/\/i0.wp.com\/www.satokangas.fi\/blogi\/wp-content\/uploads\/2024\/10\/Maanantaiaamu-3.jpg?resize=525%2C300&ssl=1 1.5x, https:\/\/i0.wp.com\/www.satokangas.fi\/blogi\/wp-content\/uploads\/2024\/10\/Maanantaiaamu-3.jpg?resize=700%2C400&ssl=1 2x"},"classes":[]},{"id":53362,"url":"https:\/\/www.satokangas.fi\/blogi\/2025\/11\/aamun-harmaudessa-ikava\/","url_meta":{"origin":36982,"position":2},"title":"Aamun harmaudessa ik\u00e4v\u00e4","author":"Reija","date":"1.11.2025","format":false,"excerpt":"Aamuvarhain hautausmaalla. Reppu t\u00e4ynn\u00e4 kynttil\u00f6it\u00e4, kamera kaulalla. Kuljin hiljaa, kauan. Reppu keveni kynttil\u00f6ist\u00e4... Sisaren haudalla vain hetken, t\u00e4n\u00e4\u00e4n viiv\u00e4hdin vain hetken, mutta oikeastaan vain h\u00e4nt\u00e4 ajattelin kaikkialla. Koko p\u00e4iv\u00e4n. Iltap\u00e4iv\u00e4n hartaushetkess\u00e4kin. Eik\u00e4 ik\u00e4v\u00e4 lopu. Yll\u00e4olevassa ikkunassa on kuvagalleria: klikkaile nuolilla kuvasta toiseen.\u00a0","rel":"","context":"Kategoriassa &quot;Hautausmailla&quot;","block_context":{"text":"Hautausmailla","link":"https:\/\/www.satokangas.fi\/blogi\/category\/hautausmailla\/"},"img":{"alt_text":"","src":"https:\/\/i0.wp.com\/www.satokangas.fi\/blogi\/wp-content\/uploads\/2025\/11\/Pyhainpaivanaatto-6-1.jpg?resize=350%2C200&ssl=1","width":350,"height":200,"srcset":"https:\/\/i0.wp.com\/www.satokangas.fi\/blogi\/wp-content\/uploads\/2025\/11\/Pyhainpaivanaatto-6-1.jpg?resize=350%2C200&ssl=1 1x, https:\/\/i0.wp.com\/www.satokangas.fi\/blogi\/wp-content\/uploads\/2025\/11\/Pyhainpaivanaatto-6-1.jpg?resize=525%2C300&ssl=1 1.5x, https:\/\/i0.wp.com\/www.satokangas.fi\/blogi\/wp-content\/uploads\/2025\/11\/Pyhainpaivanaatto-6-1.jpg?resize=700%2C400&ssl=1 2x, https:\/\/i0.wp.com\/www.satokangas.fi\/blogi\/wp-content\/uploads\/2025\/11\/Pyhainpaivanaatto-6-1.jpg?resize=1050%2C600&ssl=1 3x"},"classes":[]},{"id":18924,"url":"https:\/\/www.satokangas.fi\/blogi\/2013\/10\/tyohuoneessa-viihtyen\/","url_meta":{"origin":36982,"position":3},"title":"Ty\u00f6huoneessa viihtyen","author":"Reija","date":"3.10.2013","format":false,"excerpt":"Aamu-usvaa, - jotenkin vanha tunnelma kampuksen parkkipaikalla, Norssin urheilukentt\u00e4 suorastaan h\u00f6yrysi.\u00a0Oli l\u00e4mmin. Tai no ei ainakaan ollut kylm\u00e4. S\u00e4\u00e4 siis mit\u00e4 oivallisin vet\u00e4yty\u00e4 ty\u00f6huoneen l\u00e4mp\u00f6\u00f6n. Kunhan taas omaan huoneeseeni l\u00f6ysin. Joka toinen aamu olen muistanut kerralla menn\u00e4 omaan uuteen huoneeseeni, joka toinen aamu olen tormannut sijaiseni - siis entiseen omaan\u2026","rel":"","context":"Kategoriassa &quot;Ruoka ja viini&quot;","block_context":{"text":"Ruoka ja viini","link":"https:\/\/www.satokangas.fi\/blogi\/category\/ruoka_ja_viini\/"},"img":{"alt_text":"Usvainen aamu-7","src":"https:\/\/i0.wp.com\/www.satokangas.fi\/blogi\/wp-content\/uploads\/2013\/10\/Usvainen-aamu-7-322x400.jpg?resize=350%2C200&ssl=1","width":350,"height":200},"classes":[]},{"id":3698,"url":"https:\/\/www.satokangas.fi\/blogi\/2009\/07\/katalonian-arjessa-juhlaa\/","url_meta":{"origin":36982,"position":4},"title":"Katalonian arjessa juhlaa","author":"Reija","date":"3.7.2009","format":false,"excerpt":"Rosesin aamussa ei laula kukko, eiv\u00e4t soi kirkonkellot, eiv\u00e4t hauku koirat, mutta TASAN 6.45 joka aamu soi pilli. Sellainen \"yleinen h\u00e4lytys\u00e4\u00e4ni\" -pilli. Sen j\u00e4lkeen kalastaja-alukset l\u00e4htev\u00e4t merelle. Meid\u00e4n makuuhuoneen ikkunasta n\u00e4kee kun ne l\u00e4htev\u00e4t. Joka ikinen aamu olen kuullut \u00e4\u00e4nen, monena aamuna sen j\u00e4lkeen l\u00e4htenyt aamu-uinnille. T\u00e4n\u00e4\u00e4n en. Kuulin summerrin,\u2026","rel":"","context":"Kategoriassa &quot;Niit\u00e4 n\u00e4it\u00e4&quot;","block_context":{"text":"Niit\u00e4 n\u00e4it\u00e4","link":"https:\/\/www.satokangas.fi\/blogi\/category\/aiheeton\/"},"img":{"alt_text":"paaskyt","src":"https:\/\/i0.wp.com\/www.satokangas.fi\/blogi\/wp-content\/uploads\/2009\/07\/paaskyt-500x353.jpg?resize=350%2C200&ssl=1","width":350,"height":200},"classes":[]},{"id":22318,"url":"https:\/\/www.satokangas.fi\/blogi\/2014\/09\/ulkoilmaelamasta-takaisin-kaupunkiin\/","url_meta":{"origin":36982,"position":5},"title":"Ulkoilmael\u00e4m\u00e4st\u00e4 takaisin kaupunkiin","author":"Reija","date":"1.9.2014","format":false,"excerpt":"H\u00e4\u00e4p\u00e4iv\u00e4ruusut ripustin m\u00f6kin sein\u00e4kelloon kuivumaan, (kuvat kannattaa klikata isommiksi, ehdottomasti)\u00a0 ja Pehtoori laittoi meid\u00e4n Vinkun ovensuuhun tiitter\u00e4ksi vartijaksi. Aika l\u00e4hte\u00e4 kotiin. Sit\u00e4 ennen olin k\u00e4ynyt pienell\u00e4 lenkill\u00e4. Aamun kosteus, kylm\u00e4n y\u00f6n j\u00e4lkeen usvaa. Raikkaus ja puhtaus ilmassa. Mets\u00e4 houkutti. Tunturiin oli mieli... Ja sieni\u00e4! Niit\u00e4 on joka paikassa. T\u00e4llaisen kuvan\u2026","rel":"","context":"Kategoriassa &quot;Lappi&quot;","block_context":{"text":"Lappi","link":"https:\/\/www.satokangas.fi\/blogi\/category\/lappi\/"},"img":{"alt_text":"WP_20140901_10_32_57_Pro","src":"https:\/\/i0.wp.com\/www.satokangas.fi\/blogi\/wp-content\/uploads\/2014\/09\/WP_20140901_10_32_57_Pro-225x400.jpg?resize=350%2C200&ssl=1","width":350,"height":200},"classes":[]}],"_links":{"self":[{"href":"https:\/\/www.satokangas.fi\/blogi\/wp-json\/wp\/v2\/posts\/36982","targetHints":{"allow":["GET"]}}],"collection":[{"href":"https:\/\/www.satokangas.fi\/blogi\/wp-json\/wp\/v2\/posts"}],"about":[{"href":"https:\/\/www.satokangas.fi\/blogi\/wp-json\/wp\/v2\/types\/post"}],"author":[{"embeddable":true,"href":"https:\/\/www.satokangas.fi\/blogi\/wp-json\/wp\/v2\/users\/1"}],"replies":[{"embeddable":true,"href":"https:\/\/www.satokangas.fi\/blogi\/wp-json\/wp\/v2\/comments?post=36982"}],"version-history":[{"count":0,"href":"https:\/\/www.satokangas.fi\/blogi\/wp-json\/wp\/v2\/posts\/36982\/revisions"}],"wp:attachment":[{"href":"https:\/\/www.satokangas.fi\/blogi\/wp-json\/wp\/v2\/media?parent=36982"}],"wp:term":[{"taxonomy":"category","embeddable":true,"href":"https:\/\/www.satokangas.fi\/blogi\/wp-json\/wp\/v2\/categories?post=36982"},{"taxonomy":"post_tag","embeddable":true,"href":"https:\/\/www.satokangas.fi\/blogi\/wp-json\/wp\/v2\/tags?post=36982"}],"curies":[{"name":"wp","href":"https:\/\/api.w.org\/{rel}","templated":true}]}}