{"id":36976,"date":"2019-08-14T20:52:41","date_gmt":"2019-08-14T17:52:41","guid":{"rendered":"https:\/\/www.satokangas.fi\/blogi\/?p=36976"},"modified":"2019-08-14T21:53:14","modified_gmt":"2019-08-14T18:53:14","slug":"pienen-lomaseurana","status":"publish","type":"post","link":"https:\/\/www.satokangas.fi\/blogi\/2019\/08\/pienen-lomaseurana\/","title":{"rendered":"Pienen lomaseurana"},"content":{"rendered":"<blockquote>\n<p style=\"text-align: justify;\">&#8221;Mulla on nyt loma!&#8221;<\/p>\n<\/blockquote>\n<p style=\"text-align: justify;\">Sanoi Apsu varsin pontevasti my\u00f6h\u00e4\u00e4n eilen illalla, kun l\u00e4hti vanhempiensa ja sisarensa kanssa pikkum\u00f6kkiin nukkumaan ja kun oli suunniteltu tovi, mit\u00e4 t\u00e4n\u00e4\u00e4n teht\u00e4isiin. Pojalla on kahden p\u00e4iv\u00e4n p\u00e4iv\u00e4kotiura takana, ja nyt VIHDOIN loma.<\/p>\n<p style=\"text-align: justify;\">T\u00e4n\u00e4\u00e4n onkin sitten menty paljolti lomalaisen toiveiden ja tahdon mukaan. Tosin aamuriisipuuro ei juuri maistunut, eik\u00e4 paljon muukaan, sill\u00e4 &#8211; kuten p\u00e4iv\u00e4kotiuransa aloittaneelle lapselle on v\u00e4hint\u00e4\u00e4nkin s\u00e4\u00e4nn\u00f6nmukaista &#8211; on ensimm\u00e4inen tarhasta tuotu nuha (toivottavasti ei siit\u00e4 \u00e4idy pahemmaksi) tosiasia.<\/p>\n<p style=\"text-align: justify;\">Eilisest\u00e4 my\u00f6h\u00e4isest\u00e4 valvomisesta huolimatta olimme t\u00e4n\u00e4\u00e4n aamup\u00e4iv\u00e4ll\u00e4 kuitenkin suhteellisen ajoissa &#8221;radalla&#8221; tai siis tarkemmin ottaen polulla. Ja kuinka Apsua innostikaan, kun siell\u00e4 oli viittoja, merkkej\u00e4, karttoja&#8230; ja h\u00e4n sai opastaa mummia ja muuta porukkaa, mist\u00e4 menn\u00e4\u00e4n. Juosta edell\u00e4 ja huutaa &#8221;Mummiiiiiiii, tuu jo&#8221;.<\/p>\n<p style=\"text-align: justify;\"><a href=\"https:\/\/www.satokangas.fi\/blogi\/2019\/08\/pienen-lomaseurana\/lenkilla-10\/#main\" rel=\"attachment wp-att-36980\"><img loading=\"lazy\" decoding=\"async\" data-attachment-id=\"36980\" data-permalink=\"https:\/\/www.satokangas.fi\/blogi\/2019\/08\/pienen-lomaseurana\/lenkilla-10\/\" data-orig-file=\"https:\/\/www.satokangas.fi\/blogi\/wp-content\/uploads\/2019\/08\/lenkilla-10.jpg\" data-orig-size=\"667,1000\" data-comments-opened=\"1\" data-image-meta=\"{&quot;aperture&quot;:&quot;5.6&quot;,&quot;credit&quot;:&quot;REIJA SATOKANGAS&quot;,&quot;camera&quot;:&quot;Canon EOS 5D Mark IV&quot;,&quot;caption&quot;:&quot;&quot;,&quot;created_timestamp&quot;:&quot;1565776630&quot;,&quot;copyright&quot;:&quot;&quot;,&quot;focal_length&quot;:&quot;70&quot;,&quot;iso&quot;:&quot;500&quot;,&quot;shutter_speed&quot;:&quot;0.002&quot;,&quot;title&quot;:&quot;&quot;,&quot;orientation&quot;:&quot;0&quot;}\" data-image-title=\"lenkilla-10\" data-image-description=\"\" data-image-caption=\"\" data-large-file=\"https:\/\/www.satokangas.fi\/blogi\/wp-content\/uploads\/2019\/08\/lenkilla-10.jpg\" class=\"aligncenter size-full wp-image-36980\" src=\"https:\/\/www.satokangas.fi\/blogi\/wp-content\/uploads\/2019\/08\/lenkilla-10.jpg\" alt=\"\" width=\"667\" height=\"1000\" srcset=\"https:\/\/www.satokangas.fi\/blogi\/wp-content\/uploads\/2019\/08\/lenkilla-10.jpg 667w, https:\/\/www.satokangas.fi\/blogi\/wp-content\/uploads\/2019\/08\/lenkilla-10-200x300.jpg 200w, https:\/\/www.satokangas.fi\/blogi\/wp-content\/uploads\/2019\/08\/lenkilla-10-267x400.jpg 267w\" sizes=\"auto, (max-width: 667px) 100vw, 667px\" \/><\/a><\/p>\n<p style=\"text-align: justify;\">Kyll\u00e4 on t\u00e4m\u00e4 nelivuotias oikeasti aika kovakuntoinen (on muuten osallistunut perheen &#8221;Suureen Py\u00f6r\u00e4ilykes\u00e4\u00e4n&#8221; omalta osaltaan aika huikealla panoksella: 16 km yhden p\u00e4iv\u00e4n aikana pienell\u00e4 apurattaisella py\u00f6r\u00e4ll\u00e4\u00e4n!); t\u00e4n\u00e4\u00e4n reilusti kolme kilometri\u00e4 melkein juosten tunturin kuvetta yl\u00f6s ja alas, ja kaikki muu liikkuminen p\u00e4\u00e4lle &#8211; nuhasta huolimatta.<\/p>\n<p style=\"text-align: justify;\">Iso, komeiden porohirvaiden tokka (vai sittenkin vain parttio) kulki polulla ihan liki ohi, oli se j\u00e4nn\u00e4 juttu, kuten reitille sattuneet &#8221;kummitusk\u00e4mp\u00e4t&#8221;. Apsu tulkitsi patikkareitin kaikki tuvat ja laavut kummitusk\u00e4mpiksi.<\/p>\n<p style=\"text-align: justify;\"><a href=\"https:\/\/www.satokangas.fi\/blogi\/2019\/08\/pienen-lomaseurana\/lenkilla-8\/#main\" rel=\"attachment wp-att-36979\"><img loading=\"lazy\" decoding=\"async\" data-attachment-id=\"36979\" data-permalink=\"https:\/\/www.satokangas.fi\/blogi\/2019\/08\/pienen-lomaseurana\/lenkilla-8\/\" data-orig-file=\"https:\/\/www.satokangas.fi\/blogi\/wp-content\/uploads\/2019\/08\/lenkilla-8.jpg\" data-orig-size=\"750,1000\" data-comments-opened=\"1\" data-image-meta=\"{&quot;aperture&quot;:&quot;0&quot;,&quot;credit&quot;:&quot;&quot;,&quot;camera&quot;:&quot;&quot;,&quot;caption&quot;:&quot;&quot;,&quot;created_timestamp&quot;:&quot;0&quot;,&quot;copyright&quot;:&quot;&quot;,&quot;focal_length&quot;:&quot;0&quot;,&quot;iso&quot;:&quot;0&quot;,&quot;shutter_speed&quot;:&quot;0&quot;,&quot;title&quot;:&quot;&quot;,&quot;orientation&quot;:&quot;0&quot;}\" data-image-title=\"lenkilla-8\" data-image-description=\"\" data-image-caption=\"\" data-large-file=\"https:\/\/www.satokangas.fi\/blogi\/wp-content\/uploads\/2019\/08\/lenkilla-8.jpg\" class=\"aligncenter size-full wp-image-36979\" src=\"https:\/\/www.satokangas.fi\/blogi\/wp-content\/uploads\/2019\/08\/lenkilla-8.jpg\" alt=\"\" width=\"750\" height=\"1000\" srcset=\"https:\/\/www.satokangas.fi\/blogi\/wp-content\/uploads\/2019\/08\/lenkilla-8.jpg 750w, https:\/\/www.satokangas.fi\/blogi\/wp-content\/uploads\/2019\/08\/lenkilla-8-225x300.jpg 225w, https:\/\/www.satokangas.fi\/blogi\/wp-content\/uploads\/2019\/08\/lenkilla-8-300x400.jpg 300w\" sizes=\"auto, (max-width: 750px) 100vw, 750px\" \/><\/a><\/p>\n<p style=\"text-align: justify;\">Pojan toivelistalla oli my\u00f6s munkki Kaunisp\u00e4\u00e4ll\u00e4. Sinne siis munkkilounaalle. Ihan koko munkki ei uponnut &#8221;voidaan vied\u00e4 isille&#8221; [is\u00e4ns\u00e4 oli silloin koiran kanssa maastopy\u00f6r\u00e4ilem\u00e4ss\u00e4 Lutto-tuvan suunnalla].<\/p>\n<p style=\"text-align: justify;\"><a href=\"https:\/\/www.satokangas.fi\/blogi\/2019\/08\/pienen-lomaseurana\/lenkilla-4-3\/#main\" rel=\"attachment wp-att-36977\"><img loading=\"lazy\" decoding=\"async\" data-attachment-id=\"36977\" data-permalink=\"https:\/\/www.satokangas.fi\/blogi\/2019\/08\/pienen-lomaseurana\/lenkilla-4-3\/\" data-orig-file=\"https:\/\/www.satokangas.fi\/blogi\/wp-content\/uploads\/2019\/08\/lenkilla-4.jpg\" data-orig-size=\"2048,1365\" data-comments-opened=\"1\" data-image-meta=\"{&quot;aperture&quot;:&quot;4&quot;,&quot;credit&quot;:&quot;REIJA SATOKANGAS&quot;,&quot;camera&quot;:&quot;Canon EOS 5D Mark IV&quot;,&quot;caption&quot;:&quot;&quot;,&quot;created_timestamp&quot;:&quot;1565779699&quot;,&quot;copyright&quot;:&quot;&quot;,&quot;focal_length&quot;:&quot;100&quot;,&quot;iso&quot;:&quot;1000&quot;,&quot;shutter_speed&quot;:&quot;0.005&quot;,&quot;title&quot;:&quot;&quot;,&quot;orientation&quot;:&quot;0&quot;}\" data-image-title=\"lenkilla-4\" data-image-description=\"\" data-image-caption=\"\" data-large-file=\"https:\/\/www.satokangas.fi\/blogi\/wp-content\/uploads\/2019\/08\/lenkilla-4-1536x1024.jpg\" class=\"aligncenter size-large wp-image-36977\" src=\"https:\/\/www.satokangas.fi\/blogi\/wp-content\/uploads\/2019\/08\/lenkilla-4-1536x1024.jpg\" alt=\"\" width=\"1200\" height=\"800\" srcset=\"https:\/\/www.satokangas.fi\/blogi\/wp-content\/uploads\/2019\/08\/lenkilla-4-1536x1024.jpg 1536w, https:\/\/www.satokangas.fi\/blogi\/wp-content\/uploads\/2019\/08\/lenkilla-4-300x200.jpg 300w, https:\/\/www.satokangas.fi\/blogi\/wp-content\/uploads\/2019\/08\/lenkilla-4-600x400.jpg 600w, https:\/\/www.satokangas.fi\/blogi\/wp-content\/uploads\/2019\/08\/lenkilla-4-768x512.jpg 768w, https:\/\/www.satokangas.fi\/blogi\/wp-content\/uploads\/2019\/08\/lenkilla-4.jpg 2048w\" sizes=\"auto, (max-width: 1200px) 100vw, 1200px\" \/><\/a><\/p>\n<p style=\"text-align: justify;\">Iltap\u00e4iv\u00e4ll\u00e4 ja iltasella m\u00f6kkiel\u00e4m\u00e4\u00e4: rantasaunaa, kohtuullista ruokaa, lukemista, pelej\u00e4, juutupaita (Youtube), notski-iltapalaa. Kaikkea lomatouhua.<\/p>\n","protected":false},"excerpt":{"rendered":"<p>&#8221;Mulla on nyt loma!&#8221; Sanoi Apsu varsin pontevasti my\u00f6h\u00e4\u00e4n eilen illalla, kun l\u00e4hti vanhempiensa ja sisarensa kanssa pikkum\u00f6kkiin nukkumaan ja kun oli suunniteltu tovi, mit\u00e4 t\u00e4n\u00e4\u00e4n teht\u00e4isiin. Pojalla on kahden p\u00e4iv\u00e4n p\u00e4iv\u00e4kotiura takana, ja nyt VIHDOIN loma. T\u00e4n\u00e4\u00e4n onkin sitten menty paljolti lomalaisen toiveiden ja tahdon mukaan. Tosin aamuriisipuuro ei juuri maistunut, eik\u00e4 paljon muukaan, sill\u00e4 &#8211; kuten p\u00e4iv\u00e4kotiuransa aloittaneelle &hellip; <\/p>\n","protected":false},"author":1,"featured_media":0,"comment_status":"open","ping_status":"open","sticky":false,"template":"","format":"standard","meta":{"jetpack_post_was_ever_published":false,"_jetpack_newsletter_access":"","_jetpack_dont_email_post_to_subs":false,"_jetpack_newsletter_tier_id":0,"_jetpack_memberships_contains_paywalled_content":false,"_jetpack_memberships_contains_paid_content":false,"footnotes":"","jetpack_publicize_message":"","jetpack_publicize_feature_enabled":true,"jetpack_social_post_already_shared":true,"jetpack_social_options":{"image_generator_settings":{"template":"highway","default_image_id":0,"font":"","enabled":false},"version":2}},"categories":[75,97],"tags":[],"class_list":["post-36976","post","type-post","status-publish","format-standard","hentry","category-isovanhemmuus","category-mokkielamaa","latest_post"],"jetpack_publicize_connections":[],"jetpack_featured_media_url":"","jetpack_shortlink":"https:\/\/wp.me\/pr4p4-9Co","jetpack_sharing_enabled":true,"jetpack_likes_enabled":false,"jetpack-related-posts":[{"id":34222,"url":"https:\/\/www.satokangas.fi\/blogi\/2018\/06\/kesalauantai-koti-oulussa\/","url_meta":{"origin":36976,"position":0},"title":"Kes\u00e4lauantai koti-Oulussa&#8230;","author":"Reija","date":"16.6.2018","format":false,"excerpt":"Nyt olen aika lyhytsanainen. On ollut kes\u00e4lauantai. Oulussa, kotona. Usein t\u00e4m\u00e4 on ollut jotenkin hirmu hieno lauantai: viikko ennen juhannusta, viikko tai kaksi ennen loman aloitusta. Nyt t\u00e4m\u00e4 on ollut siirtyminen lomalta lomalle. M\u00f6kilt\u00e4 kotiin. Ja t\u00e4n\u00e4\u00e4n on ollut mit\u00e4 mainioin kes\u00e4inen ilma. L\u00e4mmin, merellinen, mielytt\u00e4v\u00e4 tuuli. Ja aamuun her\u00e4sin\u2026","rel":"","context":"Kategoriassa &quot;Isovanhemmuus&quot;","block_context":{"text":"Isovanhemmuus","link":"https:\/\/www.satokangas.fi\/blogi\/category\/isovanhemmuus\/"},"img":{"alt_text":"","src":"https:\/\/i0.wp.com\/www.satokangas.fi\/blogi\/wp-content\/uploads\/2018\/06\/1-3.jpg?resize=350%2C200&ssl=1","width":350,"height":200,"srcset":"https:\/\/i0.wp.com\/www.satokangas.fi\/blogi\/wp-content\/uploads\/2018\/06\/1-3.jpg?resize=350%2C200&ssl=1 1x, https:\/\/i0.wp.com\/www.satokangas.fi\/blogi\/wp-content\/uploads\/2018\/06\/1-3.jpg?resize=525%2C300&ssl=1 1.5x, https:\/\/i0.wp.com\/www.satokangas.fi\/blogi\/wp-content\/uploads\/2018\/06\/1-3.jpg?resize=700%2C400&ssl=1 2x"},"classes":[]},{"id":41823,"url":"https:\/\/www.satokangas.fi\/blogi\/2021\/10\/lomaa-pizzaa-kuvia-vuosikerta-1999-ja-kurpitsalyhty\/","url_meta":{"origin":36976,"position":1},"title":"Lomaa, pizzaa, kuvia, vuosikerta 1999 ja kurpitsalyhty","author":"Reija","date":"29.10.2021","format":false,"excerpt":"Syntt\u00e4rit, syysloma ja Halloween Niinh\u00e4n siin\u00e4 on k\u00e4ynyt, ett\u00e4 Halloweenia on t\u00e4n\u00e4\u00e4n vietetty. Tai paremminkin Apsun (ja is\u00e4ns\u00e4) syysloman ja Eeviksen syntt\u00e4reiden (oikeasti vasta 10.11.)merkeiss\u00e4 on vietetty aikaa yhdess\u00e4. Puolinelj\u00e4ksi oli varattu ravintola Pannuun p\u00f6yt\u00e4, ja kuudestaan (R:kin ty\u00f6p\u00e4iv\u00e4n j\u00e4lkeen ehti mukaan) menimme pizzalle. Eevis oli ihmeiss\u00e4\u00e4n ihmis\"paljoudesta\". Enp\u00e4 muista\u2026","rel":"","context":"Kategoriassa &quot;Isovanhemmuus&quot;","block_context":{"text":"Isovanhemmuus","link":"https:\/\/www.satokangas.fi\/blogi\/category\/isovanhemmuus\/"},"img":{"alt_text":"","src":"https:\/\/i0.wp.com\/www.satokangas.fi\/blogi\/wp-content\/uploads\/2021\/10\/IMG_20211029_191151-701x1024.jpg?resize=350%2C200&ssl=1","width":350,"height":200},"classes":[]},{"id":31474,"url":"https:\/\/www.satokangas.fi\/blogi\/2017\/07\/kohti-syksya\/","url_meta":{"origin":36976,"position":2},"title":"Kohti syksy\u00e4&#8230;","author":"Reija","date":"31.7.2017","format":false,"excerpt":"Puutarhalla ja markettien \"kes\u00e4pihoilla\" on jo pallokrysanteemeja, Kalevassa olleet ensimm\u00e4iset reppumainokset \"Back to School\" -sloganeineen on n\u00e4hty, meid\u00e4n nurmikollakin on jo keltaisia koivunlehti\u00e4, paikallisliikenteen talviaikataulut on jo tulleet postiss. On hein\u00e4kuun viimeinen, juuri se maanantai, jolloin yleens\u00e4 oli tapana palata lomalta t\u00f6ihin. Toki t\u00e4n\u00e4\u00e4nkin oli kello soimassa kuudelta, mutta vain\u2026","rel":"","context":"Kategoriassa &quot;Niit\u00e4 n\u00e4it\u00e4&quot;","block_context":{"text":"Niit\u00e4 n\u00e4it\u00e4","link":"https:\/\/www.satokangas.fi\/blogi\/category\/aiheeton\/"},"img":{"alt_text":"","src":"https:\/\/i0.wp.com\/www.satokangas.fi\/blogi\/wp-content\/uploads\/2017\/07\/Kesapaiva-3-1-1600x924.jpg?resize=350%2C200&ssl=1","width":350,"height":200,"srcset":"https:\/\/i0.wp.com\/www.satokangas.fi\/blogi\/wp-content\/uploads\/2017\/07\/Kesapaiva-3-1-1600x924.jpg?resize=350%2C200&ssl=1 1x, https:\/\/i0.wp.com\/www.satokangas.fi\/blogi\/wp-content\/uploads\/2017\/07\/Kesapaiva-3-1-1600x924.jpg?resize=525%2C300&ssl=1 1.5x, https:\/\/i0.wp.com\/www.satokangas.fi\/blogi\/wp-content\/uploads\/2017\/07\/Kesapaiva-3-1-1600x924.jpg?resize=700%2C400&ssl=1 2x"},"classes":[]},{"id":44979,"url":"https:\/\/www.satokangas.fi\/blogi\/2023\/03\/iloja-ja-suruja-yhdelle-paivalle\/","url_meta":{"origin":36976,"position":3},"title":"Iloja ja suruja yhdelle p\u00e4iv\u00e4lle","author":"Reija","date":"2.3.2023","format":false,"excerpt":"Varoituksen sana, nyt tulee kyynelehtiv\u00e4\u00e4 vuodatusta, vuodatusta siit\u00e4, kuinka on surullinen ja surkea olo. Jo paljon ennen joulua, kun Juniori ilmoitti t\u00f6ihin lomatoiveensa t\u00e4lle vuodelle, merkittiin kalentereihin, ett\u00e4 ainakin h\u00e4n ja muksut, ehk\u00e4 my\u00f6s R. jos saa loman, tulevat hiihtoloman aikohin t\u00e4nne m\u00f6ks\u00e4lle meid\u00e4n kanssa, - mekin j\u00e4rjestimme tulomme t\u00e4nne\u2026","rel":"","context":"Kategoriassa &quot;Isovanhemmuus&quot;","block_context":{"text":"Isovanhemmuus","link":"https:\/\/www.satokangas.fi\/blogi\/category\/isovanhemmuus\/"},"img":{"alt_text":"","src":"https:\/\/i0.wp.com\/www.satokangas.fi\/blogi\/wp-content\/uploads\/2023\/03\/Kakslauttanen-4.jpg?resize=350%2C200&ssl=1","width":350,"height":200,"srcset":"https:\/\/i0.wp.com\/www.satokangas.fi\/blogi\/wp-content\/uploads\/2023\/03\/Kakslauttanen-4.jpg?resize=350%2C200&ssl=1 1x, https:\/\/i0.wp.com\/www.satokangas.fi\/blogi\/wp-content\/uploads\/2023\/03\/Kakslauttanen-4.jpg?resize=525%2C300&ssl=1 1.5x, https:\/\/i0.wp.com\/www.satokangas.fi\/blogi\/wp-content\/uploads\/2023\/03\/Kakslauttanen-4.jpg?resize=700%2C400&ssl=1 2x"},"classes":[]},{"id":33969,"url":"https:\/\/www.satokangas.fi\/blogi\/2018\/05\/pienen-kanssa-suuri-paiva\/","url_meta":{"origin":36976,"position":4},"title":"Pienen kanssa suuri p\u00e4iv\u00e4","author":"Reija","date":"10.5.2018","format":false,"excerpt":"Kun t\u00e4n\u00e4\u00e4n palasimme aamup\u00e4iv\u00e4retkelt\u00e4 (joka kyll\u00e4 ven\u00e4hti puolikahteen), totesin Pehtoorille, ett\u00e4 voisi t\u00e4nne j\u00e4\u00e4d\u00e4 viel\u00e4 toiseksikin viikoksi kaksistaan: k\u00e4velt\u00e4isiin (viel\u00e4 enemm\u00e4n) ja oltaisiin vaan. Mik\u00e4 ehk\u00e4 kertoo siit\u00e4, ett\u00e4 t\u00e4n\u00e4\u00e4nkin on ollut hyv\u00e4 p\u00e4iv\u00e4, ja paluu kotiin on jo l\u00e4hell\u00e4. Aamu avautui kauniina, l\u00e4mpim\u00e4n\u00e4, liki helteisen\u00e4 ja Pehtoorin kanssa olimme\u2026","rel":"","context":"Kategoriassa &quot;Isovanhemmuus&quot;","block_context":{"text":"Isovanhemmuus","link":"https:\/\/www.satokangas.fi\/blogi\/category\/isovanhemmuus\/"},"img":{"alt_text":"","src":"https:\/\/i0.wp.com\/www.satokangas.fi\/blogi\/wp-content\/uploads\/2018\/05\/Retkella-15.jpg?resize=350%2C200&ssl=1","width":350,"height":200,"srcset":"https:\/\/i0.wp.com\/www.satokangas.fi\/blogi\/wp-content\/uploads\/2018\/05\/Retkella-15.jpg?resize=350%2C200&ssl=1 1x, https:\/\/i0.wp.com\/www.satokangas.fi\/blogi\/wp-content\/uploads\/2018\/05\/Retkella-15.jpg?resize=525%2C300&ssl=1 1.5x"},"classes":[]},{"id":34761,"url":"https:\/\/www.satokangas.fi\/blogi\/2018\/09\/oli-palattava\/","url_meta":{"origin":36976,"position":5},"title":"Oli palattava","author":"Reija","date":"7.9.2018","format":false,"excerpt":"- \"Mikki meid\u00e4n pitt\u00e4\u00e4 l\u00e4ht\u00e4 kottiin?\" kysyi Apsu aamukahdeksalta m\u00f6kin aamiaisp\u00f6yd\u00e4ss\u00e4, silm\u00e4t kiilt\u00e4en tulevista kyynelist\u00e4. Miksi, kyseli mummikin hiljaa mieless\u00e4\u00e4n, ja silm\u00e4t kostuivat pojanpoikaa katsellessa ja miettiess\u00e4 ihan samaa kysymyst\u00e4. Oli vain l\u00e4hdett\u00e4v\u00e4, Juniorin loma loppui, Mini\u00e4ll\u00e4 konserttiin meno, meill\u00e4kin menemist\u00e4 ja tekemist\u00e4, Oulussa odottamassa kaikenlaista. Aamun usva ehti h\u00e4ipy\u00e4\u2026","rel":"","context":"Kategoriassa &quot;Isovanhemmuus&quot;","block_context":{"text":"Isovanhemmuus","link":"https:\/\/www.satokangas.fi\/blogi\/category\/isovanhemmuus\/"},"img":{"alt_text":"","src":"https:\/\/i0.wp.com\/www.satokangas.fi\/blogi\/wp-content\/uploads\/2018\/09\/ruskanvareja.jpg?resize=350%2C200&ssl=1","width":350,"height":200,"srcset":"https:\/\/i0.wp.com\/www.satokangas.fi\/blogi\/wp-content\/uploads\/2018\/09\/ruskanvareja.jpg?resize=350%2C200&ssl=1 1x, https:\/\/i0.wp.com\/www.satokangas.fi\/blogi\/wp-content\/uploads\/2018\/09\/ruskanvareja.jpg?resize=525%2C300&ssl=1 1.5x, https:\/\/i0.wp.com\/www.satokangas.fi\/blogi\/wp-content\/uploads\/2018\/09\/ruskanvareja.jpg?resize=700%2C400&ssl=1 2x"},"classes":[]}],"_links":{"self":[{"href":"https:\/\/www.satokangas.fi\/blogi\/wp-json\/wp\/v2\/posts\/36976","targetHints":{"allow":["GET"]}}],"collection":[{"href":"https:\/\/www.satokangas.fi\/blogi\/wp-json\/wp\/v2\/posts"}],"about":[{"href":"https:\/\/www.satokangas.fi\/blogi\/wp-json\/wp\/v2\/types\/post"}],"author":[{"embeddable":true,"href":"https:\/\/www.satokangas.fi\/blogi\/wp-json\/wp\/v2\/users\/1"}],"replies":[{"embeddable":true,"href":"https:\/\/www.satokangas.fi\/blogi\/wp-json\/wp\/v2\/comments?post=36976"}],"version-history":[{"count":0,"href":"https:\/\/www.satokangas.fi\/blogi\/wp-json\/wp\/v2\/posts\/36976\/revisions"}],"wp:attachment":[{"href":"https:\/\/www.satokangas.fi\/blogi\/wp-json\/wp\/v2\/media?parent=36976"}],"wp:term":[{"taxonomy":"category","embeddable":true,"href":"https:\/\/www.satokangas.fi\/blogi\/wp-json\/wp\/v2\/categories?post=36976"},{"taxonomy":"post_tag","embeddable":true,"href":"https:\/\/www.satokangas.fi\/blogi\/wp-json\/wp\/v2\/tags?post=36976"}],"curies":[{"name":"wp","href":"https:\/\/api.w.org\/{rel}","templated":true}]}}