{"id":36972,"date":"2019-08-13T19:09:21","date_gmt":"2019-08-13T16:09:21","guid":{"rendered":"https:\/\/www.satokangas.fi\/blogi\/?p=36972"},"modified":"2019-08-13T19:09:21","modified_gmt":"2019-08-13T16:09:21","slug":"mokkieloa","status":"publish","type":"post","link":"https:\/\/www.satokangas.fi\/blogi\/2019\/08\/mokkieloa\/","title":{"rendered":"M\u00f6kkieloa"},"content":{"rendered":"<p style=\"text-align: justify;\">Syksyiseen, pilviseen aamuun her\u00e4simme, eik\u00e4 intoa l\u00e4hte\u00e4 ulos. Ei ainkaan heti aamusta. Minulla &#8221;konttorihommia&#8221;, ja Pehtoori tapansa mukaan luki lehti\u00e4 pitk\u00e4\u00e4n ja hartaasti, t\u00e4ytteli ristikoitakin.<\/p>\n<p style=\"text-align: justify;\">Pihalle p\u00e4\u00e4sty\u00e4 mies kunnosti minun m\u00f6kkipy\u00f6r\u00e4ni: vaihteet ja jarrut vaativat perusteellista remppaa ja ovat nyt kunnossa, joten uskallan l\u00e4hte\u00e4 polkemaan vaikka tunturiin. Huomenna oli v\u00e4h\u00e4n aie, katsotaan nyt&#8230; Muuttuvia tekij\u00f6it\u00e4 t\u00e4\u00e4ll\u00e4kin on. \ud83d\ude09 Ja min\u00e4 siivosin terassit. M\u00e4nnyn siitep\u00f6ly\u00e4 oli keltaisenaan kaikkialla, paksusti.<\/p>\n<p style=\"text-align: justify;\">Samalla, ilolla ja tyytyv\u00e4isen\u00e4, saatoin katsella edellisen m\u00f6kkireissun (Lue: <a href=\"https:\/\/www.satokangas.fi\/blogi\/2019\/07\/mieluisaa-mokkieloa\/\" target=\"_blank\" rel=\"noopener noreferrer\">leppoisan ty\u00f6leirin<\/a>) tuloksia: pihalla ja pihapoluilla n\u00e4ytt\u00e4\u00e4 aika hyv\u00e4lt\u00e4, juuri sellaiselta kuin toivoinkin. Vihert\u00e4\u00e4, on siisti\u00e4 ja tasaista.<\/p>\n<p style=\"text-align: justify;\">T\u00e4n\u00e4\u00e4n parituntisen touhuamisen j\u00e4lkeen ryhdyimme pohtimaan lounasasioita: ajatus ja aie l\u00e4hte\u00e4 k\u00e4vellen R\u00f6nk\u00f6nlammelle paistamaan makkaraa kariutui minun &#8221;sokerisuuteeni&#8221; eli alkoi ripsi\u00e4 vett\u00e4, enk\u00e4 halunnut l\u00e4hte\u00e4 sateeseen edes pikku lenkille. Ja pian sade sitten tokenikin; hyv\u00e4 meid\u00e4n oli m\u00f6kkinotskillakin lounastaa.<\/p>\n<p style=\"text-align: justify;\">Minulla v\u00e4h\u00e4n n\u00e4it\u00e4 kuvaushommia taas.. <a href=\"https:\/\/www.satokangas.fi\/blogi\/2019\/06\/mokkipihan-lammossa\/\" target=\"_blank\" rel=\"noopener noreferrer\">Porotokka-sarjaan<\/a> on tullut paljon uusia astioita, ja min\u00e4 saan ne kuvailla. Toki saan. \ud83d\ude09<\/p>\n<p style=\"text-align: justify;\"><a href=\"https:\/\/www.satokangas.fi\/blogi\/2019\/08\/mokkieloa\/poro-tokka\/#main\" rel=\"attachment wp-att-36973\"><img loading=\"lazy\" decoding=\"async\" data-attachment-id=\"36973\" data-permalink=\"https:\/\/www.satokangas.fi\/blogi\/2019\/08\/mokkieloa\/poro-tokka\/\" data-orig-file=\"https:\/\/www.satokangas.fi\/blogi\/wp-content\/uploads\/2019\/08\/poro-tokka.jpg\" data-orig-size=\"1039,2048\" data-comments-opened=\"1\" data-image-meta=\"{&quot;aperture&quot;:&quot;10&quot;,&quot;credit&quot;:&quot;REIJA SATOKANGAS&quot;,&quot;camera&quot;:&quot;Canon EOS 5D Mark IV&quot;,&quot;caption&quot;:&quot;&quot;,&quot;created_timestamp&quot;:&quot;1565696115&quot;,&quot;copyright&quot;:&quot;&quot;,&quot;focal_length&quot;:&quot;100&quot;,&quot;iso&quot;:&quot;500&quot;,&quot;shutter_speed&quot;:&quot;0.008&quot;,&quot;title&quot;:&quot;&quot;,&quot;orientation&quot;:&quot;0&quot;}\" data-image-title=\"poro-tokka\" data-image-description=\"\" data-image-caption=\"\" data-large-file=\"https:\/\/www.satokangas.fi\/blogi\/wp-content\/uploads\/2019\/08\/poro-tokka-520x1024.jpg\" class=\"aligncenter size-large wp-image-36973\" src=\"https:\/\/www.satokangas.fi\/blogi\/wp-content\/uploads\/2019\/08\/poro-tokka-520x1024.jpg\" alt=\"\" width=\"520\" height=\"1024\" srcset=\"https:\/\/www.satokangas.fi\/blogi\/wp-content\/uploads\/2019\/08\/poro-tokka-520x1024.jpg 520w, https:\/\/www.satokangas.fi\/blogi\/wp-content\/uploads\/2019\/08\/poro-tokka-152x300.jpg 152w, https:\/\/www.satokangas.fi\/blogi\/wp-content\/uploads\/2019\/08\/poro-tokka-203x400.jpg 203w, https:\/\/www.satokangas.fi\/blogi\/wp-content\/uploads\/2019\/08\/poro-tokka-768x1514.jpg 768w, https:\/\/www.satokangas.fi\/blogi\/wp-content\/uploads\/2019\/08\/poro-tokka.jpg 1039w\" sizes=\"auto, (max-width: 520px) 100vw, 520px\" \/><\/a><\/p>\n<p>Iltap\u00e4iv\u00e4ll\u00e4 minulla &#8211; vihdoin, kuinka min\u00e4 sit\u00e4 jo tarvitsinkin!!! &#8211; hieroja. Luottohieroja L. on Saarisel\u00e4ll\u00e4, ja pitk\u00e4st\u00e4 aikaa h\u00e4nen j\u00e4lkeens\u00e4 datailuista, kuvank\u00e4sittelyst\u00e4 ja py\u00f6r\u00e4ilyst\u00e4 jumittuneet, jo kipe\u00e4t, niskalihakseni ovat taas toimintakelpoiset, eiv\u00e4tk\u00e4 y\u00f6ll\u00e4 her\u00e4ttele tulehtuneeseen tunteeseen.<\/p>\n<p>Pehtoorilla ihan omat mindfulness-harjoitukset notskipaikalla; kaksi vanhaa puuta. \ud83d\ude00<\/p>\n<p><a href=\"https:\/\/www.satokangas.fi\/blogi\/2019\/08\/mokkieloa\/kaksi_vanhaa_puuta\/#main\" rel=\"attachment wp-att-36975\"><img loading=\"lazy\" decoding=\"async\" data-attachment-id=\"36975\" data-permalink=\"https:\/\/www.satokangas.fi\/blogi\/2019\/08\/mokkieloa\/kaksi_vanhaa_puuta\/\" data-orig-file=\"https:\/\/www.satokangas.fi\/blogi\/wp-content\/uploads\/2019\/08\/kaksi_vanhaa_puuta.jpg\" data-orig-size=\"399,600\" data-comments-opened=\"1\" data-image-meta=\"{&quot;aperture&quot;:&quot;6.3&quot;,&quot;credit&quot;:&quot;REIJA SATOKANGAS&quot;,&quot;camera&quot;:&quot;Canon EOS 5D Mark IV&quot;,&quot;caption&quot;:&quot;&quot;,&quot;created_timestamp&quot;:&quot;1565691932&quot;,&quot;copyright&quot;:&quot;&quot;,&quot;focal_length&quot;:&quot;100&quot;,&quot;iso&quot;:&quot;500&quot;,&quot;shutter_speed&quot;:&quot;0.01&quot;,&quot;title&quot;:&quot;&quot;,&quot;orientation&quot;:&quot;0&quot;}\" data-image-title=\"kaksi_vanhaa_puuta\" data-image-description=\"\" data-image-caption=\"\" data-large-file=\"https:\/\/www.satokangas.fi\/blogi\/wp-content\/uploads\/2019\/08\/kaksi_vanhaa_puuta.jpg\" class=\"aligncenter size-full wp-image-36975\" src=\"https:\/\/www.satokangas.fi\/blogi\/wp-content\/uploads\/2019\/08\/kaksi_vanhaa_puuta.jpg\" alt=\"\" width=\"399\" height=\"600\" srcset=\"https:\/\/www.satokangas.fi\/blogi\/wp-content\/uploads\/2019\/08\/kaksi_vanhaa_puuta.jpg 399w, https:\/\/www.satokangas.fi\/blogi\/wp-content\/uploads\/2019\/08\/kaksi_vanhaa_puuta-200x300.jpg 200w, https:\/\/www.satokangas.fi\/blogi\/wp-content\/uploads\/2019\/08\/kaksi_vanhaa_puuta-266x400.jpg 266w\" sizes=\"auto, (max-width: 399px) 100vw, 399px\" \/><\/a><\/p>\n<p style=\"text-align: justify;\">Kun sitten istuimme illansuussa ruokap\u00f6yd\u00e4ss\u00e4, Juniori soitti: &#8221;Ollaan jo matkalla&#8221;. Heill\u00e4 oli alunperin tarkoitus l\u00e4hte\u00e4 huomenna aamulla, mutta kun Apsun toinen p\u00e4iv\u00e4kotip\u00e4iv\u00e4 oli t\u00e4n\u00e4\u00e4n ohi, l\u00e4htikin koko perhe saman tien kes\u00e4lomareissulle kohti Hangasojaa. \ud83d\ude09 Toiveena esittiv\u00e4t, josko petaisimme valmiiksi: kullannuput voitaisiin kantaa suoraan unille kunhan tulevat&#8230; Katsotaan onnistuuko. \ud83d\ude09 Ja ehk\u00e4 t\u00e4ss\u00e4 jotain iltapalaa puuhailen lomalaisille.<\/p>\n<p><a href=\"https:\/\/www.satokangas.fi\/blogi\/2019\/08\/mokkieloa\/syksyn_merkkeja\/#main\" rel=\"attachment wp-att-36974\"><img loading=\"lazy\" decoding=\"async\" data-attachment-id=\"36974\" data-permalink=\"https:\/\/www.satokangas.fi\/blogi\/2019\/08\/mokkieloa\/syksyn_merkkeja\/\" data-orig-file=\"https:\/\/www.satokangas.fi\/blogi\/wp-content\/uploads\/2019\/08\/syksyn_merkkeja.jpg\" data-orig-size=\"1365,2048\" data-comments-opened=\"1\" data-image-meta=\"{&quot;aperture&quot;:&quot;10&quot;,&quot;credit&quot;:&quot;REIJA SATOKANGAS&quot;,&quot;camera&quot;:&quot;Canon EOS 5D Mark IV&quot;,&quot;caption&quot;:&quot;&quot;,&quot;created_timestamp&quot;:&quot;1565691436&quot;,&quot;copyright&quot;:&quot;&quot;,&quot;focal_length&quot;:&quot;100&quot;,&quot;iso&quot;:&quot;500&quot;,&quot;shutter_speed&quot;:&quot;0.033333333333333&quot;,&quot;title&quot;:&quot;&quot;,&quot;orientation&quot;:&quot;0&quot;}\" data-image-title=\"syksyn_merkkeja\" data-image-description=\"\" data-image-caption=\"\" data-large-file=\"https:\/\/www.satokangas.fi\/blogi\/wp-content\/uploads\/2019\/08\/syksyn_merkkeja-683x1024.jpg\" class=\"aligncenter size-large wp-image-36974\" src=\"https:\/\/www.satokangas.fi\/blogi\/wp-content\/uploads\/2019\/08\/syksyn_merkkeja-683x1024.jpg\" alt=\"\" width=\"683\" height=\"1024\" srcset=\"https:\/\/www.satokangas.fi\/blogi\/wp-content\/uploads\/2019\/08\/syksyn_merkkeja-683x1024.jpg 683w, https:\/\/www.satokangas.fi\/blogi\/wp-content\/uploads\/2019\/08\/syksyn_merkkeja-200x300.jpg 200w, https:\/\/www.satokangas.fi\/blogi\/wp-content\/uploads\/2019\/08\/syksyn_merkkeja-267x400.jpg 267w, https:\/\/www.satokangas.fi\/blogi\/wp-content\/uploads\/2019\/08\/syksyn_merkkeja-768x1152.jpg 768w, https:\/\/www.satokangas.fi\/blogi\/wp-content\/uploads\/2019\/08\/syksyn_merkkeja.jpg 1365w\" sizes=\"auto, (max-width: 683px) 100vw, 683px\" \/><\/a><\/p>\n<p style=\"text-align: center;\">Syksyn merkkej\u00e4 jo on&#8230;<\/p>\n<p>&nbsp;<\/p>\n<p style=\"text-align: justify;\">\n","protected":false},"excerpt":{"rendered":"<p>Syksyiseen, pilviseen aamuun her\u00e4simme, eik\u00e4 intoa l\u00e4hte\u00e4 ulos. Ei ainkaan heti aamusta. Minulla &#8221;konttorihommia&#8221;, ja Pehtoori tapansa mukaan luki lehti\u00e4 pitk\u00e4\u00e4n ja hartaasti, t\u00e4ytteli ristikoitakin. Pihalle p\u00e4\u00e4sty\u00e4 mies kunnosti minun m\u00f6kkipy\u00f6r\u00e4ni: vaihteet ja jarrut vaativat perusteellista remppaa ja ovat nyt kunnossa, joten uskallan l\u00e4hte\u00e4 polkemaan vaikka tunturiin. Huomenna oli v\u00e4h\u00e4n aie, katsotaan nyt&#8230; Muuttuvia tekij\u00f6it\u00e4 t\u00e4\u00e4ll\u00e4kin on. \ud83d\ude09 Ja min\u00e4 &hellip; <\/p>\n","protected":false},"author":1,"featured_media":0,"comment_status":"open","ping_status":"open","sticky":false,"template":"","format":"standard","meta":{"jetpack_post_was_ever_published":false,"_jetpack_newsletter_access":"","_jetpack_dont_email_post_to_subs":false,"_jetpack_newsletter_tier_id":0,"_jetpack_memberships_contains_paywalled_content":false,"_jetpack_memberships_contains_paid_content":false,"footnotes":"","jetpack_publicize_message":"","jetpack_publicize_feature_enabled":true,"jetpack_social_post_already_shared":true,"jetpack_social_options":{"image_generator_settings":{"template":"highway","default_image_id":0,"font":"","enabled":false},"version":2}},"categories":[97,88,37],"tags":[],"class_list":["post-36972","post","type-post","status-publish","format-standard","hentry","category-mokkielamaa","category-muistikuvia","category-valokuvaus","latest_post"],"jetpack_publicize_connections":[],"jetpack_featured_media_url":"","jetpack_shortlink":"https:\/\/wp.me\/pr4p4-9Ck","jetpack_sharing_enabled":true,"jetpack_likes_enabled":false,"jetpack-related-posts":[{"id":35816,"url":"https:\/\/www.satokangas.fi\/blogi\/2019\/01\/verikuu\/","url_meta":{"origin":36972,"position":0},"title":"Verikuu!","author":"Reija","date":"21.1.2019","format":false,"excerpt":"Eilen iltasella kun pikkuperhe l\u00e4hti Pehtoorin valmistamalta (!!) sunnuntaip\u00e4iv\u00e4lliselt\u00e4 (coq au vin ja j\u00e4lkk\u00e4riksi porkkanapiirakkaa - ei huono!) p\u00e4\u00e4tin l\u00e4hte\u00e4 sittenkin toviksi ulos. Naapurustossa on yksi pihapiiri t\u00e4ynn\u00e4 (31 erilaista) jouluvaloja, valonauhoja, poroja, kuusia etc. v\u00e4h\u00e4n jenkkityyliin... ja olin kysellyt jo aiemmin luvan, ett\u00e4 saankos k\u00e4yd\u00e4 kuvailemassa niit\u00e4 (ensi vuoden\u2026","rel":"","context":"Kategoriassa &quot;Valokuvaus&quot;","block_context":{"text":"Valokuvaus","link":"https:\/\/www.satokangas.fi\/blogi\/category\/valokuvaus\/"},"img":{"alt_text":"","src":"https:\/\/i0.wp.com\/www.satokangas.fi\/blogi\/wp-content\/uploads\/2019\/01\/12-4.jpg?resize=350%2C200&ssl=1","width":350,"height":200,"srcset":"https:\/\/i0.wp.com\/www.satokangas.fi\/blogi\/wp-content\/uploads\/2019\/01\/12-4.jpg?resize=350%2C200&ssl=1 1x, https:\/\/i0.wp.com\/www.satokangas.fi\/blogi\/wp-content\/uploads\/2019\/01\/12-4.jpg?resize=525%2C300&ssl=1 1.5x, https:\/\/i0.wp.com\/www.satokangas.fi\/blogi\/wp-content\/uploads\/2019\/01\/12-4.jpg?resize=700%2C400&ssl=1 2x"},"classes":[]},{"id":16114,"url":"https:\/\/www.satokangas.fi\/blogi\/2012\/12\/ihan-pihalla-2\/","url_meta":{"origin":36972,"position":1},"title":"Ihan pihalla","author":"Reija","date":"28.12.2012","format":false,"excerpt":"Hangasojan aamuun her\u00e4ttiin vasta kahdeksan j\u00e4lkeen. Ei niin kovin aikaisin ulos, mutta sitten reippaasti kolaan kiinni ja lumit\u00f6ihin. Siin\u00e4p\u00e4 se tovi vier\u00e4hti. L\u00e4htisk\u00f6h\u00e4n sitten sis\u00e4lle, aika houkuttelevalta n\u00e4ytt\u00e4\u00e4 ... Mutta eikun l\u00e4hdet\u00e4\u00e4nkin kylille.... Saariselk\u00e4 centerin katuja k\u00e4veleskeltiin. Hisseill\u00e4 oli tehty remonttia... Huipulla jo tuuli. Muutoin mit\u00e4 parhain ulkoilup\u00e4iv\u00e4: - 10\u2026","rel":"","context":"Kategoriassa &quot;Lappi&quot;","block_context":{"text":"Lappi","link":"https:\/\/www.satokangas.fi\/blogi\/category\/lappi\/"},"img":{"alt_text":"P\u00e4iv\u00e4 Hangasojalla-18","src":"https:\/\/i0.wp.com\/www.satokangas.fi\/blogi\/wp-content\/uploads\/2012\/12\/P%C3%A4iv%C3%A4-Hangasojalla-18-600x376.jpg?resize=350%2C200&ssl=1","width":350,"height":200,"srcset":"https:\/\/i0.wp.com\/www.satokangas.fi\/blogi\/wp-content\/uploads\/2012\/12\/P%C3%A4iv%C3%A4-Hangasojalla-18-600x376.jpg?resize=350%2C200&ssl=1 1x, https:\/\/i0.wp.com\/www.satokangas.fi\/blogi\/wp-content\/uploads\/2012\/12\/P%C3%A4iv%C3%A4-Hangasojalla-18-600x376.jpg?resize=525%2C300&ssl=1 1.5x"},"classes":[]},{"id":25286,"url":"https:\/\/www.satokangas.fi\/blogi\/2015\/07\/lomatuntoja\/","url_meta":{"origin":36972,"position":2},"title":"Lomatuntoja","author":"Reija","date":"20.7.2015","format":false,"excerpt":"Viimeisen kes\u00e4loman? viimeinen kes\u00e4lomaviikko alkoi s\u00e4ps\u00e4ht\u00e4en hereille ennen seitsem\u00e4\u00e4: my\u00f6h\u00e4styn t\u00f6ist\u00e4! Olin taas unissani paiskinut t\u00f6it\u00e4, tehnyt luentoa ja hukannut s\u00e4hk\u00f6postiviestej\u00e4! Mutta ei mennyt kauaa kun ikkunaverhon raosta n\u00e4in auringon, muistin kes\u00e4n ja loman. Laitoin kahvipannun liedelle ja uunin l\u00e4mpi\u00e4m\u00e4\u00e4n: haluan croissanteja aamiaiseksi! On loma-aamu. Huolimatta viikonlopun pitkien kaavojen illallisista\u2026","rel":"","context":"Kategoriassa &quot;Niit\u00e4 n\u00e4it\u00e4&quot;","block_context":{"text":"Niit\u00e4 n\u00e4it\u00e4","link":"https:\/\/www.satokangas.fi\/blogi\/category\/aiheeton\/"},"img":{"alt_text":"Puutarhassa-12","src":"https:\/\/i0.wp.com\/www.satokangas.fi\/blogi\/wp-content\/uploads\/2015\/07\/Puutarhassa-12-600x400.jpg?resize=350%2C200&ssl=1","width":350,"height":200,"srcset":"https:\/\/i0.wp.com\/www.satokangas.fi\/blogi\/wp-content\/uploads\/2015\/07\/Puutarhassa-12-600x400.jpg?resize=350%2C200&ssl=1 1x, https:\/\/i0.wp.com\/www.satokangas.fi\/blogi\/wp-content\/uploads\/2015\/07\/Puutarhassa-12-600x400.jpg?resize=525%2C300&ssl=1 1.5x"},"classes":[]},{"id":17441,"url":"https:\/\/www.satokangas.fi\/blogi\/2013\/05\/mika-ihana-ilta\/","url_meta":{"origin":36972,"position":3},"title":"Mik\u00e4 ihana ilta","author":"Reija","date":"18.5.2013","format":false,"excerpt":"Olen ihan satavarma, ett\u00e4 edellisess\u00e4 el\u00e4m\u00e4ss\u00e4ni olen asunut Italiassa, tai jossain senkaltaisessa ilmanalassa kuin t\u00e4n\u00e4\u00e4n on ollut Oulussa. T\u00e4m\u00e4 lempe\u00e4 l\u00e4mp\u00f6, t\u00e4m\u00e4 auringonpaiste, linnunlaulu, vilvoittava tuuli ja s\u00e4\u00e4sket\u00f6n piha! Jee...! N\u00e4in pieni on koivunlehti meid\u00e4n pihalla viel\u00e4... Joku \"miekka\" on t\u00e4m\u00e4 kasvi ... ei voi muistaa [eik\u00e4 puutarhuri paikalla] ...\u2026","rel":"","context":"Kategoriassa &quot;Yliopistoel\u00e4m\u00e4\u00e4&quot;","block_context":{"text":"Yliopistoel\u00e4m\u00e4\u00e4","link":"https:\/\/www.satokangas.fi\/blogi\/category\/yliopistoelamaa\/"},"img":{"alt_text":"aamusta iltaan_-4","src":"https:\/\/i0.wp.com\/www.satokangas.fi\/blogi\/wp-content\/uploads\/2013\/05\/aamusta-iltaan_-4-467x400.jpg?resize=350%2C200&ssl=1","width":350,"height":200},"classes":[]},{"id":14238,"url":"https:\/\/www.satokangas.fi\/blogi\/2012\/05\/helteinen-lauantai-poikkeuksellista-taallakin\/","url_meta":{"origin":36972,"position":4},"title":"Helteinen lauantai &#8211; poikkeuksellista t\u00e4\u00e4ll\u00e4kin","author":"Reija","date":"12.5.2012","format":false,"excerpt":"Ikkunaluukut avattuani olen iloinen ett\u00e4 s\u00e4\u00e4tiedotus oli oikeassa. On tulossa aurinkoinen lauantai, enn\u00e4tyksellisen l\u00e4mmint\u00e4 on t\u00e4\u00e4ll\u00e4. Olen nukkunut hyvin. Tutto e posto. \u00a0 Laittelemme pehtoorin kanssa aamiaisen,\u00a0 kotiin l\u00e4htev\u00e4t viel\u00e4 k\u00e4veliv\u00e4t aamulla pihalla, imiv\u00e4t Umbrian kaunista maisemaa mielen muistipaikkoihin. Eksnaapuri, jota on parikymment\u00e4 vuotta R\u00f6lliksi meid\u00e4n piireiss\u00e4 kutsuttu, piti oikein\u2026","rel":"","context":"Kategoriassa &quot;Italia&quot;","block_context":{"text":"Italia","link":"https:\/\/www.satokangas.fi\/blogi\/category\/italia\/"},"img":{"alt_text":"","src":"https:\/\/i0.wp.com\/www.satokangas.fi\/blogi\/wp-content\/uploads\/aamulla2-266x400.jpg?resize=350%2C200&ssl=1","width":350,"height":200},"classes":[]},{"id":39053,"url":"https:\/\/www.satokangas.fi\/blogi\/2020\/07\/eipa-ihmeempia-3\/","url_meta":{"origin":36972,"position":5},"title":"Eip\u00e4 ihmeempi\u00e4","author":"Reija","date":"20.7.2020","format":false,"excerpt":"Ponniin nukkuminen juuri t\u00e4n\u00e4\u00e4n kun pienet tulivat heti aamusta pariksi tunniksi. En muista milloin olisin nukkunut (kotona) kahdeksaan. T\u00e4n\u00e4\u00e4n me nukuttiin, eik\u00e4 edes et\u00e4ty\u00f6p\u00e4iv\u00e4ns\u00e4 jo paljon ennen sit\u00e4 aloittanut kotikotona oleva tyt\u00e4r meit\u00e4 her\u00e4tt\u00e4nyt. Merkillist\u00e4! No ehdimme h\u00e4th\u00e4t\u00e4\u00e4 aamupuurot ja -kahvit nauttia, kun \"Optimus Prime\" ja pikkusisarensa tulivat tuomaan el\u00e4m\u00e4\u00e4\u2026","rel":"","context":"Kategoriassa &quot;Niit\u00e4 n\u00e4it\u00e4&quot;","block_context":{"text":"Niit\u00e4 n\u00e4it\u00e4","link":"https:\/\/www.satokangas.fi\/blogi\/category\/aiheeton\/"},"img":{"alt_text":"","src":"https:\/\/i0.wp.com\/www.satokangas.fi\/blogi\/wp-content\/uploads\/2020\/07\/o-4.jpg?resize=350%2C200&ssl=1","width":350,"height":200,"srcset":"https:\/\/i0.wp.com\/www.satokangas.fi\/blogi\/wp-content\/uploads\/2020\/07\/o-4.jpg?resize=350%2C200&ssl=1 1x, https:\/\/i0.wp.com\/www.satokangas.fi\/blogi\/wp-content\/uploads\/2020\/07\/o-4.jpg?resize=525%2C300&ssl=1 1.5x, https:\/\/i0.wp.com\/www.satokangas.fi\/blogi\/wp-content\/uploads\/2020\/07\/o-4.jpg?resize=700%2C400&ssl=1 2x"},"classes":[]}],"_links":{"self":[{"href":"https:\/\/www.satokangas.fi\/blogi\/wp-json\/wp\/v2\/posts\/36972","targetHints":{"allow":["GET"]}}],"collection":[{"href":"https:\/\/www.satokangas.fi\/blogi\/wp-json\/wp\/v2\/posts"}],"about":[{"href":"https:\/\/www.satokangas.fi\/blogi\/wp-json\/wp\/v2\/types\/post"}],"author":[{"embeddable":true,"href":"https:\/\/www.satokangas.fi\/blogi\/wp-json\/wp\/v2\/users\/1"}],"replies":[{"embeddable":true,"href":"https:\/\/www.satokangas.fi\/blogi\/wp-json\/wp\/v2\/comments?post=36972"}],"version-history":[{"count":0,"href":"https:\/\/www.satokangas.fi\/blogi\/wp-json\/wp\/v2\/posts\/36972\/revisions"}],"wp:attachment":[{"href":"https:\/\/www.satokangas.fi\/blogi\/wp-json\/wp\/v2\/media?parent=36972"}],"wp:term":[{"taxonomy":"category","embeddable":true,"href":"https:\/\/www.satokangas.fi\/blogi\/wp-json\/wp\/v2\/categories?post=36972"},{"taxonomy":"post_tag","embeddable":true,"href":"https:\/\/www.satokangas.fi\/blogi\/wp-json\/wp\/v2\/tags?post=36972"}],"curies":[{"name":"wp","href":"https:\/\/api.w.org\/{rel}","templated":true}]}}