{"id":36968,"date":"2019-08-12T19:55:59","date_gmt":"2019-08-12T16:55:59","guid":{"rendered":"https:\/\/www.satokangas.fi\/blogi\/?p=36968"},"modified":"2019-08-12T19:55:59","modified_gmt":"2019-08-12T16:55:59","slug":"maisemanvaihdos","status":"publish","type":"post","link":"https:\/\/www.satokangas.fi\/blogi\/2019\/08\/maisemanvaihdos\/","title":{"rendered":"Maisemanvaihdos"},"content":{"rendered":"<p style=\"text-align: justify;\">Jos pit\u00e4isi nimet\u00e4 vain yksi hetki, joka m\u00f6kill\u00e4 on parasta, niin se olisi tosi vaikeaa. Lopulta olisi ehk\u00e4 valittava n\u00e4iden kahden v\u00e4lilt\u00e4: joko se hetki, kun olet p\u00e4iv\u00e4n liikkunut, ollut tunturissa patikoimassa, kun on jo v\u00e4sy, kun ruoka on vain l\u00e4mmitt\u00e4mist\u00e4 vaille valmiina tarjottavaksi ja kun menet saunaan &#8230;\u00a0 Tai sitten se hetki, kun pitk\u00e4n ajomatkan j\u00e4lkeen vihdoin ollaan Hangasojalla, on kaikki (ruoka)kassit kannettu m\u00f6kkiin ja saa avata s\u00e4lekaihtimet. Se on sellainen symbolinen m\u00f6kkiviikon aloitus, &#8211; ollaan perill\u00e4 ja kaikki on viel\u00e4 edess\u00e4, edess\u00e4 on monta hyv\u00e4\u00e4 p\u00e4iv\u00e4\u00e4 lepoa ja liikkumista, touhua m\u00f6kkiel\u00e4m\u00e4ss\u00e4 ja taukoa jostain muusta.<\/p>\n<p style=\"text-align: justify;\">T\u00e4n\u00e4\u00e4n on ollut tuo hetki: s\u00e4lekaihtimet on avattu. Ollaan m\u00f6kill\u00e4.<\/p>\n<p style=\"text-align: justify;\">Aika harvoin on oltu elokuun puoliv\u00e4liss\u00e4, useammin kuun lopussa tai heti syyskuun alussa. Noh, t\u00e4m\u00e4 ajankohta m\u00e4\u00e4r\u00e4ytyi paljolti meist\u00e4 riippumattomista syist\u00e4: on Juniorin t\u00e4m\u00e4n kes\u00e4n toinen (ja viimeinen) kes\u00e4lomaviikko ja halusi perheens\u00e4 kanssa tulla m\u00f6ks\u00e4lle, ja pitiv\u00e4t suotavana, ett\u00e4 mekin ollaan t\u00e4\u00e4ll\u00e4. \ud83d\ude42\u00a0 Tulevat tosin vasta keskiviikkona, koska p\u00e4iv\u00e4koti! T\u00e4n\u00e4\u00e4n on ollut Suuri P\u00e4iv\u00e4, sill\u00e4 Apsu aloitti tarhael\u00e4m\u00e4n. Joka viikko on 2\u00bd p\u00e4iv\u00e4\u00e4 p\u00e4iv\u00e4kotiel\u00e4m\u00e4\u00e4, ja t\u00e4m\u00e4 uusi vaihe el\u00e4m\u00e4ss\u00e4\u00e4n alkoi t\u00e4n\u00e4\u00e4n. Reippaasti oli aamulla mennyt, ja kahdeksan tunnin j\u00e4lkeen ilmoittanut, ett\u00e4 oli kivaa ja ett\u00e4 hyvin oli menny. \ud83d\ude09<\/p>\n<p style=\"text-align: justify;\">Apsun uusi p\u00e4iv\u00e4kotiel\u00e4m\u00e4 on ollut toinen syy tihe\u00e4\u00e4n viesteilyyn ja puheluihin Oulun suuntaan, ja toinen on ollut systerini. H\u00e4nenkin el\u00e4m\u00e4ss\u00e4\u00e4n uusia isoja juttuja, niiss\u00e4kin on oltu mukana, my\u00f6t\u00e4el\u00e4en &#8211; ja viestirumbaa ja puheluita on ollut. \ud83d\ude09<\/p>\n<p style=\"text-align: justify;\">Ajomatka t\u00e4nne pohjoisen pilviseen maisemaan tuntui kest\u00e4v\u00e4n ihan tavattoman kauan: l\u00e4hdettiin tavallista my\u00f6hemmin (= yhdeks\u00e4lt\u00e4) ja Oulu &#8211; Kemi -tiety\u00f6t ovat viel\u00e4 pahimmoilleen kesken, hidastavat menoa aika lailla, jos kohta homma n\u00e4ytt\u00e4\u00e4 lupaavalta tulevaa ajatellen, &#8230; Em. viesteilyjen ohessa oli kyll\u00e4 paljon muisteltavaa ja juteltavaa lauantaista, muistoja aiemmistakin Kalaaseista, jo tulevaankin katsellen. Ja niinp\u00e4 sitten iltap\u00e4iv\u00e4ll\u00e4 kurvattiin m\u00f6kkipihaan. Hiljaista, sateetonta, mukavaa.<\/p>\n<p style=\"text-align: justify;\">Ruskaa ei viel\u00e4 ole, eik\u00e4 pikaisella pyr\u00e4hdyksell\u00e4 mets\u00e4\u00e4n n\u00e4ytt\u00e4nyt olevan tatteja eik\u00e4 mustikoita eik\u00e4 mit\u00e4\u00e4n muutakaan ker\u00e4ilytalouden ruoka-aineksia, mutta katsellaan &#8230;<\/p>\n<p style=\"text-align: justify;\"><a href=\"https:\/\/www.satokangas.fi\/blogi\/2019\/08\/maisemanvaihdos\/semiruska\/#main\" rel=\"attachment wp-att-36970\"><img loading=\"lazy\" decoding=\"async\" data-attachment-id=\"36970\" data-permalink=\"https:\/\/www.satokangas.fi\/blogi\/2019\/08\/maisemanvaihdos\/semiruska\/\" data-orig-file=\"https:\/\/www.satokangas.fi\/blogi\/wp-content\/uploads\/2019\/08\/semiruska.jpg\" data-orig-size=\"1000,667\" data-comments-opened=\"1\" data-image-meta=\"{&quot;aperture&quot;:&quot;4&quot;,&quot;credit&quot;:&quot;REIJA SATOKANGAS&quot;,&quot;camera&quot;:&quot;Canon EOS 5D Mark IV&quot;,&quot;caption&quot;:&quot;&quot;,&quot;created_timestamp&quot;:&quot;1565631077&quot;,&quot;copyright&quot;:&quot;&quot;,&quot;focal_length&quot;:&quot;100&quot;,&quot;iso&quot;:&quot;800&quot;,&quot;shutter_speed&quot;:&quot;0.008&quot;,&quot;title&quot;:&quot;&quot;,&quot;orientation&quot;:&quot;0&quot;}\" data-image-title=\"semiruska\" data-image-description=\"\" data-image-caption=\"\" data-large-file=\"https:\/\/www.satokangas.fi\/blogi\/wp-content\/uploads\/2019\/08\/semiruska.jpg\" class=\"aligncenter size-full wp-image-36970\" src=\"https:\/\/www.satokangas.fi\/blogi\/wp-content\/uploads\/2019\/08\/semiruska.jpg\" alt=\"\" width=\"1000\" height=\"667\" srcset=\"https:\/\/www.satokangas.fi\/blogi\/wp-content\/uploads\/2019\/08\/semiruska.jpg 1000w, https:\/\/www.satokangas.fi\/blogi\/wp-content\/uploads\/2019\/08\/semiruska-300x200.jpg 300w, https:\/\/www.satokangas.fi\/blogi\/wp-content\/uploads\/2019\/08\/semiruska-600x400.jpg 600w, https:\/\/www.satokangas.fi\/blogi\/wp-content\/uploads\/2019\/08\/semiruska-768x512.jpg 768w\" sizes=\"auto, (max-width: 1000px) 100vw, 1000px\" \/><\/a><\/p>\n<p style=\"text-align: justify;\">Viikon aielistassa on siis p\u00e4\u00e4asiassa kulkeminen ja pikkuperheen hemmottelu. Apsu on ilmoittanut haluavansa kylpyl\u00e4\u00e4n, \u00c4nkk\u00e4ripuistoon, heittelem\u00e4\u00e4n kivi\u00e4 puroon, munkille Kaunisp\u00e4\u00e4n yl\u00e4majalle, rantasaunaan. Ei mahdottomia toiveita.<\/p>\n<p>&nbsp;<\/p>\n<p style=\"text-align: justify;\">\n<p style=\"text-align: justify;\">\n<p style=\"text-align: justify;\">\n<p style=\"text-align: justify;\">\n","protected":false},"excerpt":{"rendered":"<p>Jos pit\u00e4isi nimet\u00e4 vain yksi hetki, joka m\u00f6kill\u00e4 on parasta, niin se olisi tosi vaikeaa. Lopulta olisi ehk\u00e4 valittava n\u00e4iden kahden v\u00e4lilt\u00e4: joko se hetki, kun olet p\u00e4iv\u00e4n liikkunut, ollut tunturissa patikoimassa, kun on jo v\u00e4sy, kun ruoka on vain l\u00e4mmitt\u00e4mist\u00e4 vaille valmiina tarjottavaksi ja kun menet saunaan &#8230;\u00a0 Tai sitten se hetki, kun pitk\u00e4n ajomatkan j\u00e4lkeen vihdoin ollaan Hangasojalla, &hellip; <\/p>\n","protected":false},"author":1,"featured_media":0,"comment_status":"open","ping_status":"open","sticky":false,"template":"","format":"standard","meta":{"jetpack_post_was_ever_published":false,"_jetpack_newsletter_access":"","_jetpack_dont_email_post_to_subs":false,"_jetpack_newsletter_tier_id":0,"_jetpack_memberships_contains_paywalled_content":false,"_jetpack_memberships_contains_paid_content":false,"footnotes":"","jetpack_publicize_message":"","jetpack_publicize_feature_enabled":true,"jetpack_social_post_already_shared":true,"jetpack_social_options":{"image_generator_settings":{"template":"highway","default_image_id":0,"font":"","enabled":false},"version":2}},"categories":[97],"tags":[],"class_list":["post-36968","post","type-post","status-publish","format-standard","hentry","category-mokkielamaa","latest_post"],"jetpack_publicize_connections":[],"jetpack_featured_media_url":"","jetpack_shortlink":"https:\/\/wp.me\/pr4p4-9Cg","jetpack_sharing_enabled":true,"jetpack_likes_enabled":false,"jetpack-related-posts":[{"id":25587,"url":"https:\/\/www.satokangas.fi\/blogi\/2015\/08\/ennen-kalaaseja\/","url_meta":{"origin":36968,"position":0},"title":"Ennen kalaaseja","author":"Reija","date":"14.8.2015","format":false,"excerpt":"Huomenna kalaasit. Kuudennettoista. Niist\u00e4 tulee erilaiset kuin koskaan ennen. Eik\u00f6 aina ole erilaiset kuin edelliset? On toki, mutta nyt jotenkin sellaiset rupukalaasit tulossa - minun mielest\u00e4ni ainakin, sill\u00e4 perinteisesti kalaasien (ruoka)teema on seurausta meid\u00e4n edelt\u00e4v\u00e4st\u00e4 (kes\u00e4n) matkasta: Italia, It\u00e4valta, Meksiko etc. Nyt emme ole k\u00e4yneet ulkomailla (pl. kaksi vrk Norjassa),\u2026","rel":"","context":"Kategoriassa &quot;Niit\u00e4 n\u00e4it\u00e4&quot;","block_context":{"text":"Niit\u00e4 n\u00e4it\u00e4","link":"https:\/\/www.satokangas.fi\/blogi\/category\/aiheeton\/"},"img":{"alt_text":"Rustiikkia-2","src":"https:\/\/i0.wp.com\/www.satokangas.fi\/blogi\/wp-content\/uploads\/2015\/08\/Rustiikkia-2-515x400.jpg?resize=350%2C200&ssl=1","width":350,"height":200},"classes":[]},{"id":52068,"url":"https:\/\/www.satokangas.fi\/blogi\/2025\/02\/paluu-mokille-ja-turistiksi\/","url_meta":{"origin":36968,"position":1},"title":"Paluu m\u00f6kille &#8211; ja turistiksi?","author":"Reija","date":"16.2.2025","format":false,"excerpt":"Kolme viikkoa pysyttiin t\u00e4\u00e4lt\u00e4 pois. Ja yksi niist\u00e4 oltiin Teneriffalla. Nyt oli hyv\u00e4 v\u00e4l\u00e4m\u00e4 palata m\u00f6kille. Onko ensimm\u00e4inen kerta kun \u00b4palaamme\u00b4 t\u00e4nne? Yleens\u00e4 palataan kotiin, ja m\u00f6kille tullaan. Mutta t\u00e4n\u00e4\u00e4n tuntui, ett\u00e4 palatttiin t\u00e4nne. Keli oivallinen, olimme ajoissa liikkeell\u00e4, muita ei juurikaan, eik\u00e4 ainakaan p\u00f6llytt\u00e4vi\u00e4 rekkoja. Paluu poikkeuksellisen helppo, tai\u2026","rel":"","context":"Kategoriassa &quot;M\u00f6kkiel\u00e4m\u00e4\u00e4&quot;","block_context":{"text":"M\u00f6kkiel\u00e4m\u00e4\u00e4","link":"https:\/\/www.satokangas.fi\/blogi\/category\/mokkielamaa\/"},"img":{"alt_text":"","src":"https:\/\/i0.wp.com\/www.satokangas.fi\/blogi\/wp-content\/uploads\/2025\/02\/2025_2222.jpg?resize=350%2C200&ssl=1","width":350,"height":200,"srcset":"https:\/\/i0.wp.com\/www.satokangas.fi\/blogi\/wp-content\/uploads\/2025\/02\/2025_2222.jpg?resize=350%2C200&ssl=1 1x, https:\/\/i0.wp.com\/www.satokangas.fi\/blogi\/wp-content\/uploads\/2025\/02\/2025_2222.jpg?resize=525%2C300&ssl=1 1.5x, https:\/\/i0.wp.com\/www.satokangas.fi\/blogi\/wp-content\/uploads\/2025\/02\/2025_2222.jpg?resize=700%2C400&ssl=1 2x"},"classes":[]},{"id":52611,"url":"https:\/\/www.satokangas.fi\/blogi\/2025\/06\/muksut-mokilla\/","url_meta":{"origin":36968,"position":2},"title":"Muksut m\u00f6kill\u00e4","author":"Reija","date":"14.6.2025","format":false,"excerpt":"Kuinka t\u00e4t\u00e4 p\u00e4iv\u00e4\u00e4, tai jo eilist\u00e4, olenkaan odottanut. Siit\u00e4 on aikaa, kun m\u00f6kille on Juniorin ja lasten kanssa p\u00e4\u00e4sty. Nyt p\u00e4\u00e4stiin. Kaikenlaisia muuttuvia tekij\u00f6it\u00e4 on aiemmin ollut, mutta nyt! Teimme matkan rauhallisesti. Eilen aamulla l\u00e4hdettiin aurinkoisesta Oulusta, poikkeuksellisen paljon \u00b4pit stoppeja\u00b4 (Peuran Esso\u00b4, jossa Lokki Joonatan EI ollutkaan paikalla, Rollossa\u2026","rel":"","context":"Kategoriassa &quot;Isovanhemmuus&quot;","block_context":{"text":"Isovanhemmuus","link":"https:\/\/www.satokangas.fi\/blogi\/category\/isovanhemmuus\/"},"img":{"alt_text":"","src":"https:\/\/i0.wp.com\/www.satokangas.fi\/blogi\/wp-content\/uploads\/2025\/06\/Purolla_2025_6-3.jpg?resize=350%2C200&ssl=1","width":350,"height":200,"srcset":"https:\/\/i0.wp.com\/www.satokangas.fi\/blogi\/wp-content\/uploads\/2025\/06\/Purolla_2025_6-3.jpg?resize=350%2C200&ssl=1 1x, https:\/\/i0.wp.com\/www.satokangas.fi\/blogi\/wp-content\/uploads\/2025\/06\/Purolla_2025_6-3.jpg?resize=525%2C300&ssl=1 1.5x, https:\/\/i0.wp.com\/www.satokangas.fi\/blogi\/wp-content\/uploads\/2025\/06\/Purolla_2025_6-3.jpg?resize=700%2C400&ssl=1 2x"},"classes":[]},{"id":33463,"url":"https:\/\/www.satokangas.fi\/blogi\/2018\/03\/revontulia-kuutamolla\/","url_meta":{"origin":36968,"position":3},"title":"Revontulia kuutamolla","author":"Reija","date":"4.3.2018","format":false,"excerpt":"Inarin saamelaisten uskomuksien mukaan revontulien alkuper\u00e4 on j\u00e4rviss\u00e4 tai meress\u00e4, ja kolttasaamelaiset ovat uskoneet, ett\u00e4 revontulet ovat sodassa kuolleiden sieluja. On muistettava, ettei revontulia saa osoittaa sormella, eik\u00e4 pilkata - ne tulevat alas ja rankaisevat, jos niin tekee. Kuten kaikista muistakin luonnonilmi\u00f6ist\u00e4, on my\u00f6s revontulista ennustettu tulevaa s\u00e4\u00e4t\u00e4. Ylh\u00e4\u00e4ll\u00e4 nauhamaisina\u2026","rel":"","context":"Kategoriassa &quot;Isovanhemmuus&quot;","block_context":{"text":"Isovanhemmuus","link":"https:\/\/www.satokangas.fi\/blogi\/category\/isovanhemmuus\/"},"img":{"alt_text":"","src":"https:\/\/i0.wp.com\/www.satokangas.fi\/blogi\/wp-content\/uploads\/2018\/03\/Puuterihanget-5.jpg?resize=350%2C200&ssl=1","width":350,"height":200,"srcset":"https:\/\/i0.wp.com\/www.satokangas.fi\/blogi\/wp-content\/uploads\/2018\/03\/Puuterihanget-5.jpg?resize=350%2C200&ssl=1 1x, https:\/\/i0.wp.com\/www.satokangas.fi\/blogi\/wp-content\/uploads\/2018\/03\/Puuterihanget-5.jpg?resize=525%2C300&ssl=1 1.5x, https:\/\/i0.wp.com\/www.satokangas.fi\/blogi\/wp-content\/uploads\/2018\/03\/Puuterihanget-5.jpg?resize=700%2C400&ssl=1 2x"},"classes":[]},{"id":38127,"url":"https:\/\/www.satokangas.fi\/blogi\/2020\/01\/vinkkelipatikan-paiva\/","url_meta":{"origin":36968,"position":4},"title":"Vinkkelipatikan p\u00e4iv\u00e4","author":"Reija","date":"26.1.2020","format":false,"excerpt":"Pyh\u00e4. Sunnuntai. Lepo. Her\u00e4simme sunnuntaiaamuun hyvin my\u00f6h\u00e4\u00e4n (meill\u00e4 se tarkoittaa melkein yhdeks\u00e4\u00e4 :) ). Eik\u00e4 my\u00f6h\u00e4\u00e4n siksi, ett\u00e4 olisi y\u00f6ll\u00e4 tai eilen illalla my\u00f6h\u00e4\u00e4n valvottu. Ehei, vaan koska oli v\u00e4sy, ehk\u00e4 alkava flunssa, mutta ennen kaikkea, koska oli aika levollinen mieli. Huolimatta, ett\u00e4 m\u00f6kkeilemme t\u00e4ll\u00e4 kertaa vain kaksistaan, oli meill\u00e4\u2026","rel":"","context":"Kategoriassa &quot;Liikkuminen&quot;","block_context":{"text":"Liikkuminen","link":"https:\/\/www.satokangas.fi\/blogi\/category\/liikkuminen\/"},"img":{"alt_text":"","src":"https:\/\/i0.wp.com\/www.satokangas.fi\/blogi\/wp-content\/uploads\/2020\/01\/vinkkelipatikka.jpg?resize=350%2C200&ssl=1","width":350,"height":200,"srcset":"https:\/\/i0.wp.com\/www.satokangas.fi\/blogi\/wp-content\/uploads\/2020\/01\/vinkkelipatikka.jpg?resize=350%2C200&ssl=1 1x, https:\/\/i0.wp.com\/www.satokangas.fi\/blogi\/wp-content\/uploads\/2020\/01\/vinkkelipatikka.jpg?resize=525%2C300&ssl=1 1.5x, https:\/\/i0.wp.com\/www.satokangas.fi\/blogi\/wp-content\/uploads\/2020\/01\/vinkkelipatikka.jpg?resize=700%2C400&ssl=1 2x"},"classes":[]},{"id":41583,"url":"https:\/\/www.satokangas.fi\/blogi\/2021\/09\/mokille\/","url_meta":{"origin":36968,"position":5},"title":"M\u00f6kille!","author":"Reija","date":"19.9.2021","format":false,"excerpt":"T\u00e4n\u00e4\u00e4n m\u00f6kkipihaan tullessamme oli meit\u00e4 vastassa t\u00e4llainen. Porokin hehkuvan ruskan v\u00e4reiss\u00e4? Vai jo joulun punaiseksi somistautunut? - Ei sent\u00e4\u00e4n. Poro \"keloo\" sarviaan hangaten niit\u00e4 puihin poistaen niist\u00e4 nahkan, mink\u00e4 j\u00e4lkeen sarvet ovat t\u00e4m\u00e4n n\u00e4k\u00f6iset. T\u00e4m\u00e4kin oli j\u00e4sen \"rykim\u00e4partiossa\", joka kulki pihapiiriss\u00e4 sy\u00f6den marjoja (juolukkaa, mustikoita ja ehk\u00e4 my\u00f6s puolukoita, joita\u2026","rel":"","context":"Kategoriassa &quot;Lappi&quot;","block_context":{"text":"Lappi","link":"https:\/\/www.satokangas.fi\/blogi\/category\/lappi\/"},"img":{"alt_text":"","src":"https:\/\/i0.wp.com\/www.satokangas.fi\/blogi\/wp-content\/uploads\/2021\/09\/1-1.jpg?resize=350%2C200&ssl=1","width":350,"height":200,"srcset":"https:\/\/i0.wp.com\/www.satokangas.fi\/blogi\/wp-content\/uploads\/2021\/09\/1-1.jpg?resize=350%2C200&ssl=1 1x, https:\/\/i0.wp.com\/www.satokangas.fi\/blogi\/wp-content\/uploads\/2021\/09\/1-1.jpg?resize=525%2C300&ssl=1 1.5x, https:\/\/i0.wp.com\/www.satokangas.fi\/blogi\/wp-content\/uploads\/2021\/09\/1-1.jpg?resize=700%2C400&ssl=1 2x"},"classes":[]}],"_links":{"self":[{"href":"https:\/\/www.satokangas.fi\/blogi\/wp-json\/wp\/v2\/posts\/36968","targetHints":{"allow":["GET"]}}],"collection":[{"href":"https:\/\/www.satokangas.fi\/blogi\/wp-json\/wp\/v2\/posts"}],"about":[{"href":"https:\/\/www.satokangas.fi\/blogi\/wp-json\/wp\/v2\/types\/post"}],"author":[{"embeddable":true,"href":"https:\/\/www.satokangas.fi\/blogi\/wp-json\/wp\/v2\/users\/1"}],"replies":[{"embeddable":true,"href":"https:\/\/www.satokangas.fi\/blogi\/wp-json\/wp\/v2\/comments?post=36968"}],"version-history":[{"count":0,"href":"https:\/\/www.satokangas.fi\/blogi\/wp-json\/wp\/v2\/posts\/36968\/revisions"}],"wp:attachment":[{"href":"https:\/\/www.satokangas.fi\/blogi\/wp-json\/wp\/v2\/media?parent=36968"}],"wp:term":[{"taxonomy":"category","embeddable":true,"href":"https:\/\/www.satokangas.fi\/blogi\/wp-json\/wp\/v2\/categories?post=36968"},{"taxonomy":"post_tag","embeddable":true,"href":"https:\/\/www.satokangas.fi\/blogi\/wp-json\/wp\/v2\/tags?post=36968"}],"curies":[{"name":"wp","href":"https:\/\/api.w.org\/{rel}","templated":true}]}}