{"id":36963,"date":"2019-08-11T20:24:18","date_gmt":"2019-08-11T17:24:18","guid":{"rendered":"https:\/\/www.satokangas.fi\/blogi\/?p=36963"},"modified":"2019-08-12T18:11:42","modified_gmt":"2019-08-12T15:11:42","slug":"kalaasit-ovat-ohi","status":"publish","type":"post","link":"https:\/\/www.satokangas.fi\/blogi\/2019\/08\/kalaasit-ovat-ohi\/","title":{"rendered":"En\u00e4\u00e4 ei ole kalaaseja!"},"content":{"rendered":"<p><a href=\"https:\/\/www.satokangas.fi\/blogi\/2019\/08\/kalaasit-ovat-ohi\/kalaasit-4-3\/#main\" rel=\"attachment wp-att-36964\"><img loading=\"lazy\" decoding=\"async\" data-attachment-id=\"36964\" data-permalink=\"https:\/\/www.satokangas.fi\/blogi\/2019\/08\/kalaasit-ovat-ohi\/kalaasit-4-3\/\" data-orig-file=\"https:\/\/www.satokangas.fi\/blogi\/wp-content\/uploads\/2019\/08\/kalaasit-4.jpg\" data-orig-size=\"1000,667\" data-comments-opened=\"1\" data-image-meta=\"{&quot;aperture&quot;:&quot;4&quot;,&quot;credit&quot;:&quot;REIJA SATOKANGAS&quot;,&quot;camera&quot;:&quot;Canon EOS 5D Mark IV&quot;,&quot;caption&quot;:&quot;&quot;,&quot;created_timestamp&quot;:&quot;1565447689&quot;,&quot;copyright&quot;:&quot;Reija Satokangas&quot;,&quot;focal_length&quot;:&quot;100&quot;,&quot;iso&quot;:&quot;800&quot;,&quot;shutter_speed&quot;:&quot;0.00625&quot;,&quot;title&quot;:&quot;&quot;,&quot;orientation&quot;:&quot;0&quot;}\" data-image-title=\"kalaasit-4\" data-image-description=\"\" data-image-caption=\"\" data-large-file=\"https:\/\/www.satokangas.fi\/blogi\/wp-content\/uploads\/2019\/08\/kalaasit-4.jpg\" class=\"aligncenter size-full wp-image-36964\" src=\"https:\/\/www.satokangas.fi\/blogi\/wp-content\/uploads\/2019\/08\/kalaasit-4.jpg\" alt=\"\" width=\"1000\" height=\"667\" srcset=\"https:\/\/www.satokangas.fi\/blogi\/wp-content\/uploads\/2019\/08\/kalaasit-4.jpg 1000w, https:\/\/www.satokangas.fi\/blogi\/wp-content\/uploads\/2019\/08\/kalaasit-4-300x200.jpg 300w, https:\/\/www.satokangas.fi\/blogi\/wp-content\/uploads\/2019\/08\/kalaasit-4-600x400.jpg 600w, https:\/\/www.satokangas.fi\/blogi\/wp-content\/uploads\/2019\/08\/kalaasit-4-768x512.jpg 768w\" sizes=\"auto, (max-width: 1000px) 100vw, 1000px\" \/><\/a><\/p>\n<p style=\"text-align: justify;\">Se pit\u00e4isi muistaa, ett\u00e4 on t\u00e4rke\u00e4\u00e4 nauttia pienist\u00e4 asioista, t\u00e4rkeist\u00e4 ihmisist\u00e4 ja hyv\u00e4st\u00e4 ruoasta. Elinehtoja taitavat olla nuo. Tai noh, minulle ainakin ovat. Meill\u00e4 on nyt taas pitk\u00e4ksi aikaa varastossa hyv\u00e4\u00e4 mielt\u00e4 noista jutuista.<\/p>\n<p style=\"text-align: justify;\">On Kalaasien j\u00e4lkeinen sunnuntai, Pehtoorin syntt\u00e4rit, elokuun leppoisan l\u00e4mmin sunnuntai. Ja mietin, ett\u00e4 kannatti pohtia ja tehd\u00e4 p\u00e4\u00e4t\u00f6s. Min\u00e4h\u00e4n sen tein, Pehtoori my\u00f6t\u00e4ili, &#8211; ei mik\u00e4\u00e4n \u00e4kkin\u00e4inen p\u00e4\u00e4h\u00e4npisto, vaan pitk\u00e4n pohdinnan ja itsetutkiskelun tulos. Eilen oli meill\u00e4 vietettyjen Kalaasien 20-vuotisjuhla, joka oli samalla viimeinen kerta Kalaaseja. Kaikkien aikojen kalaasit. Kaikki 20 vuotta!<\/p>\n<p style=\"text-align: justify;\">Nyt kun kaikki on siivottu, lasit ovat taas paikoillaan kiillotettuina, vain kerran vuodessa k\u00e4ytett\u00e4v\u00e4t tarjoiluastiat omissa jemmoissaan, Festa m\u00f6\u00f6bleerattu tavalliseen kuosiinsa (p\u00f6yt\u00e4 lyhennetty, liinat pakattu pesulakassiin [viime vuonna ei muuten pesetetty \ud83d\ude09 ], sy\u00f6tt\u00f6tuoli palautettu paikalleen), viinipullot roudattu kauppaan, ruokien v\u00e4h\u00e4iset rippeet t\u00e4ydennettyn\u00e4 grillimakkaralla sy\u00f6tetty pikkuperheelle, olemme viel\u00e4kin tyytyv\u00e4isi\u00e4 ratkaisuun: Kalaasit oli hyv\u00e4 lopettaa, kun oli viel\u00e4 mukavaa, kun oli erinomaisen hyv\u00e4 fiilis, kun kaikki yst\u00e4v\u00e4t viel\u00e4 halusivat tulla (kai?). Kun minullekin niiden j\u00e4rjest\u00e4minen oli <em>enimm\u00e4kseen<\/em> ilo, eik\u00e4 vain suoritus.<\/p>\n<p style=\"text-align: justify;\">Viime vuosina &#8211; vanhentuessani, laiskistuessani, kaiken k\u00e4ydess\u00e4 hitaammaksi &#8211; olen aina vain enemm\u00e4n harmitellut (my\u00f6s Pehtoori on), ett\u00e4 monet jutut menev\u00e4t ohi, en ehdi OLLA yst\u00e4vien kanssa, silloin kun he ovat meill\u00e4. Min\u00e4 vain touhuilen ja kokkailen, huolimatta, ett\u00e4 puolenkymment\u00e4 vuotta vieraatkin on ohjattu avuksi tarjoilu- ja siistimishommiin. Oma vika.<\/p>\n<p style=\"text-align: justify;\">Tied\u00e4n, ett\u00e4 minulle tulee pian ajatus, ett\u00e4 olisi aika j\u00e4rjest\u00e4\u00e4 jotkut juhlat, joihin voisi kutsua yst\u00e4vi\u00e4: hattukekkerit, joulukinkerit, pikniknyytt\u00e4rit, \u2026 Olen varma, ett\u00e4 kaikkien kalaasien tuhkasta nousee jotain uutta &#8211; eih\u00e4n kalaaseista luopuminen tarkoita luopumista yst\u00e4vist\u00e4. &#x1f60a; Minun &#8211; juuri minun &#8211; on nyt vain luovuttava, harjoiteltava ja opeteltava luopumaan. Sit\u00e4h\u00e4n joutuu n\u00e4ill\u00e4 vuosilla tekem\u00e4\u00e4n koko ajan. Nyt kun viel\u00e4 saa usein jotain tilalle &#8211; ehk\u00e4 juuri sen takia, rohkenin t\u00e4m\u00e4n p\u00e4\u00e4t\u00f6ksen tehd\u00e4. Uskon vahvasti, ett\u00e4 viel\u00e4 seuraavat 20 vuotta meill\u00e4 on t\u00e4ll\u00e4 samaisellla porukalla hyvi\u00e4 yhteisoloja ja juhlia&#8230;. erilaisia, ei niin ennakoitavia, sellaisia, joissa on yll\u00e4tyksellisyytt\u00e4, joissa on iloa ja eloa, mutta joissa on my\u00f6s tuttuutta, yst\u00e4vi\u00e4, hyv\u00e4\u00e4 ruokaa, jotain uutta, mutta my\u00f6s rauhaa. V\u00e4hemm\u00e4n juttuja, enemm\u00e4n kohtaamisia.<\/p>\n<p style=\"text-align: justify;\">Ja kuinka olikaan eilen mukava, ja niin helpottava, huomata, ett\u00e4 yst\u00e4v\u00e4t (pienen nieleksemisen j\u00e4lkeen \ud83d\ude42 ) ymm\u00e4rsiv\u00e4t, miksi t\u00e4h\u00e4n olimme p\u00e4\u00e4tyneet. Ja olin n\u00e4kev\u00e4ni, ett\u00e4 moni jo eilen ajatteli, ett\u00e4 &#8221;kyll\u00e4, kyll\u00e4 t\u00e4m\u00e4 on juuri oikein&#8221;. Siin\u00e4 uskossa nyt olen, &#8211; oikeastaan jo seuraavien juhlien menua ja kattausta suunnitellen &#8230; \ud83d\ude00 Jotenkin kaihoisa olo. Tai noh, h\u00e4mmentynyt, helpottunut, hyv\u00e4.<\/p>\n","protected":false},"excerpt":{"rendered":"<p>Se pit\u00e4isi muistaa, ett\u00e4 on t\u00e4rke\u00e4\u00e4 nauttia pienist\u00e4 asioista, t\u00e4rkeist\u00e4 ihmisist\u00e4 ja hyv\u00e4st\u00e4 ruoasta. Elinehtoja taitavat olla nuo. Tai noh, minulle ainakin ovat. Meill\u00e4 on nyt taas pitk\u00e4ksi aikaa varastossa hyv\u00e4\u00e4 mielt\u00e4 noista jutuista. On Kalaasien j\u00e4lkeinen sunnuntai, Pehtoorin syntt\u00e4rit, elokuun leppoisan l\u00e4mmin sunnuntai. Ja mietin, ett\u00e4 kannatti pohtia ja tehd\u00e4 p\u00e4\u00e4t\u00f6s. Min\u00e4h\u00e4n sen tein, Pehtoori my\u00f6t\u00e4ili, &#8211; ei mik\u00e4\u00e4n &hellip; <\/p>\n","protected":false},"author":1,"featured_media":0,"comment_status":"open","ping_status":"open","sticky":false,"template":"","format":"standard","meta":{"jetpack_post_was_ever_published":false,"_jetpack_newsletter_access":"","_jetpack_dont_email_post_to_subs":false,"_jetpack_newsletter_tier_id":0,"_jetpack_memberships_contains_paywalled_content":false,"_jetpack_memberships_contains_paid_content":false,"footnotes":"","jetpack_publicize_message":"","jetpack_publicize_feature_enabled":true,"jetpack_social_post_already_shared":true,"jetpack_social_options":{"image_generator_settings":{"template":"highway","default_image_id":0,"font":"","enabled":false},"version":2}},"categories":[82],"tags":[],"class_list":["post-36963","post","type-post","status-publish","format-standard","hentry","category-kalaasit","latest_post"],"jetpack_publicize_connections":[],"jetpack_featured_media_url":"","jetpack_shortlink":"https:\/\/wp.me\/pr4p4-9Cb","jetpack_sharing_enabled":true,"jetpack_likes_enabled":false,"jetpack-related-posts":[{"id":28903,"url":"https:\/\/www.satokangas.fi\/blogi\/2016\/08\/kalaasien-jalkeen-kuvauspaiva\/","url_meta":{"origin":36963,"position":0},"title":"Kalaasien j\u00e4lkeen kuvausp\u00e4iv\u00e4","author":"Reija","date":"7.8.2016","format":false,"excerpt":"Yst\u00e4v\u00e4t sanoivat, ett\u00e4 oli kes\u00e4n kohokohta, tai ainakin yksi t\u00e4rkeimmist\u00e4. Siis Kalaasit meill\u00e4. Onhan ne meillekin yksi kes\u00e4n kohokohta. Ollut jo kauan. Eilen ne taas oli. Ja kyll\u00e4 me jo puolen p\u00e4iv\u00e4n j\u00e4lkeen Pehtoorin kanssa olimme v\u00e4h\u00e4n huolissamme, ett\u00e4 mit\u00e4 olemme unohtaneet, onko joku asia j\u00e4\u00e4nyt tekem\u00e4tt\u00e4, ruoka valmistamatta, piha\u2026","rel":"","context":"Kategoriassa &quot;Isovanhemmuus&quot;","block_context":{"text":"Isovanhemmuus","link":"https:\/\/www.satokangas.fi\/blogi\/category\/isovanhemmuus\/"},"img":{"alt_text":"Kalaasit-10","src":"https:\/\/i0.wp.com\/www.satokangas.fi\/blogi\/wp-content\/uploads\/2016\/08\/Kalaasit-10-600x400.jpg?resize=350%2C200&ssl=1","width":350,"height":200,"srcset":"https:\/\/i0.wp.com\/www.satokangas.fi\/blogi\/wp-content\/uploads\/2016\/08\/Kalaasit-10-600x400.jpg?resize=350%2C200&ssl=1 1x, https:\/\/i0.wp.com\/www.satokangas.fi\/blogi\/wp-content\/uploads\/2016\/08\/Kalaasit-10-600x400.jpg?resize=525%2C300&ssl=1 1.5x"},"classes":[]},{"id":18411,"url":"https:\/\/www.satokangas.fi\/blogi\/2013\/08\/kalaaseista-ja-niiden-tarjoiluista-viela\/","url_meta":{"origin":36963,"position":1},"title":"Kalaaseista ja niiden tarjoiluista viel\u00e4","author":"Reija","date":"15.8.2013","format":false,"excerpt":"Palatakseni viel\u00e4 kalaaseihin.\u00a0Meid\u00e4n kes\u00e4n suurin ruokajuhlahan oli viime lauantaina, ja teemana - v\u00e4ist\u00e4m\u00e4tt\u00e4 - Meksiko. Kutsuun kirjoitin: \"T\u00e4n\u00e4 vuonna mariachi-musiikki soi,\u00a0chili\u00e4 ja salsaa on v\u00e4hint\u00e4\u00e4nkin riitt\u00e4v\u00e4sti, tequila virtaa ja sombrerot lentelev\u00e4t! - sik\u00e4li kun teill\u00e4 sellaisia on! Pukukoodissahan voisi olla jotain latinoa ...\"\u00a0 Sombreroja ei n\u00e4kynyt, mutta h\u00e4iv\u00e4hdyksi\u00e4 latinosta oli\u2026","rel":"","context":"Kategoriassa &quot;Meksiko&quot;","block_context":{"text":"Meksiko","link":"https:\/\/www.satokangas.fi\/blogi\/category\/reissut\/meksiko\/"},"img":{"alt_text":"Kalaasit Meksiko-teemalla-3","src":"https:\/\/i0.wp.com\/www.satokangas.fi\/blogi\/wp-content\/uploads\/2013\/08\/Kalaasit-Meksiko-teemalla-3-333x400.jpg?resize=350%2C200&ssl=1","width":350,"height":200},"classes":[]},{"id":15015,"url":"https:\/\/www.satokangas.fi\/blogi\/2012\/08\/kalaasit-2012\/","url_meta":{"origin":36963,"position":2},"title":"Kalaasit 2012","author":"Reija","date":"11.8.2012","format":false,"excerpt":"Ovatko n\u00e4m\u00e4 nyt nelj\u00e4nnettoista? Taitavat olla. Useimmiten ne on pidetty elokuussa, aika usein juuri t\u00e4n\u00e4 koulujen aloittamisviikonloppuna\/syntt\u00e4riviikonloppuna. Pari kertaa on jouduttu siirt\u00e4m\u00e4\u00e4n \u00a0syyskuulle,\u00a0jotta saataisiin kaikki p\u00f6yt\u00e4\u00e4n ... Helsinkil\u00e4iset eiv\u00e4t nytk\u00e4\u00e4n p\u00e4\u00e4sseet :( Menu ei ole mitenk\u00e4\u00e4n erityisen kunnianhimoinen, mutta onpahan ihan perinteisen kaavan mukaan italialainen, liki umbrialainen. Helpoimmin voin mokata\u2026","rel":"","context":"Kategoriassa &quot;Niit\u00e4 n\u00e4it\u00e4&quot;","block_context":{"text":"Niit\u00e4 n\u00e4it\u00e4","link":"https:\/\/www.satokangas.fi\/blogi\/category\/aiheeton\/"},"img":{"alt_text":"","src":"https:\/\/i0.wp.com\/www.satokangas.fi\/blogi\/wp-content\/uploads\/Kalaasit-568x400.jpg?resize=350%2C200&ssl=1","width":350,"height":200,"srcset":"https:\/\/i0.wp.com\/www.satokangas.fi\/blogi\/wp-content\/uploads\/Kalaasit-568x400.jpg?resize=350%2C200&ssl=1 1x, https:\/\/i0.wp.com\/www.satokangas.fi\/blogi\/wp-content\/uploads\/Kalaasit-568x400.jpg?resize=525%2C300&ssl=1 1.5x"},"classes":[]},{"id":36958,"url":"https:\/\/www.satokangas.fi\/blogi\/2019\/08\/kaikkien-aikojen-kalaasit\/","url_meta":{"origin":36963,"position":3},"title":"Kaikkien aikojen kalaasit","author":"Reija","date":"10.8.2019","format":false,"excerpt":"Nyt ne on vietetty. Kaikkien aikojen kalaasit. Viimeiset kalaasit. Hieman h\u00e4mmentynyt, mutta el\u00e4m\u00e4 jatkuu... \u00a0","rel":"","context":"Kategoriassa &quot;Kalaasit&quot;","block_context":{"text":"Kalaasit","link":"https:\/\/www.satokangas.fi\/blogi\/category\/kalaasit\/"},"img":{"alt_text":"","src":"https:\/\/i0.wp.com\/www.satokangas.fi\/blogi\/wp-content\/uploads\/2019\/08\/kalaasit.jpg?resize=350%2C200&ssl=1","width":350,"height":200,"srcset":"https:\/\/i0.wp.com\/www.satokangas.fi\/blogi\/wp-content\/uploads\/2019\/08\/kalaasit.jpg?resize=350%2C200&ssl=1 1x, https:\/\/i0.wp.com\/www.satokangas.fi\/blogi\/wp-content\/uploads\/2019\/08\/kalaasit.jpg?resize=525%2C300&ssl=1 1.5x"},"classes":[]},{"id":28888,"url":"https:\/\/www.satokangas.fi\/blogi\/2016\/08\/kalaasien-edella\/","url_meta":{"origin":36963,"position":4},"title":"Kalaasien edell\u00e4","author":"Reija","date":"5.8.2016","format":false,"excerpt":"Lasit on putsattu, liinat silitetty, servietit taiteltu... T\u00e4m\u00e4 kaikki on niin paljon mukavampaa ja sujuvampaa, kun ei ole duunia hidastamassa juhlien j\u00e4rjest\u00e4mist\u00e4. ... Tosin edelleen ensi viikon dead-linet kapitulin ja koulun osalta nakuttavat takaraivossa, mutta t\u00e4n\u00e4\u00e4n sain jo kaksi kuvasarjaa l\u00e4htem\u00e4\u00e4nkin (varakuvineenkin, ei saisi olla kuin viis\/sarja...\u00a0k\u00e4yh\u00e4n katsomassa jos kiinnostaa,...\u2026","rel":"","context":"Kategoriassa &quot;Niit\u00e4 n\u00e4it\u00e4&quot;","block_context":{"text":"Niit\u00e4 n\u00e4it\u00e4","link":"https:\/\/www.satokangas.fi\/blogi\/category\/aiheeton\/"},"img":{"alt_text":"Kalaasit-3","src":"https:\/\/i0.wp.com\/www.satokangas.fi\/blogi\/wp-content\/uploads\/2016\/08\/Kalaasit-3-423x400.jpg?resize=350%2C200&ssl=1","width":350,"height":200},"classes":[]},{"id":31377,"url":"https:\/\/www.satokangas.fi\/blogi\/2017\/07\/kalaaseista-opittua\/","url_meta":{"origin":36963,"position":5},"title":"Kalaaseista opittua","author":"Reija","date":"23.7.2017","format":false,"excerpt":"\"Japani lasissa ja lautasella\" -kalaasit on nyt ohi. Eih\u00e4n se mennyt ihan niin kuin parhaimmillaan, ... mutta pikkutunneille asti juhlimme. Ja t\u00e4n\u00e4\u00e4n tulleista kiitosviesteist\u00e4 olen ymm\u00e4rt\u00e4v\u00e4ni, ett\u00e4 ruoka oli ollut hyv\u00e4\u00e4 ja vieraat juhlissa viihtyneet. Parasta oli kun v\u00e4lill\u00e4 porukalla kuulosteltiin toistemme kuulumisia. Naurua ja \u00e4\u00e4\u00e4nt\u00e4 ei illasta puuttunut. Pehtoori\u2026","rel":"","context":"Kategoriassa &quot;Kalaasit&quot;","block_context":{"text":"Kalaasit","link":"https:\/\/www.satokangas.fi\/blogi\/category\/kalaasit\/"},"img":{"alt_text":"","src":"https:\/\/i0.wp.com\/www.satokangas.fi\/blogi\/wp-content\/uploads\/2017\/07\/Japanilainen-kattaus-13-1.jpg?resize=350%2C200&ssl=1","width":350,"height":200,"srcset":"https:\/\/i0.wp.com\/www.satokangas.fi\/blogi\/wp-content\/uploads\/2017\/07\/Japanilainen-kattaus-13-1.jpg?resize=350%2C200&ssl=1 1x, https:\/\/i0.wp.com\/www.satokangas.fi\/blogi\/wp-content\/uploads\/2017\/07\/Japanilainen-kattaus-13-1.jpg?resize=525%2C300&ssl=1 1.5x, https:\/\/i0.wp.com\/www.satokangas.fi\/blogi\/wp-content\/uploads\/2017\/07\/Japanilainen-kattaus-13-1.jpg?resize=700%2C400&ssl=1 2x"},"classes":[]}],"_links":{"self":[{"href":"https:\/\/www.satokangas.fi\/blogi\/wp-json\/wp\/v2\/posts\/36963","targetHints":{"allow":["GET"]}}],"collection":[{"href":"https:\/\/www.satokangas.fi\/blogi\/wp-json\/wp\/v2\/posts"}],"about":[{"href":"https:\/\/www.satokangas.fi\/blogi\/wp-json\/wp\/v2\/types\/post"}],"author":[{"embeddable":true,"href":"https:\/\/www.satokangas.fi\/blogi\/wp-json\/wp\/v2\/users\/1"}],"replies":[{"embeddable":true,"href":"https:\/\/www.satokangas.fi\/blogi\/wp-json\/wp\/v2\/comments?post=36963"}],"version-history":[{"count":0,"href":"https:\/\/www.satokangas.fi\/blogi\/wp-json\/wp\/v2\/posts\/36963\/revisions"}],"wp:attachment":[{"href":"https:\/\/www.satokangas.fi\/blogi\/wp-json\/wp\/v2\/media?parent=36963"}],"wp:term":[{"taxonomy":"category","embeddable":true,"href":"https:\/\/www.satokangas.fi\/blogi\/wp-json\/wp\/v2\/categories?post=36963"},{"taxonomy":"post_tag","embeddable":true,"href":"https:\/\/www.satokangas.fi\/blogi\/wp-json\/wp\/v2\/tags?post=36963"}],"curies":[{"name":"wp","href":"https:\/\/api.w.org\/{rel}","templated":true}]}}