{"id":36958,"date":"2019-08-10T23:55:21","date_gmt":"2019-08-10T20:55:21","guid":{"rendered":"https:\/\/www.satokangas.fi\/blogi\/?p=36958"},"modified":"2019-08-11T00:43:00","modified_gmt":"2019-08-10T21:43:00","slug":"kaikkien-aikojen-kalaasit","status":"publish","type":"post","link":"https:\/\/www.satokangas.fi\/blogi\/2019\/08\/kaikkien-aikojen-kalaasit\/","title":{"rendered":"Kaikkien aikojen kalaasit"},"content":{"rendered":"<p><a href=\"https:\/\/www.satokangas.fi\/blogi\/2019\/08\/kaikkien-aikojen-kalaasit\/kalaasimenu-2\/#main\" rel=\"attachment wp-att-36960\"><img loading=\"lazy\" decoding=\"async\" data-attachment-id=\"36960\" data-permalink=\"https:\/\/www.satokangas.fi\/blogi\/2019\/08\/kaikkien-aikojen-kalaasit\/kalaasimenu-2\/\" data-orig-file=\"https:\/\/www.satokangas.fi\/blogi\/wp-content\/uploads\/2019\/08\/Kalaasimenu.jpg\" data-orig-size=\"599,862\" data-comments-opened=\"1\" data-image-meta=\"{&quot;aperture&quot;:&quot;0&quot;,&quot;credit&quot;:&quot;Reija&quot;,&quot;camera&quot;:&quot;&quot;,&quot;caption&quot;:&quot;&quot;,&quot;created_timestamp&quot;:&quot;1565450970&quot;,&quot;copyright&quot;:&quot;&quot;,&quot;focal_length&quot;:&quot;0&quot;,&quot;iso&quot;:&quot;0&quot;,&quot;shutter_speed&quot;:&quot;0&quot;,&quot;title&quot;:&quot;&quot;,&quot;orientation&quot;:&quot;0&quot;}\" data-image-title=\"Kalaasimenu\" data-image-description=\"\" data-image-caption=\"\" data-large-file=\"https:\/\/www.satokangas.fi\/blogi\/wp-content\/uploads\/2019\/08\/Kalaasimenu.jpg\" class=\"aligncenter size-full wp-image-36960\" src=\"https:\/\/www.satokangas.fi\/blogi\/wp-content\/uploads\/2019\/08\/Kalaasimenu.jpg\" alt=\"\" width=\"599\" height=\"862\" srcset=\"https:\/\/www.satokangas.fi\/blogi\/wp-content\/uploads\/2019\/08\/Kalaasimenu.jpg 599w, https:\/\/www.satokangas.fi\/blogi\/wp-content\/uploads\/2019\/08\/Kalaasimenu-208x300.jpg 208w, https:\/\/www.satokangas.fi\/blogi\/wp-content\/uploads\/2019\/08\/Kalaasimenu-278x400.jpg 278w\" sizes=\"auto, (max-width: 599px) 100vw, 599px\" \/><\/a><\/p>\n<p style=\"text-align: center;\">Nyt ne on vietetty. Kaikkien aikojen kalaasit. Viimeiset kalaasit.<\/p>\n<p style=\"text-align: center;\">Hieman h\u00e4mmentynyt, mutta el\u00e4m\u00e4 jatkuu&#8230;<\/p>\n<p><a href=\"https:\/\/www.satokangas.fi\/blogi\/2019\/08\/kaikkien-aikojen-kalaasit\/kalaasit-15\/#main\" rel=\"attachment wp-att-36961\"><img loading=\"lazy\" decoding=\"async\" data-attachment-id=\"36961\" data-permalink=\"https:\/\/www.satokangas.fi\/blogi\/2019\/08\/kaikkien-aikojen-kalaasit\/kalaasit-15\/\" data-orig-file=\"https:\/\/www.satokangas.fi\/blogi\/wp-content\/uploads\/2019\/08\/kalaasit.jpg\" data-orig-size=\"623,800\" data-comments-opened=\"1\" data-image-meta=\"{&quot;aperture&quot;:&quot;11&quot;,&quot;credit&quot;:&quot;REIJA SATOKANGAS&quot;,&quot;camera&quot;:&quot;Canon EOS 5D Mark IV&quot;,&quot;caption&quot;:&quot;&quot;,&quot;created_timestamp&quot;:&quot;1565474916&quot;,&quot;copyright&quot;:&quot;Reija Satokangas&quot;,&quot;focal_length&quot;:&quot;70&quot;,&quot;iso&quot;:&quot;5000&quot;,&quot;shutter_speed&quot;:&quot;0.04&quot;,&quot;title&quot;:&quot;&quot;,&quot;orientation&quot;:&quot;0&quot;}\" data-image-title=\"kalaasit\" data-image-description=\"\" data-image-caption=\"\" data-large-file=\"https:\/\/www.satokangas.fi\/blogi\/wp-content\/uploads\/2019\/08\/kalaasit.jpg\" class=\"aligncenter size-full wp-image-36961\" src=\"https:\/\/www.satokangas.fi\/blogi\/wp-content\/uploads\/2019\/08\/kalaasit.jpg\" alt=\"\" width=\"623\" height=\"800\" srcset=\"https:\/\/www.satokangas.fi\/blogi\/wp-content\/uploads\/2019\/08\/kalaasit.jpg 623w, https:\/\/www.satokangas.fi\/blogi\/wp-content\/uploads\/2019\/08\/kalaasit-234x300.jpg 234w, https:\/\/www.satokangas.fi\/blogi\/wp-content\/uploads\/2019\/08\/kalaasit-312x400.jpg 312w\" sizes=\"auto, (max-width: 623px) 100vw, 623px\" \/><\/a><\/p>\n<p>&nbsp;<\/p>\n","protected":false},"excerpt":{"rendered":"<p>Nyt ne on vietetty. Kaikkien aikojen kalaasit. Viimeiset kalaasit. Hieman h\u00e4mmentynyt, mutta el\u00e4m\u00e4 jatkuu&#8230; &nbsp;<\/p>\n","protected":false},"author":1,"featured_media":0,"comment_status":"open","ping_status":"open","sticky":false,"template":"","format":"standard","meta":{"jetpack_post_was_ever_published":false,"_jetpack_newsletter_access":"","_jetpack_dont_email_post_to_subs":false,"_jetpack_newsletter_tier_id":0,"_jetpack_memberships_contains_paywalled_content":false,"_jetpack_memberships_contains_paid_content":false,"footnotes":"","jetpack_publicize_message":"","jetpack_publicize_feature_enabled":true,"jetpack_social_post_already_shared":true,"jetpack_social_options":{"image_generator_settings":{"template":"highway","default_image_id":0,"font":"","enabled":false},"version":2}},"categories":[82],"tags":[],"class_list":["post-36958","post","type-post","status-publish","format-standard","hentry","category-kalaasit","latest_post"],"jetpack_publicize_connections":[],"jetpack_featured_media_url":"","jetpack_shortlink":"https:\/\/wp.me\/pr4p4-9C6","jetpack_sharing_enabled":true,"jetpack_likes_enabled":false,"jetpack-related-posts":[{"id":36963,"url":"https:\/\/www.satokangas.fi\/blogi\/2019\/08\/kalaasit-ovat-ohi\/","url_meta":{"origin":36958,"position":0},"title":"En\u00e4\u00e4 ei ole kalaaseja!","author":"Reija","date":"11.8.2019","format":false,"excerpt":"Se pit\u00e4isi muistaa, ett\u00e4 on t\u00e4rke\u00e4\u00e4 nauttia pienist\u00e4 asioista, t\u00e4rkeist\u00e4 ihmisist\u00e4 ja hyv\u00e4st\u00e4 ruoasta. Elinehtoja taitavat olla nuo. Tai noh, minulle ainakin ovat. Meill\u00e4 on nyt taas pitk\u00e4ksi aikaa varastossa hyv\u00e4\u00e4 mielt\u00e4 noista jutuista. On Kalaasien j\u00e4lkeinen sunnuntai, Pehtoorin syntt\u00e4rit, elokuun leppoisan l\u00e4mmin sunnuntai. Ja mietin, ett\u00e4 kannatti pohtia ja\u2026","rel":"","context":"Kategoriassa &quot;Kalaasit&quot;","block_context":{"text":"Kalaasit","link":"https:\/\/www.satokangas.fi\/blogi\/category\/kalaasit\/"},"img":{"alt_text":"","src":"https:\/\/i0.wp.com\/www.satokangas.fi\/blogi\/wp-content\/uploads\/2019\/08\/kalaasit-4.jpg?resize=350%2C200&ssl=1","width":350,"height":200,"srcset":"https:\/\/i0.wp.com\/www.satokangas.fi\/blogi\/wp-content\/uploads\/2019\/08\/kalaasit-4.jpg?resize=350%2C200&ssl=1 1x, https:\/\/i0.wp.com\/www.satokangas.fi\/blogi\/wp-content\/uploads\/2019\/08\/kalaasit-4.jpg?resize=525%2C300&ssl=1 1.5x, https:\/\/i0.wp.com\/www.satokangas.fi\/blogi\/wp-content\/uploads\/2019\/08\/kalaasit-4.jpg?resize=700%2C400&ssl=1 2x"},"classes":[]},{"id":28888,"url":"https:\/\/www.satokangas.fi\/blogi\/2016\/08\/kalaasien-edella\/","url_meta":{"origin":36958,"position":1},"title":"Kalaasien edell\u00e4","author":"Reija","date":"5.8.2016","format":false,"excerpt":"Lasit on putsattu, liinat silitetty, servietit taiteltu... T\u00e4m\u00e4 kaikki on niin paljon mukavampaa ja sujuvampaa, kun ei ole duunia hidastamassa juhlien j\u00e4rjest\u00e4mist\u00e4. ... Tosin edelleen ensi viikon dead-linet kapitulin ja koulun osalta nakuttavat takaraivossa, mutta t\u00e4n\u00e4\u00e4n sain jo kaksi kuvasarjaa l\u00e4htem\u00e4\u00e4nkin (varakuvineenkin, ei saisi olla kuin viis\/sarja...\u00a0k\u00e4yh\u00e4n katsomassa jos kiinnostaa,...\u2026","rel":"","context":"Kategoriassa &quot;Niit\u00e4 n\u00e4it\u00e4&quot;","block_context":{"text":"Niit\u00e4 n\u00e4it\u00e4","link":"https:\/\/www.satokangas.fi\/blogi\/category\/aiheeton\/"},"img":{"alt_text":"Kalaasit-3","src":"https:\/\/i0.wp.com\/www.satokangas.fi\/blogi\/wp-content\/uploads\/2016\/08\/Kalaasit-3-423x400.jpg?resize=350%2C200&ssl=1","width":350,"height":200},"classes":[]},{"id":28893,"url":"https:\/\/www.satokangas.fi\/blogi\/2016\/08\/ennen-ja-jalkeen\/","url_meta":{"origin":36958,"position":2},"title":"Ennen ja j\u00e4lkeen&#8230;","author":"Reija","date":"7.8.2016","format":false,"excerpt":"Ensi vuonna taas.","rel":"","context":"Kategoriassa &quot;Kalaasit&quot;","block_context":{"text":"Kalaasit","link":"https:\/\/www.satokangas.fi\/blogi\/category\/kalaasit\/"},"img":{"alt_text":"Kalaasit-7","src":"https:\/\/i0.wp.com\/www.satokangas.fi\/blogi\/wp-content\/uploads\/2016\/08\/Kalaasit-7-600x400.jpg?resize=350%2C200&ssl=1","width":350,"height":200,"srcset":"https:\/\/i0.wp.com\/www.satokangas.fi\/blogi\/wp-content\/uploads\/2016\/08\/Kalaasit-7-600x400.jpg?resize=350%2C200&ssl=1 1x, https:\/\/i0.wp.com\/www.satokangas.fi\/blogi\/wp-content\/uploads\/2016\/08\/Kalaasit-7-600x400.jpg?resize=525%2C300&ssl=1 1.5x"},"classes":[]},{"id":18411,"url":"https:\/\/www.satokangas.fi\/blogi\/2013\/08\/kalaaseista-ja-niiden-tarjoiluista-viela\/","url_meta":{"origin":36958,"position":3},"title":"Kalaaseista ja niiden tarjoiluista viel\u00e4","author":"Reija","date":"15.8.2013","format":false,"excerpt":"Palatakseni viel\u00e4 kalaaseihin.\u00a0Meid\u00e4n kes\u00e4n suurin ruokajuhlahan oli viime lauantaina, ja teemana - v\u00e4ist\u00e4m\u00e4tt\u00e4 - Meksiko. Kutsuun kirjoitin: \"T\u00e4n\u00e4 vuonna mariachi-musiikki soi,\u00a0chili\u00e4 ja salsaa on v\u00e4hint\u00e4\u00e4nkin riitt\u00e4v\u00e4sti, tequila virtaa ja sombrerot lentelev\u00e4t! - sik\u00e4li kun teill\u00e4 sellaisia on! Pukukoodissahan voisi olla jotain latinoa ...\"\u00a0 Sombreroja ei n\u00e4kynyt, mutta h\u00e4iv\u00e4hdyksi\u00e4 latinosta oli\u2026","rel":"","context":"Kategoriassa &quot;Meksiko&quot;","block_context":{"text":"Meksiko","link":"https:\/\/www.satokangas.fi\/blogi\/category\/reissut\/meksiko\/"},"img":{"alt_text":"Kalaasit Meksiko-teemalla-3","src":"https:\/\/i0.wp.com\/www.satokangas.fi\/blogi\/wp-content\/uploads\/2013\/08\/Kalaasit-Meksiko-teemalla-3-333x400.jpg?resize=350%2C200&ssl=1","width":350,"height":200},"classes":[]},{"id":22119,"url":"https:\/\/www.satokangas.fi\/blogi\/2014\/08\/perjantaina-lyhyesti\/","url_meta":{"origin":36958,"position":4},"title":"Perjantaina lyhyesti","author":"Reija","date":"8.8.2014","format":false,"excerpt":"Eilen illalla kun olin \u00e4idin luona k\u00e4ym\u00e4ss\u00e4, kerroin tulevista kalaaseista, siit\u00e4, mit\u00e4 aion tarjota, millaista \"ohjelmaa\" meill\u00e4 on, ja \u00e4iti palasi menneeseen, muisteli aikoja\u00a0Tanskassa ja sit\u00e4, ett\u00e4 Ruotsissa j\u00e4rjestettiin ennen kalaaseja... mutta kummasteli, etteik\u00f6 ole iso homma j\u00e4rjest\u00e4\u00e4 moisia kestej\u00e4? - No on. Onhan se sellainen viikon projekti, mutta kun\u2026","rel":"","context":"Kategoriassa &quot;Kalaasit&quot;","block_context":{"text":"Kalaasit","link":"https:\/\/www.satokangas.fi\/blogi\/category\/kalaasit\/"},"img":{"alt_text":"InstagramCapture_55520994-1706-4c86-a72e-b2d041a97428_jpg","src":"https:\/\/i0.wp.com\/www.satokangas.fi\/blogi\/wp-content\/uploads\/2014\/08\/InstagramCapture_55520994-1706-4c86-a72e-b2d041a97428_jpg-400x400.jpg?resize=350%2C200&ssl=1","width":350,"height":200},"classes":[]},{"id":25592,"url":"https:\/\/www.satokangas.fi\/blogi\/2015\/08\/kalaasit-lappi-teemalla\/","url_meta":{"origin":36958,"position":5},"title":"Kalaasit Lappi-teemalla","author":"Reija","date":"16.8.2015","format":false,"excerpt":"Onnistui se! Kaarnikkakakku siis. Ja kalaasit yleens\u00e4kin. Ei ainakaan vieraiden, yst\u00e4vien, mielest\u00e4 olleet mitenk\u00e4\u00e4n rupupilheet. Savulohituulihatut olivat nyt parempia kuin toissap\u00e4iv\u00e4n\u00e4. Smetana, ei creme fraiche. Palaan asiaan joku p\u00e4iv\u00e4. Porolastuveneet. Ei huono. Ja sitten juhlat p\u00e4\u00e4ttyiv\u00e4t... Nyt vet\u00e4ydyn unille, .. juhlat ovat ohi.","rel":"","context":"Kategoriassa &quot;Kalaasit&quot;","block_context":{"text":"Kalaasit","link":"https:\/\/www.satokangas.fi\/blogi\/category\/kalaasit\/"},"img":{"alt_text":"Rustiikkia-5","src":"https:\/\/i0.wp.com\/www.satokangas.fi\/blogi\/wp-content\/uploads\/2015\/08\/Rustiikkia-5-600x400.jpg?resize=350%2C200&ssl=1","width":350,"height":200,"srcset":"https:\/\/i0.wp.com\/www.satokangas.fi\/blogi\/wp-content\/uploads\/2015\/08\/Rustiikkia-5-600x400.jpg?resize=350%2C200&ssl=1 1x, https:\/\/i0.wp.com\/www.satokangas.fi\/blogi\/wp-content\/uploads\/2015\/08\/Rustiikkia-5-600x400.jpg?resize=525%2C300&ssl=1 1.5x"},"classes":[]}],"_links":{"self":[{"href":"https:\/\/www.satokangas.fi\/blogi\/wp-json\/wp\/v2\/posts\/36958","targetHints":{"allow":["GET"]}}],"collection":[{"href":"https:\/\/www.satokangas.fi\/blogi\/wp-json\/wp\/v2\/posts"}],"about":[{"href":"https:\/\/www.satokangas.fi\/blogi\/wp-json\/wp\/v2\/types\/post"}],"author":[{"embeddable":true,"href":"https:\/\/www.satokangas.fi\/blogi\/wp-json\/wp\/v2\/users\/1"}],"replies":[{"embeddable":true,"href":"https:\/\/www.satokangas.fi\/blogi\/wp-json\/wp\/v2\/comments?post=36958"}],"version-history":[{"count":0,"href":"https:\/\/www.satokangas.fi\/blogi\/wp-json\/wp\/v2\/posts\/36958\/revisions"}],"wp:attachment":[{"href":"https:\/\/www.satokangas.fi\/blogi\/wp-json\/wp\/v2\/media?parent=36958"}],"wp:term":[{"taxonomy":"category","embeddable":true,"href":"https:\/\/www.satokangas.fi\/blogi\/wp-json\/wp\/v2\/categories?post=36958"},{"taxonomy":"post_tag","embeddable":true,"href":"https:\/\/www.satokangas.fi\/blogi\/wp-json\/wp\/v2\/tags?post=36958"}],"curies":[{"name":"wp","href":"https:\/\/api.w.org\/{rel}","templated":true}]}}