{"id":36956,"date":"2019-08-09T21:47:50","date_gmt":"2019-08-09T18:47:50","guid":{"rendered":"https:\/\/www.satokangas.fi\/blogi\/?p=36956"},"modified":"2019-08-10T08:11:07","modified_gmt":"2019-08-10T05:11:07","slug":"kesan-lopulla-2","status":"publish","type":"post","link":"https:\/\/www.satokangas.fi\/blogi\/2019\/08\/kesan-lopulla-2\/","title":{"rendered":"Kes\u00e4n lopulla"},"content":{"rendered":"<p style=\"text-align: justify;\">Niinh\u00e4n se viikko taas vier\u00e4hti: koululaiset ovat aloittaneet taipaleensa, ty\u00f6t\u00e4tekev\u00e4 kansa palannut sorvien \u00e4\u00e4reen, kes\u00e4kohteet sulkevat oviaan, kauppojen valikoimat ovat vaihtuneet uimarenkaista ja kes\u00e4herkuista syksyisempiin viinimarjoihin ja penaaleihin&#8230; Enk\u00e4 min\u00e4 ole ollenkaan ehtinyt t\u00e4h\u00e4n muutokseen mukaan. Miksip\u00e4 olisinkaan? &#8211; Semminkin kun t\u00e4n\u00e4\u00e4n Oulussa on ollut liki kes\u00e4inen keli.<\/p>\n<p style=\"text-align: justify;\">Annoin itseni aamup\u00e4iv\u00e4n lenkill\u00e4 &#8221;eksy\u00e4&#8221; jonnekin, jottei tarvitsisi palata kotiin, &#8211; sis\u00e4lle. Mutta onnistuinpa kotonakin olemaan ulkona kohennellen kukkapuskiani ja j\u00e4rjestelem\u00e4ll\u00e4 siten, ett\u00e4 sy\u00f6tiin ulkona. Kyll\u00e4p\u00e4 siin\u00e4 kelpasi paistatella&#8230;<\/p>\n<p style=\"text-align: justify;\">Ja sitten jatkui huomisten kalaasien valmistelu&#8230; Kyll\u00e4 niist\u00e4 juhlat saadaan. Huolimatta siit\u00e4, ett\u00e4 ruokaa on tavallista v\u00e4hemm\u00e4n, juomaa kuten ennenkin, mutta onneksi j\u00e4lkk\u00e4reit\u00e4 on kokonainen p\u00f6yd\u00e4llinen. Ja t\u00e4n\u00e4\u00e4n kun jo kaikki tarpeellinen on jo roudattu kotiin, on ollut taas mukava v\u00e4rkk\u00e4ill\u00e4 kaikkea. Jotain uuttakin. Kyll\u00e4 t\u00e4m\u00e4 t\u00e4st\u00e4. Juhla on jo huomenna.<\/p>\n<p><a href=\"https:\/\/www.satokangas.fi\/blogi\/2019\/08\/kesan-lopulla-2\/cof-7\/#main\" rel=\"attachment wp-att-36957\"><img loading=\"lazy\" decoding=\"async\" data-attachment-id=\"36957\" data-permalink=\"https:\/\/www.satokangas.fi\/blogi\/2019\/08\/kesan-lopulla-2\/cof-7\/\" data-orig-file=\"https:\/\/www.satokangas.fi\/blogi\/wp-content\/uploads\/2019\/08\/IMG_20190809_190541.jpg\" data-orig-size=\"1824,3648\" data-comments-opened=\"1\" data-image-meta=\"{&quot;aperture&quot;:&quot;1.8&quot;,&quot;credit&quot;:&quot;&quot;,&quot;camera&quot;:&quot;CLT-L29&quot;,&quot;caption&quot;:&quot;cof&quot;,&quot;created_timestamp&quot;:&quot;1565377541&quot;,&quot;copyright&quot;:&quot;&quot;,&quot;focal_length&quot;:&quot;3.95&quot;,&quot;iso&quot;:&quot;100&quot;,&quot;shutter_speed&quot;:&quot;0.02&quot;,&quot;title&quot;:&quot;cof&quot;,&quot;orientation&quot;:&quot;1&quot;}\" data-image-title=\"cof\" data-image-description=\"\" data-image-caption=\"&lt;p&gt;cof&lt;\/p&gt;\n\" data-large-file=\"https:\/\/www.satokangas.fi\/blogi\/wp-content\/uploads\/2019\/08\/IMG_20190809_190541-512x1024.jpg\" class=\"size-large wp-image-36957\" src=\"https:\/\/www.satokangas.fi\/blogi\/wp-content\/uploads\/2019\/08\/IMG_20190809_190541-512x1024.jpg\" alt=\"\" width=\"512\" height=\"1024\" srcset=\"https:\/\/www.satokangas.fi\/blogi\/wp-content\/uploads\/2019\/08\/IMG_20190809_190541-512x1024.jpg 512w, https:\/\/www.satokangas.fi\/blogi\/wp-content\/uploads\/2019\/08\/IMG_20190809_190541-150x300.jpg 150w, https:\/\/www.satokangas.fi\/blogi\/wp-content\/uploads\/2019\/08\/IMG_20190809_190541-200x400.jpg 200w, https:\/\/www.satokangas.fi\/blogi\/wp-content\/uploads\/2019\/08\/IMG_20190809_190541-768x1536.jpg 768w, https:\/\/www.satokangas.fi\/blogi\/wp-content\/uploads\/2019\/08\/IMG_20190809_190541.jpg 1824w\" sizes=\"auto, (max-width: 512px) 100vw, 512px\" \/><\/a><\/p>\n","protected":false},"excerpt":{"rendered":"<p>Niinh\u00e4n se viikko taas vier\u00e4hti: koululaiset ovat aloittaneet taipaleensa, ty\u00f6t\u00e4tekev\u00e4 kansa palannut sorvien \u00e4\u00e4reen, kes\u00e4kohteet sulkevat oviaan, kauppojen valikoimat ovat vaihtuneet uimarenkaista ja kes\u00e4herkuista syksyisempiin viinimarjoihin ja penaaleihin&#8230; Enk\u00e4 min\u00e4 ole ollenkaan ehtinyt t\u00e4h\u00e4n muutokseen mukaan. Miksip\u00e4 olisinkaan? &#8211; Semminkin kun t\u00e4n\u00e4\u00e4n Oulussa on ollut liki kes\u00e4inen keli. Annoin itseni aamup\u00e4iv\u00e4n lenkill\u00e4 &#8221;eksy\u00e4&#8221; jonnekin, jottei tarvitsisi palata kotiin, &#8211; sis\u00e4lle. &hellip; <\/p>\n","protected":false},"author":1,"featured_media":0,"comment_status":"open","ping_status":"open","sticky":false,"template":"","format":"standard","meta":{"jetpack_post_was_ever_published":false,"_jetpack_newsletter_access":"","_jetpack_dont_email_post_to_subs":false,"_jetpack_newsletter_tier_id":0,"_jetpack_memberships_contains_paywalled_content":false,"_jetpack_memberships_contains_paid_content":false,"footnotes":"","jetpack_publicize_message":"","jetpack_publicize_feature_enabled":true,"jetpack_social_post_already_shared":true,"jetpack_social_options":{"image_generator_settings":{"template":"highway","default_image_id":0,"font":"","enabled":false},"version":2}},"categories":[82],"tags":[],"class_list":["post-36956","post","type-post","status-publish","format-standard","hentry","category-kalaasit","latest_post"],"jetpack_publicize_connections":[],"jetpack_featured_media_url":"","jetpack_shortlink":"https:\/\/wp.me\/pr4p4-9C4","jetpack_sharing_enabled":true,"jetpack_likes_enabled":false,"jetpack-related-posts":[{"id":28888,"url":"https:\/\/www.satokangas.fi\/blogi\/2016\/08\/kalaasien-edella\/","url_meta":{"origin":36956,"position":0},"title":"Kalaasien edell\u00e4","author":"Reija","date":"5.8.2016","format":false,"excerpt":"Lasit on putsattu, liinat silitetty, servietit taiteltu... T\u00e4m\u00e4 kaikki on niin paljon mukavampaa ja sujuvampaa, kun ei ole duunia hidastamassa juhlien j\u00e4rjest\u00e4mist\u00e4. ... Tosin edelleen ensi viikon dead-linet kapitulin ja koulun osalta nakuttavat takaraivossa, mutta t\u00e4n\u00e4\u00e4n sain jo kaksi kuvasarjaa l\u00e4htem\u00e4\u00e4nkin (varakuvineenkin, ei saisi olla kuin viis\/sarja...\u00a0k\u00e4yh\u00e4n katsomassa jos kiinnostaa,...\u2026","rel":"","context":"Kategoriassa &quot;Niit\u00e4 n\u00e4it\u00e4&quot;","block_context":{"text":"Niit\u00e4 n\u00e4it\u00e4","link":"https:\/\/www.satokangas.fi\/blogi\/category\/aiheeton\/"},"img":{"alt_text":"Kalaasit-3","src":"https:\/\/i0.wp.com\/www.satokangas.fi\/blogi\/wp-content\/uploads\/2016\/08\/Kalaasit-3-423x400.jpg?resize=350%2C200&ssl=1","width":350,"height":200},"classes":[]},{"id":22128,"url":"https:\/\/www.satokangas.fi\/blogi\/2014\/08\/kalaasien-jalkeen\/","url_meta":{"origin":36956,"position":1},"title":"Kalaasien j\u00e4lkeen.","author":"Reija","date":"10.8.2014","format":false,"excerpt":"Palaanpa viel\u00e4 eiliseen. Viel\u00e4 yksi postaus kalaaseista, sitten lopetan. Ensinn\u00e4kin se plaseerauskisa. No helpottiko se meid\u00e4n \"el\u00e4m\u00e4\u00e4 suurempaa plaseerausongelmaa?\" Saattaa tuntua pienelt\u00e4 asialta moinen plaseerausongelma, mutta mep\u00e4 saimme eilen kortin, josta vahvistui, ett\u00e4 ei ole kyse mist\u00e4\u00e4n merkityksett\u00f6m\u00e4st\u00e4 jutusta. Mahdollisuuksia kun on\u00a0aika rutkasti: 87 miljardia!!! mahdollisuutta vapaasti valittavina paikkoina! Ei\u2026","rel":"","context":"Kategoriassa &quot;Kalaasit&quot;","block_context":{"text":"Kalaasit","link":"https:\/\/www.satokangas.fi\/blogi\/category\/kalaasit\/"},"img":{"alt_text":"Laurentius","src":"https:\/\/i0.wp.com\/www.satokangas.fi\/blogi\/wp-content\/uploads\/2014\/08\/Laurentius-600x301.jpg?resize=350%2C200&ssl=1","width":350,"height":200,"srcset":"https:\/\/i0.wp.com\/www.satokangas.fi\/blogi\/wp-content\/uploads\/2014\/08\/Laurentius-600x301.jpg?resize=350%2C200&ssl=1 1x, https:\/\/i0.wp.com\/www.satokangas.fi\/blogi\/wp-content\/uploads\/2014\/08\/Laurentius-600x301.jpg?resize=525%2C300&ssl=1 1.5x"},"classes":[]},{"id":36963,"url":"https:\/\/www.satokangas.fi\/blogi\/2019\/08\/kalaasit-ovat-ohi\/","url_meta":{"origin":36956,"position":2},"title":"En\u00e4\u00e4 ei ole kalaaseja!","author":"Reija","date":"11.8.2019","format":false,"excerpt":"Se pit\u00e4isi muistaa, ett\u00e4 on t\u00e4rke\u00e4\u00e4 nauttia pienist\u00e4 asioista, t\u00e4rkeist\u00e4 ihmisist\u00e4 ja hyv\u00e4st\u00e4 ruoasta. Elinehtoja taitavat olla nuo. Tai noh, minulle ainakin ovat. Meill\u00e4 on nyt taas pitk\u00e4ksi aikaa varastossa hyv\u00e4\u00e4 mielt\u00e4 noista jutuista. On Kalaasien j\u00e4lkeinen sunnuntai, Pehtoorin syntt\u00e4rit, elokuun leppoisan l\u00e4mmin sunnuntai. Ja mietin, ett\u00e4 kannatti pohtia ja\u2026","rel":"","context":"Kategoriassa &quot;Kalaasit&quot;","block_context":{"text":"Kalaasit","link":"https:\/\/www.satokangas.fi\/blogi\/category\/kalaasit\/"},"img":{"alt_text":"","src":"https:\/\/i0.wp.com\/www.satokangas.fi\/blogi\/wp-content\/uploads\/2019\/08\/kalaasit-4.jpg?resize=350%2C200&ssl=1","width":350,"height":200,"srcset":"https:\/\/i0.wp.com\/www.satokangas.fi\/blogi\/wp-content\/uploads\/2019\/08\/kalaasit-4.jpg?resize=350%2C200&ssl=1 1x, https:\/\/i0.wp.com\/www.satokangas.fi\/blogi\/wp-content\/uploads\/2019\/08\/kalaasit-4.jpg?resize=525%2C300&ssl=1 1.5x, https:\/\/i0.wp.com\/www.satokangas.fi\/blogi\/wp-content\/uploads\/2019\/08\/kalaasit-4.jpg?resize=700%2C400&ssl=1 2x"},"classes":[]},{"id":18411,"url":"https:\/\/www.satokangas.fi\/blogi\/2013\/08\/kalaaseista-ja-niiden-tarjoiluista-viela\/","url_meta":{"origin":36956,"position":3},"title":"Kalaaseista ja niiden tarjoiluista viel\u00e4","author":"Reija","date":"15.8.2013","format":false,"excerpt":"Palatakseni viel\u00e4 kalaaseihin.\u00a0Meid\u00e4n kes\u00e4n suurin ruokajuhlahan oli viime lauantaina, ja teemana - v\u00e4ist\u00e4m\u00e4tt\u00e4 - Meksiko. Kutsuun kirjoitin: \"T\u00e4n\u00e4 vuonna mariachi-musiikki soi,\u00a0chili\u00e4 ja salsaa on v\u00e4hint\u00e4\u00e4nkin riitt\u00e4v\u00e4sti, tequila virtaa ja sombrerot lentelev\u00e4t! - sik\u00e4li kun teill\u00e4 sellaisia on! Pukukoodissahan voisi olla jotain latinoa ...\"\u00a0 Sombreroja ei n\u00e4kynyt, mutta h\u00e4iv\u00e4hdyksi\u00e4 latinosta oli\u2026","rel":"","context":"Kategoriassa &quot;Meksiko&quot;","block_context":{"text":"Meksiko","link":"https:\/\/www.satokangas.fi\/blogi\/category\/reissut\/meksiko\/"},"img":{"alt_text":"Kalaasit Meksiko-teemalla-3","src":"https:\/\/i0.wp.com\/www.satokangas.fi\/blogi\/wp-content\/uploads\/2013\/08\/Kalaasit-Meksiko-teemalla-3-333x400.jpg?resize=350%2C200&ssl=1","width":350,"height":200},"classes":[]},{"id":28903,"url":"https:\/\/www.satokangas.fi\/blogi\/2016\/08\/kalaasien-jalkeen-kuvauspaiva\/","url_meta":{"origin":36956,"position":4},"title":"Kalaasien j\u00e4lkeen kuvausp\u00e4iv\u00e4","author":"Reija","date":"7.8.2016","format":false,"excerpt":"Yst\u00e4v\u00e4t sanoivat, ett\u00e4 oli kes\u00e4n kohokohta, tai ainakin yksi t\u00e4rkeimmist\u00e4. Siis Kalaasit meill\u00e4. Onhan ne meillekin yksi kes\u00e4n kohokohta. Ollut jo kauan. Eilen ne taas oli. Ja kyll\u00e4 me jo puolen p\u00e4iv\u00e4n j\u00e4lkeen Pehtoorin kanssa olimme v\u00e4h\u00e4n huolissamme, ett\u00e4 mit\u00e4 olemme unohtaneet, onko joku asia j\u00e4\u00e4nyt tekem\u00e4tt\u00e4, ruoka valmistamatta, piha\u2026","rel":"","context":"Kategoriassa &quot;Isovanhemmuus&quot;","block_context":{"text":"Isovanhemmuus","link":"https:\/\/www.satokangas.fi\/blogi\/category\/isovanhemmuus\/"},"img":{"alt_text":"Kalaasit-10","src":"https:\/\/i0.wp.com\/www.satokangas.fi\/blogi\/wp-content\/uploads\/2016\/08\/Kalaasit-10-600x400.jpg?resize=350%2C200&ssl=1","width":350,"height":200,"srcset":"https:\/\/i0.wp.com\/www.satokangas.fi\/blogi\/wp-content\/uploads\/2016\/08\/Kalaasit-10-600x400.jpg?resize=350%2C200&ssl=1 1x, https:\/\/i0.wp.com\/www.satokangas.fi\/blogi\/wp-content\/uploads\/2016\/08\/Kalaasit-10-600x400.jpg?resize=525%2C300&ssl=1 1.5x"},"classes":[]},{"id":25587,"url":"https:\/\/www.satokangas.fi\/blogi\/2015\/08\/ennen-kalaaseja\/","url_meta":{"origin":36956,"position":5},"title":"Ennen kalaaseja","author":"Reija","date":"14.8.2015","format":false,"excerpt":"Huomenna kalaasit. Kuudennettoista. Niist\u00e4 tulee erilaiset kuin koskaan ennen. Eik\u00f6 aina ole erilaiset kuin edelliset? On toki, mutta nyt jotenkin sellaiset rupukalaasit tulossa - minun mielest\u00e4ni ainakin, sill\u00e4 perinteisesti kalaasien (ruoka)teema on seurausta meid\u00e4n edelt\u00e4v\u00e4st\u00e4 (kes\u00e4n) matkasta: Italia, It\u00e4valta, Meksiko etc. Nyt emme ole k\u00e4yneet ulkomailla (pl. kaksi vrk Norjassa),\u2026","rel":"","context":"Kategoriassa &quot;Niit\u00e4 n\u00e4it\u00e4&quot;","block_context":{"text":"Niit\u00e4 n\u00e4it\u00e4","link":"https:\/\/www.satokangas.fi\/blogi\/category\/aiheeton\/"},"img":{"alt_text":"Rustiikkia-2","src":"https:\/\/i0.wp.com\/www.satokangas.fi\/blogi\/wp-content\/uploads\/2015\/08\/Rustiikkia-2-515x400.jpg?resize=350%2C200&ssl=1","width":350,"height":200},"classes":[]}],"_links":{"self":[{"href":"https:\/\/www.satokangas.fi\/blogi\/wp-json\/wp\/v2\/posts\/36956","targetHints":{"allow":["GET"]}}],"collection":[{"href":"https:\/\/www.satokangas.fi\/blogi\/wp-json\/wp\/v2\/posts"}],"about":[{"href":"https:\/\/www.satokangas.fi\/blogi\/wp-json\/wp\/v2\/types\/post"}],"author":[{"embeddable":true,"href":"https:\/\/www.satokangas.fi\/blogi\/wp-json\/wp\/v2\/users\/1"}],"replies":[{"embeddable":true,"href":"https:\/\/www.satokangas.fi\/blogi\/wp-json\/wp\/v2\/comments?post=36956"}],"version-history":[{"count":0,"href":"https:\/\/www.satokangas.fi\/blogi\/wp-json\/wp\/v2\/posts\/36956\/revisions"}],"wp:attachment":[{"href":"https:\/\/www.satokangas.fi\/blogi\/wp-json\/wp\/v2\/media?parent=36956"}],"wp:term":[{"taxonomy":"category","embeddable":true,"href":"https:\/\/www.satokangas.fi\/blogi\/wp-json\/wp\/v2\/categories?post=36956"},{"taxonomy":"post_tag","embeddable":true,"href":"https:\/\/www.satokangas.fi\/blogi\/wp-json\/wp\/v2\/tags?post=36956"}],"curies":[{"name":"wp","href":"https:\/\/api.w.org\/{rel}","templated":true}]}}