{"id":36954,"date":"2019-08-08T20:59:59","date_gmt":"2019-08-08T17:59:59","guid":{"rendered":"https:\/\/www.satokangas.fi\/blogi\/?p=36954"},"modified":"2019-08-08T21:00:00","modified_gmt":"2019-08-08T18:00:00","slug":"miettimista","status":"publish","type":"post","link":"https:\/\/www.satokangas.fi\/blogi\/2019\/08\/miettimista\/","title":{"rendered":"Miettimist\u00e4"},"content":{"rendered":"<p style=\"text-align: justify;\">K\u00e4yk\u00f6 muille ikin\u00e4 niin kuin minulle t\u00e4n\u00e4\u00e4n&#8230;<\/p>\n<p style=\"text-align: justify;\">Kun on aamulla her\u00e4tt\u00e4v\u00e4 juuri tiettyyn kellon aikaan, toisin kuin nykyisin yleens\u00e4, niin alat aamuy\u00f6ll\u00e4 joskus nelj\u00e4n j\u00e4lkeen her\u00e4t\u00e4 puolen tunnin v\u00e4lein katsellen kelloa, varmuuden vuoksi, torkahdat taas, ja taas s\u00e4ps\u00e4hd\u00e4t hereille&#8230; Olin aamusella luvannut vied\u00e4 Tytt\u00e4ren lentokent\u00e4lle, eik\u00e4 ollut kyse edes mist\u00e4\u00e4n aamun rahtivuorosta (klo 6) vaan kotoa piti l\u00e4hte\u00e4 vasta varttia vaille kahdeksan. Itse asiassa ihan &#8221;normiher\u00e4\u00e4misell\u00e4&#8221; olisin ehtinyt ihan hyvin. Mutta kun oli &#8221;v\u00e4ltt\u00e4m\u00e4t\u00f6nt\u00e4&#8221; &#8212; siis kuuden j\u00e4lkeen en nukkunut. Typer\u00e4\u00e4. Hyvin ehdimme, ja pieni ik\u00e4v\u00e4 iski tietysti heti,\u00a0 &#8211;<\/p>\n<p style=\"text-align: justify;\">Ent\u00e4 yrit\u00e4tk\u00f6 ikin\u00e4 &#8221;opettaa&#8221; itsellesi v\u00e4linpit\u00e4m\u00e4t\u00f6nt\u00e4 asennetta tai sellaista &#8221;kuin vesi hanhen sel\u00e4ss\u00e4&#8221;- tai teflon-suhtautumista johonkin el\u00e4m\u00e4si pysyv\u00e4\u00e4n juttuun, joka ei ole kunnossa, mutta jolle et voi mit\u00e4\u00e4n? Hoetko itsellesi: lopeta, unohda, \u00e4l\u00e4 en\u00e4\u00e4 jaksa v\u00e4litt\u00e4\u00e4, \u00e4l\u00e4 en\u00e4\u00e4 yrit\u00e4, et voi mit\u00e4\u00e4n&#8230; , .. Sellaistakin olen t\u00e4n\u00e4\u00e4n tehnyt. Kovasti iltap\u00e4iv\u00e4n ulkoiluhetkiss\u00e4 omassa mieless\u00e4ni sellaista harjoitin. Aika surkein tuloksin.<\/p>\n<p style=\"text-align: justify;\">Ent\u00e4 kuinka sujuu uuden asenteen omaksuminen omaan tekemiseen ja aiempien tapojen muuttamiseen? T\u00e4ss\u00e4 i\u00e4ss\u00e4?! T\u00e4ss\u00e4 kohti kalaasijuhlaa menn\u00e4\u00e4n, ja min\u00e4h\u00e4n pid\u00e4n siit\u00e4, ett\u00e4 asiat tehd\u00e4\u00e4n niinkuin ennenkin, mutta nyt!\u00a0 &#8211; Lerppuilen v\u00e4h\u00e4n kaikessa&#8230; Onneksi Pehtoori jaksoi asennella p\u00f6yd\u00e4n isoksi ja on huolehtinut pihasta ja puutarhasta, min\u00e4 sitten vain puhdistelin laseja ja aterimia, katoin p\u00f6yt\u00e4\u00e4, v\u00e4h\u00e4n kuin toisella k\u00e4dell\u00e4. Miss\u00e4 on kattauksia &#8221;harrastava&#8221; R.?<\/p>\n<p>No mutta, se mik\u00e4 on t\u00e4n\u00e4\u00e4n on ollut enemm\u00e4n kuin ihanaa, on l\u00e4mpenev\u00e4 s\u00e4\u00e4. Kes\u00e4 on palannut.<\/p>\n<p><a href=\"https:\/\/www.satokangas.fi\/blogi\/2019\/08\/miettimista\/juhlaa-kohti_\/#main\" rel=\"attachment wp-att-36955\"><img loading=\"lazy\" decoding=\"async\" data-attachment-id=\"36955\" data-permalink=\"https:\/\/www.satokangas.fi\/blogi\/2019\/08\/miettimista\/juhlaa-kohti_\/\" data-orig-file=\"https:\/\/www.satokangas.fi\/blogi\/wp-content\/uploads\/2019\/08\/juhlaa-kohti_.jpg\" data-orig-size=\"500,750\" data-comments-opened=\"1\" data-image-meta=\"{&quot;aperture&quot;:&quot;5&quot;,&quot;credit&quot;:&quot;REIJA SATOKANGAS&quot;,&quot;camera&quot;:&quot;Canon EOS 5D Mark IV&quot;,&quot;caption&quot;:&quot;&quot;,&quot;created_timestamp&quot;:&quot;1563802921&quot;,&quot;copyright&quot;:&quot;Reija Satokangas&quot;,&quot;focal_length&quot;:&quot;35&quot;,&quot;iso&quot;:&quot;160&quot;,&quot;shutter_speed&quot;:&quot;0.00625&quot;,&quot;title&quot;:&quot;&quot;,&quot;orientation&quot;:&quot;0&quot;}\" data-image-title=\"juhlaa kohti_\" data-image-description=\"\" data-image-caption=\"\" data-large-file=\"https:\/\/www.satokangas.fi\/blogi\/wp-content\/uploads\/2019\/08\/juhlaa-kohti_.jpg\" class=\"aligncenter size-full wp-image-36955\" src=\"https:\/\/www.satokangas.fi\/blogi\/wp-content\/uploads\/2019\/08\/juhlaa-kohti_.jpg\" alt=\"\" width=\"500\" height=\"750\" srcset=\"https:\/\/www.satokangas.fi\/blogi\/wp-content\/uploads\/2019\/08\/juhlaa-kohti_.jpg 500w, https:\/\/www.satokangas.fi\/blogi\/wp-content\/uploads\/2019\/08\/juhlaa-kohti_-200x300.jpg 200w, https:\/\/www.satokangas.fi\/blogi\/wp-content\/uploads\/2019\/08\/juhlaa-kohti_-267x400.jpg 267w\" sizes=\"auto, (max-width: 500px) 100vw, 500px\" \/><\/a><\/p>\n","protected":false},"excerpt":{"rendered":"<p>K\u00e4yk\u00f6 muille ikin\u00e4 niin kuin minulle t\u00e4n\u00e4\u00e4n&#8230; Kun on aamulla her\u00e4tt\u00e4v\u00e4 juuri tiettyyn kellon aikaan, toisin kuin nykyisin yleens\u00e4, niin alat aamuy\u00f6ll\u00e4 joskus nelj\u00e4n j\u00e4lkeen her\u00e4t\u00e4 puolen tunnin v\u00e4lein katsellen kelloa, varmuuden vuoksi, torkahdat taas, ja taas s\u00e4ps\u00e4hd\u00e4t hereille&#8230; Olin aamusella luvannut vied\u00e4 Tytt\u00e4ren lentokent\u00e4lle, eik\u00e4 ollut kyse edes mist\u00e4\u00e4n aamun rahtivuorosta (klo 6) vaan kotoa piti l\u00e4hte\u00e4 vasta varttia &hellip; <\/p>\n","protected":false},"author":1,"featured_media":0,"comment_status":"open","ping_status":"open","sticky":false,"template":"","format":"standard","meta":{"jetpack_post_was_ever_published":false,"_jetpack_newsletter_access":"","_jetpack_dont_email_post_to_subs":false,"_jetpack_newsletter_tier_id":0,"_jetpack_memberships_contains_paywalled_content":false,"_jetpack_memberships_contains_paid_content":false,"footnotes":"","jetpack_publicize_message":"","jetpack_publicize_feature_enabled":true,"jetpack_social_post_already_shared":true,"jetpack_social_options":{"image_generator_settings":{"template":"highway","default_image_id":0,"font":"","enabled":false},"version":2}},"categories":[1],"tags":[],"class_list":["post-36954","post","type-post","status-publish","format-standard","hentry","category-aiheeton","latest_post"],"jetpack_publicize_connections":[],"jetpack_featured_media_url":"","jetpack_shortlink":"https:\/\/wp.me\/pr4p4-9C2","jetpack_sharing_enabled":true,"jetpack_likes_enabled":false,"jetpack-related-posts":[{"id":19862,"url":"https:\/\/www.satokangas.fi\/blogi\/2014\/01\/hajamietteita-opettamisesta\/","url_meta":{"origin":36954,"position":0},"title":"Hajamietteit\u00e4 opettamisesta","author":"Reija","date":"7.1.2014","format":false,"excerpt":"T\u00e4h\u00e4n se nyt taas sitten meni: olen t\u00e4ss\u00e4 yritt\u00e4nyt viimeisteill\u00e4 huomista luentoa, ja j\u00e4in sitten leikkim\u00e4\u00e4n n\u00e4iden kellojen kuvien kanssa. N\u00e4ist\u00e4 voisi kyll\u00e4 saada mukavan kolmen taulun setin ty\u00f6huoneen sein\u00e4lle, ainoa vaan ett\u00e4 tuo tapetti taustalla on vihre\u00e4. Pit\u00e4isih\u00e4n se osata photarilla muuttaa siniseksi? Miksi min\u00e4 olen unohtanut kaikki tuollaiset\u2026","rel":"","context":"Kategoriassa &quot;Niit\u00e4 n\u00e4it\u00e4&quot;","block_context":{"text":"Niit\u00e4 n\u00e4it\u00e4","link":"https:\/\/www.satokangas.fi\/blogi\/category\/aiheeton\/"},"img":{"alt_text":"kello 1","src":"https:\/\/i0.wp.com\/www.satokangas.fi\/blogi\/wp-content\/uploads\/2014\/01\/kello-11-400x400.jpg?resize=350%2C200&ssl=1","width":350,"height":200},"classes":[]},{"id":41583,"url":"https:\/\/www.satokangas.fi\/blogi\/2021\/09\/mokille\/","url_meta":{"origin":36954,"position":1},"title":"M\u00f6kille!","author":"Reija","date":"19.9.2021","format":false,"excerpt":"T\u00e4n\u00e4\u00e4n m\u00f6kkipihaan tullessamme oli meit\u00e4 vastassa t\u00e4llainen. Porokin hehkuvan ruskan v\u00e4reiss\u00e4? Vai jo joulun punaiseksi somistautunut? - Ei sent\u00e4\u00e4n. Poro \"keloo\" sarviaan hangaten niit\u00e4 puihin poistaen niist\u00e4 nahkan, mink\u00e4 j\u00e4lkeen sarvet ovat t\u00e4m\u00e4n n\u00e4k\u00f6iset. T\u00e4m\u00e4kin oli j\u00e4sen \"rykim\u00e4partiossa\", joka kulki pihapiiriss\u00e4 sy\u00f6den marjoja (juolukkaa, mustikoita ja ehk\u00e4 my\u00f6s puolukoita, joita\u2026","rel":"","context":"Kategoriassa &quot;Lappi&quot;","block_context":{"text":"Lappi","link":"https:\/\/www.satokangas.fi\/blogi\/category\/lappi\/"},"img":{"alt_text":"","src":"https:\/\/i0.wp.com\/www.satokangas.fi\/blogi\/wp-content\/uploads\/2021\/09\/1-1.jpg?resize=350%2C200&ssl=1","width":350,"height":200,"srcset":"https:\/\/i0.wp.com\/www.satokangas.fi\/blogi\/wp-content\/uploads\/2021\/09\/1-1.jpg?resize=350%2C200&ssl=1 1x, https:\/\/i0.wp.com\/www.satokangas.fi\/blogi\/wp-content\/uploads\/2021\/09\/1-1.jpg?resize=525%2C300&ssl=1 1.5x, https:\/\/i0.wp.com\/www.satokangas.fi\/blogi\/wp-content\/uploads\/2021\/09\/1-1.jpg?resize=700%2C400&ssl=1 2x"},"classes":[]},{"id":46488,"url":"https:\/\/www.satokangas.fi\/blogi\/2023\/07\/paras-mansikkakakku-ikina\/","url_meta":{"origin":36954,"position":2},"title":"Paras mansikkakakku ikin\u00e4!","author":"Reija","date":"22.7.2023","format":false,"excerpt":"Aamubrunssi klo 8.30. Olin hyvinkin ehtinyt laittaa kaiken valmiiksi, kun saimme muksuseuraa brunssille. Eik\u00e4 siin\u00e4 Apsulla mennyt kauaa kun suunnilleen kaikkea mahdollista oli aika lailla ehtinyt maistaa, sy\u00f6d\u00e4 ja vatsansa t\u00e4ytt\u00e4\u00e4. Ja Eepin kanssa me j\u00e4imme istuskelemaan aamiaisen \u00e4\u00e4relle. Nautiskelimme, h\u00f6p\u00f6timme. Eih\u00e4n meill\u00e4 mit\u00e4\u00e4n kiirett\u00e4 sateisena aamuna... T\u00e4n\u00e4\u00e4n ei ulkoilu,\u2026","rel":"","context":"Kategoriassa &quot;Isovanhemmuus&quot;","block_context":{"text":"Isovanhemmuus","link":"https:\/\/www.satokangas.fi\/blogi\/category\/isovanhemmuus\/"},"img":{"alt_text":"","src":"https:\/\/i0.wp.com\/www.satokangas.fi\/blogi\/wp-content\/uploads\/2023\/07\/Mansikkakakku_paras_ikina-10.jpg?resize=350%2C200&ssl=1","width":350,"height":200,"srcset":"https:\/\/i0.wp.com\/www.satokangas.fi\/blogi\/wp-content\/uploads\/2023\/07\/Mansikkakakku_paras_ikina-10.jpg?resize=350%2C200&ssl=1 1x, https:\/\/i0.wp.com\/www.satokangas.fi\/blogi\/wp-content\/uploads\/2023\/07\/Mansikkakakku_paras_ikina-10.jpg?resize=525%2C300&ssl=1 1.5x, https:\/\/i0.wp.com\/www.satokangas.fi\/blogi\/wp-content\/uploads\/2023\/07\/Mansikkakakku_paras_ikina-10.jpg?resize=700%2C400&ssl=1 2x"},"classes":[]},{"id":41333,"url":"https:\/\/www.satokangas.fi\/blogi\/2021\/08\/pienia-puuhia-suuria-tunteita\/","url_meta":{"origin":36954,"position":3},"title":"Pieni\u00e4 puuhia, suuria tunteita","author":"Reija","date":"5.8.2021","format":false,"excerpt":"Her\u00e4simme aurinkoiseen aamuun, lupauksia paljoon olemassa. Ja paljon on ehdittykin. \"Slow food\" -aamiaisen j\u00e4lkeen l\u00e4hdimme Pehtoorin kanssa Kutturantien varteen \"sieneen\". Tunnin mukavan aurinkoisen, huolettoman mets\u00e4tepastelun j\u00e4lkeen desi mustikoita, kaksi koivunpunikkitattia - ja se olikin sitten siin\u00e4. K\u00e4ytiin viel\u00e4 Aholammentien varrella, mutta eip\u00e4 siell\u00e4 kummoisempia saaliita. So what. Lappi on hyv\u00e4!\u2026","rel":"","context":"Kategoriassa &quot;Isovanhemmuus&quot;","block_context":{"text":"Isovanhemmuus","link":"https:\/\/www.satokangas.fi\/blogi\/category\/isovanhemmuus\/"},"img":{"alt_text":"","src":"https:\/\/i0.wp.com\/www.satokangas.fi\/blogi\/wp-content\/uploads\/2021\/08\/IMG_20210805_115432-768x1024.jpg?resize=350%2C200&ssl=1","width":350,"height":200},"classes":[]},{"id":11761,"url":"https:\/\/www.satokangas.fi\/blogi\/2011\/06\/toihin-myohassa\/","url_meta":{"origin":36954,"position":4},"title":"T\u00f6ihin my\u00f6h\u00e4ss\u00e4","author":"Reija","date":"9.6.2011","format":false,"excerpt":"Meni sitten puolitoista tuntia ty\u00f6matkaan t\u00e4n\u00e4\u00e4n. Normaalisti 13 - 14 minuuttia py\u00f6r\u00e4ll\u00e4. Pahasti en my\u00f6h\u00e4stynyt, l\u00e4hdin sen verran varhain, - uni kun oli taas tiess\u00e4\u00e4n. Kotipihalla piti j\u00e4\u00e4d\u00e4 ihastelemaan rautatieomenapuuta joka eilen puhkesi kukkaan! Sitten poljin torille aamukahville. Haitarinsoittajan s\u00e4est\u00e4ess\u00e4 ... ostin t\u00f6ihin aamukahville viet\u00e4v\u00e4ksi mansikoita... (kun en muistanut ett\u00e4\u2026","rel":"","context":"Kategoriassa &quot;Liikkuminen&quot;","block_context":{"text":"Liikkuminen","link":"https:\/\/www.satokangas.fi\/blogi\/category\/liikkuminen\/"},"img":{"alt_text":"","src":"https:\/\/i0.wp.com\/www.satokangas.fi\/blogi\/wp-content\/uploads\/IMG_3971-600x373.jpg?resize=350%2C200&ssl=1","width":350,"height":200,"srcset":"https:\/\/i0.wp.com\/www.satokangas.fi\/blogi\/wp-content\/uploads\/IMG_3971-600x373.jpg?resize=350%2C200&ssl=1 1x, https:\/\/i0.wp.com\/www.satokangas.fi\/blogi\/wp-content\/uploads\/IMG_3971-600x373.jpg?resize=525%2C300&ssl=1 1.5x"},"classes":[]},{"id":28208,"url":"https:\/\/www.satokangas.fi\/blogi\/2016\/05\/aitien-ja-mummien-paiva\/","url_meta":{"origin":36954,"position":5},"title":"\u00c4itien- ja mummien p\u00e4iv\u00e4","author":"Reija","date":"8.5.2016","format":false,"excerpt":"Se on ihan turha yritt\u00e4\u00e4k\u00e4\u00e4n selitt\u00e4\u00e4, kuinka hieno\u00a0on ollut viett\u00e4\u00e4 ensimm\u00e4inen \u00e4itienp\u00e4iv\u00e4 mummina. Ja mit\u00e4 sit\u00e4 selitt\u00e4m\u00e4\u00e4n... leuhottamiseksi se menisi. ;) El\u00e4m\u00e4 on. On vain todettava, ett\u00e4 aurinko, kev\u00e4t, liikkuminen, valmiiseen ruokap\u00f6yt\u00e4\u00e4n istuminen, levollinen, kivuton olo, perhe, viestit, puhelut, rakkaat l\u00e4hell\u00e4 ja kaukana ovat t\u00e4rkeit\u00e4, t\u00e4rke\u00e4mpi\u00e4 kuin mik\u00e4\u00e4n muu. Pehtoori\u2026","rel":"","context":"Kategoriassa &quot;Isovanhemmuus&quot;","block_context":{"text":"Isovanhemmuus","link":"https:\/\/www.satokangas.fi\/blogi\/category\/isovanhemmuus\/"},"img":{"alt_text":"","src":"","width":0,"height":0},"classes":[]}],"_links":{"self":[{"href":"https:\/\/www.satokangas.fi\/blogi\/wp-json\/wp\/v2\/posts\/36954","targetHints":{"allow":["GET"]}}],"collection":[{"href":"https:\/\/www.satokangas.fi\/blogi\/wp-json\/wp\/v2\/posts"}],"about":[{"href":"https:\/\/www.satokangas.fi\/blogi\/wp-json\/wp\/v2\/types\/post"}],"author":[{"embeddable":true,"href":"https:\/\/www.satokangas.fi\/blogi\/wp-json\/wp\/v2\/users\/1"}],"replies":[{"embeddable":true,"href":"https:\/\/www.satokangas.fi\/blogi\/wp-json\/wp\/v2\/comments?post=36954"}],"version-history":[{"count":0,"href":"https:\/\/www.satokangas.fi\/blogi\/wp-json\/wp\/v2\/posts\/36954\/revisions"}],"wp:attachment":[{"href":"https:\/\/www.satokangas.fi\/blogi\/wp-json\/wp\/v2\/media?parent=36954"}],"wp:term":[{"taxonomy":"category","embeddable":true,"href":"https:\/\/www.satokangas.fi\/blogi\/wp-json\/wp\/v2\/categories?post=36954"},{"taxonomy":"post_tag","embeddable":true,"href":"https:\/\/www.satokangas.fi\/blogi\/wp-json\/wp\/v2\/tags?post=36954"}],"curies":[{"name":"wp","href":"https:\/\/api.w.org\/{rel}","templated":true}]}}