{"id":36942,"date":"2019-08-06T20:30:49","date_gmt":"2019-08-06T17:30:49","guid":{"rendered":"https:\/\/www.satokangas.fi\/blogi\/?p=36942"},"modified":"2019-08-06T20:30:49","modified_gmt":"2019-08-06T17:30:49","slug":"iihin-lounaalle","status":"publish","type":"post","link":"https:\/\/www.satokangas.fi\/blogi\/2019\/08\/iihin-lounaalle\/","title":{"rendered":"Iihin lounaalle"},"content":{"rendered":"<p><a href=\"https:\/\/www.satokangas.fi\/blogi\/2019\/08\/iihin-lounaalle\/ii-2\/#main\" rel=\"attachment wp-att-36948\"><img loading=\"lazy\" decoding=\"async\" data-attachment-id=\"36948\" data-permalink=\"https:\/\/www.satokangas.fi\/blogi\/2019\/08\/iihin-lounaalle\/ii-2\/\" data-orig-file=\"https:\/\/www.satokangas.fi\/blogi\/wp-content\/uploads\/2019\/08\/Ii-2.jpg\" data-orig-size=\"1000,667\" data-comments-opened=\"1\" data-image-meta=\"{&quot;aperture&quot;:&quot;8&quot;,&quot;credit&quot;:&quot;REIJA SATOKANGAS&quot;,&quot;camera&quot;:&quot;Canon EOS 5D Mark IV&quot;,&quot;caption&quot;:&quot;&quot;,&quot;created_timestamp&quot;:&quot;1565086969&quot;,&quot;copyright&quot;:&quot;Reija Satokangas&quot;,&quot;focal_length&quot;:&quot;50&quot;,&quot;iso&quot;:&quot;400&quot;,&quot;shutter_speed&quot;:&quot;0.0015625&quot;,&quot;title&quot;:&quot;&quot;,&quot;orientation&quot;:&quot;0&quot;}\" data-image-title=\"Ii-2\" data-image-description=\"\" data-image-caption=\"\" data-large-file=\"https:\/\/www.satokangas.fi\/blogi\/wp-content\/uploads\/2019\/08\/Ii-2.jpg\" class=\"aligncenter size-full wp-image-36948\" src=\"https:\/\/www.satokangas.fi\/blogi\/wp-content\/uploads\/2019\/08\/Ii-2.jpg\" alt=\"\" width=\"1000\" height=\"667\" srcset=\"https:\/\/www.satokangas.fi\/blogi\/wp-content\/uploads\/2019\/08\/Ii-2.jpg 1000w, https:\/\/www.satokangas.fi\/blogi\/wp-content\/uploads\/2019\/08\/Ii-2-300x200.jpg 300w, https:\/\/www.satokangas.fi\/blogi\/wp-content\/uploads\/2019\/08\/Ii-2-600x400.jpg 600w, https:\/\/www.satokangas.fi\/blogi\/wp-content\/uploads\/2019\/08\/Ii-2-768x512.jpg 768w\" sizes=\"auto, (max-width: 1000px) 100vw, 1000px\" \/><\/a><\/p>\n<p style=\"text-align: justify;\">Iin Haminassa museoalueen reunalla on Museokahvila <a href=\"https:\/\/www.facebook.com\/museokahvilahuilinki\/\" target=\"_blank\" rel=\"noopener noreferrer\">Huilinki<\/a>. Sinnep\u00e4 suuntasin t\u00e4n\u00e4\u00e4n aamup\u00e4iv\u00e4ll\u00e4, systerin kanssa sovittu lounasmeetinki sinne. Emmek\u00e4 suinkaan olleet ainoat, siell\u00e4 oli vaikka ja kuinka paljon l\u00e4hity\u00f6paikoista ruokatuntilaisia, ja taisipa olla jokunen turistikin. Oli yll\u00e4tt\u00e4en niin l\u00e4mmin, ett\u00e4 p\u00e4\u00e4timme sy\u00f6d\u00e4 pihalla. Hyv\u00e4 kotilounas, salaattip\u00f6yd\u00e4n ja j\u00e4lkk\u00e4rikahvin ja piirakkapalan kera maksoi kympin, &#8211; ei paha. Yl\u00e4kerrassa on museoesineist\u00f6\u00e4, tukkik\u00e4mpp\u00e4 sisustettuna ja pient\u00e4 tilpeh\u00f6\u00f6ri\u00e4 &#8211; kannattaa k\u00e4yd\u00e4 katselemassa jos paikan p\u00e4\u00e4lle satut. T\u00e4m\u00e4h\u00e4n on talvellakin auki, joten hyv\u00e4 vaihtoehto ABC:lle.<\/p>\n<p>Lounaan j\u00e4lkeen ajelin viel\u00e4 tunteroisen Iit\u00e4 ristiin rastiin, kuvailin ja katselin. Hamina on kyll\u00e4 vieh\u00e4tt\u00e4v\u00e4, mutta merkillisen vaikea siit\u00e4 on saada tunnelmallisia, idyllisi\u00e4 kuvia. Semminkin kun ei kehtaa ihan &#8221;p\u00e4in taloja ja pihoja&#8221; kuvailla. Joku talvi-ilta voisi olla parempi&#8230;<\/p>\n<p><a href=\"https:\/\/www.satokangas.fi\/blogi\/2019\/08\/iihin-lounaalle\/ii\/#main\" rel=\"attachment wp-att-36949\"><img loading=\"lazy\" decoding=\"async\" data-attachment-id=\"36949\" data-permalink=\"https:\/\/www.satokangas.fi\/blogi\/2019\/08\/iihin-lounaalle\/ii\/\" data-orig-file=\"https:\/\/www.satokangas.fi\/blogi\/wp-content\/uploads\/2019\/08\/Ii.jpg\" data-orig-size=\"667,1000\" data-comments-opened=\"1\" data-image-meta=\"{&quot;aperture&quot;:&quot;10&quot;,&quot;credit&quot;:&quot;REIJA SATOKANGAS&quot;,&quot;camera&quot;:&quot;Canon EOS 5D Mark IV&quot;,&quot;caption&quot;:&quot;&quot;,&quot;created_timestamp&quot;:&quot;1565082584&quot;,&quot;copyright&quot;:&quot;Reija Satokangas&quot;,&quot;focal_length&quot;:&quot;50&quot;,&quot;iso&quot;:&quot;320&quot;,&quot;shutter_speed&quot;:&quot;0.000625&quot;,&quot;title&quot;:&quot;&quot;,&quot;orientation&quot;:&quot;0&quot;}\" data-image-title=\"Ii\" data-image-description=\"\" data-image-caption=\"\" data-large-file=\"https:\/\/www.satokangas.fi\/blogi\/wp-content\/uploads\/2019\/08\/Ii.jpg\" class=\"aligncenter size-full wp-image-36949\" src=\"https:\/\/www.satokangas.fi\/blogi\/wp-content\/uploads\/2019\/08\/Ii.jpg\" alt=\"\" width=\"667\" height=\"1000\" srcset=\"https:\/\/www.satokangas.fi\/blogi\/wp-content\/uploads\/2019\/08\/Ii.jpg 667w, https:\/\/www.satokangas.fi\/blogi\/wp-content\/uploads\/2019\/08\/Ii-200x300.jpg 200w, https:\/\/www.satokangas.fi\/blogi\/wp-content\/uploads\/2019\/08\/Ii-267x400.jpg 267w\" sizes=\"auto, (max-width: 667px) 100vw, 667px\" \/><\/a><\/p>\n<p style=\"text-align: justify;\">Pitk\u00e4lt\u00e4 tuntuneen kes\u00e4tauon j\u00e4lkeen meid\u00e4n oma kotisiivooja S. tuli t\u00e4n\u00e4\u00e4n jo heti aamusta, mist\u00e4 oli oikein iloinen ja oli juhlaa iltap\u00e4iv\u00e4ll\u00e4 palata puhtaaseen kotiin. Olin ilmoittanut Pehtoorille ja tytt\u00e4relle, ett\u00e4 t\u00e4n\u00e4\u00e4n ei meid\u00e4n keitti\u00f6ss\u00e4 ole sapuskaa, joten olivat hekin molemmat hankkiutuneet omille teilleen ja tahoillaan sy\u00f6m\u00e4\u00e4n. Ty\u00e4r oli p\u00e4iv\u00e4n kaupunginkirjastossa tekem\u00e4ss\u00e4 harjoitusteht\u00e4vi\u00e4\u00e4n ja koodaamassa projektiaan. Kes\u00e4opintoja voi suoritella et\u00e4n\u00e4kin. Ja sitten illansuuksi kummipojan luo ja kanssa pelaamaan. Ja kun Tyt\u00e4r palasi \u00e4sken t\u00e4nne kotikotiin tuli Apsulta itkunsekainen \u00e4\u00e4niviesti, kuinka oli tullut heti &#8221;ik\u00e4v\u00e4 Saanaa&#8221;.<\/p>\n<p>&nbsp;<\/p>\n<p>&nbsp;<\/p>\n","protected":false},"excerpt":{"rendered":"<p>Iin Haminassa museoalueen reunalla on Museokahvila Huilinki. Sinnep\u00e4 suuntasin t\u00e4n\u00e4\u00e4n aamup\u00e4iv\u00e4ll\u00e4, systerin kanssa sovittu lounasmeetinki sinne. Emmek\u00e4 suinkaan olleet ainoat, siell\u00e4 oli vaikka ja kuinka paljon l\u00e4hity\u00f6paikoista ruokatuntilaisia, ja taisipa olla jokunen turistikin. Oli yll\u00e4tt\u00e4en niin l\u00e4mmin, ett\u00e4 p\u00e4\u00e4timme sy\u00f6d\u00e4 pihalla. Hyv\u00e4 kotilounas, salaattip\u00f6yd\u00e4n ja j\u00e4lkk\u00e4rikahvin ja piirakkapalan kera maksoi kympin, &#8211; ei paha. Yl\u00e4kerrassa on museoesineist\u00f6\u00e4, tukkik\u00e4mpp\u00e4 sisustettuna ja &hellip; <\/p>\n","protected":false},"author":1,"featured_media":0,"comment_status":"open","ping_status":"open","sticky":false,"template":"","format":"standard","meta":{"jetpack_post_was_ever_published":false,"_jetpack_newsletter_access":"","_jetpack_dont_email_post_to_subs":false,"_jetpack_newsletter_tier_id":0,"_jetpack_memberships_contains_paywalled_content":false,"_jetpack_memberships_contains_paid_content":false,"footnotes":"","jetpack_publicize_message":"","jetpack_publicize_feature_enabled":true,"jetpack_social_post_already_shared":true,"jetpack_social_options":{"image_generator_settings":{"template":"highway","default_image_id":0,"font":"","enabled":false},"version":2}},"categories":[1],"tags":[],"class_list":["post-36942","post","type-post","status-publish","format-standard","hentry","category-aiheeton","latest_post"],"jetpack_publicize_connections":[],"jetpack_featured_media_url":"","jetpack_shortlink":"https:\/\/wp.me\/pr4p4-9BQ","jetpack_sharing_enabled":true,"jetpack_likes_enabled":false,"jetpack-related-posts":[{"id":41889,"url":"https:\/\/www.satokangas.fi\/blogi\/2021\/11\/teemana-hyvin-syominen\/","url_meta":{"origin":36942,"position":0},"title":"Teemana hyvin sy\u00f6minen","author":"Reija","date":"13.11.2021","format":false,"excerpt":"T\u00e4n\u00e4\u00e4n meille tuli oululaisia rotiss\u00f6\u00f6rej\u00e4 \"kevyelle kentt\u00e4lounaalle\". Olin kutsunut \"kaikki\" oululaiset rotiss\u00f6\u00f6rit m\u00f6kille: t\u00e4n\u00e4\u00e4n oli Lapin keitti\u00f6mestareiden 30. Herkkup\u00f6yt\u00e4-tapahtuma. Sinne tuleville lupasin siis lounasta m\u00f6kkikeitti\u00f6ss\u00e4mme. Eih\u00e4n t\u00e4nne pohjoiseen moni tullut - muttta lopulta viisi p\u00e4\u00e4si tulemaan. Alunperin ajattelin tarjota vain soppaa ja kahvit j\u00e4lkk\u00e4riksi. Hieman laajensin, aamup\u00e4iv\u00e4n v\u00e4rkk\u00e4ilin, hyv\u00e4 siit\u00e4\u2026","rel":"","context":"Kategoriassa &quot;Lappi&quot;","block_context":{"text":"Lappi","link":"https:\/\/www.satokangas.fi\/blogi\/category\/lappi\/"},"img":{"alt_text":"","src":"https:\/\/i0.wp.com\/www.satokangas.fi\/blogi\/wp-content\/uploads\/2021\/11\/lounas-2.jpg?resize=350%2C200&ssl=1","width":350,"height":200,"srcset":"https:\/\/i0.wp.com\/www.satokangas.fi\/blogi\/wp-content\/uploads\/2021\/11\/lounas-2.jpg?resize=350%2C200&ssl=1 1x, https:\/\/i0.wp.com\/www.satokangas.fi\/blogi\/wp-content\/uploads\/2021\/11\/lounas-2.jpg?resize=525%2C300&ssl=1 1.5x, https:\/\/i0.wp.com\/www.satokangas.fi\/blogi\/wp-content\/uploads\/2021\/11\/lounas-2.jpg?resize=700%2C400&ssl=1 2x"},"classes":[]},{"id":52488,"url":"https:\/\/www.satokangas.fi\/blogi\/2025\/05\/sellainen-kummallinen-lomaolo\/","url_meta":{"origin":36942,"position":1},"title":"Sellainen kummallinen lomaolo","author":"Reija","date":"16.5.2025","format":false,"excerpt":"Olemme Pehtoorin kanssa aloittamassa \u201duusia seikkailuja\u201d, kuten sisareni mies eilen totesi. No joo, ehk\u00e4 noinkin. Joka tapauksessa, nyt oikein oli oikein hyv\u00e4 hetki tulla Helsinkiin, viikonlopun rientoihin, joista sovittiin jo viime vuoden puolella? L\u00e4hdimme kaksin aamujunalla Oulusta \u2013 eka kertaa olin varannut meille kahden hengen hytin. Muutama kymppi lis\u00e4\u00e4 junalipun\u2026","rel":"","context":"Kategoriassa &quot;Niit\u00e4 n\u00e4it\u00e4&quot;","block_context":{"text":"Niit\u00e4 n\u00e4it\u00e4","link":"https:\/\/www.satokangas.fi\/blogi\/category\/aiheeton\/"},"img":{"alt_text":"","src":"https:\/\/i0.wp.com\/www.satokangas.fi\/blogi\/wp-content\/uploads\/2025\/05\/kamppi-e1747403577870.jpeg?resize=350%2C200&ssl=1","width":350,"height":200,"srcset":"https:\/\/i0.wp.com\/www.satokangas.fi\/blogi\/wp-content\/uploads\/2025\/05\/kamppi-e1747403577870.jpeg?resize=350%2C200&ssl=1 1x, https:\/\/i0.wp.com\/www.satokangas.fi\/blogi\/wp-content\/uploads\/2025\/05\/kamppi-e1747403577870.jpeg?resize=525%2C300&ssl=1 1.5x, https:\/\/i0.wp.com\/www.satokangas.fi\/blogi\/wp-content\/uploads\/2025\/05\/kamppi-e1747403577870.jpeg?resize=700%2C400&ssl=1 2x"},"classes":[]},{"id":17389,"url":"https:\/\/www.satokangas.fi\/blogi\/2013\/05\/harmaa-aatto\/","url_meta":{"origin":36942,"position":2},"title":"Harmaa aatto","author":"Reija","date":"11.5.2013","format":false,"excerpt":"On \u00e4itienp\u00e4iv\u00e4n aatto. Perinteisesti on \u00e4itini, sisarusteni ja perheidemme kanssa k\u00e4yty \u00e4itienp\u00e4iv\u00e4lounaalla: huomenna ei ole perinteisesti. Murmeli ei en\u00e4\u00e4 l\u00e4hde lounaille [lupasin ett\u00e4 viemme huomenna lounaan sinne :)] , esikoinen on siell\u00e4 maailman \u00e4\u00e4riss\u00e4, Oulussa on kylm\u00e4, \u00a0[kuva otettu \u00e4sken torinrannassa, yht\u00e4 harmaata on ollut koko p\u00e4iv\u00e4n] \u00a0... joten miten\u2026","rel":"","context":"Kategoriassa &quot;Niit\u00e4 n\u00e4it\u00e4&quot;","block_context":{"text":"Niit\u00e4 n\u00e4it\u00e4","link":"https:\/\/www.satokangas.fi\/blogi\/category\/aiheeton\/"},"img":{"alt_text":"","src":"https:\/\/i0.wp.com\/www.satokangas.fi\/blogi\/wp-content\/uploads\/2013\/05\/aatto-2.jpg?resize=350%2C200&ssl=1","width":350,"height":200,"srcset":"https:\/\/i0.wp.com\/www.satokangas.fi\/blogi\/wp-content\/uploads\/2013\/05\/aatto-2.jpg?resize=350%2C200&ssl=1 1x, https:\/\/i0.wp.com\/www.satokangas.fi\/blogi\/wp-content\/uploads\/2013\/05\/aatto-2.jpg?resize=525%2C300&ssl=1 1.5x, https:\/\/i0.wp.com\/www.satokangas.fi\/blogi\/wp-content\/uploads\/2013\/05\/aatto-2.jpg?resize=700%2C400&ssl=1 2x"},"classes":[]},{"id":3682,"url":"https:\/\/www.satokangas.fi\/blogi\/2009\/06\/kierroksella\/","url_meta":{"origin":36942,"position":3},"title":"Kierroksella","author":"Reija","date":"30.6.2009","format":false,"excerpt":"Katalonian aamu helteinen, helteinen jo heti aamusta. Siis heti uimaan. Pitk\u00e4\u00e4n nautitun aamiaisen j\u00e4lkeen p\u00e4\u00e4timme Majakan ja Pehtoorin kanssa l\u00e4hte\u00e4 katsomaan, miss\u00e4 on maailman parhaaksi rankattu ravintola (El Bulli) on ja milt\u00e4 se n\u00e4ytt\u00e4\u00e4 p\u00e4\u00e4lt\u00e4. Matka taloltamme Rosesin lahden toiselle puolen kestikin enemm\u00e4n kuin pari minuuttia. Melkein kymmenen kilometri\u00e4 ajettiin\u2026","rel":"","context":"Kategoriassa &quot;Niit\u00e4 n\u00e4it\u00e4&quot;","block_context":{"text":"Niit\u00e4 n\u00e4it\u00e4","link":"https:\/\/www.satokangas.fi\/blogi\/category\/aiheeton\/"},"img":{"alt_text":"fisut","src":"https:\/\/i0.wp.com\/www.satokangas.fi\/blogi\/wp-content\/uploads\/2009\/06\/fisut-500x333.jpg?resize=350%2C200&ssl=1","width":350,"height":200},"classes":[]},{"id":37041,"url":"https:\/\/www.satokangas.fi\/blogi\/2019\/08\/kapitulin-toinen-paiva\/","url_meta":{"origin":36942,"position":4},"title":"Kapitulin toinen p\u00e4iv\u00e4 &#8230;","author":"Reija","date":"24.8.2019","format":false,"excerpt":"Terveiset Kiireett\u00f6m\u00e4st\u00e4 kapitulista aurinkoiselta Rovaniemelt\u00e4. Kapitulista on 2\/3 nautittu. Eilinen Diner Amical Santa Claus -hotellissa oli mukava ja makoisa. Kuohuviinietkot olivat menestys. Ja yhteiskuvankin sain otettua. ;) Paljon ehdittiin tavata ja jutella ihmisten kanssa, l\u00f6yt\u00e4\u00e4 vanhoja ja uusia tuttuja. Ainoa \"iso\" ongelma oli juhlatilan akustiikka tai siis se, ett\u00e4 ohjelmanumeroista\u2026","rel":"","context":"Kategoriassa &quot;Niit\u00e4 n\u00e4it\u00e4&quot;","block_context":{"text":"Niit\u00e4 n\u00e4it\u00e4","link":"https:\/\/www.satokangas.fi\/blogi\/category\/aiheeton\/"},"img":{"alt_text":"","src":"https:\/\/i0.wp.com\/www.satokangas.fi\/blogi\/wp-content\/uploads\/2019\/08\/Kiireeton_kapituli-11-789x400.jpg?resize=350%2C200&ssl=1","width":350,"height":200,"srcset":"https:\/\/i0.wp.com\/www.satokangas.fi\/blogi\/wp-content\/uploads\/2019\/08\/Kiireeton_kapituli-11-789x400.jpg?resize=350%2C200&ssl=1 1x, https:\/\/i0.wp.com\/www.satokangas.fi\/blogi\/wp-content\/uploads\/2019\/08\/Kiireeton_kapituli-11-789x400.jpg?resize=525%2C300&ssl=1 1.5x, https:\/\/i0.wp.com\/www.satokangas.fi\/blogi\/wp-content\/uploads\/2019\/08\/Kiireeton_kapituli-11-789x400.jpg?resize=700%2C400&ssl=1 2x"},"classes":[]},{"id":7768,"url":"https:\/\/www.satokangas.fi\/blogi\/2010\/07\/sienassa-kavelylla-ja-lounaalla\/","url_meta":{"origin":36942,"position":5},"title":"Sienassa k\u00e4velyll\u00e4 ja lounaalla","author":"Reija","date":"9.7.2010","format":false,"excerpt":"Perjantaiaamu Toscanan syd\u00e4mess\u00e4 aurinkoinen, mutta kukkuloilla sellainen Toscanssa otetuista kuvista tuttu kaunis sumu. Mist\u00e4h\u00e4n se johtuu? Usein Toscanan kuvissa sellainen n\u00e4kyy. Y\u00f6uni riitt\u00e4v\u00e4 ja hotellissa oli hiljaista kuin Hangasojalla, ei h\u00e4lytysajoneuvoja eik\u00e4 muutakaan kaupungin melua kuten Roomassa. Aamulla lampaat k\u00e4yskenteliv\u00e4t melkein ikkunamme alla, ja p\u00e4\u00e4skyset lenteliv\u00e4t vimmatusti edestakaisin. Pienen hotellimme\u2026","rel":"","context":"Kategoriassa &quot;Italia&quot;","block_context":{"text":"Italia","link":"https:\/\/www.satokangas.fi\/blogi\/category\/italia\/"},"img":{"alt_text":"","src":"https:\/\/i0.wp.com\/www.satokangas.fi\/blogi\/wp-content\/uploads\/2010\/07\/Siena-256x400.jpg?resize=350%2C200&ssl=1","width":350,"height":200},"classes":[]}],"_links":{"self":[{"href":"https:\/\/www.satokangas.fi\/blogi\/wp-json\/wp\/v2\/posts\/36942","targetHints":{"allow":["GET"]}}],"collection":[{"href":"https:\/\/www.satokangas.fi\/blogi\/wp-json\/wp\/v2\/posts"}],"about":[{"href":"https:\/\/www.satokangas.fi\/blogi\/wp-json\/wp\/v2\/types\/post"}],"author":[{"embeddable":true,"href":"https:\/\/www.satokangas.fi\/blogi\/wp-json\/wp\/v2\/users\/1"}],"replies":[{"embeddable":true,"href":"https:\/\/www.satokangas.fi\/blogi\/wp-json\/wp\/v2\/comments?post=36942"}],"version-history":[{"count":0,"href":"https:\/\/www.satokangas.fi\/blogi\/wp-json\/wp\/v2\/posts\/36942\/revisions"}],"wp:attachment":[{"href":"https:\/\/www.satokangas.fi\/blogi\/wp-json\/wp\/v2\/media?parent=36942"}],"wp:term":[{"taxonomy":"category","embeddable":true,"href":"https:\/\/www.satokangas.fi\/blogi\/wp-json\/wp\/v2\/categories?post=36942"},{"taxonomy":"post_tag","embeddable":true,"href":"https:\/\/www.satokangas.fi\/blogi\/wp-json\/wp\/v2\/tags?post=36942"}],"curies":[{"name":"wp","href":"https:\/\/api.w.org\/{rel}","templated":true}]}}