{"id":36826,"date":"2019-08-07T20:12:15","date_gmt":"2019-08-07T17:12:15","guid":{"rendered":"https:\/\/www.satokangas.fi\/blogi\/?p=36826"},"modified":"2019-08-07T21:06:54","modified_gmt":"2019-08-07T18:06:54","slug":"haasteellisia-kuvia","status":"publish","type":"post","link":"https:\/\/www.satokangas.fi\/blogi\/2019\/08\/haasteellisia-kuvia\/","title":{"rendered":"Haasteellisia kuvia&#8230;"},"content":{"rendered":"<p style=\"text-align: justify;\">Aamup\u00e4iv\u00e4 kului etsiess\u00e4 yht\u00e4 kadonnutta laatikkoa, jossa on jotain olennaista lauantain Kalaaseja varten. Etsin monta tuntia, ja aina siirtyess\u00e4ni laatikolta tai kaapista toiseen, siivosin ja j\u00e4rjestelin edellisen, ja tulin l\u00f6yt\u00e4neeksi yht\u00e4 sun toista, mink\u00e4 olemassaoloa en ollut muistanutkaan, mm. rasiallisen postimerkkej\u00e4, pukukorun (ranneketju), nelj\u00e4 Riviera de Maisonin j\u00e4lkiruokalusikkaa (t\u00e4ysin k\u00e4ytt\u00e4m\u00e4t\u00f6nt\u00e4!). En lopultakaan etsim\u00e4\u00e4ni&#8230;<\/p>\n<p style=\"text-align: justify;\">Iltap\u00e4iv\u00e4ll\u00e4 l\u00e4hdin k\u00e4ym\u00e4\u00e4n ompelijalla ja sielt\u00e4 palatessa sitten sattui se, mit\u00e4 oikeastaan on tullut pitkin kes\u00e4\u00e4 pel\u00e4tyksi, ja onneksi se ei sattunut esimerkiksi eilen. Py\u00f6r\u00e4st\u00e4 puhkesi rengas. Nopea apu oli puhelinsoiton p\u00e4\u00e4ss\u00e4; Pehtoori tuli hakemaan Tuirasta, ja \u00e4sken viel\u00e4 paikkasi renkaan. Huh!<\/p>\n<p style=\"text-align: justify;\">Pienen tovin ennen, v\u00e4liss\u00e4 ja j\u00e4lkeen noiden hommien k\u00e4ytin yhden verkkokurssin parissa, ja sitten vastailin yhteen kuvahaasteeseen. En\u00e4\u00e4 en olekaan mukana kuin yhdess\u00e4 kuvahaasteessa. Serkkuni t\u00e4m\u00e4nvuotinen (jo nelj\u00e4s) haaste on ollut aika ty\u00f6las, ja vaikea. Mutta olen sen nyt tehnyt kokonaan.\u00a0 Se on ollut sellainen non-stop, eik\u00e4 siis viikkoihin tai kuukausiin sidoksissa, vaan kaikki 28 haastev\u00e4ri\u00e4 (my\u00f6s oheisv\u00e4rit)\/teemaa\/aihetta ovat olleet koko ajan teht\u00e4viss\u00e4. Ideana, ett\u00e4 vastaa ainakin yhteen tietyn kansion jutuista: 1) v\u00e4ri(t) 2) aihe tai 3) teema. Mielell\u00e4\u00e4n samaan kuvaan kaikki kolme. Esim. haaste #13<\/p>\n<p style=\"text-align: justify;\"><a href=\"https:\/\/www.satokangas.fi\/blogi\/2019\/08\/haasteellisia-kuvia\/13-11\/#main\" rel=\"attachment wp-att-36950\"><img loading=\"lazy\" decoding=\"async\" data-attachment-id=\"36950\" data-permalink=\"https:\/\/www.satokangas.fi\/blogi\/2019\/08\/haasteellisia-kuvia\/13-11\/\" data-orig-file=\"https:\/\/www.satokangas.fi\/blogi\/wp-content\/uploads\/2019\/08\/13.jpg\" data-orig-size=\"791,879\" data-comments-opened=\"1\" data-image-meta=\"{&quot;aperture&quot;:&quot;0&quot;,&quot;credit&quot;:&quot;Reija&quot;,&quot;camera&quot;:&quot;&quot;,&quot;caption&quot;:&quot;&quot;,&quot;created_timestamp&quot;:&quot;1565206711&quot;,&quot;copyright&quot;:&quot;&quot;,&quot;focal_length&quot;:&quot;0&quot;,&quot;iso&quot;:&quot;0&quot;,&quot;shutter_speed&quot;:&quot;0&quot;,&quot;title&quot;:&quot;&quot;,&quot;orientation&quot;:&quot;0&quot;}\" data-image-title=\"#13\" data-image-description=\"\" data-image-caption=\"\" data-large-file=\"https:\/\/www.satokangas.fi\/blogi\/wp-content\/uploads\/2019\/08\/13.jpg\" class=\"aligncenter size-full wp-image-36950\" src=\"https:\/\/www.satokangas.fi\/blogi\/wp-content\/uploads\/2019\/08\/13.jpg\" alt=\"\" width=\"791\" height=\"879\" srcset=\"https:\/\/www.satokangas.fi\/blogi\/wp-content\/uploads\/2019\/08\/13.jpg 791w, https:\/\/www.satokangas.fi\/blogi\/wp-content\/uploads\/2019\/08\/13-270x300.jpg 270w, https:\/\/www.satokangas.fi\/blogi\/wp-content\/uploads\/2019\/08\/13-360x400.jpg 360w, https:\/\/www.satokangas.fi\/blogi\/wp-content\/uploads\/2019\/08\/13-768x853.jpg 768w\" sizes=\"auto, (max-width: 791px) 100vw, 791px\" \/><\/a><\/p>\n<p style=\"text-align: center;\">Siis 1) v\u00e4ri: marjan puna 2) aihe: keng\u00e4t ja 3) teema: inspiraatio basaareista.<\/p>\n<p style=\"text-align: justify;\">Likik\u00e4\u00e4n aina en saanut kaikkia kolmea kuvaan, vaikka aika vakavasti \ud83d\ude09 t\u00e4m\u00e4nkin homman otin. Ensisijaisesti pyrin hakemaan v\u00e4rin, sitten aiheen ja kolmanneksi teeman.\u00a0 Melkein kaikkiin oikein tekem\u00e4ll\u00e4 tein kuvan, &#8211; monta niist\u00e4 olette t\u00e4\u00e4ll\u00e4 blogissa jo n\u00e4hneetkin, moni on Vastavalossa ja muutamat Instassa. Siis olen &#8221;hy\u00f6tyk\u00e4ytt\u00e4nyt&#8221; haastetta. Tuon haastenumero 13 vastaustani en ole aiemmin julkaissut, joten se on nyt t\u00e4ss\u00e4.<\/p>\n<p style=\"text-align: justify;\"><a href=\"https:\/\/www.satokangas.fi\/blogi\/2019\/08\/haasteellisia-kuvia\/13-12\/#main\" rel=\"attachment wp-att-36951\"><img loading=\"lazy\" decoding=\"async\" data-attachment-id=\"36951\" data-permalink=\"https:\/\/www.satokangas.fi\/blogi\/2019\/08\/haasteellisia-kuvia\/13-12\/\" data-orig-file=\"https:\/\/www.satokangas.fi\/blogi\/wp-content\/uploads\/2019\/08\/13-1.jpg\" data-orig-size=\"1000,667\" data-comments-opened=\"1\" data-image-meta=\"{&quot;aperture&quot;:&quot;20&quot;,&quot;credit&quot;:&quot;REIJA SATOKANGAS&quot;,&quot;camera&quot;:&quot;Canon EOS 5D Mark IV&quot;,&quot;caption&quot;:&quot;&quot;,&quot;created_timestamp&quot;:&quot;1563288727&quot;,&quot;copyright&quot;:&quot;Reija Satokangas&quot;,&quot;focal_length&quot;:&quot;100&quot;,&quot;iso&quot;:&quot;100&quot;,&quot;shutter_speed&quot;:&quot;0.04&quot;,&quot;title&quot;:&quot;&quot;,&quot;orientation&quot;:&quot;1&quot;}\" data-image-title=\"# 13\" data-image-description=\"\" data-image-caption=\"\" data-large-file=\"https:\/\/www.satokangas.fi\/blogi\/wp-content\/uploads\/2019\/08\/13-1.jpg\" class=\"aligncenter size-full wp-image-36951\" src=\"https:\/\/www.satokangas.fi\/blogi\/wp-content\/uploads\/2019\/08\/13-1.jpg\" alt=\"\" width=\"1000\" height=\"667\" srcset=\"https:\/\/www.satokangas.fi\/blogi\/wp-content\/uploads\/2019\/08\/13-1.jpg 1000w, https:\/\/www.satokangas.fi\/blogi\/wp-content\/uploads\/2019\/08\/13-1-300x200.jpg 300w, https:\/\/www.satokangas.fi\/blogi\/wp-content\/uploads\/2019\/08\/13-1-600x400.jpg 600w, https:\/\/www.satokangas.fi\/blogi\/wp-content\/uploads\/2019\/08\/13-1-768x512.jpg 768w\" sizes=\"auto, (max-width: 1000px) 100vw, 1000px\" \/><\/a><\/p>\n<p style=\"text-align: center;\"><strong><span style=\"color: #800000;\">Kev\u00e4\u00e4ll\u00e4 ostamani ihanat punaiset mokkatennarit! Juuri oikean punaiset.\u00a0<\/span><\/strong><\/p>\n<p>&nbsp;<\/p>\n<p style=\"text-align: center;\">T\u00e4ss\u00e4 on koko haastesarja.<\/p>\n<p style=\"text-align: justify;\"><a href=\"https:\/\/www.satokangas.fi\/blogi\/2019\/08\/haasteellisia-kuvia\/haastevuosi-2019\/#main\" rel=\"attachment wp-att-36828\"><img loading=\"lazy\" decoding=\"async\" data-attachment-id=\"36828\" data-permalink=\"https:\/\/www.satokangas.fi\/blogi\/2019\/08\/haasteellisia-kuvia\/haastevuosi-2019\/\" data-orig-file=\"https:\/\/www.satokangas.fi\/blogi\/wp-content\/uploads\/2019\/07\/Haastevuosi-2019.jpg\" data-orig-size=\"1000,582\" data-comments-opened=\"1\" data-image-meta=\"{&quot;aperture&quot;:&quot;0&quot;,&quot;credit&quot;:&quot;Reija&quot;,&quot;camera&quot;:&quot;&quot;,&quot;caption&quot;:&quot;&quot;,&quot;created_timestamp&quot;:&quot;1563300414&quot;,&quot;copyright&quot;:&quot;&quot;,&quot;focal_length&quot;:&quot;0&quot;,&quot;iso&quot;:&quot;0&quot;,&quot;shutter_speed&quot;:&quot;0&quot;,&quot;title&quot;:&quot;&quot;,&quot;orientation&quot;:&quot;1&quot;}\" data-image-title=\"Haastevuosi 2019\" data-image-description=\"\" data-image-caption=\"\" data-large-file=\"https:\/\/www.satokangas.fi\/blogi\/wp-content\/uploads\/2019\/07\/Haastevuosi-2019.jpg\" class=\"size-large wp-image-36828 aligncenter\" src=\"https:\/\/www.satokangas.fi\/blogi\/wp-content\/uploads\/2019\/07\/Haastevuosi-2019.jpg\" alt=\"\" width=\"1000\" height=\"582\" srcset=\"https:\/\/www.satokangas.fi\/blogi\/wp-content\/uploads\/2019\/07\/Haastevuosi-2019.jpg 1000w, https:\/\/www.satokangas.fi\/blogi\/wp-content\/uploads\/2019\/07\/Haastevuosi-2019-300x175.jpg 300w, https:\/\/www.satokangas.fi\/blogi\/wp-content\/uploads\/2019\/07\/Haastevuosi-2019-687x400.jpg 687w, https:\/\/www.satokangas.fi\/blogi\/wp-content\/uploads\/2019\/07\/Haastevuosi-2019-768x447.jpg 768w\" sizes=\"auto, (max-width: 1000px) 100vw, 1000px\" \/><\/a><\/p>\n<p style=\"text-align: center;\">Ja alla minun vastaukseni samassa j\u00e4rjestyksess\u00e4. Ovaat tietysti isoina kuvina FB-sivuilla &#8211; t\u00e4ss\u00e4 vain kollaasi kaikista.<\/p>\n<p style=\"text-align: justify;\"><a href=\"https:\/\/www.satokangas.fi\/blogi\/2019\/08\/haasteellisia-kuvia\/haastevuosi_2019_28\/#main\" rel=\"attachment wp-att-36827\"><img loading=\"lazy\" decoding=\"async\" data-attachment-id=\"36827\" data-permalink=\"https:\/\/www.satokangas.fi\/blogi\/2019\/08\/haasteellisia-kuvia\/haastevuosi_2019_28\/\" data-orig-file=\"https:\/\/www.satokangas.fi\/blogi\/wp-content\/uploads\/2019\/07\/Haastevuosi_2019_28.jpg\" data-orig-size=\"1100,660\" data-comments-opened=\"1\" data-image-meta=\"{&quot;aperture&quot;:&quot;0&quot;,&quot;credit&quot;:&quot;Picasa&quot;,&quot;camera&quot;:&quot;&quot;,&quot;caption&quot;:&quot;&quot;,&quot;created_timestamp&quot;:&quot;1563312730&quot;,&quot;copyright&quot;:&quot;&quot;,&quot;focal_length&quot;:&quot;0&quot;,&quot;iso&quot;:&quot;0&quot;,&quot;shutter_speed&quot;:&quot;0&quot;,&quot;title&quot;:&quot;&quot;,&quot;orientation&quot;:&quot;1&quot;}\" data-image-title=\"Haastevuosi_2019_28\" data-image-description=\"\" data-image-caption=\"\" data-large-file=\"https:\/\/www.satokangas.fi\/blogi\/wp-content\/uploads\/2019\/07\/Haastevuosi_2019_28.jpg\" class=\"size-full wp-image-36827 aligncenter\" src=\"https:\/\/www.satokangas.fi\/blogi\/wp-content\/uploads\/2019\/07\/Haastevuosi_2019_28.jpg\" alt=\"\" width=\"1100\" height=\"660\" srcset=\"https:\/\/www.satokangas.fi\/blogi\/wp-content\/uploads\/2019\/07\/Haastevuosi_2019_28.jpg 1100w, https:\/\/www.satokangas.fi\/blogi\/wp-content\/uploads\/2019\/07\/Haastevuosi_2019_28-300x180.jpg 300w, https:\/\/www.satokangas.fi\/blogi\/wp-content\/uploads\/2019\/07\/Haastevuosi_2019_28-667x400.jpg 667w, https:\/\/www.satokangas.fi\/blogi\/wp-content\/uploads\/2019\/07\/Haastevuosi_2019_28-768x461.jpg 768w\" sizes=\"auto, (max-width: 1100px) 100vw, 1100px\" \/><\/a><\/p>\n<p>&nbsp;<\/p>\n<p style=\"text-align: center;\">Oli tosi mukava n\u00e4hd\u00e4 monen kymmenen eritasoisen harrastelijan vastauksia kuvahaasteeseen. Moni on j\u00e4tt\u00e4nyt kesken, eik\u00e4 kommentointi ole ollut kovinkaan vilkasta verrattuna edellisiin vuosiin, mutta minusta n\u00e4m\u00e4 on mukavia. T\u00e4mm\u00f6iset innostaa kuvaamaan, her\u00e4tt\u00e4v\u00e4t uteliaisuutta ja saavat miettim\u00e4\u00e4n uusia juttuja.<\/p>\n<p>&nbsp;<\/p>\n","protected":false},"excerpt":{"rendered":"<p>Aamup\u00e4iv\u00e4 kului etsiess\u00e4 yht\u00e4 kadonnutta laatikkoa, jossa on jotain olennaista lauantain Kalaaseja varten. Etsin monta tuntia, ja aina siirtyess\u00e4ni laatikolta tai kaapista toiseen, siivosin ja j\u00e4rjestelin edellisen, ja tulin l\u00f6yt\u00e4neeksi yht\u00e4 sun toista, mink\u00e4 olemassaoloa en ollut muistanutkaan, mm. rasiallisen postimerkkej\u00e4, pukukorun (ranneketju), nelj\u00e4 Riviera de Maisonin j\u00e4lkiruokalusikkaa (t\u00e4ysin k\u00e4ytt\u00e4m\u00e4t\u00f6nt\u00e4!). En lopultakaan etsim\u00e4\u00e4ni&#8230; Iltap\u00e4iv\u00e4ll\u00e4 l\u00e4hdin k\u00e4ym\u00e4\u00e4n ompelijalla ja sielt\u00e4 palatessa &hellip; <\/p>\n","protected":false},"author":1,"featured_media":0,"comment_status":"open","ping_status":"open","sticky":false,"template":"","format":"standard","meta":{"jetpack_post_was_ever_published":false,"_jetpack_newsletter_access":"","_jetpack_dont_email_post_to_subs":false,"_jetpack_newsletter_tier_id":0,"_jetpack_memberships_contains_paywalled_content":false,"_jetpack_memberships_contains_paid_content":false,"footnotes":"","jetpack_publicize_message":"","jetpack_publicize_feature_enabled":true,"jetpack_social_post_already_shared":true,"jetpack_social_options":{"image_generator_settings":{"template":"highway","default_image_id":0,"font":"","enabled":false},"version":2}},"categories":[82,1,37],"tags":[],"class_list":["post-36826","post","type-post","status-publish","format-standard","hentry","category-kalaasit","category-aiheeton","category-valokuvaus","latest_post"],"jetpack_publicize_connections":[],"jetpack_featured_media_url":"","jetpack_shortlink":"https:\/\/wp.me\/pr4p4-9zY","jetpack_sharing_enabled":true,"jetpack_likes_enabled":false,"jetpack-related-posts":[{"id":3455,"url":"https:\/\/www.satokangas.fi\/blogi\/2009\/06\/en-voi-sittenkaan-kirjoittaa\/","url_meta":{"origin":36826,"position":0},"title":"En voi sittenk\u00e4\u00e4n kirjoittaa","author":"Reija","date":"1.6.2009","format":false,"excerpt":"Voisin kirjoittaa siit\u00e4, kuinka aamuvarhain vein tytt\u00e4ren lentokent\u00e4lle, n\u00e4kemiin (snif) ja hyv\u00e4\u00e4 lomaa! Olet sen ansainnut! Voisin kirjoittaa siit\u00e4,\u00a0 kuinka sitten ennen t\u00f6ihin l\u00e4ht\u00f6\u00e4 halasin perheen pojat: tervemenoa pohjoiseen remontintekoon. Ajakaa varovasti! Molemmat! Voisin kirjoittaa siit\u00e4, kuinka t\u00f6iss\u00e4 oli t\u00e4n\u00e4\u00e4n hiljaista, mik\u00e4 sopi minulle oikein hyvin. Voisin kirjoittaa siit\u00e4, kun\u2026","rel":"","context":"Kategoriassa &quot;Niit\u00e4 n\u00e4it\u00e4&quot;","block_context":{"text":"Niit\u00e4 n\u00e4it\u00e4","link":"https:\/\/www.satokangas.fi\/blogi\/category\/aiheeton\/"},"img":{"alt_text":"","src":"","width":0,"height":0},"classes":[]},{"id":31377,"url":"https:\/\/www.satokangas.fi\/blogi\/2017\/07\/kalaaseista-opittua\/","url_meta":{"origin":36826,"position":1},"title":"Kalaaseista opittua","author":"Reija","date":"23.7.2017","format":false,"excerpt":"\"Japani lasissa ja lautasella\" -kalaasit on nyt ohi. Eih\u00e4n se mennyt ihan niin kuin parhaimmillaan, ... mutta pikkutunneille asti juhlimme. Ja t\u00e4n\u00e4\u00e4n tulleista kiitosviesteist\u00e4 olen ymm\u00e4rt\u00e4v\u00e4ni, ett\u00e4 ruoka oli ollut hyv\u00e4\u00e4 ja vieraat juhlissa viihtyneet. Parasta oli kun v\u00e4lill\u00e4 porukalla kuulosteltiin toistemme kuulumisia. Naurua ja \u00e4\u00e4\u00e4nt\u00e4 ei illasta puuttunut. Pehtoori\u2026","rel":"","context":"Kategoriassa &quot;Kalaasit&quot;","block_context":{"text":"Kalaasit","link":"https:\/\/www.satokangas.fi\/blogi\/category\/kalaasit\/"},"img":{"alt_text":"","src":"https:\/\/i0.wp.com\/www.satokangas.fi\/blogi\/wp-content\/uploads\/2017\/07\/Japanilainen-kattaus-13-1.jpg?resize=350%2C200&ssl=1","width":350,"height":200,"srcset":"https:\/\/i0.wp.com\/www.satokangas.fi\/blogi\/wp-content\/uploads\/2017\/07\/Japanilainen-kattaus-13-1.jpg?resize=350%2C200&ssl=1 1x, https:\/\/i0.wp.com\/www.satokangas.fi\/blogi\/wp-content\/uploads\/2017\/07\/Japanilainen-kattaus-13-1.jpg?resize=525%2C300&ssl=1 1.5x, https:\/\/i0.wp.com\/www.satokangas.fi\/blogi\/wp-content\/uploads\/2017\/07\/Japanilainen-kattaus-13-1.jpg?resize=700%2C400&ssl=1 2x"},"classes":[]},{"id":22128,"url":"https:\/\/www.satokangas.fi\/blogi\/2014\/08\/kalaasien-jalkeen\/","url_meta":{"origin":36826,"position":2},"title":"Kalaasien j\u00e4lkeen.","author":"Reija","date":"10.8.2014","format":false,"excerpt":"Palaanpa viel\u00e4 eiliseen. Viel\u00e4 yksi postaus kalaaseista, sitten lopetan. Ensinn\u00e4kin se plaseerauskisa. No helpottiko se meid\u00e4n \"el\u00e4m\u00e4\u00e4 suurempaa plaseerausongelmaa?\" Saattaa tuntua pienelt\u00e4 asialta moinen plaseerausongelma, mutta mep\u00e4 saimme eilen kortin, josta vahvistui, ett\u00e4 ei ole kyse mist\u00e4\u00e4n merkityksett\u00f6m\u00e4st\u00e4 jutusta. Mahdollisuuksia kun on\u00a0aika rutkasti: 87 miljardia!!! mahdollisuutta vapaasti valittavina paikkoina! Ei\u2026","rel":"","context":"Kategoriassa &quot;Kalaasit&quot;","block_context":{"text":"Kalaasit","link":"https:\/\/www.satokangas.fi\/blogi\/category\/kalaasit\/"},"img":{"alt_text":"Laurentius","src":"https:\/\/i0.wp.com\/www.satokangas.fi\/blogi\/wp-content\/uploads\/2014\/08\/Laurentius-600x301.jpg?resize=350%2C200&ssl=1","width":350,"height":200,"srcset":"https:\/\/i0.wp.com\/www.satokangas.fi\/blogi\/wp-content\/uploads\/2014\/08\/Laurentius-600x301.jpg?resize=350%2C200&ssl=1 1x, https:\/\/i0.wp.com\/www.satokangas.fi\/blogi\/wp-content\/uploads\/2014\/08\/Laurentius-600x301.jpg?resize=525%2C300&ssl=1 1.5x"},"classes":[]},{"id":36958,"url":"https:\/\/www.satokangas.fi\/blogi\/2019\/08\/kaikkien-aikojen-kalaasit\/","url_meta":{"origin":36826,"position":3},"title":"Kaikkien aikojen kalaasit","author":"Reija","date":"10.8.2019","format":false,"excerpt":"Nyt ne on vietetty. Kaikkien aikojen kalaasit. Viimeiset kalaasit. Hieman h\u00e4mmentynyt, mutta el\u00e4m\u00e4 jatkuu... \u00a0","rel":"","context":"Kategoriassa &quot;Kalaasit&quot;","block_context":{"text":"Kalaasit","link":"https:\/\/www.satokangas.fi\/blogi\/category\/kalaasit\/"},"img":{"alt_text":"","src":"https:\/\/i0.wp.com\/www.satokangas.fi\/blogi\/wp-content\/uploads\/2019\/08\/kalaasit.jpg?resize=350%2C200&ssl=1","width":350,"height":200,"srcset":"https:\/\/i0.wp.com\/www.satokangas.fi\/blogi\/wp-content\/uploads\/2019\/08\/kalaasit.jpg?resize=350%2C200&ssl=1 1x, https:\/\/i0.wp.com\/www.satokangas.fi\/blogi\/wp-content\/uploads\/2019\/08\/kalaasit.jpg?resize=525%2C300&ssl=1 1.5x"},"classes":[]},{"id":28893,"url":"https:\/\/www.satokangas.fi\/blogi\/2016\/08\/ennen-ja-jalkeen\/","url_meta":{"origin":36826,"position":4},"title":"Ennen ja j\u00e4lkeen&#8230;","author":"Reija","date":"7.8.2016","format":false,"excerpt":"Ensi vuonna taas.","rel":"","context":"Kategoriassa &quot;Kalaasit&quot;","block_context":{"text":"Kalaasit","link":"https:\/\/www.satokangas.fi\/blogi\/category\/kalaasit\/"},"img":{"alt_text":"Kalaasit-7","src":"https:\/\/i0.wp.com\/www.satokangas.fi\/blogi\/wp-content\/uploads\/2016\/08\/Kalaasit-7-600x400.jpg?resize=350%2C200&ssl=1","width":350,"height":200,"srcset":"https:\/\/i0.wp.com\/www.satokangas.fi\/blogi\/wp-content\/uploads\/2016\/08\/Kalaasit-7-600x400.jpg?resize=350%2C200&ssl=1 1x, https:\/\/i0.wp.com\/www.satokangas.fi\/blogi\/wp-content\/uploads\/2016\/08\/Kalaasit-7-600x400.jpg?resize=525%2C300&ssl=1 1.5x"},"classes":[]},{"id":25592,"url":"https:\/\/www.satokangas.fi\/blogi\/2015\/08\/kalaasit-lappi-teemalla\/","url_meta":{"origin":36826,"position":5},"title":"Kalaasit Lappi-teemalla","author":"Reija","date":"16.8.2015","format":false,"excerpt":"Onnistui se! Kaarnikkakakku siis. Ja kalaasit yleens\u00e4kin. Ei ainakaan vieraiden, yst\u00e4vien, mielest\u00e4 olleet mitenk\u00e4\u00e4n rupupilheet. Savulohituulihatut olivat nyt parempia kuin toissap\u00e4iv\u00e4n\u00e4. Smetana, ei creme fraiche. Palaan asiaan joku p\u00e4iv\u00e4. Porolastuveneet. Ei huono. Ja sitten juhlat p\u00e4\u00e4ttyiv\u00e4t... Nyt vet\u00e4ydyn unille, .. juhlat ovat ohi.","rel":"","context":"Kategoriassa &quot;Kalaasit&quot;","block_context":{"text":"Kalaasit","link":"https:\/\/www.satokangas.fi\/blogi\/category\/kalaasit\/"},"img":{"alt_text":"Rustiikkia-5","src":"https:\/\/i0.wp.com\/www.satokangas.fi\/blogi\/wp-content\/uploads\/2015\/08\/Rustiikkia-5-600x400.jpg?resize=350%2C200&ssl=1","width":350,"height":200,"srcset":"https:\/\/i0.wp.com\/www.satokangas.fi\/blogi\/wp-content\/uploads\/2015\/08\/Rustiikkia-5-600x400.jpg?resize=350%2C200&ssl=1 1x, https:\/\/i0.wp.com\/www.satokangas.fi\/blogi\/wp-content\/uploads\/2015\/08\/Rustiikkia-5-600x400.jpg?resize=525%2C300&ssl=1 1.5x"},"classes":[]}],"_links":{"self":[{"href":"https:\/\/www.satokangas.fi\/blogi\/wp-json\/wp\/v2\/posts\/36826","targetHints":{"allow":["GET"]}}],"collection":[{"href":"https:\/\/www.satokangas.fi\/blogi\/wp-json\/wp\/v2\/posts"}],"about":[{"href":"https:\/\/www.satokangas.fi\/blogi\/wp-json\/wp\/v2\/types\/post"}],"author":[{"embeddable":true,"href":"https:\/\/www.satokangas.fi\/blogi\/wp-json\/wp\/v2\/users\/1"}],"replies":[{"embeddable":true,"href":"https:\/\/www.satokangas.fi\/blogi\/wp-json\/wp\/v2\/comments?post=36826"}],"version-history":[{"count":0,"href":"https:\/\/www.satokangas.fi\/blogi\/wp-json\/wp\/v2\/posts\/36826\/revisions"}],"wp:attachment":[{"href":"https:\/\/www.satokangas.fi\/blogi\/wp-json\/wp\/v2\/media?parent=36826"}],"wp:term":[{"taxonomy":"category","embeddable":true,"href":"https:\/\/www.satokangas.fi\/blogi\/wp-json\/wp\/v2\/categories?post=36826"},{"taxonomy":"post_tag","embeddable":true,"href":"https:\/\/www.satokangas.fi\/blogi\/wp-json\/wp\/v2\/tags?post=36826"}],"curies":[{"name":"wp","href":"https:\/\/api.w.org\/{rel}","templated":true}]}}