{"id":36745,"date":"2019-07-02T19:31:20","date_gmt":"2019-07-02T16:31:20","guid":{"rendered":"https:\/\/www.satokangas.fi\/blogi\/?p=36745"},"modified":"2019-07-02T20:08:56","modified_gmt":"2019-07-02T17:08:56","slug":"mokkiharrastus","status":"publish","type":"post","link":"https:\/\/www.satokangas.fi\/blogi\/2019\/07\/mokkiharrastus\/","title":{"rendered":"M\u00f6kkiharrastus"},"content":{"rendered":"<p style=\"text-align: justify;\">Muistan, kuinka kymmenen &#8211; tai ehk\u00e4 jo 20 &#8211; vuotta sitten luin joskus lehdist\u00e4 tai kuulin jonkun kertovan, ett\u00e4 joku &#8221;harrastaa m\u00f6kkeily\u00e4&#8221;. Silloin mietin kovasti, miten ihmeess\u00e4 voi &#8221;harrastaa m\u00f6kkeily\u00e4&#8221;. Silloin minulle m\u00f6kkeily tarkoitti enimm\u00e4kseen \u00e4idin m\u00f6kill\u00e4 vietettyj\u00e4 hiihtoloman puolikkaita tai vuorop\u00e4\u00e4si\u00e4isi\u00e4 (vuorotellen veljeni perheen kanssa) t\u00e4\u00e4ll\u00e4 Hangasojalla. \u00c4iti v\u00e4istyi lastensa edest\u00e4, kun t\u00e4nne tulimme lapsinemme laskettelemaan, hiiht\u00e4m\u00e4\u00e4\u00e4n, oleilemaan &#8211; h\u00e4n oli laittanut kaiken valmiiksi, siivosi ennen ja j\u00e4lkeen l\u00e4ht\u00f6mme (tai siivosi uudestaan ja isommasti, vaikka me omasta mielest\u00e4mme pidimme hyvinkin huolen ainakin omista sotkuistamme \ud83d\ude09 ), piti huolen ett\u00e4 klapeja (ihan vaikka vain kriisiaikojen varalle asti) oli tarpeeksi. Tied\u00e4tteh\u00e4n &#8221;<a href=\"https:\/\/www.satokangas.fi\/blogi\/2013\/03\/polttopuut-eivat-ole-leikin-asia\/\" target=\"_blank\" rel=\"noopener noreferrer\">Polttopuut eiv\u00e4t ole leikin asia<\/a>&#8221;)) ja ett\u00e4 vessapaperia oli tarpeeksi \ud83d\ude09 ).<\/p>\n<p style=\"text-align: justify;\">Joskus harvoin olimme t\u00e4\u00e4ll\u00e4 syksyll\u00e4, emme koskaan kes\u00e4ll\u00e4. \u00c4iti oli, mutta me emme. Noin niin kuin enimm\u00e4kseen se meni noin. Ja joskus k\u00e4vimme is\u00e4ni m\u00f6kill\u00e4 Iiss\u00e4 &#8211; min\u00e4 monena kes\u00e4n\u00e4 vietin p\u00e4iv\u00e4n tai pari lasten kanssa siell\u00e4. Isk\u00e4 ei silloin useinkaan ollut paikalla, mutta mieluusti p\u00e4\u00e4sti meid\u00e4t m\u00f6killeen. Me \u00b4olimme\u00b4, emme harrastaneet<\/p>\n<p style=\"text-align: justify;\">Kes\u00e4 2006 oli ensimm\u00e4inen,\u00a0 jolloin meid\u00e4n perhe alkoi &#8221;harrastaa m\u00f6kkeily\u00e4&#8221;. Ehk\u00e4 sen voisi joskus ilmaista niinkin, ett\u00e4 meill\u00e4 on nyt toistakymment\u00e4 vuotta ollut\u00a0 500 kilometrin p\u00e4\u00e4ss\u00e4 kotoamme loputon ty\u00f6leiri, jonka toiminnasta olemme ihan itse vastuussa tai sitten niin, ett\u00e4 on oikeasti kiva touhuta kaikenlaista pient\u00e4 ja v\u00e4h\u00e4n isompaa (vaikka nyt kokonaisen m\u00f6kin tai ehk\u00e4 enemm\u00e4nkin kakkoskodin) rakentamista. Useimmiten ei tule ajatelleeksi t\u00e4\u00e4ll\u00e4 puuhailua rasitteeksi tai ty\u00f6ksi, siis me &#8221;harrastamme m\u00f6kkeily\u00e4&#8221;. Niin olemme t\u00e4n\u00e4\u00e4nkin tehneet.<\/p>\n<p><a href=\"https:\/\/www.satokangas.fi\/blogi\/2019\/07\/mokkiharrastus\/projekti-3\/#main\" rel=\"attachment wp-att-36749\"><img loading=\"lazy\" decoding=\"async\" data-attachment-id=\"36749\" data-permalink=\"https:\/\/www.satokangas.fi\/blogi\/2019\/07\/mokkiharrastus\/projekti-3\/\" data-orig-file=\"https:\/\/www.satokangas.fi\/blogi\/wp-content\/uploads\/2019\/07\/projekti-3.jpg\" data-orig-size=\"1000,667\" data-comments-opened=\"1\" data-image-meta=\"{&quot;aperture&quot;:&quot;5.6&quot;,&quot;credit&quot;:&quot;REIJA SATOKANGAS&quot;,&quot;camera&quot;:&quot;Canon EOS 5D Mark IV&quot;,&quot;caption&quot;:&quot;&quot;,&quot;created_timestamp&quot;:&quot;1562065947&quot;,&quot;copyright&quot;:&quot;&quot;,&quot;focal_length&quot;:&quot;24&quot;,&quot;iso&quot;:&quot;160&quot;,&quot;shutter_speed&quot;:&quot;0.00625&quot;,&quot;title&quot;:&quot;&quot;,&quot;orientation&quot;:&quot;0&quot;}\" data-image-title=\"projekti-3\" data-image-description=\"\" data-image-caption=\"\" data-large-file=\"https:\/\/www.satokangas.fi\/blogi\/wp-content\/uploads\/2019\/07\/projekti-3.jpg\" class=\"aligncenter size-full wp-image-36749\" src=\"https:\/\/www.satokangas.fi\/blogi\/wp-content\/uploads\/2019\/07\/projekti-3.jpg\" alt=\"\" width=\"1000\" height=\"667\" srcset=\"https:\/\/www.satokangas.fi\/blogi\/wp-content\/uploads\/2019\/07\/projekti-3.jpg 1000w, https:\/\/www.satokangas.fi\/blogi\/wp-content\/uploads\/2019\/07\/projekti-3-300x200.jpg 300w, https:\/\/www.satokangas.fi\/blogi\/wp-content\/uploads\/2019\/07\/projekti-3-600x400.jpg 600w, https:\/\/www.satokangas.fi\/blogi\/wp-content\/uploads\/2019\/07\/projekti-3-768x512.jpg 768w\" sizes=\"auto, (max-width: 1000px) 100vw, 1000px\" \/><\/a><\/p>\n<p style=\"text-align: justify;\">Hiekkakuorma ja mullat on levitetty, hein\u00e4\u00e4kin v\u00e4h\u00e4n kylvetty ja aamup\u00e4iv\u00e4 meni m\u00f6kin siivouksessa, kunnolla on nyt kuurattu. Ikkunat pesty, matot hakattu, lattia luututtu, &#8212; kaiken kaikkiaan ihanan puhdasta ja kirkasta on nyt. Harrastaminen tuntuu ja tuoksuukin hyv\u00e4lle.<\/p>\n<p style=\"text-align: justify;\">Siiin\u00e4 ne on vierekk\u00e4in: oikealla Tuulentupa ja vasemmalla t\u00e4m\u00e4 meid\u00e4n My\u00f6t\u00e4tuuli. N\u00e4etteh\u00e4n kes\u00e4n l\u00e4mm\u00f6n\u00a0 &#8230;<\/p>\n<p><a href=\"https:\/\/www.satokangas.fi\/blogi\/2019\/07\/mokkiharrastus\/22-7-2\/#main\" rel=\"attachment wp-att-36746\"><img loading=\"lazy\" decoding=\"async\" data-attachment-id=\"36746\" data-permalink=\"https:\/\/www.satokangas.fi\/blogi\/2019\/07\/mokkiharrastus\/22-7-2\/\" data-orig-file=\"https:\/\/www.satokangas.fi\/blogi\/wp-content\/uploads\/2019\/07\/22-7.jpg\" data-orig-size=\"1000,667\" data-comments-opened=\"1\" data-image-meta=\"{&quot;aperture&quot;:&quot;4&quot;,&quot;credit&quot;:&quot;REIJA SATOKANGAS&quot;,&quot;camera&quot;:&quot;Canon EOS 5D Mark IV&quot;,&quot;caption&quot;:&quot;&quot;,&quot;created_timestamp&quot;:&quot;1561922099&quot;,&quot;copyright&quot;:&quot;&quot;,&quot;focal_length&quot;:&quot;100&quot;,&quot;iso&quot;:&quot;200&quot;,&quot;shutter_speed&quot;:&quot;0.0008&quot;,&quot;title&quot;:&quot;&quot;,&quot;orientation&quot;:&quot;0&quot;}\" data-image-title=\"22-7\" data-image-description=\"\" data-image-caption=\"\" data-large-file=\"https:\/\/www.satokangas.fi\/blogi\/wp-content\/uploads\/2019\/07\/22-7.jpg\" class=\"aligncenter size-full wp-image-36746\" src=\"https:\/\/www.satokangas.fi\/blogi\/wp-content\/uploads\/2019\/07\/22-7.jpg\" alt=\"\" width=\"1000\" height=\"667\" srcset=\"https:\/\/www.satokangas.fi\/blogi\/wp-content\/uploads\/2019\/07\/22-7.jpg 1000w, https:\/\/www.satokangas.fi\/blogi\/wp-content\/uploads\/2019\/07\/22-7-300x200.jpg 300w, https:\/\/www.satokangas.fi\/blogi\/wp-content\/uploads\/2019\/07\/22-7-600x400.jpg 600w, https:\/\/www.satokangas.fi\/blogi\/wp-content\/uploads\/2019\/07\/22-7-768x512.jpg 768w\" sizes=\"auto, (max-width: 1000px) 100vw, 1000px\" \/><\/a><\/p>\n<p>Illansuussa k\u00e4vin kameran kanssa purolla, v\u00e4h\u00e4n l\u00e4himets\u00e4ss\u00e4, pitk\u00e4st\u00e4 aikaa makrokuvia, kukkakuvia, kun niille oli v\u00e4h\u00e4n tarvettakin&#8230; Ja kulleroitakin! Ja puron kimmellyst\u00e4.<\/p>\n<p><a href=\"https:\/\/www.satokangas.fi\/blogi\/2019\/07\/mokkiharrastus\/kullero-2-4\/#main\" rel=\"attachment wp-att-36748\"><img loading=\"lazy\" decoding=\"async\" data-attachment-id=\"36748\" data-permalink=\"https:\/\/www.satokangas.fi\/blogi\/2019\/07\/mokkiharrastus\/kullero-2-4\/\" data-orig-file=\"https:\/\/www.satokangas.fi\/blogi\/wp-content\/uploads\/2019\/07\/kullero-2.jpg\" data-orig-size=\"1000,667\" data-comments-opened=\"1\" data-image-meta=\"{&quot;aperture&quot;:&quot;25&quot;,&quot;credit&quot;:&quot;REIJA SATOKANGAS&quot;,&quot;camera&quot;:&quot;Canon EOS 5D Mark IV&quot;,&quot;caption&quot;:&quot;&quot;,&quot;created_timestamp&quot;:&quot;1562068869&quot;,&quot;copyright&quot;:&quot;&quot;,&quot;focal_length&quot;:&quot;100&quot;,&quot;iso&quot;:&quot;400&quot;,&quot;shutter_speed&quot;:&quot;0.05&quot;,&quot;title&quot;:&quot;&quot;,&quot;orientation&quot;:&quot;0&quot;}\" data-image-title=\"kullero-2\" data-image-description=\"\" data-image-caption=\"\" data-large-file=\"https:\/\/www.satokangas.fi\/blogi\/wp-content\/uploads\/2019\/07\/kullero-2.jpg\" class=\"aligncenter size-full wp-image-36748\" src=\"https:\/\/www.satokangas.fi\/blogi\/wp-content\/uploads\/2019\/07\/kullero-2.jpg\" alt=\"\" width=\"1000\" height=\"667\" srcset=\"https:\/\/www.satokangas.fi\/blogi\/wp-content\/uploads\/2019\/07\/kullero-2.jpg 1000w, https:\/\/www.satokangas.fi\/blogi\/wp-content\/uploads\/2019\/07\/kullero-2-300x200.jpg 300w, https:\/\/www.satokangas.fi\/blogi\/wp-content\/uploads\/2019\/07\/kullero-2-600x400.jpg 600w, https:\/\/www.satokangas.fi\/blogi\/wp-content\/uploads\/2019\/07\/kullero-2-768x512.jpg 768w\" sizes=\"auto, (max-width: 1000px) 100vw, 1000px\" \/><\/a><\/p>\n","protected":false},"excerpt":{"rendered":"<p>Muistan, kuinka kymmenen &#8211; tai ehk\u00e4 jo 20 &#8211; vuotta sitten luin joskus lehdist\u00e4 tai kuulin jonkun kertovan, ett\u00e4 joku &#8221;harrastaa m\u00f6kkeily\u00e4&#8221;. Silloin mietin kovasti, miten ihmeess\u00e4 voi &#8221;harrastaa m\u00f6kkeily\u00e4&#8221;. Silloin minulle m\u00f6kkeily tarkoitti enimm\u00e4kseen \u00e4idin m\u00f6kill\u00e4 vietettyj\u00e4 hiihtoloman puolikkaita tai vuorop\u00e4\u00e4si\u00e4isi\u00e4 (vuorotellen veljeni perheen kanssa) t\u00e4\u00e4ll\u00e4 Hangasojalla. \u00c4iti v\u00e4istyi lastensa edest\u00e4, kun t\u00e4nne tulimme lapsinemme laskettelemaan, hiiht\u00e4m\u00e4\u00e4\u00e4n, oleilemaan &#8211; &hellip; <\/p>\n","protected":false},"author":1,"featured_media":0,"comment_status":"open","ping_status":"open","sticky":false,"template":"","format":"standard","meta":{"jetpack_post_was_ever_published":false,"_jetpack_newsletter_access":"","_jetpack_dont_email_post_to_subs":false,"_jetpack_newsletter_tier_id":0,"_jetpack_memberships_contains_paywalled_content":false,"_jetpack_memberships_contains_paid_content":false,"footnotes":"","jetpack_publicize_message":"","jetpack_publicize_feature_enabled":true,"jetpack_social_post_already_shared":true,"jetpack_social_options":{"image_generator_settings":{"template":"highway","default_image_id":0,"font":"","enabled":false},"version":2}},"categories":[15,97,1],"tags":[],"class_list":["post-36745","post","type-post","status-publish","format-standard","hentry","category-lappi","category-mokkielamaa","category-aiheeton","latest_post"],"jetpack_publicize_connections":[],"jetpack_featured_media_url":"","jetpack_shortlink":"https:\/\/wp.me\/pr4p4-9yF","jetpack_sharing_enabled":true,"jetpack_likes_enabled":false,"jetpack-related-posts":[{"id":25356,"url":"https:\/\/www.satokangas.fi\/blogi\/2015\/07\/pienta-patikointia-mukavaa-mokkeilya\/","url_meta":{"origin":36745,"position":0},"title":"Pient\u00e4 patikointia, mukavaa m\u00f6kkeily\u00e4","author":"Reija","date":"26.7.2015","format":false,"excerpt":"Jos olisin julkkis ja minusta teht\u00e4isiin sellainen lehtijuttu, jossa \"syv\u00e4luodattaisiin ajatteluani\" ja otettaisiin selv\u00e4\u00e4 tekemisist\u00e4ni ja tykk\u00e4\u00e4misist\u00e4ni, ja sitten pitk\u00e4n kysymyssarjan keskell\u00e4 olisi kysymys \"mik\u00e4 on lempisuosi\", vastaisin empim\u00e4tt\u00e4: \"Tankasuo UKK-kansallispuistossa, Jorpulip\u00e4\u00e4n ja Pikku Tankavaaran v\u00e4liss\u00e4!\" Ai, ett\u00e4 minusta ei koskaan tehd\u00e4 lehtijuttua, saatikka ett\u00e4 \"syv\u00e4luodattasiin\" ja ei ikin\u00e4, ei\u2026","rel":"","context":"Kategoriassa &quot;Lappi&quot;","block_context":{"text":"Lappi","link":"https:\/\/www.satokangas.fi\/blogi\/category\/lappi\/"},"img":{"alt_text":"Jorpulip\u00e4\u00e4-2","src":"https:\/\/i0.wp.com\/www.satokangas.fi\/blogi\/wp-content\/uploads\/2015\/07\/Jorpulip%C3%A4%C3%A4-2-600x400.jpg?resize=350%2C200&ssl=1","width":350,"height":200,"srcset":"https:\/\/i0.wp.com\/www.satokangas.fi\/blogi\/wp-content\/uploads\/2015\/07\/Jorpulip%C3%A4%C3%A4-2-600x400.jpg?resize=350%2C200&ssl=1 1x, https:\/\/i0.wp.com\/www.satokangas.fi\/blogi\/wp-content\/uploads\/2015\/07\/Jorpulip%C3%A4%C3%A4-2-600x400.jpg?resize=525%2C300&ssl=1 1.5x"},"classes":[]},{"id":40587,"url":"https:\/\/www.satokangas.fi\/blogi\/2021\/04\/nyt-on-hyva-aika-mokkeilylle\/","url_meta":{"origin":36745,"position":1},"title":"Nyt on hyv\u00e4 aika m\u00f6kkeilylle","author":"Reija","date":"5.4.2021","format":false,"excerpt":"Ennen p\u00e4\u00e4si\u00e4iset oltiin \"aina\" Lapissa. Viime ja t\u00e4n\u00e4 vuonna on ollut valtakunnallisella tasolla toive ja neuvo: \"Nyt ei ole aika l\u00e4hte\u00e4 m\u00f6kille\". Ja meh\u00e4n olemme kuuliaisia kansalaisia, ja oikeasti sit\u00e4 mielt\u00e4, ett\u00e4 koronaohjeistuksia on noudatettava, eik\u00e4 siis ole p\u00e4\u00e4si\u00e4isi\u00e4 parina vuonna m\u00f6kill\u00e4 vietetty. Tosin ihan ainoa syy, varsinkaan t\u00e4n\u00e4 vuonna,\u2026","rel":"","context":"Kategoriassa &quot;Lappi&quot;","block_context":{"text":"Lappi","link":"https:\/\/www.satokangas.fi\/blogi\/category\/lappi\/"},"img":{"alt_text":"","src":"https:\/\/i0.wp.com\/www.satokangas.fi\/blogi\/wp-content\/uploads\/2021\/04\/IMG_20210405_182215-1365x1024.jpg?resize=350%2C200&ssl=1","width":350,"height":200,"srcset":"https:\/\/i0.wp.com\/www.satokangas.fi\/blogi\/wp-content\/uploads\/2021\/04\/IMG_20210405_182215-1365x1024.jpg?resize=350%2C200&ssl=1 1x, https:\/\/i0.wp.com\/www.satokangas.fi\/blogi\/wp-content\/uploads\/2021\/04\/IMG_20210405_182215-1365x1024.jpg?resize=525%2C300&ssl=1 1.5x, https:\/\/i0.wp.com\/www.satokangas.fi\/blogi\/wp-content\/uploads\/2021\/04\/IMG_20210405_182215-1365x1024.jpg?resize=700%2C400&ssl=1 2x"},"classes":[]},{"id":41873,"url":"https:\/\/www.satokangas.fi\/blogi\/2021\/11\/marraskuista-mokkeilya\/","url_meta":{"origin":36745,"position":2},"title":"Marraskuista m\u00f6kkeily\u00e4","author":"Reija","date":"10.11.2021","format":false,"excerpt":"Hyvin hitaasti k\u00e4ynnistyi ensimm\u00e4isen m\u00f6kkiloman p\u00e4iv\u00e4. Minulla kului aikaa jouluvalojen ja tilpeh\u00f6\u00f6rien esillepanossa ja talvikamppeiden framille laittamisessa. Monoja en viel\u00e4 etsinyt, huomenna on niiden vuoro. My\u00f6s Muistikuvia-s\u00e4hk\u00f6posteilua. :) Niinp\u00e4 Pehtoori ehti ennen minua pihalle. Y\u00f6ll\u00e4 oli satanut sellaiset 8 - 10 cm lunta, melkein nollakeli t\u00e4n\u00e4\u00e4n. Lumity\u00f6t, lintujen ja oravien\u2026","rel":"","context":"Kategoriassa &quot;M\u00f6kkiel\u00e4m\u00e4\u00e4&quot;","block_context":{"text":"M\u00f6kkiel\u00e4m\u00e4\u00e4","link":"https:\/\/www.satokangas.fi\/blogi\/category\/mokkielamaa\/"},"img":{"alt_text":"","src":"https:\/\/i0.wp.com\/www.satokangas.fi\/blogi\/wp-content\/uploads\/2021\/11\/Pehtoori.jpg?resize=350%2C200&ssl=1","width":350,"height":200,"srcset":"https:\/\/i0.wp.com\/www.satokangas.fi\/blogi\/wp-content\/uploads\/2021\/11\/Pehtoori.jpg?resize=350%2C200&ssl=1 1x, https:\/\/i0.wp.com\/www.satokangas.fi\/blogi\/wp-content\/uploads\/2021\/11\/Pehtoori.jpg?resize=525%2C300&ssl=1 1.5x, https:\/\/i0.wp.com\/www.satokangas.fi\/blogi\/wp-content\/uploads\/2021\/11\/Pehtoori.jpg?resize=700%2C400&ssl=1 2x"},"classes":[]},{"id":9463,"url":"https:\/\/www.satokangas.fi\/blogi\/2010\/11\/erilainen-perjantai\/","url_meta":{"origin":36745,"position":3},"title":"Erilainen perjantai","author":"Reija","date":"12.11.2010","format":false,"excerpt":"Nuorten nukkuessa, pehtoorin hiiht\u00e4ess\u00e4 tein aamusella muutaman tunnin reippasti t\u00f6it\u00e4. Brunssin nautimme yhdess\u00e4 ennen yht\u00e4toista ja sitten pihalle. Nelj\u00e4st\u00e4\u00e4n tehtiin lumit\u00f6it\u00e4, laiteltiin saunaa illaksi valmiiksi,v\u00e4rkk\u00e4iltiin (joulu)valoja (pehtoori oli hankkinut taas uusia)\u00a0ja lyhtyj\u00e4, kuvailtiin ja juoksutettiin Maisaa (J:n koiruli), joka nauttii el\u00e4m\u00e4ns\u00e4 ensimm\u00e4isest\u00e4 lumesta t\u00e4ysin rinnoin. Onko t\u00e4\u00e4ll\u00e4 lunta? On! Yllin\u2026","rel":"","context":"Kategoriassa &quot;Lappi&quot;","block_context":{"text":"Lappi","link":"https:\/\/www.satokangas.fi\/blogi\/category\/lappi\/"},"img":{"alt_text":"","src":"https:\/\/i0.wp.com\/www.satokangas.fi\/blogi\/wp-content\/uploads\/purolla-266x400.jpg?resize=350%2C200&ssl=1","width":350,"height":200},"classes":[]},{"id":48194,"url":"https:\/\/www.satokangas.fi\/blogi\/2024\/01\/kotimatkalla-kaamoksesta-kaupunkiin\/","url_meta":{"origin":36745,"position":4},"title":"Kotimatkalla kaamoksesta kaupunkiin","author":"Reija","date":"5.1.2024","format":false,"excerpt":"Tapaninp\u00e4iv\u00e4st\u00e4 loppiaisaattoon, kymmenen p\u00e4iv\u00e4\u00e4 m\u00f6kill\u00e4. Viel\u00e4 olisi voinut olla toiset kymmenen per\u00e4\u00e4n. Aina voisi olla kauemmin kuin on oikeastaan mahdollista. T\u00e4m\u00e4nkertaisella m\u00f6kkireissulla oli seuraa melkein puolet ajasta: ensin muutama p\u00e4iv\u00e4 kesken\u00e4\u00e4n, asettautuen, hiiht\u00e4enkin, sitten tulivat yst\u00e4v\u00e4t uudenvuoden viettoon, pari p\u00e4iv\u00e4\u00e4 pakkasen pit\u00e4mist\u00e4 kesken\u00e4\u00e4n kunnes saimme tytt\u00e4ren perheineen. Hyv\u00e4 niin. Mieluista\u2026","rel":"","context":"Kategoriassa &quot;Isovanhemmuus&quot;","block_context":{"text":"Isovanhemmuus","link":"https:\/\/www.satokangas.fi\/blogi\/category\/isovanhemmuus\/"},"img":{"alt_text":"","src":"https:\/\/i0.wp.com\/www.satokangas.fi\/blogi\/wp-content\/uploads\/2024\/01\/2024_1-7.jpg?resize=350%2C200&ssl=1","width":350,"height":200,"srcset":"https:\/\/i0.wp.com\/www.satokangas.fi\/blogi\/wp-content\/uploads\/2024\/01\/2024_1-7.jpg?resize=350%2C200&ssl=1 1x, https:\/\/i0.wp.com\/www.satokangas.fi\/blogi\/wp-content\/uploads\/2024\/01\/2024_1-7.jpg?resize=525%2C300&ssl=1 1.5x, https:\/\/i0.wp.com\/www.satokangas.fi\/blogi\/wp-content\/uploads\/2024\/01\/2024_1-7.jpg?resize=700%2C400&ssl=1 2x"},"classes":[]},{"id":39695,"url":"https:\/\/www.satokangas.fi\/blogi\/2020\/11\/mokkeilya-marraskuussa\/","url_meta":{"origin":36745,"position":5},"title":"M\u00f6kkeily\u00e4 marraskuussa","author":"Reija","date":"18.11.2020","format":false,"excerpt":"S\u00e4\u00e4ennusteen ja omien havaintojen perusteella n\u00e4ytti silt\u00e4, ett\u00e4 keskip\u00e4iv\u00e4ll\u00e4 olisi tovi sateetonta, ja samalla suhteellisen valoisaa, joten meh\u00e4n sovitimme reippailumme juuri niihin pariin tuntiin, jolloin t\u00e4llaiset suotuisat olosuhteet olivat luvassa. Ei muuta kuin autolla Saarisel\u00e4n keskustaan, josta sitten suuntasimme tunturiin. Ylitimme tykky\/s\u00e4il\u00f6lumiladun, jolla n\u00e4ytti k\u00e4yv\u00e4n kuhina. Keski-i\u00e4lt\u00e4\u00e4n 75-vuotiaat suihkivat ladulla\u2026","rel":"","context":"Kategoriassa &quot;Liikkuminen&quot;","block_context":{"text":"Liikkuminen","link":"https:\/\/www.satokangas.fi\/blogi\/category\/liikkuminen\/"},"img":{"alt_text":"","src":"https:\/\/i0.wp.com\/www.satokangas.fi\/blogi\/wp-content\/uploads\/2020\/11\/2-19.jpg?resize=350%2C200&ssl=1","width":350,"height":200,"srcset":"https:\/\/i0.wp.com\/www.satokangas.fi\/blogi\/wp-content\/uploads\/2020\/11\/2-19.jpg?resize=350%2C200&ssl=1 1x, https:\/\/i0.wp.com\/www.satokangas.fi\/blogi\/wp-content\/uploads\/2020\/11\/2-19.jpg?resize=525%2C300&ssl=1 1.5x, https:\/\/i0.wp.com\/www.satokangas.fi\/blogi\/wp-content\/uploads\/2020\/11\/2-19.jpg?resize=700%2C400&ssl=1 2x"},"classes":[]}],"_links":{"self":[{"href":"https:\/\/www.satokangas.fi\/blogi\/wp-json\/wp\/v2\/posts\/36745","targetHints":{"allow":["GET"]}}],"collection":[{"href":"https:\/\/www.satokangas.fi\/blogi\/wp-json\/wp\/v2\/posts"}],"about":[{"href":"https:\/\/www.satokangas.fi\/blogi\/wp-json\/wp\/v2\/types\/post"}],"author":[{"embeddable":true,"href":"https:\/\/www.satokangas.fi\/blogi\/wp-json\/wp\/v2\/users\/1"}],"replies":[{"embeddable":true,"href":"https:\/\/www.satokangas.fi\/blogi\/wp-json\/wp\/v2\/comments?post=36745"}],"version-history":[{"count":0,"href":"https:\/\/www.satokangas.fi\/blogi\/wp-json\/wp\/v2\/posts\/36745\/revisions"}],"wp:attachment":[{"href":"https:\/\/www.satokangas.fi\/blogi\/wp-json\/wp\/v2\/media?parent=36745"}],"wp:term":[{"taxonomy":"category","embeddable":true,"href":"https:\/\/www.satokangas.fi\/blogi\/wp-json\/wp\/v2\/categories?post=36745"},{"taxonomy":"post_tag","embeddable":true,"href":"https:\/\/www.satokangas.fi\/blogi\/wp-json\/wp\/v2\/tags?post=36745"}],"curies":[{"name":"wp","href":"https:\/\/api.w.org\/{rel}","templated":true}]}}