{"id":36741,"date":"2019-07-01T20:18:32","date_gmt":"2019-07-01T17:18:32","guid":{"rendered":"https:\/\/www.satokangas.fi\/blogi\/?p=36741"},"modified":"2019-07-01T20:23:55","modified_gmt":"2019-07-01T17:23:55","slug":"mieluisaa-mokkieloa","status":"publish","type":"post","link":"https:\/\/www.satokangas.fi\/blogi\/2019\/07\/mieluisaa-mokkieloa\/","title":{"rendered":"Mieluisaa m\u00f6kkieloa"},"content":{"rendered":"<p style=\"text-align: justify;\">P\u00e4iv\u00e4n agendalla oli k\u00e4ynti Ivalossa ja puuhailua pihapiiriss\u00e4, toiveissa sateetonta s\u00e4\u00e4t\u00e4, rantasaunaa ja hyv\u00e4\u00e4 ruokaa.<\/p>\n<p style=\"text-align: justify;\">Aamiaisp\u00f6yd\u00e4ss\u00e4 istuskelimme aika pitk\u00e4\u00e4n, olimme kaikki kolme aika hyvin nukkuneita, eik\u00e4 kell\u00e4\u00e4n kiirett\u00e4. Ei edes t\u00e4n\u00e4\u00e4n py\u00f6r\u00e4ilymatkansa loppusuoralle l\u00e4htev\u00e4ll\u00e4 tytt\u00e4rell\u00e4. Hiljalleen aloimme touhuta l\u00e4ht\u00f6\u00e4. Olin luvannut, ett\u00e4 teen t\u00e4lle m\u00f6kkiviikolle aiotun, t\u00e4lle viikolle tarpeellisen, Ivalon reissun juuri t\u00e4n\u00e4\u00e4n, mik\u00e4 mahdollisti, ett\u00e4 saatoin avittaa matkaansa viem\u00e4ll\u00e4 py\u00f6r\u00e4n &#8221;satulalaukun&#8221; (vain toinen en\u00e4\u00e4 mukana loppumatkalle) Ivaloon, jossa voisimme viel\u00e4 treffata kahvilla.<\/p>\n<p style=\"text-align: justify;\"><a href=\"https:\/\/www.satokangas.fi\/blogi\/2019\/07\/mieluisaa-mokkieloa\/22-6-3\/#main\" rel=\"attachment wp-att-36743\"><img loading=\"lazy\" decoding=\"async\" data-attachment-id=\"36743\" data-permalink=\"https:\/\/www.satokangas.fi\/blogi\/2019\/07\/mieluisaa-mokkieloa\/22-6-3\/\" data-orig-file=\"https:\/\/www.satokangas.fi\/blogi\/wp-content\/uploads\/2019\/07\/22-6.jpg\" data-orig-size=\"1000,667\" data-comments-opened=\"1\" data-image-meta=\"{&quot;aperture&quot;:&quot;11&quot;,&quot;credit&quot;:&quot;REIJA SATOKANGAS&quot;,&quot;camera&quot;:&quot;Canon EOS 5D Mark IV&quot;,&quot;caption&quot;:&quot;&quot;,&quot;created_timestamp&quot;:&quot;1561966242&quot;,&quot;copyright&quot;:&quot;&quot;,&quot;focal_length&quot;:&quot;200&quot;,&quot;iso&quot;:&quot;160&quot;,&quot;shutter_speed&quot;:&quot;0.005&quot;,&quot;title&quot;:&quot;&quot;,&quot;orientation&quot;:&quot;0&quot;}\" data-image-title=\"22-6\" data-image-description=\"\" data-image-caption=\"\" data-large-file=\"https:\/\/www.satokangas.fi\/blogi\/wp-content\/uploads\/2019\/07\/22-6.jpg\" class=\"aligncenter size-full wp-image-36743\" src=\"https:\/\/www.satokangas.fi\/blogi\/wp-content\/uploads\/2019\/07\/22-6.jpg\" alt=\"\" width=\"1000\" height=\"667\" srcset=\"https:\/\/www.satokangas.fi\/blogi\/wp-content\/uploads\/2019\/07\/22-6.jpg 1000w, https:\/\/www.satokangas.fi\/blogi\/wp-content\/uploads\/2019\/07\/22-6-300x200.jpg 300w, https:\/\/www.satokangas.fi\/blogi\/wp-content\/uploads\/2019\/07\/22-6-600x400.jpg 600w, https:\/\/www.satokangas.fi\/blogi\/wp-content\/uploads\/2019\/07\/22-6-768x512.jpg 768w\" sizes=\"auto, (max-width: 1000px) 100vw, 1000px\" \/><\/a><\/p>\n<p style=\"text-align: justify;\">Ty\u00e4r l\u00e4hti m\u00f6kilt\u00e4 kahdeksan j\u00e4lkeen, min\u00e4 reilusti yhdeks\u00e4n j\u00e4lkeen ja ehdin k\u00e4yd\u00e4 K-raudassa hakemassa multaa etc. ennen kuin tapasimme Ivalon S-marketin kahvilassa, joka yhdess\u00e4 todettiin v\u00e4hint\u00e4\u00e4nkin ep\u00e4viihtyis\u00e4ksi ja jonka cappuccinot eiv\u00e4t ihan vastanneet odotuksiamme. Noh, kofeiinia kuitenkin. Sen j\u00e4lkeen Mankelimatkaaja otti autosta laukkunsa, asetteli sen py\u00f6r\u00e4ns\u00e4 p\u00e4\u00e4lle ja huikkasi, ett\u00e4 &#8221;Nuorgamissa n\u00e4hd\u00e4\u00e4n&#8221;. Sit\u00e4 varten tein pieni\u00e4 ostoksia Ivalon kaupoissa, ja\u00a0 palasin ruokakaupan kautta m\u00f6kille.<\/p>\n<p style=\"text-align: justify;\">Ja niinh\u00e4n se on ollut taas todettava, ett\u00e4 ei ole fysiikka en\u00e4\u00e4 t\u00e4ss\u00e4 i\u00e4ss\u00e4, t\u00e4mm\u00f6isell\u00e4 liikkumisella ihan priimaa, sill\u00e4 kolmen p\u00e4iv\u00e4n lapioinnin j\u00e4lkeen tulee muistutus <a href=\"https:\/\/www.satokangas.fi\/blogi\/2017\/03\/partielli-repeama-glukosamiini-ja-mina\/\" target=\"_blank\" rel=\"noopener noreferrer\">partiellista repe\u00e4m\u00e4st\u00e4 etc.<\/a>, joka ei ole vaivannut aikoihin. Mik\u00e4 sai aikaan sen, ett\u00e4 kun Pehtoori iltap\u00e4iv\u00e4ll\u00e4 aloitellessani hiekkakasan ja Ivalosta tuomieni nelj\u00e4n multas\u00e4kin levitt\u00e4mist\u00e4 &#8221;t\u00e4sm\u00e4kohteisiin&#8221;, sanoi, ett\u00e4 &#8221;Voin lapioida hiekan kun sanot, mihin k\u00e4rr\u00e4t\u00e4\u00e4n&#8221;, olin kovin tyytyv\u00e4inen. Olkap\u00e4\u00e4ss\u00e4 kuului ihan selv\u00e4sti hyv\u00e4\u00e4 hyrin\u00e4\u00e4.<\/p>\n<p style=\"text-align: justify;\">Niinp\u00e4 sitten kimpassa teimme puron ylitt\u00e4v\u00e4n sillan (J\u00e4tkan tuikku) alkup\u00e4\u00e4h\u00e4n ihan uuden &#8221;rampin&#8221;. Ja loputkin hiekat l\u00f6ysiv\u00e4t paikkansa ja sain maisemoida ja hienos\u00e4\u00e4t\u00e4\u00e4 polkujen reunoja, t\u00e4ydent\u00e4\u00e4 monttuja, poistaa kivi\u00e4 ja t\u00e4ytt\u00e4\u00e4 niiden j\u00e4tt\u00e4mi\u00e4 monttuja. Ohessa l\u00e4mmittelin t\u00e4m\u00e4n p\u00e4iv\u00e4n k\u00e4rr\u00e4\u00e4j\u00e4lle (ja toki itsellenikin) saunan. Iltap\u00e4iv\u00e4ksi oli siis toivottua liikkumista, eik\u00e4 olkap\u00e4\u00e4 silti &#8221;hajonnut&#8221;. Jossain v\u00e4liss\u00e4 satoi, v\u00e4h\u00e4n. Nyt jo sataa reilusti enemm\u00e4n.<\/p>\n<p style=\"text-align: justify;\">Eik\u00e4 sitten muuta. Paitsi ett\u00e4 sauna ja savukalaa, hyv\u00e4\u00e4 valkoviini\u00e4 (<a href=\"https:\/\/www.alko.fi\/tuotteet\/507697\/Haggipavlu-H-Xynisteri-2018\" target=\"_blank\" rel=\"noopener noreferrer\">Xynisteri<\/a>) lasillinen, pari, &#8211; ja pienet unoset! Kes\u00e4loma. \ud83d\ude09<\/p>\n<p style=\"text-align: justify;\"><a href=\"https:\/\/www.satokangas.fi\/blogi\/2019\/07\/mieluisaa-mokkieloa\/22-5-4\/#main\" rel=\"attachment wp-att-36742\"><img loading=\"lazy\" decoding=\"async\" data-attachment-id=\"36742\" data-permalink=\"https:\/\/www.satokangas.fi\/blogi\/2019\/07\/mieluisaa-mokkieloa\/22-5-4\/\" data-orig-file=\"https:\/\/www.satokangas.fi\/blogi\/wp-content\/uploads\/2019\/07\/22-5.jpg\" data-orig-size=\"1000,667\" data-comments-opened=\"1\" data-image-meta=\"{&quot;aperture&quot;:&quot;8&quot;,&quot;credit&quot;:&quot;REIJA SATOKANGAS&quot;,&quot;camera&quot;:&quot;Canon EOS 5D Mark IV&quot;,&quot;caption&quot;:&quot;&quot;,&quot;created_timestamp&quot;:&quot;1561839053&quot;,&quot;copyright&quot;:&quot;&quot;,&quot;focal_length&quot;:&quot;100&quot;,&quot;iso&quot;:&quot;400&quot;,&quot;shutter_speed&quot;:&quot;0.01&quot;,&quot;title&quot;:&quot;&quot;,&quot;orientation&quot;:&quot;0&quot;}\" data-image-title=\"22-5\" data-image-description=\"\" data-image-caption=\"\" data-large-file=\"https:\/\/www.satokangas.fi\/blogi\/wp-content\/uploads\/2019\/07\/22-5.jpg\" class=\"aligncenter size-full wp-image-36742\" src=\"https:\/\/www.satokangas.fi\/blogi\/wp-content\/uploads\/2019\/07\/22-5.jpg\" alt=\"\" width=\"1000\" height=\"667\" srcset=\"https:\/\/www.satokangas.fi\/blogi\/wp-content\/uploads\/2019\/07\/22-5.jpg 1000w, https:\/\/www.satokangas.fi\/blogi\/wp-content\/uploads\/2019\/07\/22-5-300x200.jpg 300w, https:\/\/www.satokangas.fi\/blogi\/wp-content\/uploads\/2019\/07\/22-5-600x400.jpg 600w, https:\/\/www.satokangas.fi\/blogi\/wp-content\/uploads\/2019\/07\/22-5-768x512.jpg 768w\" sizes=\"auto, (max-width: 1000px) 100vw, 1000px\" \/><\/a><\/p>\n<p>T\u00e4ss\u00e4 eilist\u00e4 postausta kommentoineelle Toinille &#8211; ja toki muillekin &#8211; suopursuja Lapin illasta. T\u00e4n\u00e4\u00e4n poimin Ivalon reissulla tien varresta kulleroita&#8230; Nekin on ihana. Kuuluvat minun alkukes\u00e4n m\u00f6kki-iloihin. Ehk\u00e4p\u00e4 huomenissa kuvia niist\u00e4.<\/p>\n<p>Ai niin: Mankelimatkan loppusuoraa voi viel\u00e4 seurata. <a href=\"https:\/\/mankelimatkalla.wordpress.com\/\" target=\"_blank\" rel=\"noopener noreferrer\">kliks<\/a>.<\/p>\n","protected":false},"excerpt":{"rendered":"<p>P\u00e4iv\u00e4n agendalla oli k\u00e4ynti Ivalossa ja puuhailua pihapiiriss\u00e4, toiveissa sateetonta s\u00e4\u00e4t\u00e4, rantasaunaa ja hyv\u00e4\u00e4 ruokaa. Aamiaisp\u00f6yd\u00e4ss\u00e4 istuskelimme aika pitk\u00e4\u00e4n, olimme kaikki kolme aika hyvin nukkuneita, eik\u00e4 kell\u00e4\u00e4n kiirett\u00e4. Ei edes t\u00e4n\u00e4\u00e4n py\u00f6r\u00e4ilymatkansa loppusuoralle l\u00e4htev\u00e4ll\u00e4 tytt\u00e4rell\u00e4. Hiljalleen aloimme touhuta l\u00e4ht\u00f6\u00e4. Olin luvannut, ett\u00e4 teen t\u00e4lle m\u00f6kkiviikolle aiotun, t\u00e4lle viikolle tarpeellisen, Ivalon reissun juuri t\u00e4n\u00e4\u00e4n, mik\u00e4 mahdollisti, ett\u00e4 saatoin avittaa matkaansa viem\u00e4ll\u00e4 &hellip; <\/p>\n","protected":false},"author":1,"featured_media":0,"comment_status":"open","ping_status":"open","sticky":false,"template":"","format":"standard","meta":{"jetpack_post_was_ever_published":false,"_jetpack_newsletter_access":"","_jetpack_dont_email_post_to_subs":false,"_jetpack_newsletter_tier_id":0,"_jetpack_memberships_contains_paywalled_content":false,"_jetpack_memberships_contains_paid_content":false,"footnotes":"","jetpack_publicize_message":"","jetpack_publicize_feature_enabled":true,"jetpack_social_post_already_shared":true,"jetpack_social_options":{"image_generator_settings":{"template":"highway","default_image_id":0,"font":"","enabled":false},"version":2}},"categories":[97,22],"tags":[],"class_list":["post-36741","post","type-post","status-publish","format-standard","hentry","category-mokkielamaa","category-vanhemmuus","latest_post"],"jetpack_publicize_connections":[],"jetpack_featured_media_url":"","jetpack_shortlink":"https:\/\/wp.me\/pr4p4-9yB","jetpack_sharing_enabled":true,"jetpack_likes_enabled":false,"jetpack-related-posts":[{"id":50958,"url":"https:\/\/www.satokangas.fi\/blogi\/2024\/10\/ivalon-reissu-2\/","url_meta":{"origin":36741,"position":0},"title":"Ivalon reissu","author":"Reija","date":"30.10.2024","format":false,"excerpt":"Jos eilen oli huikea aurinkoinen p\u00e4iv\u00e4 patikalla, niin t\u00e4n\u00e4\u00e4n ei todellakaan ollut! Y\u00f6ll\u00e4 oli satanut lunta pari, kolme sentti\u00e4, ja aamulla ja p\u00e4iv\u00e4ll\u00e4 tuli v\u00e4h\u00e4n lis\u00e4\u00e4. Oli pime\u00e4\u00e4, ankeaa, v\u00e4rit\u00f6nt\u00e4. Koska joka tapauksessa t\u00e4ll\u00e4kin reissulla on k\u00e4yt\u00e4v\u00e4 Ivalon kaupoissa, niin p\u00e4\u00e4tettiin s\u00e4\u00e4n n\u00e4in ollessa l\u00e4hte\u00e4 asioille. [Otsikkokuvassa n\u00e4kyy Ivalon tie\u2026","rel":"","context":"Kategoriassa &quot;M\u00f6kkiel\u00e4m\u00e4\u00e4&quot;","block_context":{"text":"M\u00f6kkiel\u00e4m\u00e4\u00e4","link":"https:\/\/www.satokangas.fi\/blogi\/category\/mokkielamaa\/"},"img":{"alt_text":"","src":"https:\/\/i0.wp.com\/www.satokangas.fi\/blogi\/wp-content\/uploads\/2024\/10\/laiskapaiva.jpg?resize=350%2C200&ssl=1","width":350,"height":200,"srcset":"https:\/\/i0.wp.com\/www.satokangas.fi\/blogi\/wp-content\/uploads\/2024\/10\/laiskapaiva.jpg?resize=350%2C200&ssl=1 1x, https:\/\/i0.wp.com\/www.satokangas.fi\/blogi\/wp-content\/uploads\/2024\/10\/laiskapaiva.jpg?resize=525%2C300&ssl=1 1.5x, https:\/\/i0.wp.com\/www.satokangas.fi\/blogi\/wp-content\/uploads\/2024\/10\/laiskapaiva.jpg?resize=700%2C400&ssl=1 2x"},"classes":[]},{"id":49747,"url":"https:\/\/www.satokangas.fi\/blogi\/2024\/06\/kauppareissu-ivaloon\/","url_meta":{"origin":36741,"position":1},"title":"Kauppareissu Ivaloon","author":"Reija","date":"10.6.2024","format":false,"excerpt":"M\u00f6kkielossa s\u00e4\u00e4 m\u00e4\u00e4rittelee tekemisi\u00e4 enemm\u00e4n kuin kaupungissa. Aamup\u00e4iv\u00e4ksi lupasi aurinkoista, aika l\u00e4mmint\u00e4 (+ 16 C ja pient\u00e4 tuulenvirett\u00e4), iltap\u00e4iv\u00e4ksi sadetta, mahdollisesti ukkosta. Sen mukaan suunniteltiin tekemisemme: Pehtoori aikoi tehd\u00e4 viem\u00e4rinkaivolle uuden kannen (minun 10 vuonna sitten omin k\u00e4sin nikkaroimani on ollut jo vuoden pois aktiivisesta palveluksesta) ja min\u00e4 p\u00e4\u00e4tin k\u00e4ytt\u00e4\u00e4\u2026","rel":"","context":"Kategoriassa &quot;Lappi&quot;","block_context":{"text":"Lappi","link":"https:\/\/www.satokangas.fi\/blogi\/category\/lappi\/"},"img":{"alt_text":"","src":"https:\/\/i0.wp.com\/www.satokangas.fi\/blogi\/wp-content\/uploads\/2024\/06\/Kauppareissu_Ivalooon.jpg?resize=350%2C200&ssl=1","width":350,"height":200,"srcset":"https:\/\/i0.wp.com\/www.satokangas.fi\/blogi\/wp-content\/uploads\/2024\/06\/Kauppareissu_Ivalooon.jpg?resize=350%2C200&ssl=1 1x, https:\/\/i0.wp.com\/www.satokangas.fi\/blogi\/wp-content\/uploads\/2024\/06\/Kauppareissu_Ivalooon.jpg?resize=525%2C300&ssl=1 1.5x, https:\/\/i0.wp.com\/www.satokangas.fi\/blogi\/wp-content\/uploads\/2024\/06\/Kauppareissu_Ivalooon.jpg?resize=700%2C400&ssl=1 2x"},"classes":[]},{"id":53747,"url":"https:\/\/www.satokangas.fi\/blogi\/2026\/01\/kauppareissu-ivaloon-2\/","url_meta":{"origin":36741,"position":2},"title":"Kauppareissu Ivaloon","author":"Reija","date":"5.1.2026","format":false,"excerpt":"V\u00e4lip\u00e4iv\u00e4. Maanantai. Loppiaisaatto. Arki. Pakkasp\u00e4iv\u00e4, kovan pakkasen p\u00e4iv\u00e4. Kaunis p\u00e4iv\u00e4. Pyykkip\u00e4iv\u00e4. Kauppap\u00e4iv\u00e4. Mit\u00e4 ihmett\u00e4 t\u00e4n\u00e4\u00e4n teht\u00e4isiin -p\u00e4iv\u00e4! Kymmenelt\u00e4 l\u00e4hdimme k\u00e4ym\u00e4\u00e4n kaupassa. Yl\u00e4-Lapin kaupallinen keskus houkutti ohittamaan l\u00e4hikauppakeskus Kuukkelin; ajeltiin Ivalo Cityyn. Ajeltiin sinne koska l\u00e4hikaupassa ei myyd\u00e4 j\u00e4\u00e4kaapin lamppuja, ei sukkia, eik\u00e4 Tarocco-veriappelsiineja. Ja haluttiin n\u00e4hd\u00e4 maisemia; taas kerran sanomattoman\u2026","rel":"","context":"Kategoriassa &quot;Lappi&quot;","block_context":{"text":"Lappi","link":"https:\/\/www.satokangas.fi\/blogi\/category\/lappi\/"},"img":{"alt_text":"","src":"https:\/\/i0.wp.com\/www.satokangas.fi\/blogi\/wp-content\/uploads\/2026\/01\/Kaamos_ohi_2026-3.jpg?resize=350%2C200&ssl=1","width":350,"height":200,"srcset":"https:\/\/i0.wp.com\/www.satokangas.fi\/blogi\/wp-content\/uploads\/2026\/01\/Kaamos_ohi_2026-3.jpg?resize=350%2C200&ssl=1 1x, https:\/\/i0.wp.com\/www.satokangas.fi\/blogi\/wp-content\/uploads\/2026\/01\/Kaamos_ohi_2026-3.jpg?resize=525%2C300&ssl=1 1.5x, https:\/\/i0.wp.com\/www.satokangas.fi\/blogi\/wp-content\/uploads\/2026\/01\/Kaamos_ohi_2026-3.jpg?resize=700%2C400&ssl=1 2x"},"classes":[]},{"id":48116,"url":"https:\/\/www.satokangas.fi\/blogi\/2023\/12\/mokkilaiset-taas-turisteilemassa\/","url_meta":{"origin":36741,"position":3},"title":"M\u00f6kkil\u00e4iset taas turisteilemassa","author":"Reija","date":"30.12.2023","format":false,"excerpt":"Joulunakin vietimme v\u00e4h\u00e4n kuin p\u00e4iv\u00e4n etuajassa, niin nyt sitten t\u00e4n\u00e4\u00e4n my\u00f6s vuodenvaihdetta. T\u00e4n\u00e4\u00e4n on ollut juhlap\u00e4iv\u00e4 Hangasojalla. Uudenvuoden aatonaattona olimme kaikki nelj\u00e4 lev\u00e4nneet vallan hyvin, ja pime\u00e4ss\u00e4, kuun valaisemassa aamussa istahdimme brunssip\u00f6yt\u00e4\u00e4n yhdeks\u00e4n aikaan. Kun pimeys vaihtui h\u00e4m\u00e4r\u00e4ksi, mutta pakkasta oli edelleen aika paljon (- 21 C) l\u00e4hdimme autolla Saariselk\u00e4-Ivalo\u2026","rel":"","context":"Kategoriassa &quot;M\u00f6kkiel\u00e4m\u00e4\u00e4&quot;","block_context":{"text":"M\u00f6kkiel\u00e4m\u00e4\u00e4","link":"https:\/\/www.satokangas.fi\/blogi\/category\/mokkielamaa\/"},"img":{"alt_text":"","src":"https:\/\/i0.wp.com\/www.satokangas.fi\/blogi\/wp-content\/uploads\/2023\/12\/11111-3.jpg?resize=350%2C200&ssl=1","width":350,"height":200,"srcset":"https:\/\/i0.wp.com\/www.satokangas.fi\/blogi\/wp-content\/uploads\/2023\/12\/11111-3.jpg?resize=350%2C200&ssl=1 1x, https:\/\/i0.wp.com\/www.satokangas.fi\/blogi\/wp-content\/uploads\/2023\/12\/11111-3.jpg?resize=525%2C300&ssl=1 1.5x, https:\/\/i0.wp.com\/www.satokangas.fi\/blogi\/wp-content\/uploads\/2023\/12\/11111-3.jpg?resize=700%2C400&ssl=1 2x"},"classes":[]},{"id":44861,"url":"https:\/\/www.satokangas.fi\/blogi\/2023\/02\/pakkaspaivana-ivalossa-ja-ladulla\/","url_meta":{"origin":36741,"position":4},"title":"Pakkasp\u00e4iv\u00e4n\u00e4 Ivalossa ja ladulla","author":"Reija","date":"21.2.2023","format":false,"excerpt":"El\u00e4m\u00e4nmeno ja p\u00e4ivien kulku m\u00f6kill\u00e4 ollessa m\u00e4\u00e4r\u00e4ytyy paljolti valon ja s\u00e4\u00e4n mukaan. Aamulla sen j\u00e4lkeen kun on l\u00f6yt\u00e4nyt rillit nen\u00e4lleen ja villasukat jalkaansa, tulee seuraavaksi katsottua ulkol\u00e4mp\u00f6mittaria, taivaan v\u00e4ri\u00e4 ja ilman laatua. T\u00e4n\u00e4\u00e4n seitsem\u00e4lt\u00e4: - 25 C, pilvet\u00f6n taivas, aurinko nousemassa. Siis ei aamuladulle! Koska t\u00e4ll\u00e4 viikolla olisi joka tapauksessa\u2026","rel":"","context":"Kategoriassa &quot;Lappi&quot;","block_context":{"text":"Lappi","link":"https:\/\/www.satokangas.fi\/blogi\/category\/lappi\/"},"img":{"alt_text":"","src":"https:\/\/i0.wp.com\/www.satokangas.fi\/blogi\/wp-content\/uploads\/2023\/02\/pakkaspaiva-3-1.jpg?resize=350%2C200&ssl=1","width":350,"height":200,"srcset":"https:\/\/i0.wp.com\/www.satokangas.fi\/blogi\/wp-content\/uploads\/2023\/02\/pakkaspaiva-3-1.jpg?resize=350%2C200&ssl=1 1x, https:\/\/i0.wp.com\/www.satokangas.fi\/blogi\/wp-content\/uploads\/2023\/02\/pakkaspaiva-3-1.jpg?resize=525%2C300&ssl=1 1.5x, https:\/\/i0.wp.com\/www.satokangas.fi\/blogi\/wp-content\/uploads\/2023\/02\/pakkaspaiva-3-1.jpg?resize=700%2C400&ssl=1 2x"},"classes":[]},{"id":47168,"url":"https:\/\/www.satokangas.fi\/blogi\/2023\/09\/inarilaisia\/","url_meta":{"origin":36741,"position":5},"title":"Inarilaisia?","author":"Reija","date":"28.9.2023","format":false,"excerpt":"Eih\u00e4n se taaskaan mennyt niin kuin oli suunniteltu. Suunnitelmissa ei ollut k\u00e4yd\u00e4 Ivalossa, ei (viel\u00e4) tarvetta rautakauppaan tai muihinkaan kauppoihin. Muttaku. Pehtoori oli valvonut suunnilleen koko y\u00f6n, koska hammass\u00e4rky. Ihan hirmunen hammass\u00e4rky. M\u00f6kin l\u00e4\u00e4kekaapin buranat ja panadolit oli napsinut \"kuin karkkia\", totesi itse. Pakastimesta oli\u00a0 l\u00f6yt\u00e4nyt mun kylm\u00e4geelit (olkap\u00e4\u00e4, you\u2026","rel":"","context":"Kategoriassa &quot;M\u00f6kkiel\u00e4m\u00e4\u00e4&quot;","block_context":{"text":"M\u00f6kkiel\u00e4m\u00e4\u00e4","link":"https:\/\/www.satokangas.fi\/blogi\/category\/mokkielamaa\/"},"img":{"alt_text":"","src":"https:\/\/i0.wp.com\/www.satokangas.fi\/blogi\/wp-content\/uploads\/2023\/09\/Ivalossa-6.jpg?resize=350%2C200&ssl=1","width":350,"height":200,"srcset":"https:\/\/i0.wp.com\/www.satokangas.fi\/blogi\/wp-content\/uploads\/2023\/09\/Ivalossa-6.jpg?resize=350%2C200&ssl=1 1x, https:\/\/i0.wp.com\/www.satokangas.fi\/blogi\/wp-content\/uploads\/2023\/09\/Ivalossa-6.jpg?resize=525%2C300&ssl=1 1.5x, https:\/\/i0.wp.com\/www.satokangas.fi\/blogi\/wp-content\/uploads\/2023\/09\/Ivalossa-6.jpg?resize=700%2C400&ssl=1 2x"},"classes":[]}],"_links":{"self":[{"href":"https:\/\/www.satokangas.fi\/blogi\/wp-json\/wp\/v2\/posts\/36741","targetHints":{"allow":["GET"]}}],"collection":[{"href":"https:\/\/www.satokangas.fi\/blogi\/wp-json\/wp\/v2\/posts"}],"about":[{"href":"https:\/\/www.satokangas.fi\/blogi\/wp-json\/wp\/v2\/types\/post"}],"author":[{"embeddable":true,"href":"https:\/\/www.satokangas.fi\/blogi\/wp-json\/wp\/v2\/users\/1"}],"replies":[{"embeddable":true,"href":"https:\/\/www.satokangas.fi\/blogi\/wp-json\/wp\/v2\/comments?post=36741"}],"version-history":[{"count":0,"href":"https:\/\/www.satokangas.fi\/blogi\/wp-json\/wp\/v2\/posts\/36741\/revisions"}],"wp:attachment":[{"href":"https:\/\/www.satokangas.fi\/blogi\/wp-json\/wp\/v2\/media?parent=36741"}],"wp:term":[{"taxonomy":"category","embeddable":true,"href":"https:\/\/www.satokangas.fi\/blogi\/wp-json\/wp\/v2\/categories?post=36741"},{"taxonomy":"post_tag","embeddable":true,"href":"https:\/\/www.satokangas.fi\/blogi\/wp-json\/wp\/v2\/tags?post=36741"}],"curies":[{"name":"wp","href":"https:\/\/api.w.org\/{rel}","templated":true}]}}