{"id":36585,"date":"2019-06-06T20:04:09","date_gmt":"2019-06-06T17:04:09","guid":{"rendered":"https:\/\/www.satokangas.fi\/blogi\/?p=36585"},"modified":"2019-06-07T08:27:22","modified_gmt":"2019-06-07T05:27:22","slug":"mokkipihan-lammossa","status":"publish","type":"post","link":"https:\/\/www.satokangas.fi\/blogi\/2019\/06\/mokkipihan-lammossa\/","title":{"rendered":"M\u00f6kkipihan l\u00e4mm\u00f6ss\u00e4"},"content":{"rendered":"<p style=\"text-align: justify;\">Istun m\u00f6kin terassilla. Ulkona. Ehk\u00e4 kolme kertaa aiemmin olen blogin yli kymmenvuotisen historian aikana voinut postata istuskellen t\u00e4ss\u00e4.<\/p>\n<p style=\"text-align: justify;\">T\u00e4n\u00e4\u00e4n on ollut juuri sellainen p\u00e4iv\u00e4 kuin toivoinkin. Ilman Buranaa ei olisi ollut. Enk\u00e4 min\u00e4 edes saisi sy\u00f6d\u00e4 Buranaa (aika vastik\u00e4\u00e4n uusiutunut vatsakatarri \ud83d\ude41 ). Mutta kun flunssa. Nyt se on minullakin. Mutta kielletty Burana esti sen pilaamasta mit\u00e4 mukavinta kes\u00e4p\u00e4iv\u00e4\u00e4. P\u00e4iv\u00e4\u00e4, jolloin t\u00e4nne Koilliskairaankin tuli kes\u00e4.<\/p>\n<p style=\"text-align: justify;\">Emme tautisina l\u00e4hteneet kapuamaan tuntureille, vaan p\u00e4\u00e4timme pit\u00e4\u00e4 m\u00f6kkipihap\u00e4iv\u00e4n, mihin kuului my\u00f6s l\u00e4himets\u00e4ss\u00e4 samoilu ja minulla pieni py\u00f6r\u00e4lenkkikin. Ihan ilman mit\u00e4\u00e4n s\u00e4hk\u00f6apuja Piispanpys\u00e4kille ja takaisin &#8211; mutkan kautta. Ja ajelin pari kilometri\u00e4 IsoaPikitiet\u00e4. Siis nelostiet\u00e4 (tai J\u00e4\u00e4merentiet\u00e4 &#8211; ihan miten vaan), ja kyll\u00e4 siin\u00e4 pieni huoli her\u00e4si, kun tajusin kuinka maantiepy\u00f6r\u00e4ily varsinkin t\u00e4\u00e4ll\u00e4 pohjoisen verraten kapeilla maanteill\u00e4 on vaarallista.\u00a0 Palaan asiaan t\u00e4ss\u00e4 joku p\u00e4iv\u00e4&#8230;<\/p>\n<p style=\"text-align: justify;\"><a href=\"https:\/\/www.satokangas.fi\/blogi\/2019\/06\/mokkipihan-lammossa\/ulkona-2-8\/#main\" rel=\"attachment wp-att-36587\"><img loading=\"lazy\" decoding=\"async\" data-attachment-id=\"36587\" data-permalink=\"https:\/\/www.satokangas.fi\/blogi\/2019\/06\/mokkipihan-lammossa\/ulkona-2-8\/\" data-orig-file=\"https:\/\/www.satokangas.fi\/blogi\/wp-content\/uploads\/2019\/06\/ulkona-2.jpg\" data-orig-size=\"667,1000\" data-comments-opened=\"1\" data-image-meta=\"{&quot;aperture&quot;:&quot;4&quot;,&quot;credit&quot;:&quot;REIJA SATOKANGAS&quot;,&quot;camera&quot;:&quot;Canon EOS 5D Mark IV&quot;,&quot;caption&quot;:&quot;&quot;,&quot;created_timestamp&quot;:&quot;1559822018&quot;,&quot;copyright&quot;:&quot;&quot;,&quot;focal_length&quot;:&quot;16&quot;,&quot;iso&quot;:&quot;250&quot;,&quot;shutter_speed&quot;:&quot;0.0005&quot;,&quot;title&quot;:&quot;&quot;,&quot;orientation&quot;:&quot;0&quot;}\" data-image-title=\"ulkona-2\" data-image-description=\"\" data-image-caption=\"\" data-large-file=\"https:\/\/www.satokangas.fi\/blogi\/wp-content\/uploads\/2019\/06\/ulkona-2.jpg\" class=\"aligncenter size-large wp-image-36587\" src=\"https:\/\/www.satokangas.fi\/blogi\/wp-content\/uploads\/2019\/06\/ulkona-2.jpg\" alt=\"\" width=\"667\" height=\"1000\" srcset=\"https:\/\/www.satokangas.fi\/blogi\/wp-content\/uploads\/2019\/06\/ulkona-2.jpg 667w, https:\/\/www.satokangas.fi\/blogi\/wp-content\/uploads\/2019\/06\/ulkona-2-200x300.jpg 200w, https:\/\/www.satokangas.fi\/blogi\/wp-content\/uploads\/2019\/06\/ulkona-2-267x400.jpg 267w\" sizes=\"auto, (max-width: 667px) 100vw, 667px\" \/><\/a><\/p>\n<p style=\"text-align: justify;\">Pehtoori sahaili (ihan vaan pokasahalla ja pohti \u00e4\u00e4neen, ett\u00e4 on metsureilla ennen Homelitea ollut melkoista) tuulenkaatoja: m\u00f6kkipihassa on kolme kelottunutta m\u00e4nty\u00e4 kaatunut kev\u00e4\u00e4n myrskyss\u00e4. Min\u00e4 siivoilin oksaroskia ja haravoin, lakaisin terassit ja kaikkea muuta sellaista helppoa ja kevytt\u00e4. Hain mets\u00e4st\u00e4 oksia: pihaan koristeeksi ja maljakkoihin sis\u00e4lle. Tarjoilin ukkelille lounasleipi\u00e4, kuvailin Porotokka-astioita.<\/p>\n<p style=\"text-align: justify;\">Tein ruokaa. Olipas korvasienikastike ja italialaiset pekonilihapullat sek\u00e4 kaupan valmiit raviolit aika herkkua. Ja s\u00f6imme ulkona. Pelk\u00e4\u00e4m\u00e4tt\u00e4 punkkeja, k\u00e4rp\u00e4si\u00e4 tai s\u00e4\u00e4ski\u00e4. Niit\u00e4 ei t\u00e4\u00e4ll\u00e4 ole. Viel\u00e4 ainakaan.<\/p>\n<p style=\"text-align: justify;\"><a href=\"https:\/\/www.satokangas.fi\/blogi\/2019\/06\/mokkipihan-lammossa\/ulkona-5\/#main\" rel=\"attachment wp-att-36586\"><br \/>\n<img loading=\"lazy\" decoding=\"async\" data-attachment-id=\"36586\" data-permalink=\"https:\/\/www.satokangas.fi\/blogi\/2019\/06\/mokkipihan-lammossa\/ulkona-5\/\" data-orig-file=\"https:\/\/www.satokangas.fi\/blogi\/wp-content\/uploads\/2019\/06\/ulkona.jpg\" data-orig-size=\"1000,667\" data-comments-opened=\"1\" data-image-meta=\"{&quot;aperture&quot;:&quot;9&quot;,&quot;credit&quot;:&quot;REIJA SATOKANGAS&quot;,&quot;camera&quot;:&quot;Canon EOS 5D Mark IV&quot;,&quot;caption&quot;:&quot;&quot;,&quot;created_timestamp&quot;:&quot;1559827400&quot;,&quot;copyright&quot;:&quot;&quot;,&quot;focal_length&quot;:&quot;100&quot;,&quot;iso&quot;:&quot;250&quot;,&quot;shutter_speed&quot;:&quot;0.004&quot;,&quot;title&quot;:&quot;&quot;,&quot;orientation&quot;:&quot;0&quot;}\" data-image-title=\"ulkona\" data-image-description=\"\" data-image-caption=\"\" data-large-file=\"https:\/\/www.satokangas.fi\/blogi\/wp-content\/uploads\/2019\/06\/ulkona.jpg\" class=\"aligncenter size-full wp-image-36586\" src=\"https:\/\/www.satokangas.fi\/blogi\/wp-content\/uploads\/2019\/06\/ulkona.jpg\" alt=\"\" width=\"1000\" height=\"667\" srcset=\"https:\/\/www.satokangas.fi\/blogi\/wp-content\/uploads\/2019\/06\/ulkona.jpg 1000w, https:\/\/www.satokangas.fi\/blogi\/wp-content\/uploads\/2019\/06\/ulkona-300x200.jpg 300w, https:\/\/www.satokangas.fi\/blogi\/wp-content\/uploads\/2019\/06\/ulkona-600x400.jpg 600w, https:\/\/www.satokangas.fi\/blogi\/wp-content\/uploads\/2019\/06\/ulkona-768x512.jpg 768w\" sizes=\"auto, (max-width: 1000px) 100vw, 1000px\" \/><\/a><\/p>\n<p style=\"text-align: justify;\">Mutta t\u00e4n\u00e4\u00e4n alkoi vihert\u00e4\u00e4. Niin tavallisissa kuin vaivaiskoivuissakin on nyt vihre\u00e4\u00e4. Niin kaunista vihre\u00e4\u00e4.<\/p>\n<p style=\"text-align: justify;\"><a href=\"https:\/\/www.satokangas.fi\/blogi\/2019\/06\/mokkipihan-lammossa\/ulkona-4-7\/#main\" rel=\"attachment wp-att-36588\"><img loading=\"lazy\" decoding=\"async\" data-attachment-id=\"36588\" data-permalink=\"https:\/\/www.satokangas.fi\/blogi\/2019\/06\/mokkipihan-lammossa\/ulkona-4-7\/\" data-orig-file=\"https:\/\/www.satokangas.fi\/blogi\/wp-content\/uploads\/2019\/06\/ulkona-4.jpg\" data-orig-size=\"1000,667\" data-comments-opened=\"1\" data-image-meta=\"{&quot;aperture&quot;:&quot;6.3&quot;,&quot;credit&quot;:&quot;REIJA SATOKANGAS&quot;,&quot;camera&quot;:&quot;Canon EOS 5D Mark IV&quot;,&quot;caption&quot;:&quot;&quot;,&quot;created_timestamp&quot;:&quot;1559835839&quot;,&quot;copyright&quot;:&quot;&quot;,&quot;focal_length&quot;:&quot;100&quot;,&quot;iso&quot;:&quot;250&quot;,&quot;shutter_speed&quot;:&quot;0.02&quot;,&quot;title&quot;:&quot;&quot;,&quot;orientation&quot;:&quot;0&quot;}\" data-image-title=\"ulkona-4\" data-image-description=\"\" data-image-caption=\"\" data-large-file=\"https:\/\/www.satokangas.fi\/blogi\/wp-content\/uploads\/2019\/06\/ulkona-4.jpg\" class=\"aligncenter size-large wp-image-36588\" src=\"https:\/\/www.satokangas.fi\/blogi\/wp-content\/uploads\/2019\/06\/ulkona-4.jpg\" alt=\"\" width=\"1000\" height=\"667\" srcset=\"https:\/\/www.satokangas.fi\/blogi\/wp-content\/uploads\/2019\/06\/ulkona-4.jpg 1000w, https:\/\/www.satokangas.fi\/blogi\/wp-content\/uploads\/2019\/06\/ulkona-4-300x200.jpg 300w, https:\/\/www.satokangas.fi\/blogi\/wp-content\/uploads\/2019\/06\/ulkona-4-600x400.jpg 600w, https:\/\/www.satokangas.fi\/blogi\/wp-content\/uploads\/2019\/06\/ulkona-4-768x512.jpg 768w\" sizes=\"auto, (max-width: 1000px) 100vw, 1000px\" \/><\/a><\/p>\n<p style=\"text-align: justify;\">Molempiin naapurim\u00f6kkeihinkin tuli t\u00e4n\u00e4\u00e4n porukkaa: kes\u00e4kuun alku on t\u00e4\u00e4ll\u00e4 hyv\u00e4 aika olla.<\/p>\n<p style=\"text-align: justify;\">Tuntuu ep\u00e4todelliselle, ett\u00e4 on vain kaksi viikkoa siit\u00e4, kun palasimme Roomasta Suomeen, vilpoiseen Helsinkiin. Ja parin viikon p\u00e4\u00e4st\u00e4 on juhannus. Mutta nyt: yrit\u00e4np\u00e4 el\u00e4\u00e4 t\u00e4ss\u00e4. Nyt on hyv\u00e4. Ja nukuttaa. Flunssainen voi menn\u00e4 kahdeksalta nukkumaan, eik\u00f6? \ud83d\ude42<\/p>\n","protected":false},"excerpt":{"rendered":"<p>Istun m\u00f6kin terassilla. Ulkona. Ehk\u00e4 kolme kertaa aiemmin olen blogin yli kymmenvuotisen historian aikana voinut postata istuskellen t\u00e4ss\u00e4. T\u00e4n\u00e4\u00e4n on ollut juuri sellainen p\u00e4iv\u00e4 kuin toivoinkin. Ilman Buranaa ei olisi ollut. Enk\u00e4 min\u00e4 edes saisi sy\u00f6d\u00e4 Buranaa (aika vastik\u00e4\u00e4n uusiutunut vatsakatarri \ud83d\ude41 ). Mutta kun flunssa. Nyt se on minullakin. Mutta kielletty Burana esti sen pilaamasta mit\u00e4 mukavinta kes\u00e4p\u00e4iv\u00e4\u00e4. P\u00e4iv\u00e4\u00e4, &hellip; <\/p>\n","protected":false},"author":1,"featured_media":0,"comment_status":"open","ping_status":"open","sticky":false,"template":"","format":"standard","meta":{"jetpack_post_was_ever_published":false,"_jetpack_newsletter_access":"","_jetpack_dont_email_post_to_subs":false,"_jetpack_newsletter_tier_id":0,"_jetpack_memberships_contains_paywalled_content":false,"_jetpack_memberships_contains_paid_content":false,"footnotes":"","jetpack_publicize_message":"","jetpack_publicize_feature_enabled":true,"jetpack_social_post_already_shared":true,"jetpack_social_options":{"image_generator_settings":{"template":"highway","default_image_id":0,"font":"","enabled":false},"version":2}},"categories":[15,97],"tags":[],"class_list":["post-36585","post","type-post","status-publish","format-standard","hentry","category-lappi","category-mokkielamaa","latest_post"],"jetpack_publicize_connections":[],"jetpack_featured_media_url":"","jetpack_shortlink":"https:\/\/wp.me\/pr4p4-9w5","jetpack_sharing_enabled":true,"jetpack_likes_enabled":false,"jetpack-related-posts":[{"id":24329,"url":"https:\/\/www.satokangas.fi\/blogi\/2015\/04\/tamakin-on-nyt-koettu\/","url_meta":{"origin":36585,"position":0},"title":"T\u00e4m\u00e4kin on nyt koettu","author":"Reija","date":"10.4.2015","format":false,"excerpt":"- Hyvinh\u00e4n se meni. Mutta kyll\u00e4 min\u00e4 viel\u00e4 laitan l\u00e4hetteen ultraan. Ihan vaan varmuuden vuoksi. Kun keski-ik\u00e4isell\u00e4 on t\u00e4llaisia oireita niin hyv\u00e4 se on viel\u00e4 ultralla varmistaa... [huom. paino sanalla \"keski-ik\u00e4isell\u00e4\", - siis ei \"ik\u00e4\u00e4ntyv\u00e4ll\u00e4\", ei \"seniorilla\", ei \"i\u00e4n karttuessa\", \"v\u00e4ist\u00e4m\u00e4tt\u00e4 kremppojen v\u00e4hitellen lis\u00e4\u00e4ntyess\u00e4\", vaan keski-ik\u00e4isell\u00e4! Keski-ik\u00e4inen on l\u00e4hemp\u00e4n\u00e4 nuorta\u2026","rel":"","context":"Kategoriassa &quot;Niit\u00e4 n\u00e4it\u00e4&quot;","block_context":{"text":"Niit\u00e4 n\u00e4it\u00e4","link":"https:\/\/www.satokangas.fi\/blogi\/category\/aiheeton\/"},"img":{"alt_text":"Inarissa-6","src":"https:\/\/i0.wp.com\/www.satokangas.fi\/blogi\/wp-content\/uploads\/2015\/04\/Inarissa-6-600x400.jpg?resize=350%2C200&ssl=1","width":350,"height":200,"srcset":"https:\/\/i0.wp.com\/www.satokangas.fi\/blogi\/wp-content\/uploads\/2015\/04\/Inarissa-6-600x400.jpg?resize=350%2C200&ssl=1 1x, https:\/\/i0.wp.com\/www.satokangas.fi\/blogi\/wp-content\/uploads\/2015\/04\/Inarissa-6-600x400.jpg?resize=525%2C300&ssl=1 1.5x"},"classes":[]},{"id":11373,"url":"https:\/\/www.satokangas.fi\/blogi\/2011\/04\/mista-on-perjantai-ilta-tehty\/","url_meta":{"origin":36585,"position":1},"title":"Mist\u00e4 on perjantai-ilta tehty?","author":"Reija","date":"8.4.2011","format":false,"excerpt":"Levosta, hyv\u00e4st\u00e4 ruoasta (Kuhaa meunier, palaan viel\u00e4 asiaan), puhelusta tytt\u00e4relle, buranasta (hammasleikkaus\/implantin asennuksen kakkosvaihe), uuden puhelimen kanssa v\u00e4rkk\u00e4ilyst\u00e4, surullisista uutisista, oivallisesta ja oivaltavasta kirjasta (kollegan Kuinka luonto ja nainen valloitetaan? Esseit\u00e4 el\u00e4m\u00e4n erehdyksist\u00e4), monista pohdinnoista. Ja ajatuksesta \"Kunpa viitsisin l\u00e4hte\u00e4 Makuuniin vuokraamaan elokuvan... \" Lempikirjani (yhden niist\u00e4 vanhoista, joissa kaikki\u2026","rel":"","context":"Kategoriassa &quot;Niit\u00e4 n\u00e4it\u00e4&quot;","block_context":{"text":"Niit\u00e4 n\u00e4it\u00e4","link":"https:\/\/www.satokangas.fi\/blogi\/category\/aiheeton\/"},"img":{"alt_text":"","src":"https:\/\/i0.wp.com\/www.satokangas.fi\/blogi\/wp-content\/uploads\/narsissi-600x392.jpg?resize=350%2C200&ssl=1","width":350,"height":200,"srcset":"https:\/\/i0.wp.com\/www.satokangas.fi\/blogi\/wp-content\/uploads\/narsissi-600x392.jpg?resize=350%2C200&ssl=1 1x, https:\/\/i0.wp.com\/www.satokangas.fi\/blogi\/wp-content\/uploads\/narsissi-600x392.jpg?resize=525%2C300&ssl=1 1.5x"},"classes":[]},{"id":3461,"url":"https:\/\/www.satokangas.fi\/blogi\/2009\/06\/ohi-on-2\/","url_meta":{"origin":36585,"position":2},"title":"Ohi on!","author":"Reija","date":"2.6.2009","format":false,"excerpt":"Pikkusormenp\u00e4\u00e4nkokoinen luutunut (?) kysta joka oli kiinni poskiontelossa on poistettu. Kolme puudutuspiikkia, kolme varttia kest\u00e4v\u00e4 operaatio, kolme tikki\u00e4, kolmas antibioottikuuri (entisi\u00e4 vahvempi) per\u00e4j\u00e4lkeen t\u00e4h\u00e4n vaivaan ja kolmekymment\u00e4 kasisatasta Buranaa kivunlievitykseen. Olen puhekyvyt\u00f6n, silm\u00e4 on viel\u00e4kin lurpallaan puudutuksesta, operaatio ei varsinaisesti sattunut, mutta j\u00e4nnitin niin paljon, ett\u00e4 olin hiest\u00e4 m\u00e4rk\u00e4 kun\u2026","rel":"","context":"Kategoriassa &quot;Niit\u00e4 n\u00e4it\u00e4&quot;","block_context":{"text":"Niit\u00e4 n\u00e4it\u00e4","link":"https:\/\/www.satokangas.fi\/blogi\/category\/aiheeton\/"},"img":{"alt_text":"","src":"","width":0,"height":0},"classes":[]},{"id":27518,"url":"https:\/\/www.satokangas.fi\/blogi\/2016\/02\/huomenna-aijaflunssapaiva\/","url_meta":{"origin":36585,"position":3},"title":"Huomenna \u00e4ij\u00e4flunssap\u00e4iv\u00e4!","author":"Reija","date":"3.2.2016","format":false,"excerpt":"\u00c4ij\u00e4flunssa! \u00c4ij\u00e4flunssap\u00e4iv\u00e4n aion viett\u00e4\u00e4 huomenna. Tulen olemaan tavattoman\u00a0nuhainen, kipe\u00e4, v\u00e4synyt, valitan, olen voipunut, jaksamaton. Katselen videoita, kuuntelen peiton alla lempimusiikkiani. Luen jos jaksan. Juon viinimarjamehua, luulen, ett\u00e4 illalla tarvitsen mukillisen gl\u00f6gi\u00e4 tai rommikaakaon. Pyyd\u00e4n Pehtoorin hakemaan lis\u00e4\u00e4 Panadolia, nen\u00e4liinoja ja keitt\u00e4m\u00e4\u00e4n vett\u00e4 Finnrexi\u00e4 varten. Kaipaan huomiota, enk\u00e4 liikahda edes postilaatikolle.\u2026","rel":"","context":"Kategoriassa &quot;Niit\u00e4 n\u00e4it\u00e4&quot;","block_context":{"text":"Niit\u00e4 n\u00e4it\u00e4","link":"https:\/\/www.satokangas.fi\/blogi\/category\/aiheeton\/"},"img":{"alt_text":"","src":"","width":0,"height":0},"classes":[]},{"id":47168,"url":"https:\/\/www.satokangas.fi\/blogi\/2023\/09\/inarilaisia\/","url_meta":{"origin":36585,"position":4},"title":"Inarilaisia?","author":"Reija","date":"28.9.2023","format":false,"excerpt":"Eih\u00e4n se taaskaan mennyt niin kuin oli suunniteltu. Suunnitelmissa ei ollut k\u00e4yd\u00e4 Ivalossa, ei (viel\u00e4) tarvetta rautakauppaan tai muihinkaan kauppoihin. Muttaku. Pehtoori oli valvonut suunnilleen koko y\u00f6n, koska hammass\u00e4rky. Ihan hirmunen hammass\u00e4rky. M\u00f6kin l\u00e4\u00e4kekaapin buranat ja panadolit oli napsinut \"kuin karkkia\", totesi itse. Pakastimesta oli\u00a0 l\u00f6yt\u00e4nyt mun kylm\u00e4geelit (olkap\u00e4\u00e4, you\u2026","rel":"","context":"Kategoriassa &quot;M\u00f6kkiel\u00e4m\u00e4\u00e4&quot;","block_context":{"text":"M\u00f6kkiel\u00e4m\u00e4\u00e4","link":"https:\/\/www.satokangas.fi\/blogi\/category\/mokkielamaa\/"},"img":{"alt_text":"","src":"https:\/\/i0.wp.com\/www.satokangas.fi\/blogi\/wp-content\/uploads\/2023\/09\/Ivalossa-6.jpg?resize=350%2C200&ssl=1","width":350,"height":200,"srcset":"https:\/\/i0.wp.com\/www.satokangas.fi\/blogi\/wp-content\/uploads\/2023\/09\/Ivalossa-6.jpg?resize=350%2C200&ssl=1 1x, https:\/\/i0.wp.com\/www.satokangas.fi\/blogi\/wp-content\/uploads\/2023\/09\/Ivalossa-6.jpg?resize=525%2C300&ssl=1 1.5x, https:\/\/i0.wp.com\/www.satokangas.fi\/blogi\/wp-content\/uploads\/2023\/09\/Ivalossa-6.jpg?resize=700%2C400&ssl=1 2x"},"classes":[]},{"id":14354,"url":"https:\/\/www.satokangas.fi\/blogi\/2012\/05\/hiljalleen-paluu-todellisuuteen-umbria-on-eletty\/","url_meta":{"origin":36585,"position":5},"title":"Hiljalleen paluu todellisuuteen: Umbria on eletty","author":"Reija","date":"23.5.2012","format":false,"excerpt":"Il Viaggio Grande on tehty! Tai oikeastaan:\u00a0 se ei ollut \"vain\" matka. Se oli pala el\u00e4m\u00e4\u00e4. Se oli unelma, joka toteutui. Sellaista ei ole koskaan ennen tehty, eik\u00e4 se en\u00e4\u00e4 samanlaisena, onnellisena toukokuuna koskaan en\u00e4\u00e4 toistu. Eik\u00e4 tarvikaan. Se oli hieno kuukausi. Kaikille niille, jotka sen onnistumisen tavalla tai toisella\u2026","rel":"","context":"Kategoriassa &quot;Italia&quot;","block_context":{"text":"Italia","link":"https:\/\/www.satokangas.fi\/blogi\/category\/italia\/"},"img":{"alt_text":"","src":"https:\/\/i0.wp.com\/www.satokangas.fi\/blogi\/wp-content\/uploads\/Piedicolle-600x344.jpg?resize=350%2C200&ssl=1","width":350,"height":200,"srcset":"https:\/\/i0.wp.com\/www.satokangas.fi\/blogi\/wp-content\/uploads\/Piedicolle-600x344.jpg?resize=350%2C200&ssl=1 1x, https:\/\/i0.wp.com\/www.satokangas.fi\/blogi\/wp-content\/uploads\/Piedicolle-600x344.jpg?resize=525%2C300&ssl=1 1.5x"},"classes":[]}],"_links":{"self":[{"href":"https:\/\/www.satokangas.fi\/blogi\/wp-json\/wp\/v2\/posts\/36585","targetHints":{"allow":["GET"]}}],"collection":[{"href":"https:\/\/www.satokangas.fi\/blogi\/wp-json\/wp\/v2\/posts"}],"about":[{"href":"https:\/\/www.satokangas.fi\/blogi\/wp-json\/wp\/v2\/types\/post"}],"author":[{"embeddable":true,"href":"https:\/\/www.satokangas.fi\/blogi\/wp-json\/wp\/v2\/users\/1"}],"replies":[{"embeddable":true,"href":"https:\/\/www.satokangas.fi\/blogi\/wp-json\/wp\/v2\/comments?post=36585"}],"version-history":[{"count":0,"href":"https:\/\/www.satokangas.fi\/blogi\/wp-json\/wp\/v2\/posts\/36585\/revisions"}],"wp:attachment":[{"href":"https:\/\/www.satokangas.fi\/blogi\/wp-json\/wp\/v2\/media?parent=36585"}],"wp:term":[{"taxonomy":"category","embeddable":true,"href":"https:\/\/www.satokangas.fi\/blogi\/wp-json\/wp\/v2\/categories?post=36585"},{"taxonomy":"post_tag","embeddable":true,"href":"https:\/\/www.satokangas.fi\/blogi\/wp-json\/wp\/v2\/tags?post=36585"}],"curies":[{"name":"wp","href":"https:\/\/api.w.org\/{rel}","templated":true}]}}