{"id":36540,"date":"2019-05-29T21:24:09","date_gmt":"2019-05-29T18:24:09","guid":{"rendered":"https:\/\/www.satokangas.fi\/blogi\/?p=36540"},"modified":"2019-05-30T08:39:04","modified_gmt":"2019-05-30T05:39:04","slug":"latauksen-tarvetta","status":"publish","type":"post","link":"https:\/\/www.satokangas.fi\/blogi\/2019\/05\/latauksen-tarvetta\/","title":{"rendered":"Latauksen tarvetta"},"content":{"rendered":"<p style=\"text-align: justify;\">\u00c4\u00e4nikirjat &#8211; joiden kuuntelutahti on jatkunut nyt pari kuukautta hyvin intensiivisen\u00e4 &#8211; tuovat mieleen lukio- ja opiskeluaikojen kes\u00e4t. Ja talvetkin. Silloin luin ihan hurjan paljon. Vaikka olin kaikki kes\u00e4t t\u00f6iss\u00e4, ja suorittelin opintojakin muutamana kes\u00e4n\u00e4, niin silti luin (lukunopeuteni oli silloin jotain ihan eri\u00e4 kuin nykyisin) ihan valtavasti romaaneja(kin). Se ei ollut yksi y\u00f6 joka vier\u00e4hti kirjan kanssa.<\/p>\n<p style=\"text-align: justify;\">Muistan kuinka olin ja elin niiss\u00e4 kirjojen maailmassa. Nyt kun p\u00e4ivitt\u00e4in menee monta tuntia kuunnellen kirjoja on v\u00e4h\u00e4n sama tilanne. Eilen silitt\u00e4ess\u00e4ni samoin kuin kes\u00e4kukkia istutellessani kuuntelin kirjaa. T\u00e4n\u00e4\u00e4n polkiessani illansuussa (sateessa, argh!) hakemaan kaupungista Torin Lihamestarilta huomiseksi grillattavaa ja tehdess\u00e4ni huomiseksi j\u00e4lkk\u00e4riksi tiramisua kuuntelin kirjaa (nyt menossa Enni Mustosen Sotaleski &#8211; taattua &#8221;lukuromaani&#8221;-laatua&#8221;).<\/p>\n<p style=\"text-align: justify;\">Parin viime kuukauden aikana en ole autoa paljon ajellut, mutta t\u00e4n\u00e4\u00e4n kuin ajelin k\u00e4ytt\u00e4m\u00e4\u00e4n \u00e4iti\u00e4 l\u00e4\u00e4k\u00e4riss\u00e4 kuuntelin autossakin &#8211; en Radio Novaa kuten tavallisesti &#8211; vaan puhelimesta kirjaa. Enk\u00e4 mill\u00e4\u00e4n malttaisi lopettaa.<\/p>\n<p style=\"text-align: justify;\">Yksi ik\u00e4v\u00e4 sivuvaikutus t\u00e4ss\u00e4 uudessa s\u00e4hk\u00f6py\u00f6r\u00e4 &#8211; \u00e4\u00e4nikirja -el\u00e4m\u00e4ss\u00e4ni on nyt ilmennyt: lataaminen. Kaikki pit\u00e4\u00e4 muistaa ottaa mukaan ihan niin kuin ennenkin, mutta kaikki, melkein kaikki, pit\u00e4\u00e4 muistaa my\u00f6s ladata. Ensimm\u00e4iseksi tietysti puhelin. No se hoituu yleens\u00e4 helposti, sill\u00e4 uusi, tai siis uudehko, puhelimeni latautuu tosi nopeasti, yleens\u00e4 aamutoimien aikaan muutenkin.<\/p>\n<p style=\"text-align: justify;\">Nappikuulokkeet pit\u00e4\u00e4 my\u00f6s olla ladattuna, jotta voin ajaessa kuunnella. Ja kirja t\u00e4ytyy olla ladattuna puhelimeen, jos kerran aion kodin wi-fin ulkopuolella kuunnella.<\/p>\n<p style=\"text-align: justify;\">My\u00f6s kamera vaatii ladatun akun, ja muistikortin, jossa on tilaa. Ja py\u00f6r\u00e4n akku tietysti. Sen lataaminen ihan tyhj\u00e4st\u00e4 t\u00e4ydeksi vaatii nelisen tuntia, joten olisi hyv\u00e4 muistaa jo edellisen\u00e4 iltana. Tosin t\u00e4ydell\u00e4 akulla ajelee (kun k\u00e4ytt\u00e4\u00e4 pienint\u00e4 avustusta tai ei ollenkaan) sen liki 100 kilometri\u00e4, joten likik\u00e4\u00e4n joka p\u00e4iv\u00e4 ei tarvitse ladata vaikka joka p\u00e4iv\u00e4 ajaisi useampiakin kymmeni\u00e4 kilometrej\u00e4.<\/p>\n<p style=\"text-align: justify;\">Siis puhelin, kirja, kuulokkeet, py\u00f6r\u00e4 ja kamera! Kaikki ne vaativat latauksen. Onko nyt kovin ekologista t\u00e4m\u00e4k\u00e4\u00e4n touhu!<\/p>\n<p style=\"text-align: justify;\"><a href=\"https:\/\/www.satokangas.fi\/blogi\/2019\/05\/latauksen-tarvetta\/rooma-2\/#main\" rel=\"attachment wp-att-36541\"><img loading=\"lazy\" decoding=\"async\" data-attachment-id=\"36541\" data-permalink=\"https:\/\/www.satokangas.fi\/blogi\/2019\/05\/latauksen-tarvetta\/rooma-2\/\" data-orig-file=\"https:\/\/www.satokangas.fi\/blogi\/wp-content\/uploads\/2019\/05\/Rooma-2.jpg\" data-orig-size=\"1000,667\" data-comments-opened=\"1\" data-image-meta=\"{&quot;aperture&quot;:&quot;10&quot;,&quot;credit&quot;:&quot;REIJA SATOKANGAS&quot;,&quot;camera&quot;:&quot;Canon EOS 5D Mark IV&quot;,&quot;caption&quot;:&quot;&quot;,&quot;created_timestamp&quot;:&quot;1558518238&quot;,&quot;copyright&quot;:&quot;Reija Satokangas&quot;,&quot;focal_length&quot;:&quot;16&quot;,&quot;iso&quot;:&quot;250&quot;,&quot;shutter_speed&quot;:&quot;0.0015625&quot;,&quot;title&quot;:&quot;&quot;,&quot;orientation&quot;:&quot;0&quot;}\" data-image-title=\"Rooma-2\" data-image-description=\"\" data-image-caption=\"\" data-large-file=\"https:\/\/www.satokangas.fi\/blogi\/wp-content\/uploads\/2019\/05\/Rooma-2.jpg\" class=\"aligncenter size-full wp-image-36541\" src=\"https:\/\/www.satokangas.fi\/blogi\/wp-content\/uploads\/2019\/05\/Rooma-2.jpg\" alt=\"\" width=\"1000\" height=\"667\" srcset=\"https:\/\/www.satokangas.fi\/blogi\/wp-content\/uploads\/2019\/05\/Rooma-2.jpg 1000w, https:\/\/www.satokangas.fi\/blogi\/wp-content\/uploads\/2019\/05\/Rooma-2-300x200.jpg 300w, https:\/\/www.satokangas.fi\/blogi\/wp-content\/uploads\/2019\/05\/Rooma-2-600x400.jpg 600w, https:\/\/www.satokangas.fi\/blogi\/wp-content\/uploads\/2019\/05\/Rooma-2-768x512.jpg 768w\" sizes=\"auto, (max-width: 1000px) 100vw, 1000px\" \/><\/a><\/p>\n<p style=\"text-align: justify;\">Ja sitten viel\u00e4 yksi ladattava! Min\u00e4 vaadin enemm\u00e4n unta kuin ennen pitkien py\u00f6r\u00e4lenkkien aikaa. Nukun enemm\u00e4n ja paremmin kuin aiemmin kun tulee ulkoiltua ja liikuttua monta tuntia p\u00e4iv\u00e4ss\u00e4, ehk\u00e4 my\u00f6s painopeitolla on siihen osuutensa. Joten Buona notte! Huomenna on py\u00f6r\u00e4ilyp\u00e4iv\u00e4! Ja ruokap\u00e4iv\u00e4: pikkuperhe tulee sy\u00f6m\u00e4\u00e4n, iltasella uusia kes\u00e4reseptej\u00e4 t\u00e4\u00e4ll\u00e4 blogissa!<\/p>\n<p style=\"text-align: justify;\">\n","protected":false},"excerpt":{"rendered":"<p>\u00c4\u00e4nikirjat &#8211; joiden kuuntelutahti on jatkunut nyt pari kuukautta hyvin intensiivisen\u00e4 &#8211; tuovat mieleen lukio- ja opiskeluaikojen kes\u00e4t. Ja talvetkin. Silloin luin ihan hurjan paljon. Vaikka olin kaikki kes\u00e4t t\u00f6iss\u00e4, ja suorittelin opintojakin muutamana kes\u00e4n\u00e4, niin silti luin (lukunopeuteni oli silloin jotain ihan eri\u00e4 kuin nykyisin) ihan valtavasti romaaneja(kin). Se ei ollut yksi y\u00f6 joka vier\u00e4hti kirjan kanssa. Muistan kuinka &hellip; <\/p>\n","protected":false},"author":1,"featured_media":0,"comment_status":"open","ping_status":"open","sticky":false,"template":"","format":"standard","meta":{"jetpack_post_was_ever_published":false,"_jetpack_newsletter_access":"","_jetpack_dont_email_post_to_subs":false,"_jetpack_newsletter_tier_id":0,"_jetpack_memberships_contains_paywalled_content":false,"_jetpack_memberships_contains_paid_content":false,"footnotes":"","jetpack_publicize_message":"","jetpack_publicize_feature_enabled":true,"jetpack_social_post_already_shared":true,"jetpack_social_options":{"image_generator_settings":{"template":"highway","default_image_id":0,"font":"","enabled":false},"version":2}},"categories":[1],"tags":[],"class_list":["post-36540","post","type-post","status-publish","format-standard","hentry","category-aiheeton","latest_post"],"jetpack_publicize_connections":[],"jetpack_featured_media_url":"","jetpack_shortlink":"https:\/\/wp.me\/pr4p4-9vm","jetpack_sharing_enabled":true,"jetpack_likes_enabled":false,"jetpack-related-posts":[{"id":40792,"url":"https:\/\/www.satokangas.fi\/blogi\/2021\/05\/rantasateessa-mukavia-sisapuuhia\/","url_meta":{"origin":36540,"position":0},"title":"R\u00e4nt\u00e4sateessa mukavia sis\u00e4puuhia","author":"Reija","date":"7.5.2021","format":false,"excerpt":"Taas on juhlaviikonloppu. S\u00e4\u00e4 ei oikein ole juhlallinen, ulkoilemattomuus on vienyt t\u00e4lt\u00e4 p\u00e4iv\u00e4lt\u00e4 iloa, mutta oma vika, olisi kyll\u00e4 ollut aikaa. Aamup\u00e4iv\u00e4ll\u00e4 oltiin Pehtoorin kanssa tervehtim\u00e4ss\u00e4 \u00e4iti\u00e4\u00e4n. Kakkukahveilla istuskeltiin pitk\u00e4 tovi ja h\u00f6p\u00f6teltiin. Iltap\u00e4iv\u00e4ll\u00e4 tein meille kahdelle (eka kertaa ikin\u00e4) vasikanpaistia. Se oli usein lapsuuden sunnuntairuoka, varsinkin talvisin, kes\u00e4isin sitten\u2026","rel":"","context":"Kategoriassa &quot;Luettua&quot;","block_context":{"text":"Luettua","link":"https:\/\/www.satokangas.fi\/blogi\/category\/luettua\/"},"img":{"alt_text":"","src":"https:\/\/i0.wp.com\/www.satokangas.fi\/blogi\/wp-content\/uploads\/2021\/05\/ruusut.jpg?resize=350%2C200&ssl=1","width":350,"height":200,"srcset":"https:\/\/i0.wp.com\/www.satokangas.fi\/blogi\/wp-content\/uploads\/2021\/05\/ruusut.jpg?resize=350%2C200&ssl=1 1x, https:\/\/i0.wp.com\/www.satokangas.fi\/blogi\/wp-content\/uploads\/2021\/05\/ruusut.jpg?resize=525%2C300&ssl=1 1.5x, https:\/\/i0.wp.com\/www.satokangas.fi\/blogi\/wp-content\/uploads\/2021\/05\/ruusut.jpg?resize=700%2C400&ssl=1 2x"},"classes":[]},{"id":34322,"url":"https:\/\/www.satokangas.fi\/blogi\/2018\/07\/dekkarin-parissa\/","url_meta":{"origin":36540,"position":1},"title":"Dekkarin parissa","author":"Reija","date":"2.7.2018","format":false,"excerpt":"Sain t\u00e4n\u00e4\u00e4n iltap\u00e4iv\u00e4ll\u00e4 Lyceum Club- kuvaurakkani pakettiin: 1100 kuvaa, joista valitsin parisataa ja muokkailin ja \"kehitin\", toimitin kansioihin ladattavaksi ja l\u00e4hetin asiakkaalle. Palkitsin itseni istumalla loppup\u00e4iv\u00e4n pihalla auringossa ja luin dekkarin: ensimm\u00e4isen Janet Evanovichin kirja (\"Ensin rahat\"), jonka luin. Luulen, ett\u00e4 j\u00e4\u00e4 ainoaksi. Aika koukuttava se oli, mutta ehk\u00e4 v\u00e4h\u00e4n\u2026","rel":"","context":"Kategoriassa &quot;Luettua&quot;","block_context":{"text":"Luettua","link":"https:\/\/www.satokangas.fi\/blogi\/category\/luettua\/"},"img":{"alt_text":"","src":"https:\/\/i0.wp.com\/www.satokangas.fi\/blogi\/wp-content\/uploads\/2018\/07\/1-4.jpg?resize=350%2C200&ssl=1","width":350,"height":200,"srcset":"https:\/\/i0.wp.com\/www.satokangas.fi\/blogi\/wp-content\/uploads\/2018\/07\/1-4.jpg?resize=350%2C200&ssl=1 1x, https:\/\/i0.wp.com\/www.satokangas.fi\/blogi\/wp-content\/uploads\/2018\/07\/1-4.jpg?resize=525%2C300&ssl=1 1.5x, https:\/\/i0.wp.com\/www.satokangas.fi\/blogi\/wp-content\/uploads\/2018\/07\/1-4.jpg?resize=700%2C400&ssl=1 2x"},"classes":[]},{"id":42290,"url":"https:\/\/www.satokangas.fi\/blogi\/2022\/01\/feelgoodia-historiaa-elamaa-kirjojen-maailmassa\/","url_meta":{"origin":36540,"position":2},"title":"Feelgoodia, historiaa, el\u00e4m\u00e4\u00e4 &#8211; kirjojen maailmassa","author":"Reija","date":"17.1.2022","format":false,"excerpt":"Joulukuussa lukemani kirjat ovat t\u00e4ss\u00e4. J. K. Tamminen, Estonian salaisuudet Milly Johnson, Kirsikoita ja joulun taikaa Anneli Kanto, Piru, kreivi, noita ja n\u00e4yttelij\u00e4 Joanna Bolouri, Paras aika vuodesta Anneli Kanto, Piru, kreivi, noita ja n\u00e4yttelij\u00e4 Tuula Karjalainen, Outi Heiskanen Anneli Kanto Pala palalta pois Jeffrey Archer, Miehist\u00e4 parhain Jeffrey Archer,\u2026","rel":"","context":"Kategoriassa &quot;Luettua&quot;","block_context":{"text":"Luettua","link":"https:\/\/www.satokangas.fi\/blogi\/category\/luettua\/"},"img":{"alt_text":"","src":"","width":0,"height":0},"classes":[]},{"id":36229,"url":"https:\/\/www.satokangas.fi\/blogi\/2019\/04\/aanikirjojen-maailmaan\/","url_meta":{"origin":36540,"position":3},"title":"\u00c4\u00e4nikirjojen maailmaan","author":"Reija","date":"11.4.2019","format":false,"excerpt":"Minulla on nyt ollut k\u00e4yt\u00f6ss\u00e4 BookBeat \u2013(\u00e4\u00e4ni)kirjasovellus. Kaksi viikkoa koeajalla, ja sitten siirryin tilaamaan palvelun 16,90 euron kuukausihinnalla.\u00a0N\u00e4in\u00e4 viikkoina olen useammin kuin kerran \u00e4\u00e4neenkin lausahtanut, ett\u00e4 \u201dMiksi min\u00e4 en ole aiemmin t\u00e4llaista hommannut?\u201d CD-\u00e4\u00e4nikirjoihin olen joskus tutustunut jo aika p\u00e4ivi\u00e4 sitten ja muutamia kymmeni\u00e4 vuosien varrella kuunnellutkin (Tuntematon, Sinuhe, muutamia\u2026","rel":"","context":"Kategoriassa &quot;Luettua&quot;","block_context":{"text":"Luettua","link":"https:\/\/www.satokangas.fi\/blogi\/category\/luettua\/"},"img":{"alt_text":"","src":"https:\/\/i0.wp.com\/www.satokangas.fi\/blogi\/wp-content\/uploads\/2019\/04\/bb.jpg?resize=350%2C200&ssl=1","width":350,"height":200,"srcset":"https:\/\/i0.wp.com\/www.satokangas.fi\/blogi\/wp-content\/uploads\/2019\/04\/bb.jpg?resize=350%2C200&ssl=1 1x, https:\/\/i0.wp.com\/www.satokangas.fi\/blogi\/wp-content\/uploads\/2019\/04\/bb.jpg?resize=525%2C300&ssl=1 1.5x"},"classes":[]},{"id":45938,"url":"https:\/\/www.satokangas.fi\/blogi\/2023\/08\/neljan-kuukauden-kirjat\/","url_meta":{"origin":36540,"position":4},"title":"Nelj\u00e4n kuukauden kirjat","author":"Reija","date":"1.8.2023","format":false,"excerpt":"Kes\u00e4 on lukemisen aikaa, oikeastaan viel\u00e4 enemm\u00e4n kuin joulun aika tai syysillat. Varsinkin ennen, koulu- ja opiskeluaikoina, luin kes\u00e4isin aika paljon ja \"ruuhkavuosinakin\" kesiin kuului dekkareita ja joku j\u00e4rkelem\u00e4inen historiallinen romaani tai pari. T\u00e4m\u00e4 ja nelj\u00e4 edellist\u00e4 kes\u00e4\u00e4 ovat olleet \u00e4\u00e4nikirjojen kesi\u00e4. S\u00e4hk\u00f6py\u00f6r\u00e4 ja \u00e4\u00e4nikirjat tulivat el\u00e4m\u00e4\u00e4ni kev\u00e4tkes\u00e4ll\u00e4 2019, ja\u2026","rel":"","context":"Kategoriassa &quot;Luettua&quot;","block_context":{"text":"Luettua","link":"https:\/\/www.satokangas.fi\/blogi\/category\/luettua\/"},"img":{"alt_text":"","src":"https:\/\/i0.wp.com\/www.satokangas.fi\/blogi\/wp-content\/uploads\/2023\/08\/orvokki.jpg?resize=350%2C200&ssl=1","width":350,"height":200,"srcset":"https:\/\/i0.wp.com\/www.satokangas.fi\/blogi\/wp-content\/uploads\/2023\/08\/orvokki.jpg?resize=350%2C200&ssl=1 1x, https:\/\/i0.wp.com\/www.satokangas.fi\/blogi\/wp-content\/uploads\/2023\/08\/orvokki.jpg?resize=525%2C300&ssl=1 1.5x, https:\/\/i0.wp.com\/www.satokangas.fi\/blogi\/wp-content\/uploads\/2023\/08\/orvokki.jpg?resize=700%2C400&ssl=1 2x"},"classes":[]},{"id":22150,"url":"https:\/\/www.satokangas.fi\/blogi\/2014\/08\/kesalukemisten-jalkeen\/","url_meta":{"origin":36540,"position":5},"title":"Kes\u00e4lukemisten j\u00e4lkeen","author":"Reija","date":"12.8.2014","format":false,"excerpt":"T\u00e4llaisina p\u00e4ivin\u00e4 kun suurimmat tapahtumat ovat olleet se, ett\u00e4 on niin kostea ilma, ett\u00e4 minun luonnonkiharoihini ei tahdo kampa, ei harja, pysty\u00e4, kun ev\u00e4\u00e4t olivat yhdet parhaimmista ikin\u00e4, kun olen keskustellut pitk\u00e4\u00e4n puhelimessa kahden nuoren miehen\/ruoka-alan ammattilaisen ja yhden lakinaisen ja yhden kiinteist\u00f6v\u00e4litt\u00e4j\u00e4n kanssa, whatsappaillut Pehtoorin & Pojan kanssa, kannattaa\u2026","rel":"","context":"Kategoriassa &quot;Luettua&quot;","block_context":{"text":"Luettua","link":"https:\/\/www.satokangas.fi\/blogi\/category\/luettua\/"},"img":{"alt_text":"Kes\u00e4lomalukemiset","src":"https:\/\/i0.wp.com\/www.satokangas.fi\/blogi\/wp-content\/uploads\/2014\/08\/Kes%C3%A4lomalukemiset.jpg?resize=350%2C200&ssl=1","width":350,"height":200},"classes":[]}],"_links":{"self":[{"href":"https:\/\/www.satokangas.fi\/blogi\/wp-json\/wp\/v2\/posts\/36540","targetHints":{"allow":["GET"]}}],"collection":[{"href":"https:\/\/www.satokangas.fi\/blogi\/wp-json\/wp\/v2\/posts"}],"about":[{"href":"https:\/\/www.satokangas.fi\/blogi\/wp-json\/wp\/v2\/types\/post"}],"author":[{"embeddable":true,"href":"https:\/\/www.satokangas.fi\/blogi\/wp-json\/wp\/v2\/users\/1"}],"replies":[{"embeddable":true,"href":"https:\/\/www.satokangas.fi\/blogi\/wp-json\/wp\/v2\/comments?post=36540"}],"version-history":[{"count":0,"href":"https:\/\/www.satokangas.fi\/blogi\/wp-json\/wp\/v2\/posts\/36540\/revisions"}],"wp:attachment":[{"href":"https:\/\/www.satokangas.fi\/blogi\/wp-json\/wp\/v2\/media?parent=36540"}],"wp:term":[{"taxonomy":"category","embeddable":true,"href":"https:\/\/www.satokangas.fi\/blogi\/wp-json\/wp\/v2\/categories?post=36540"},{"taxonomy":"post_tag","embeddable":true,"href":"https:\/\/www.satokangas.fi\/blogi\/wp-json\/wp\/v2\/tags?post=36540"}],"curies":[{"name":"wp","href":"https:\/\/api.w.org\/{rel}","templated":true}]}}