{"id":36519,"date":"2019-05-27T21:07:23","date_gmt":"2019-05-27T18:07:23","guid":{"rendered":"https:\/\/www.satokangas.fi\/blogi\/?p=36519"},"modified":"2019-05-27T21:07:57","modified_gmt":"2019-05-27T18:07:57","slug":"kempeleeseen-pyoralla","status":"publish","type":"post","link":"https:\/\/www.satokangas.fi\/blogi\/2019\/05\/kempeleeseen-pyoralla\/","title":{"rendered":"Kempeleeseen py\u00f6r\u00e4ll\u00e4"},"content":{"rendered":"<p style=\"text-align: justify;\">T\u00e4n\u00e4\u00e4n on tuntunut ihan kes\u00e4lt\u00e4. Oulussa oikeastaan eka kertaa t\u00e4n\u00e4 vuonna, kun meill\u00e4 j\u00e4i se viime viikon l\u00e4mp\u00f6aalto t\u00e4\u00e4ll\u00e4 kokematta.<\/p>\n<p style=\"text-align: justify;\">Aamup\u00e4iv\u00e4ll\u00e4 Muistikuvia-asioita, ja sitten j\u00e4lleen kotiseuturetkelle Helkaman kanssa. T\u00e4n\u00e4\u00e4n kohteena Kempele. Matkalla ojanpohjilla jo paljon rentukoita.<\/p>\n<p style=\"text-align: justify;\"><a href=\"https:\/\/www.satokangas.fi\/blogi\/2019\/05\/kempeleeseen-pyoralla\/kempele-4\/#main\" rel=\"attachment wp-att-36520\"><img loading=\"lazy\" decoding=\"async\" data-attachment-id=\"36520\" data-permalink=\"https:\/\/www.satokangas.fi\/blogi\/2019\/05\/kempeleeseen-pyoralla\/kempele-4\/\" data-orig-file=\"https:\/\/www.satokangas.fi\/blogi\/wp-content\/uploads\/2019\/05\/Kempele-4.jpg\" data-orig-size=\"1000,667\" data-comments-opened=\"1\" data-image-meta=\"{&quot;aperture&quot;:&quot;10&quot;,&quot;credit&quot;:&quot;REIJA SATOKANGAS&quot;,&quot;camera&quot;:&quot;Canon EOS 5D Mark IV&quot;,&quot;caption&quot;:&quot;&quot;,&quot;created_timestamp&quot;:&quot;1558947520&quot;,&quot;copyright&quot;:&quot;Reija Satokangas&quot;,&quot;focal_length&quot;:&quot;150&quot;,&quot;iso&quot;:&quot;250&quot;,&quot;shutter_speed&quot;:&quot;0.004&quot;,&quot;title&quot;:&quot;&quot;,&quot;orientation&quot;:&quot;0&quot;}\" data-image-title=\"Kempele-4\" data-image-description=\"\" data-image-caption=\"\" data-large-file=\"https:\/\/www.satokangas.fi\/blogi\/wp-content\/uploads\/2019\/05\/Kempele-4.jpg\" class=\"aligncenter size-full wp-image-36520\" src=\"https:\/\/www.satokangas.fi\/blogi\/wp-content\/uploads\/2019\/05\/Kempele-4.jpg\" alt=\"\" width=\"1000\" height=\"667\" data-wp-editing=\"1\" srcset=\"https:\/\/www.satokangas.fi\/blogi\/wp-content\/uploads\/2019\/05\/Kempele-4.jpg 1000w, https:\/\/www.satokangas.fi\/blogi\/wp-content\/uploads\/2019\/05\/Kempele-4-300x200.jpg 300w, https:\/\/www.satokangas.fi\/blogi\/wp-content\/uploads\/2019\/05\/Kempele-4-600x400.jpg 600w, https:\/\/www.satokangas.fi\/blogi\/wp-content\/uploads\/2019\/05\/Kempele-4-768x512.jpg 768w\" sizes=\"auto, (max-width: 1000px) 100vw, 1000px\" \/><\/a><\/p>\n<p style=\"text-align: justify;\">Oli ihan &#8221;syykin&#8221; menn\u00e4 sinne, sill\u00e4 yhdell\u00e4 tutulla, pitk\u00e4aikaisella keskikoulu- ja lukiokoulukaverilla, harrastaja-valokuvaaja h\u00e4nkin, on n\u00e4yttely siell\u00e4. Olin luvannut k\u00e4yd\u00e4 katsomassa. Ja t\u00e4n\u00e4\u00e4n sinne siis. Tapasimme ja kahvittelimme, ja sitten min\u00e4 l\u00e4hdin kuvailemaan Kempeleen &#8221;n\u00e4ht\u00e4vyyksi\u00e4&#8221;: kotiseutumuseo ja kirkko. Kempeleen vanha kirkko on yksi maamme 11:sta j\u00e4ljell\u00e4 olevasta arvokkaasta tukipilarikirkosta. Mutta sep\u00e4 on nyt rempattavana joten enp\u00e4 p\u00e4\u00e4ssyt kovinkaan l\u00e4helle. Tapuli oli jo maalattukin.<\/p>\n<p style=\"text-align: justify;\"><a href=\"https:\/\/www.satokangas.fi\/blogi\/2019\/05\/kempeleeseen-pyoralla\/kempele-6\/#main\" rel=\"attachment wp-att-36522\"><img loading=\"lazy\" decoding=\"async\" data-attachment-id=\"36522\" data-permalink=\"https:\/\/www.satokangas.fi\/blogi\/2019\/05\/kempeleeseen-pyoralla\/kempele-6\/\" data-orig-file=\"https:\/\/www.satokangas.fi\/blogi\/wp-content\/uploads\/2019\/05\/Kempele-6.jpg\" data-orig-size=\"667,1000\" data-comments-opened=\"1\" data-image-meta=\"{&quot;aperture&quot;:&quot;5.6&quot;,&quot;credit&quot;:&quot;REIJA SATOKANGAS&quot;,&quot;camera&quot;:&quot;Canon EOS 5D Mark IV&quot;,&quot;caption&quot;:&quot;&quot;,&quot;created_timestamp&quot;:&quot;1558952769&quot;,&quot;copyright&quot;:&quot;Reija Satokangas&quot;,&quot;focal_length&quot;:&quot;18&quot;,&quot;iso&quot;:&quot;200&quot;,&quot;shutter_speed&quot;:&quot;0.001&quot;,&quot;title&quot;:&quot;&quot;,&quot;orientation&quot;:&quot;0&quot;}\" data-image-title=\"Kempele-6\" data-image-description=\"\" data-image-caption=\"\" data-large-file=\"https:\/\/www.satokangas.fi\/blogi\/wp-content\/uploads\/2019\/05\/Kempele-6.jpg\" class=\"aligncenter wp-image-36522\" src=\"https:\/\/www.satokangas.fi\/blogi\/wp-content\/uploads\/2019\/05\/Kempele-6.jpg\" alt=\"\" width=\"467\" height=\"700\" srcset=\"https:\/\/www.satokangas.fi\/blogi\/wp-content\/uploads\/2019\/05\/Kempele-6.jpg 667w, https:\/\/www.satokangas.fi\/blogi\/wp-content\/uploads\/2019\/05\/Kempele-6-200x300.jpg 200w, https:\/\/www.satokangas.fi\/blogi\/wp-content\/uploads\/2019\/05\/Kempele-6-267x400.jpg 267w\" sizes=\"auto, (max-width: 467px) 100vw, 467px\" \/><\/a><\/p>\n<p style=\"text-align: justify;\">Kotiseutumuseon pihapiiriss\u00e4 vanha maitolava, jossa vanha Valion logo. Tulipa siit\u00e4 takaumia. Minulla ei niink\u00e4\u00e4n maaseudulle, saatikka maitotilan el\u00e4m\u00e4\u00e4n, vaan kes\u00e4j\u00e4tskiin. Duetto-pikari: suklaata ja vaniljaa, ja puutikku. Siin\u00e4 py\u00f6re\u00e4n pahvikipon kannessa oli tuollainen Valion merkki.<\/p>\n<p style=\"text-align: justify;\"><img loading=\"lazy\" decoding=\"async\" data-attachment-id=\"36521\" data-permalink=\"https:\/\/www.satokangas.fi\/blogi\/2019\/05\/kempeleeseen-pyoralla\/kempele-5\/\" data-orig-file=\"https:\/\/www.satokangas.fi\/blogi\/wp-content\/uploads\/2019\/05\/Kempele-5.jpg\" data-orig-size=\"1000,667\" data-comments-opened=\"1\" data-image-meta=\"{&quot;aperture&quot;:&quot;5.6&quot;,&quot;credit&quot;:&quot;REIJA SATOKANGAS&quot;,&quot;camera&quot;:&quot;Canon EOS 5D Mark IV&quot;,&quot;caption&quot;:&quot;&quot;,&quot;created_timestamp&quot;:&quot;1558952134&quot;,&quot;copyright&quot;:&quot;Reija Satokangas&quot;,&quot;focal_length&quot;:&quot;16&quot;,&quot;iso&quot;:&quot;200&quot;,&quot;shutter_speed&quot;:&quot;0.0008&quot;,&quot;title&quot;:&quot;&quot;,&quot;orientation&quot;:&quot;0&quot;}\" data-image-title=\"Kempele-5\" data-image-description=\"\" data-image-caption=\"\" data-large-file=\"https:\/\/www.satokangas.fi\/blogi\/wp-content\/uploads\/2019\/05\/Kempele-5.jpg\" class=\"aligncenter size-full wp-image-36521\" src=\"https:\/\/www.satokangas.fi\/blogi\/wp-content\/uploads\/2019\/05\/Kempele-5.jpg\" alt=\"\" width=\"1000\" height=\"667\" srcset=\"https:\/\/www.satokangas.fi\/blogi\/wp-content\/uploads\/2019\/05\/Kempele-5.jpg 1000w, https:\/\/www.satokangas.fi\/blogi\/wp-content\/uploads\/2019\/05\/Kempele-5-300x200.jpg 300w, https:\/\/www.satokangas.fi\/blogi\/wp-content\/uploads\/2019\/05\/Kempele-5-600x400.jpg 600w, https:\/\/www.satokangas.fi\/blogi\/wp-content\/uploads\/2019\/05\/Kempele-5-768x512.jpg 768w\" sizes=\"auto, (max-width: 1000px) 100vw, 1000px\" \/><\/p>\n<p>Kempele on yksi niit\u00e4 kunnannimi\u00e4, jotka vieraspaikkakuntalaiset, etel\u00e4n immeiset, taivuttavat toistuvasti v\u00e4\u00e4rin. EI Kempeleell\u00e4, vaan Kempeleess\u00e4.\u00a0Aika vastik\u00e4\u00e4n YLE Ykk\u00f6sen toimittaja taivutti isompienkin paikkakuntien &#8211; kaupunkien &#8211; nimi\u00e4 yhdess\u00e4 ja samassa lauseessa ihan pieleen: &#8221; &#8211; &#8211; Seuraavat ottelut pelataankin Kokkolalla ja Rovaniemess\u00e4.&#8221; Auts! Luulisi toimittajilla olevan v\u00e4h\u00e4n parempi suomen kielen taito. Luulisi.<\/p>\n<p style=\"text-align: justify;\">Ilta on kulunut reissukuvia peratessa, ja &#8221;perinteist\u00e4&#8221; matkayhteenvetoa miettiess\u00e4. Huomennapa sitten sen aika.<\/p>\n<p style=\"text-align: justify;\">\n","protected":false},"excerpt":{"rendered":"<p>T\u00e4n\u00e4\u00e4n on tuntunut ihan kes\u00e4lt\u00e4. Oulussa oikeastaan eka kertaa t\u00e4n\u00e4 vuonna, kun meill\u00e4 j\u00e4i se viime viikon l\u00e4mp\u00f6aalto t\u00e4\u00e4ll\u00e4 kokematta. Aamup\u00e4iv\u00e4ll\u00e4 Muistikuvia-asioita, ja sitten j\u00e4lleen kotiseuturetkelle Helkaman kanssa. T\u00e4n\u00e4\u00e4n kohteena Kempele. Matkalla ojanpohjilla jo paljon rentukoita. Oli ihan &#8221;syykin&#8221; menn\u00e4 sinne, sill\u00e4 yhdell\u00e4 tutulla, pitk\u00e4aikaisella keskikoulu- ja lukiokoulukaverilla, harrastaja-valokuvaaja h\u00e4nkin, on n\u00e4yttely siell\u00e4. Olin luvannut k\u00e4yd\u00e4 katsomassa. Ja t\u00e4n\u00e4\u00e4n sinne &hellip; <\/p>\n","protected":false},"author":1,"featured_media":0,"comment_status":"open","ping_status":"open","sticky":false,"template":"","format":"standard","meta":{"jetpack_post_was_ever_published":false,"_jetpack_newsletter_access":"","_jetpack_dont_email_post_to_subs":false,"_jetpack_newsletter_tier_id":0,"_jetpack_memberships_contains_paywalled_content":false,"_jetpack_memberships_contains_paid_content":false,"footnotes":"","jetpack_publicize_message":"","jetpack_publicize_feature_enabled":true,"jetpack_social_post_already_shared":true,"jetpack_social_options":{"image_generator_settings":{"template":"highway","default_image_id":0,"font":"","enabled":false},"version":2}},"categories":[33,1,37],"tags":[],"class_list":["post-36519","post","type-post","status-publish","format-standard","hentry","category-liikkuminen","category-aiheeton","category-valokuvaus","latest_post"],"jetpack_publicize_connections":[],"jetpack_featured_media_url":"","jetpack_shortlink":"https:\/\/wp.me\/pr4p4-9v1","jetpack_sharing_enabled":true,"jetpack_likes_enabled":false,"jetpack-related-posts":[{"id":51524,"url":"https:\/\/www.satokangas.fi\/blogi\/2024\/12\/jouluisia-juttuja\/","url_meta":{"origin":36519,"position":0},"title":"Jouluisia juttuja","author":"Reija","date":"14.12.2024","format":false,"excerpt":"Joulun etkot jatkuu ... joulusta jo etuk\u00e4teen nauttien paljosta hyv\u00e4st\u00e4. T\u00e4n\u00e4\u00e4n Kempeleess\u00e4 joulumarkkinat. Ajelin sinne aamup\u00e4iv\u00e4ll\u00e4, - ja kuinka kaukana Kempele onkaan!! Kes\u00e4ll\u00e4 ajelin sinne py\u00f6r\u00e4ll\u00e4 harva se viikko, ainakin joka toinen viikko joko\/tai hautuumaalle toviksi tai kauppakeskus Zeppelinin Robert\u00b4s Coffeen lounaskahville. T\u00e4n\u00e4\u00e4n autolla tuntui, ett\u00e4 matka on hyvinkin pitk\u00e4\u2026","rel":"","context":"Kategoriassa &quot;Joulu&quot;","block_context":{"text":"Joulu","link":"https:\/\/www.satokangas.fi\/blogi\/category\/joulu\/"},"img":{"alt_text":"","src":"https:\/\/i0.wp.com\/www.satokangas.fi\/blogi\/wp-content\/uploads\/2024\/12\/kaupunginsilhuetti_2024_12.jpg?resize=350%2C200&ssl=1","width":350,"height":200,"srcset":"https:\/\/i0.wp.com\/www.satokangas.fi\/blogi\/wp-content\/uploads\/2024\/12\/kaupunginsilhuetti_2024_12.jpg?resize=350%2C200&ssl=1 1x, https:\/\/i0.wp.com\/www.satokangas.fi\/blogi\/wp-content\/uploads\/2024\/12\/kaupunginsilhuetti_2024_12.jpg?resize=525%2C300&ssl=1 1.5x, https:\/\/i0.wp.com\/www.satokangas.fi\/blogi\/wp-content\/uploads\/2024\/12\/kaupunginsilhuetti_2024_12.jpg?resize=700%2C400&ssl=1 2x, https:\/\/i0.wp.com\/www.satokangas.fi\/blogi\/wp-content\/uploads\/2024\/12\/kaupunginsilhuetti_2024_12.jpg?resize=1050%2C600&ssl=1 3x"},"classes":[]},{"id":49382,"url":"https:\/\/www.satokangas.fi\/blogi\/2024\/05\/midlayeri-ostoksilla-kempeleessa\/","url_meta":{"origin":36519,"position":1},"title":"Midlayeri ostoksilla Kempeleess\u00e4","author":"Reija","date":"15.5.2024","format":false,"excerpt":"Ajelin t\u00e4n\u00e4\u00e4n Kempeleeseen, Zeppelinin Intersporttiin ostamaan reissuun tennarisukkia. Toki l\u00e4hemp\u00e4n\u00e4kin olisi Intersportteja, mutta Kempeleen lenkki on hyv\u00e4 v\u00e4h\u00e4n tavallista pitempi, ja kun on joku p\u00e4\u00e4m\u00e4\u00e4r\u00e4 (siell\u00e4 on my\u00f6s Espresso House j\u00e4\u00e4kahveineen \ud83d\ude0a), niin on mielek\u00e4st\u00e4 polkea. Palasin kotiin kassillinen kamppeita mukanani. Toki my\u00f6s kaksi punttia sukkia. Ostin midlayerin! Minulle ihan\u2026","rel":"","context":"Kategoriassa &quot;Niit\u00e4 n\u00e4it\u00e4&quot;","block_context":{"text":"Niit\u00e4 n\u00e4it\u00e4","link":"https:\/\/www.satokangas.fi\/blogi\/category\/aiheeton\/"},"img":{"alt_text":"","src":"https:\/\/i0.wp.com\/www.satokangas.fi\/blogi\/wp-content\/uploads\/2024\/05\/Vintage-Bicycle-clipart-11.png?resize=350%2C200&ssl=1","width":350,"height":200,"srcset":"https:\/\/i0.wp.com\/www.satokangas.fi\/blogi\/wp-content\/uploads\/2024\/05\/Vintage-Bicycle-clipart-11.png?resize=350%2C200&ssl=1 1x, https:\/\/i0.wp.com\/www.satokangas.fi\/blogi\/wp-content\/uploads\/2024\/05\/Vintage-Bicycle-clipart-11.png?resize=525%2C300&ssl=1 1.5x, https:\/\/i0.wp.com\/www.satokangas.fi\/blogi\/wp-content\/uploads\/2024\/05\/Vintage-Bicycle-clipart-11.png?resize=700%2C400&ssl=1 2x"},"classes":[]},{"id":46239,"url":"https:\/\/www.satokangas.fi\/blogi\/2023\/07\/kirkko-ja-ovi-uudessa-kuosissa\/","url_meta":{"origin":36519,"position":2},"title":"Kirkko ja ovi uudessa kuosissa","author":"Reija","date":"3.7.2023","format":false,"excerpt":"Kempeleen vanha kirkko Kempeleen vanha, kaunis kirkko on yli 300-vuotias. Sit\u00e4 on remontoitu viitisen vuotta, mutta nyt t\u00e4m\u00e4n harvinaisen paanukattoisen tukipilarikirkon entis\u00f6inti ja kunnostus on valmis. Se oli py\u00f6r\u00e4lenkkini kohde t\u00e4n\u00e4\u00e4n. (Vain menomatkalla v\u00e4livillapurero ja sormikkaat olivat tarpeen. :) ) Tukipilarikirkkoja, jollaisia Suomessa on tusinan verran ja niist\u00e4 nelj\u00e4 t\u00e4\u00e4ll\u00e4\u2026","rel":"","context":"Kategoriassa &quot;Historiaa&quot;","block_context":{"text":"Historiaa","link":"https:\/\/www.satokangas.fi\/blogi\/category\/historiaa\/"},"img":{"alt_text":"","src":"https:\/\/i0.wp.com\/www.satokangas.fi\/blogi\/wp-content\/uploads\/2023\/07\/Huuopaohdakkeet.jpg?resize=350%2C200&ssl=1","width":350,"height":200,"srcset":"https:\/\/i0.wp.com\/www.satokangas.fi\/blogi\/wp-content\/uploads\/2023\/07\/Huuopaohdakkeet.jpg?resize=350%2C200&ssl=1 1x, https:\/\/i0.wp.com\/www.satokangas.fi\/blogi\/wp-content\/uploads\/2023\/07\/Huuopaohdakkeet.jpg?resize=525%2C300&ssl=1 1.5x, https:\/\/i0.wp.com\/www.satokangas.fi\/blogi\/wp-content\/uploads\/2023\/07\/Huuopaohdakkeet.jpg?resize=700%2C400&ssl=1 2x"},"classes":[]},{"id":38681,"url":"https:\/\/www.satokangas.fi\/blogi\/2020\/05\/niukkaa-kevatta\/","url_meta":{"origin":36519,"position":3},"title":"Niukkaa kev\u00e4tt\u00e4","author":"Reija","date":"16.5.2020","format":false,"excerpt":"Viikon kauppareissu on venynyt n\u00e4in pitk\u00e4lle: niinp\u00e4 sitten aamukahdeksan j\u00e4lkeen kaksin k\u00e4vimme l\u00e4himarketissa, taisimme olla ainoat? Kunhan ruokakassit oli roudattu kotiin ja ostokset kaappeihin ladottu, oli aika ulkoilulle. Arvuuttelimme, mihin l\u00e4htisimme: min\u00e4 etel\u00e4\u00e4n, Pehtoori pohjoiseen. Molemmat v\u00e4ltyimme pahimmanlaatuiselta r\u00e4nt\u00e4-vesi-raekuurolta, joka iski yll\u00e4tt\u00e4en.\u00a0 Juniori lenkill\u00e4\u00e4n kaupunkiin, samoin kuin Ty\u00e4r Helsinki -\u2026","rel":"","context":"Kategoriassa &quot;Niit\u00e4 n\u00e4it\u00e4&quot;","block_context":{"text":"Niit\u00e4 n\u00e4it\u00e4","link":"https:\/\/www.satokangas.fi\/blogi\/category\/aiheeton\/"},"img":{"alt_text":"","src":"https:\/\/i0.wp.com\/www.satokangas.fi\/blogi\/wp-content\/uploads\/2020\/05\/yrttihommia-1.jpg?resize=350%2C200&ssl=1","width":350,"height":200,"srcset":"https:\/\/i0.wp.com\/www.satokangas.fi\/blogi\/wp-content\/uploads\/2020\/05\/yrttihommia-1.jpg?resize=350%2C200&ssl=1 1x, https:\/\/i0.wp.com\/www.satokangas.fi\/blogi\/wp-content\/uploads\/2020\/05\/yrttihommia-1.jpg?resize=525%2C300&ssl=1 1.5x, https:\/\/i0.wp.com\/www.satokangas.fi\/blogi\/wp-content\/uploads\/2020\/05\/yrttihommia-1.jpg?resize=700%2C400&ssl=1 2x"},"classes":[]},{"id":50200,"url":"https:\/\/www.satokangas.fi\/blogi\/2024\/07\/kotiseuturetkilla-ja-jakkukylan-silta\/","url_meta":{"origin":36519,"position":4},"title":"Kotiseuturetkill\u00e4 &#8211; ja Jakkukyl\u00e4n silta","author":"Reija","date":"29.7.2024","format":false,"excerpt":"Aamup\u00e4iv\u00e4ll\u00e4 pitk\u00e4st\u00e4 aikaa kuvausprojektivalmistuelua, puheluita ja posteja, - ja py\u00f6r\u00e4lenkkini tein siten, ett\u00e4 k\u00e4vin katselemassa kuvauslokaatiot valmiiksi: Nallikarin kautta Kempeleeseen. Kempeleess\u00e4 k\u00e4vin my\u00f6s kotiseutumuseon pihalla: nyt itsell\u00e4ni on vanhojen hirsitalojen tarve, tai siis tarvitsen niist\u00e4 kuvia, kun on mieless\u00e4 tehd\u00e4 \"taulu\". Jonkinlainen... Ja iltap\u00e4iv\u00e4ll\u00e4 l\u00e4hdettiin toisellekin \"kotiseuturetkelle\". Minulla on ollut\u2026","rel":"","context":"Kategoriassa &quot;Niit\u00e4 n\u00e4it\u00e4&quot;","block_context":{"text":"Niit\u00e4 n\u00e4it\u00e4","link":"https:\/\/www.satokangas.fi\/blogi\/category\/aiheeton\/"},"img":{"alt_text":"","src":"https:\/\/i0.wp.com\/www.satokangas.fi\/blogi\/wp-content\/uploads\/2024\/07\/Jakkukylan_silta.jpg?resize=350%2C200&ssl=1","width":350,"height":200,"srcset":"https:\/\/i0.wp.com\/www.satokangas.fi\/blogi\/wp-content\/uploads\/2024\/07\/Jakkukylan_silta.jpg?resize=350%2C200&ssl=1 1x, https:\/\/i0.wp.com\/www.satokangas.fi\/blogi\/wp-content\/uploads\/2024\/07\/Jakkukylan_silta.jpg?resize=525%2C300&ssl=1 1.5x, https:\/\/i0.wp.com\/www.satokangas.fi\/blogi\/wp-content\/uploads\/2024\/07\/Jakkukylan_silta.jpg?resize=700%2C400&ssl=1 2x, https:\/\/i0.wp.com\/www.satokangas.fi\/blogi\/wp-content\/uploads\/2024\/07\/Jakkukylan_silta.jpg?resize=1050%2C600&ssl=1 3x"},"classes":[]},{"id":40810,"url":"https:\/\/www.satokangas.fi\/blogi\/2021\/05\/helteisessa-oulussa\/","url_meta":{"origin":36519,"position":5},"title":"Helteisess\u00e4 Oulussa","author":"Reija","date":"12.5.2021","format":false,"excerpt":"Aurinko Oulun yll\u00e4 aamulla. Oikealla n\u00e4kyy (pitk\u00e4llisen vitkuttelun ja valitusruljanssin j\u00e4lkeen) rakenteilla oleva uusi hotelli. T\u00e4ss\u00e4 vaiheessa minulla oli viel\u00e4 v\u00e4lipusero anorakin alla ja hanskat k\u00e4dess\u00e4, kun olin matkalla kohti Kempelett\u00e4. Puolelta p\u00e4ivin ne olivat todellakin tarpeettomia: helleraja ylittyi iltap\u00e4iv\u00e4ll\u00e4 heitt\u00e4m\u00e4ll\u00e4! K\u00e4vin tarkistamassa joko Kempeleen vanhan kirkon remontti olisi valmistunut,\u2026","rel":"","context":"Kategoriassa &quot;Niit\u00e4 n\u00e4it\u00e4&quot;","block_context":{"text":"Niit\u00e4 n\u00e4it\u00e4","link":"https:\/\/www.satokangas.fi\/blogi\/category\/aiheeton\/"},"img":{"alt_text":"","src":"https:\/\/i0.wp.com\/www.satokangas.fi\/blogi\/wp-content\/uploads\/2021\/05\/IMG_20210512_112912.jpg?resize=350%2C200&ssl=1","width":350,"height":200,"srcset":"https:\/\/i0.wp.com\/www.satokangas.fi\/blogi\/wp-content\/uploads\/2021\/05\/IMG_20210512_112912.jpg?resize=350%2C200&ssl=1 1x, https:\/\/i0.wp.com\/www.satokangas.fi\/blogi\/wp-content\/uploads\/2021\/05\/IMG_20210512_112912.jpg?resize=525%2C300&ssl=1 1.5x"},"classes":[]}],"_links":{"self":[{"href":"https:\/\/www.satokangas.fi\/blogi\/wp-json\/wp\/v2\/posts\/36519","targetHints":{"allow":["GET"]}}],"collection":[{"href":"https:\/\/www.satokangas.fi\/blogi\/wp-json\/wp\/v2\/posts"}],"about":[{"href":"https:\/\/www.satokangas.fi\/blogi\/wp-json\/wp\/v2\/types\/post"}],"author":[{"embeddable":true,"href":"https:\/\/www.satokangas.fi\/blogi\/wp-json\/wp\/v2\/users\/1"}],"replies":[{"embeddable":true,"href":"https:\/\/www.satokangas.fi\/blogi\/wp-json\/wp\/v2\/comments?post=36519"}],"version-history":[{"count":0,"href":"https:\/\/www.satokangas.fi\/blogi\/wp-json\/wp\/v2\/posts\/36519\/revisions"}],"wp:attachment":[{"href":"https:\/\/www.satokangas.fi\/blogi\/wp-json\/wp\/v2\/media?parent=36519"}],"wp:term":[{"taxonomy":"category","embeddable":true,"href":"https:\/\/www.satokangas.fi\/blogi\/wp-json\/wp\/v2\/categories?post=36519"},{"taxonomy":"post_tag","embeddable":true,"href":"https:\/\/www.satokangas.fi\/blogi\/wp-json\/wp\/v2\/tags?post=36519"}],"curies":[{"name":"wp","href":"https:\/\/api.w.org\/{rel}","templated":true}]}}