{"id":36267,"date":"2019-04-19T21:26:39","date_gmt":"2019-04-19T18:26:39","guid":{"rendered":"https:\/\/www.satokangas.fi\/blogi\/?p=36267"},"modified":"2019-04-20T09:21:27","modified_gmt":"2019-04-20T06:21:27","slug":"hyva-perjantai","status":"publish","type":"post","link":"https:\/\/www.satokangas.fi\/blogi\/2019\/04\/hyva-perjantai\/","title":{"rendered":"Hyv\u00e4 perjantai"},"content":{"rendered":"<p style=\"text-align: justify;\">Onhan minulla kymmenen tai ehk\u00e4 viisikymment\u00e4 tai ehk\u00e4 sittekin 150 kuvaa t\u00e4lt\u00e4 p\u00e4iv\u00e4lt\u00e4. Py\u00f6r\u00e4lenkilt\u00e4, Oulun tyhj\u00e4st\u00e4 pitk\u00e4perjantain aamusta, rannoilta, meren j\u00e4\u00e4st\u00e4, puistojen lumesta, rakennuksista ilman (kuvaajaa) h\u00e4iritsevi\u00e4 liikkkuvia muuttujia (= ihmisi\u00e4 ja autoja), tilaa ja valoa kuvailla&#8230;<\/p>\n<p style=\"text-align: justify;\">Puolelta p\u00e4ivin kotiin palattua pikkuperhe oli jo &#8221;majoittunut&#8221; meille, &#8211; Juniori kokkaamaan, muut leikkim\u00e4\u00e4n ja oleilemaan.<\/p>\n<p style=\"text-align: justify;\">Kummit\u00e4ti\u00a0 (= tyt\u00e4r) oli varattu ihan vain Apsun pelikaveriksi &#8211; ja kaveriksi yleens\u00e4kin. Kun kysyin, eik\u00f6 voitaisi piirt\u00e4\u00e4 yhdess\u00e4, ilmoitti poika, ett\u00e4 &#8221;piirr\u00e4n sitten mummin kans kun Saana ei oo t\u00e4\u00e4ll\u00e4&#8221;.\u00a0 Ja olinhan mustasukkainen!<\/p>\n<p style=\"text-align: justify;\">Istuimme, vietimme aikaa ruokap\u00f6yd\u00e4ss\u00e4 ja sen huudeilla pitk\u00e4\u00e4n: Juniori tarjoili keitti\u00f6n terveisi\u00e4 (itsetehtyj\u00e4) perunalastuja, sitten alkupaloiksi erilaisia bruschettoja. Ja ent\u00e4s p\u00e4\u00e4ruoka: mureaksi, ylipehme\u00e4ksi kypsynytt\u00e4 osso buccoa! Niin hyv\u00e4\u00e4 &#8211; ja t\u00e4ytt\u00e4v\u00e4\u00e4. Tarjoili huolella valitsemiaan viinej\u00e4 alkuun ja ruoan kanssa: YYA-sopimuksen merkeiss\u00e4. Opparin kanssa yhdess\u00e4 puuhailu tuotti t\u00e4llaistakin hyv\u00e4\u00e4 tulosta. \ud83d\ude09<\/p>\n<p style=\"text-align: justify;\">Taas huilasimme, hippasta, pelej\u00e4, jutustustetiin. Ja j\u00e4lkk\u00e4rin aikakin koitti: Mini\u00e4n panna cotta oli oikein hyv\u00e4\u00e4.<\/p>\n<p><a href=\"https:\/\/www.satokangas.fi\/blogi\/2019\/04\/hyva-perjantai\/7-16\/#main\" rel=\"attachment wp-att-36268\"><img loading=\"lazy\" decoding=\"async\" data-attachment-id=\"36268\" data-permalink=\"https:\/\/www.satokangas.fi\/blogi\/2019\/04\/hyva-perjantai\/7-16\/\" data-orig-file=\"https:\/\/www.satokangas.fi\/blogi\/wp-content\/uploads\/2019\/04\/7.jpg\" data-orig-size=\"800,582\" data-comments-opened=\"1\" data-image-title=\"7\" data-image-description=\"\" data-image-caption=\"\" data-large-file=\"https:\/\/www.satokangas.fi\/blogi\/wp-content\/uploads\/2019\/04\/7.jpg\" class=\"aligncenter size-full wp-image-36268\" src=\"https:\/\/www.satokangas.fi\/blogi\/wp-content\/uploads\/2019\/04\/7.jpg\" alt=\"\" width=\"800\" height=\"582\" srcset=\"https:\/\/www.satokangas.fi\/blogi\/wp-content\/uploads\/2019\/04\/7.jpg 800w, https:\/\/www.satokangas.fi\/blogi\/wp-content\/uploads\/2019\/04\/7-300x218.jpg 300w, https:\/\/www.satokangas.fi\/blogi\/wp-content\/uploads\/2019\/04\/7-550x400.jpg 550w, https:\/\/www.satokangas.fi\/blogi\/wp-content\/uploads\/2019\/04\/7-768x559.jpg 768w\" sizes=\"auto, (max-width: 800px) 100vw, 800px\" \/><\/a><\/p>\n<p>Aivan, ei ole meill\u00e4 paastoa vietetty. Mutta paljon minulla on!<\/p>\n","protected":false},"excerpt":{"rendered":"<p>Onhan minulla kymmenen tai ehk\u00e4 viisikymment\u00e4 tai ehk\u00e4 sittekin 150 kuvaa t\u00e4lt\u00e4 p\u00e4iv\u00e4lt\u00e4. Py\u00f6r\u00e4lenkilt\u00e4, Oulun tyhj\u00e4st\u00e4 pitk\u00e4perjantain aamusta, rannoilta, meren j\u00e4\u00e4st\u00e4, puistojen lumesta, rakennuksista ilman (kuvaajaa) h\u00e4iritsevi\u00e4 liikkkuvia muuttujia (= ihmisi\u00e4 ja autoja), tilaa ja valoa kuvailla&#8230; Puolelta p\u00e4ivin kotiin palattua pikkuperhe oli jo &#8221;majoittunut&#8221; meille, &#8211; Juniori kokkaamaan, muut leikkim\u00e4\u00e4n ja oleilemaan. Kummit\u00e4ti\u00a0 (= tyt\u00e4r) oli varattu ihan vain &hellip; <\/p>\n","protected":false},"author":1,"featured_media":0,"comment_status":"open","ping_status":"open","sticky":false,"template":"","format":"standard","meta":{"_jetpack_newsletter_access":"","_jetpack_dont_email_post_to_subs":false,"_jetpack_newsletter_tier_id":0,"_jetpack_memberships_contains_paywalled_content":false,"_jetpack_feature_clip_id":0,"_jetpack_memberships_contains_paid_content":false,"footnotes":"","jetpack_publicize_message":"","jetpack_publicize_feature_enabled":true,"jetpack_social_post_already_shared":true,"jetpack_social_options":{"image_generator_settings":{"template":"highway","default_image_id":0,"font":"","enabled":false},"version":2},"jetpack_post_was_ever_published":false},"categories":[1],"tags":[],"class_list":["post-36267","post","type-post","status-publish","format-standard","hentry","category-aiheeton","latest_post"],"jetpack_publicize_connections":[],"jetpack_shortlink":"https:\/\/wp.me\/pr4p4-9qX","jetpack_sharing_enabled":true,"jetpack_likes_enabled":false,"jetpack-related-posts":[{"id":11030,"url":"https:\/\/www.satokangas.fi\/blogi\/2011\/03\/juniori-ja-juniorin-jutut-ja-kuvat\/","url_meta":{"origin":36267,"position":0},"title":"Juniori, ja Juniorin jutut ja kuvat","author":"Reija","date":"13.3.2011","format":false,"excerpt":"Olemme pojan kanssa t\u00e4n\u00e4\u00e4n keskustelleet kaikenlaista. Rahank\u00e4yt\u00f6st\u00e4, tienaamisesta, kotoa muuttamisesta, yksin el\u00e4misest\u00e4, ty\u00f6st\u00e4 ja opiskelusta. Ei, emme ole riidelleet - olemme vain olleet hieman eri mielt\u00e4 asioista, joistakin asioista. Ja kun ottaa huomioon, ett\u00e4 Juniori t\u00e4ytt\u00e4\u00e4 parin viikon p\u00e4\u00e4st\u00e4 20, on h\u00e4mm\u00e4stytt\u00e4v\u00e4\u00e4, kuinka poika voi olla tiet\u00e4m\u00e4t\u00f6n tietyist\u00e4 el\u00e4m\u00e4n reaaliteista.\u2026","rel":"","context":"Kategoriassa &quot;Niit\u00e4 n\u00e4it\u00e4&quot;","block_context":{"text":"Niit\u00e4 n\u00e4it\u00e4","link":"https:\/\/www.satokangas.fi\/blogi\/category\/aiheeton\/"},"img":{"alt_text":"","src":"https:\/\/i0.wp.com\/www.satokangas.fi\/blogi\/wp-content\/uploads\/kukkavinjetti-500x102.jpg?resize=350%2C200&ssl=1","width":350,"height":200},"classes":[]},{"id":35028,"url":"https:\/\/www.satokangas.fi\/blogi\/2018\/10\/lokakuinen-perhesunnuntai\/","url_meta":{"origin":36267,"position":1},"title":"Lokakuinen perhesunnuntai","author":"Reija","date":"14.10.2018","format":false,"excerpt":"Tauno. Ja is\u00e4ns\u00e4, isoveljens\u00e4 ja \u00e4itins\u00e4. Olivat t\u00e4n\u00e4\u00e4n meill\u00e4 sy\u00f6m\u00e4ss\u00e4, koko perhe, niin kuin l\u00e4hes aina sunnuntaisin. Mutta nyt poikkeuksellista oli se, ett\u00e4 ruoan teki Juniori, enk\u00e4 min\u00e4. Alkuruoka ja p\u00e4\u00e4ruoka Juniorin toimesta, j\u00e4lkiruoan J. toi valmiina. Ja kuinka hyvin t\u00e4m\u00e4 sopikaan, ett\u00e4 juuri t\u00e4n\u00e4\u00e4n olivat luvanneet ruoan tehd\u00e4. Juuri\u2026","rel":"","context":"Kategoriassa &quot;Isovanhemmuus&quot;","block_context":{"text":"Isovanhemmuus","link":"https:\/\/www.satokangas.fi\/blogi\/category\/isovanhemmuus\/"},"img":{"alt_text":"","src":"https:\/\/i0.wp.com\/www.satokangas.fi\/blogi\/wp-content\/uploads\/2018\/10\/Tauno-10.jpg?resize=350%2C200&ssl=1","width":350,"height":200,"srcset":"https:\/\/i0.wp.com\/www.satokangas.fi\/blogi\/wp-content\/uploads\/2018\/10\/Tauno-10.jpg?resize=350%2C200&ssl=1 1x, https:\/\/i0.wp.com\/www.satokangas.fi\/blogi\/wp-content\/uploads\/2018\/10\/Tauno-10.jpg?resize=525%2C300&ssl=1 1.5x, https:\/\/i0.wp.com\/www.satokangas.fi\/blogi\/wp-content\/uploads\/2018\/10\/Tauno-10.jpg?resize=700%2C400&ssl=1 2x"},"classes":[]},{"id":28190,"url":"https:\/\/www.satokangas.fi\/blogi\/2016\/05\/aurinkoisen-paivan-lussakkaa-oloa\/","url_meta":{"origin":36267,"position":2},"title":"Aurinkoisen p\u00e4iv\u00e4n lussakkaa oloa","author":"Reija","date":"5.5.2016","format":false,"excerpt":"Yht\u00e4kki\u00e4, iltap\u00e4iv\u00e4ll\u00e4 pihan poikki k\u00e4velless\u00e4ni kuulen naapurin ison ruohonleikkurin \u00e4\u00e4nen, siitep\u00f6lyn tukkimaan nen\u00e4\u00e4n tuntuu h\u00e4iv\u00e4hdys nurmenleikkuusta, vaikka varmasti enemm\u00e4n oli kyse lehtiroskan ker\u00e4\u00e4misest\u00e4, silti: kev\u00e4t, h\u00e4iv\u00e4hdys kes\u00e4st\u00e4. Ett\u00e4 me t\u00e4llainen aurinkoinen p\u00e4iv\u00e4 saatiin! Facessa ja Instassa ja haastekuvissa* on viikolla ollut toinen toistaan hienompia auringonlaskukuvia, ja y\u00f6kuviakin, mutta eih\u00e4n meitsi\u2026","rel":"","context":"Kategoriassa &quot;Niit\u00e4 n\u00e4it\u00e4&quot;","block_context":{"text":"Niit\u00e4 n\u00e4it\u00e4","link":"https:\/\/www.satokangas.fi\/blogi\/category\/aiheeton\/"},"img":{"alt_text":"Sokerikuorrete","src":"https:\/\/i0.wp.com\/www.satokangas.fi\/blogi\/wp-content\/uploads\/2016\/05\/Sokerikuorrete-562x400.jpg?resize=350%2C200&ssl=1","width":350,"height":200,"srcset":"https:\/\/i0.wp.com\/www.satokangas.fi\/blogi\/wp-content\/uploads\/2016\/05\/Sokerikuorrete-562x400.jpg?resize=350%2C200&ssl=1 1x, https:\/\/i0.wp.com\/www.satokangas.fi\/blogi\/wp-content\/uploads\/2016\/05\/Sokerikuorrete-562x400.jpg?resize=525%2C300&ssl=1 1.5x"},"classes":[]},{"id":32419,"url":"https:\/\/www.satokangas.fi\/blogi\/2017\/10\/talven-tuntua\/","url_meta":{"origin":36267,"position":3},"title":"Talven tuntua","author":"Reija","date":"24.10.2017","format":false,"excerpt":"T\u00e4n\u00e4\u00e4n kovin talvinen p\u00e4iv\u00e4. S\u00e4\u00e4tiedotuksen perusteella odotimme jotain ihan muuta. Silti l\u00e4hdimme autolla kohti Kiilop\u00e4\u00e4t\u00e4. Tosin vain kolmistaan: Pehtoori, Juniori ja min\u00e4. Juniori kun halusi patikoida oikein tunturipoluilla, eik\u00e4 vain k\u00e4velyreiteill\u00e4, joten Apsu ja \u00e4itins\u00e4 j\u00e4iv\u00e4t m\u00f6kille ja pihapiiriin. Me valitsimme Poropolun. Ahop\u00e4\u00e4n-Kiilop\u00e4\u00e4n lenkill\u00e4 tuuli ja oli hyvinkin valko-harmaata. Maisema\u2026","rel":"","context":"Kategoriassa &quot;Lappi&quot;","block_context":{"text":"Lappi","link":"https:\/\/www.satokangas.fi\/blogi\/category\/lappi\/"},"img":{"alt_text":"","src":"https:\/\/i0.wp.com\/www.satokangas.fi\/blogi\/wp-content\/uploads\/2017\/10\/Kiilopaa.jpg?resize=350%2C200&ssl=1","width":350,"height":200,"srcset":"https:\/\/i0.wp.com\/www.satokangas.fi\/blogi\/wp-content\/uploads\/2017\/10\/Kiilopaa.jpg?resize=350%2C200&ssl=1 1x, https:\/\/i0.wp.com\/www.satokangas.fi\/blogi\/wp-content\/uploads\/2017\/10\/Kiilopaa.jpg?resize=525%2C300&ssl=1 1.5x, https:\/\/i0.wp.com\/www.satokangas.fi\/blogi\/wp-content\/uploads\/2017\/10\/Kiilopaa.jpg?resize=700%2C400&ssl=1 2x"},"classes":[]},{"id":15214,"url":"https:\/\/www.satokangas.fi\/blogi\/2012\/09\/patikalla-kohti-maaranpaata\/","url_meta":{"origin":36267,"position":4},"title":"Patikalla kohti m\u00e4\u00e4r\u00e4np\u00e4\u00e4t\u00e4","author":"Reija","date":"7.9.2012","format":false,"excerpt":"Tiukka patikka Kiilop\u00e4\u00e4lle! (tahtois olla tuolla nytkin)\u00a0 \u00a0 klikkaamalla kuvat suurenevat Huomaa kuvan oikean alanurkan p\u00e4iv\u00e4m\u00e4\u00e4r\u00e4: siis 19 vuotta sitten! Juniori 2\u00bd v. ja ty\u00e4r pian nelj\u00e4. Viimeinen koti\u00e4itisyksyni. (Tuolla samaisella m\u00f6kkireissulla sattui muuten aika dramaattinen juttu, joka vei Ivalon terveyskeskukseenkin... kerron joskus....) T\u00e4ss\u00e4 on jo l\u00f6ytynyt R\u00f6lli-peikon ev\u00e4sk\u00e4tk\u00f6... Enh\u00e4n\u2026","rel":"","context":"Kategoriassa &quot;Vanhemmuus&quot;","block_context":{"text":"Vanhemmuus","link":"https:\/\/www.satokangas.fi\/blogi\/category\/vanhemmuus\/"},"img":{"alt_text":"","src":"https:\/\/i0.wp.com\/www.satokangas.fi\/blogi\/wp-content\/uploads\/2012\/09\/Mutikaiset.jpg?resize=350%2C200&ssl=1","width":350,"height":200,"srcset":"https:\/\/i0.wp.com\/www.satokangas.fi\/blogi\/wp-content\/uploads\/2012\/09\/Mutikaiset.jpg?resize=350%2C200&ssl=1 1x, https:\/\/i0.wp.com\/www.satokangas.fi\/blogi\/wp-content\/uploads\/2012\/09\/Mutikaiset.jpg?resize=525%2C300&ssl=1 1.5x, https:\/\/i0.wp.com\/www.satokangas.fi\/blogi\/wp-content\/uploads\/2012\/09\/Mutikaiset.jpg?resize=700%2C400&ssl=1 2x, https:\/\/i0.wp.com\/www.satokangas.fi\/blogi\/wp-content\/uploads\/2012\/09\/Mutikaiset.jpg?resize=1050%2C600&ssl=1 3x"},"classes":[]},{"id":44716,"url":"https:\/\/www.satokangas.fi\/blogi\/2023\/02\/maadoittavaa\/","url_meta":{"origin":36267,"position":5},"title":"Maadoittavaa","author":"Reija","date":"2.2.2023","format":false,"excerpt":"Ladulla Risuniityst\u00e4 kohti Auranmajaa mietin, ett\u00e4 ehk\u00e4 postaan t\u00e4n\u00e4\u00e4n jotain vuosikymmenien j\u00e4lkeen uudelleen l\u00f6yt\u00e4m\u00e4st\u00e4ni hiiht\u00e4misen ilosta, siit\u00e4, kuinka sille on ihan eri lailla aikaa ja mahdollisuuksia sen j\u00e4lkeen, kun en en\u00e4\u00e4 ole viett\u00e4nyt talvia yliopiston kampuksella. P\u00e4\u00e4tinkin sitten ottaa tunnelmasta ladulla muutaman kuvan, pienen videoklipinkin. Toiveena, ett\u00e4 siten v\u00e4littyisi lumisen\u2026","rel":"","context":"Kategoriassa &quot;Liikkuminen&quot;","block_context":{"text":"Liikkuminen","link":"https:\/\/www.satokangas.fi\/blogi\/category\/liikkuminen\/"},"img":{"alt_text":"","src":"https:\/\/i0.wp.com\/www.satokangas.fi\/blogi\/wp-content\/uploads\/2023\/02\/metsa.jpg?resize=350%2C200&ssl=1","width":350,"height":200,"srcset":"https:\/\/i0.wp.com\/www.satokangas.fi\/blogi\/wp-content\/uploads\/2023\/02\/metsa.jpg?resize=350%2C200&ssl=1 1x, https:\/\/i0.wp.com\/www.satokangas.fi\/blogi\/wp-content\/uploads\/2023\/02\/metsa.jpg?resize=525%2C300&ssl=1 1.5x, https:\/\/i0.wp.com\/www.satokangas.fi\/blogi\/wp-content\/uploads\/2023\/02\/metsa.jpg?resize=700%2C400&ssl=1 2x"},"classes":[]}],"jetpack_featured_media_url":"","_links":{"self":[{"href":"https:\/\/www.satokangas.fi\/blogi\/wp-json\/wp\/v2\/posts\/36267","targetHints":{"allow":["GET"]}}],"collection":[{"href":"https:\/\/www.satokangas.fi\/blogi\/wp-json\/wp\/v2\/posts"}],"about":[{"href":"https:\/\/www.satokangas.fi\/blogi\/wp-json\/wp\/v2\/types\/post"}],"author":[{"embeddable":true,"href":"https:\/\/www.satokangas.fi\/blogi\/wp-json\/wp\/v2\/users\/1"}],"replies":[{"embeddable":true,"href":"https:\/\/www.satokangas.fi\/blogi\/wp-json\/wp\/v2\/comments?post=36267"}],"version-history":[{"count":0,"href":"https:\/\/www.satokangas.fi\/blogi\/wp-json\/wp\/v2\/posts\/36267\/revisions"}],"wp:attachment":[{"href":"https:\/\/www.satokangas.fi\/blogi\/wp-json\/wp\/v2\/media?parent=36267"}],"wp:term":[{"taxonomy":"category","embeddable":true,"href":"https:\/\/www.satokangas.fi\/blogi\/wp-json\/wp\/v2\/categories?post=36267"},{"taxonomy":"post_tag","embeddable":true,"href":"https:\/\/www.satokangas.fi\/blogi\/wp-json\/wp\/v2\/tags?post=36267"}],"curies":[{"name":"wp","href":"https:\/\/api.w.org\/{rel}","templated":true}]}}