{"id":35934,"date":"2019-02-11T20:21:02","date_gmt":"2019-02-11T18:21:02","guid":{"rendered":"https:\/\/www.satokangas.fi\/blogi\/?p=35934"},"modified":"2019-02-11T20:21:02","modified_gmt":"2019-02-11T18:21:02","slug":"kuvien-maanantai","status":"publish","type":"post","link":"https:\/\/www.satokangas.fi\/blogi\/2019\/02\/kuvien-maanantai\/","title":{"rendered":"Kuvien maanantai"},"content":{"rendered":"<p>R\u00e4stihommien maanantai.<\/p>\n<p>Paljon kuva-asioita toimitettavana, sek\u00e4 paistink\u00e4\u00e4nt\u00e4jille ett\u00e4 pikkuperheelle. Ja hyvin, hyvin alustava neuvottelu uudesta kuvaprojektistakin.<\/p>\n<p>Ja ihan mahdottoman hieno kev\u00e4ttalvinen ilma.<\/p>\n<p>&nbsp;<\/p>\n<p><a href=\"https:\/\/www.satokangas.fi\/blogi\/2019\/02\/kuvien-maanantai\/1-2-62\/#main\" rel=\"attachment wp-att-35935\"><img loading=\"lazy\" decoding=\"async\" data-attachment-id=\"35935\" data-permalink=\"https:\/\/www.satokangas.fi\/blogi\/2019\/02\/kuvien-maanantai\/1-2-62\/\" data-orig-file=\"https:\/\/www.satokangas.fi\/blogi\/wp-content\/uploads\/2019\/02\/1-2.jpg\" data-orig-size=\"960,640\" data-comments-opened=\"1\" data-image-meta=\"{&quot;aperture&quot;:&quot;0&quot;,&quot;credit&quot;:&quot;Reija Satokangas&quot;,&quot;camera&quot;:&quot;&quot;,&quot;caption&quot;:&quot;&quot;,&quot;created_timestamp&quot;:&quot;1549026524&quot;,&quot;copyright&quot;:&quot;Reija Satokangas&quot;,&quot;focal_length&quot;:&quot;0&quot;,&quot;iso&quot;:&quot;0&quot;,&quot;shutter_speed&quot;:&quot;0&quot;,&quot;title&quot;:&quot;&quot;,&quot;orientation&quot;:&quot;0&quot;}\" data-image-title=\"1-2\" data-image-description=\"\" data-image-caption=\"\" data-large-file=\"https:\/\/www.satokangas.fi\/blogi\/wp-content\/uploads\/2019\/02\/1-2.jpg\" class=\"aligncenter size-full wp-image-35935\" src=\"https:\/\/www.satokangas.fi\/blogi\/wp-content\/uploads\/2019\/02\/1-2.jpg\" alt=\"\" width=\"960\" height=\"640\" srcset=\"https:\/\/www.satokangas.fi\/blogi\/wp-content\/uploads\/2019\/02\/1-2.jpg 960w, https:\/\/www.satokangas.fi\/blogi\/wp-content\/uploads\/2019\/02\/1-2-300x200.jpg 300w, https:\/\/www.satokangas.fi\/blogi\/wp-content\/uploads\/2019\/02\/1-2-600x400.jpg 600w, https:\/\/www.satokangas.fi\/blogi\/wp-content\/uploads\/2019\/02\/1-2-768x512.jpg 768w\" sizes=\"auto, (max-width: 960px) 100vw, 960px\" \/><\/a><\/p>\n<p style=\"text-align: center;\">Mummin rakkaat.<\/p>\n","protected":false},"excerpt":{"rendered":"<p>R\u00e4stihommien maanantai. Paljon kuva-asioita toimitettavana, sek\u00e4 paistink\u00e4\u00e4nt\u00e4jille ett\u00e4 pikkuperheelle. Ja hyvin, hyvin alustava neuvottelu uudesta kuvaprojektistakin. Ja ihan mahdottoman hieno kev\u00e4ttalvinen ilma. &nbsp; Mummin rakkaat.<\/p>\n","protected":false},"author":1,"featured_media":0,"comment_status":"open","ping_status":"open","sticky":false,"template":"","format":"standard","meta":{"jetpack_post_was_ever_published":false,"_jetpack_newsletter_access":"","_jetpack_dont_email_post_to_subs":false,"_jetpack_newsletter_tier_id":0,"_jetpack_memberships_contains_paywalled_content":false,"_jetpack_memberships_contains_paid_content":false,"footnotes":"","jetpack_publicize_message":"","jetpack_publicize_feature_enabled":true,"jetpack_social_post_already_shared":true,"jetpack_social_options":{"image_generator_settings":{"template":"highway","default_image_id":0,"font":"","enabled":false},"version":2}},"categories":[1],"tags":[],"class_list":["post-35934","post","type-post","status-publish","format-standard","hentry","category-aiheeton","latest_post"],"jetpack_publicize_connections":[],"jetpack_featured_media_url":"","jetpack_shortlink":"https:\/\/wp.me\/pr4p4-9lA","jetpack_sharing_enabled":true,"jetpack_likes_enabled":false,"jetpack-related-posts":[{"id":36073,"url":"https:\/\/www.satokangas.fi\/blogi\/2019\/03\/kotoilijan-maanantai\/","url_meta":{"origin":35934,"position":0},"title":"Kotoilijan maanantai","author":"Reija","date":"11.3.2019","format":false,"excerpt":"Olipas koko blogi unohtua t\u00e4lle illalle.. mik\u00e4 kertonee siit\u00e4, ettei ole tapahtunut mit\u00e4\u00e4n kummoista. Kuvien suoramyyntiyrityst\u00e4, huomisen nettikoulutuksen ennakkoteht\u00e4vien tekoa, Vastavaloa, Caritas, pyryst\u00e4 poissa pysymist\u00e4, --- niist\u00e4 oli minun maanantaini tehty. Jotenkin v\u00e4h\u00e4n huono p\u00e4iv\u00e4 kuitenkin. Mutta huomenna taas paistaa.","rel":"","context":"Kategoriassa &quot;Niit\u00e4 n\u00e4it\u00e4&quot;","block_context":{"text":"Niit\u00e4 n\u00e4it\u00e4","link":"https:\/\/www.satokangas.fi\/blogi\/category\/aiheeton\/"},"img":{"alt_text":"","src":"https:\/\/i0.wp.com\/www.satokangas.fi\/blogi\/wp-content\/uploads\/2019\/03\/1.jpg?resize=350%2C200&ssl=1","width":350,"height":200,"srcset":"https:\/\/i0.wp.com\/www.satokangas.fi\/blogi\/wp-content\/uploads\/2019\/03\/1.jpg?resize=350%2C200&ssl=1 1x, https:\/\/i0.wp.com\/www.satokangas.fi\/blogi\/wp-content\/uploads\/2019\/03\/1.jpg?resize=525%2C300&ssl=1 1.5x, https:\/\/i0.wp.com\/www.satokangas.fi\/blogi\/wp-content\/uploads\/2019\/03\/1.jpg?resize=700%2C400&ssl=1 2x"},"classes":[]},{"id":13845,"url":"https:\/\/www.satokangas.fi\/blogi\/2012\/04\/ei-niin-tavallinen-maanantai\/","url_meta":{"origin":35934,"position":1},"title":"Ei niin tavallinen maanantai","author":"Reija","date":"2.4.2012","format":false,"excerpt":"Y\u00f6ll\u00e4 oli satanut puuterilunta, kaikki ulkona valkoista ja pehme\u00e4\u00e4. Se oli hyv\u00e4 houkutin mietti\u00e4 m\u00e4keen l\u00e4htemist\u00e4, mutta toisaalta hiiht\u00e4minenkin saattaisi maistua... N\u00e4it\u00e4 aamiaisella pohdin ja samalla katselin, ett\u00e4 olivathan ne perunanarsissit toipuneet eilisest\u00e4 automatkasta. Roudasimme ne, ja perjantaina saamamme komean kukkakimpun ja tulppaanit ja pienet pihanarsissit Oulusta t\u00e4nne. Kerralla pohjoinen\u2026","rel":"","context":"Kategoriassa &quot;Lappi&quot;","block_context":{"text":"Lappi","link":"https:\/\/www.satokangas.fi\/blogi\/category\/lappi\/"},"img":{"alt_text":"","src":"https:\/\/i0.wp.com\/www.satokangas.fi\/blogi\/wp-content\/uploads\/puuterilunta-600x400.jpg?resize=350%2C200&ssl=1","width":350,"height":200,"srcset":"https:\/\/i0.wp.com\/www.satokangas.fi\/blogi\/wp-content\/uploads\/puuterilunta-600x400.jpg?resize=350%2C200&ssl=1 1x, https:\/\/i0.wp.com\/www.satokangas.fi\/blogi\/wp-content\/uploads\/puuterilunta-600x400.jpg?resize=525%2C300&ssl=1 1.5x"},"classes":[]},{"id":39119,"url":"https:\/\/www.satokangas.fi\/blogi\/2020\/08\/mitaansanomaton-maanantai\/","url_meta":{"origin":35934,"position":2},"title":"Mit\u00e4\u00e4nsanomaton maanantai","author":"Reija","date":"3.8.2020","format":false,"excerpt":"\u00a0 Limingan lakeuksilla t\u00e4n\u00e4\u00e4n. Eik\u00e4 siell\u00e4k\u00e4\u00e4n yht\u00e4\u00e4n hein\u00e4\u00e4 seip\u00e4ill\u00e4... Mutta aika kes\u00e4ist\u00e4 on ollut. Ei mit\u00e4\u00e4n erikoista. Ei mainitsemisen arvoista.","rel":"","context":"Kategoriassa &quot;Niit\u00e4 n\u00e4it\u00e4&quot;","block_context":{"text":"Niit\u00e4 n\u00e4it\u00e4","link":"https:\/\/www.satokangas.fi\/blogi\/category\/aiheeton\/"},"img":{"alt_text":"","src":"https:\/\/i0.wp.com\/www.satokangas.fi\/blogi\/wp-content\/uploads\/2020\/08\/1-6.jpg?resize=350%2C200&ssl=1","width":350,"height":200,"srcset":"https:\/\/i0.wp.com\/www.satokangas.fi\/blogi\/wp-content\/uploads\/2020\/08\/1-6.jpg?resize=350%2C200&ssl=1 1x, https:\/\/i0.wp.com\/www.satokangas.fi\/blogi\/wp-content\/uploads\/2020\/08\/1-6.jpg?resize=525%2C300&ssl=1 1.5x, https:\/\/i0.wp.com\/www.satokangas.fi\/blogi\/wp-content\/uploads\/2020\/08\/1-6.jpg?resize=700%2C400&ssl=1 2x"},"classes":[]},{"id":382,"url":"https:\/\/www.satokangas.fi\/blogi\/2008\/03\/maanantai\/","url_meta":{"origin":35934,"position":3},"title":"Maanantai","author":"Reija","date":"31.3.2008","format":false,"excerpt":"Pehtoori on pohjoisessa, kuopus lukee - kerrankin, esikoinen miettii mille ryhtyisi seuraavaksi viideksi vuodeksi ja siin\u00e4 sivussa pesee ikkunoita. Toivottavasti ei p\u00e4\u00e4sekk\u00e4\u00e4n Siwan tai Prisman kassalle t\u00f6ihin. Ty\u00f6llist\u00e4n kyll\u00e4. Itse v\u00e4istelen artikkelia. Mielett\u00f6m\u00e4n l\u00e4mmin, ja vasta huomenna on aprillip\u00e4iv\u00e4. T\u00e4h\u00e4n aikaan vuodesta olen oikein tyytyv\u00e4inen etten ole en\u00e4\u00e4 MY:n pj.\u2026","rel":"","context":"Kategoriassa &quot;Niit\u00e4 n\u00e4it\u00e4&quot;","block_context":{"text":"Niit\u00e4 n\u00e4it\u00e4","link":"https:\/\/www.satokangas.fi\/blogi\/category\/aiheeton\/"},"img":{"alt_text":"","src":"","width":0,"height":0},"classes":[]},{"id":18556,"url":"https:\/\/www.satokangas.fi\/blogi\/2013\/08\/maanantai-matkan-jalkeen\/","url_meta":{"origin":35934,"position":4},"title":"Maanantai matkan j\u00e4lkeen","author":"Reija","date":"26.8.2013","format":false,"excerpt":"Elokuun l\u00e4mmin ja aurinkoinen p\u00e4iv\u00e4 tuli vietetty\u00e4 sis\u00e4ll\u00e4 Lasaretissa tiedekunnan Miss\u00e4 menn\u00e4\u00e4n -tilaisuudessa. Pitk\u00e4 p\u00e4iv\u00e4, paljon asiaa. Strategioita ja visioita. Ja iltap\u00e4iv\u00e4n (pitk\u00e4ksi) lopuksi koulutusrehtorin jokavuotiset madonluvut, mutta. .. Onhan se my\u00f6nnett\u00e4v\u00e4, ett\u00e4 h\u00e4n on kuitenkin aika usein oikeassa, oikeassa muissakin asioissa kuin siin\u00e4, ett\u00e4 Humanistinen tiedekunta tekee tulosta, p\u00e4rj\u00e4\u00e4\u2026","rel":"","context":"Kategoriassa &quot;Niit\u00e4 n\u00e4it\u00e4&quot;","block_context":{"text":"Niit\u00e4 n\u00e4it\u00e4","link":"https:\/\/www.satokangas.fi\/blogi\/category\/aiheeton\/"},"img":{"alt_text":"11","src":"https:\/\/i0.wp.com\/www.satokangas.fi\/blogi\/wp-content\/uploads\/2013\/08\/11-600x400.jpg?resize=350%2C200&ssl=1","width":350,"height":200,"srcset":"https:\/\/i0.wp.com\/www.satokangas.fi\/blogi\/wp-content\/uploads\/2013\/08\/11-600x400.jpg?resize=350%2C200&ssl=1 1x, https:\/\/i0.wp.com\/www.satokangas.fi\/blogi\/wp-content\/uploads\/2013\/08\/11-600x400.jpg?resize=525%2C300&ssl=1 1.5x"},"classes":[]},{"id":19770,"url":"https:\/\/www.satokangas.fi\/blogi\/2013\/12\/meneehan-se-maanantai-nainkin\/","url_meta":{"origin":35934,"position":5},"title":"Meneeh\u00e4n se maanantai n\u00e4inkin","author":"Reija","date":"30.12.2013","format":false,"excerpt":"Tyyni. Ei tuulta, ei tuiskua. Aamun pitk\u00e4 pime\u00e4 auttaa nukkumaan, antamaan aikaa ulos siirtymiselle. Korkeakoulupolitiikkaa, mutta enemm\u00e4n h\u00f6p\u00f6tyst\u00e4 tuvan pirtin p\u00f6yd\u00e4n \u00e4\u00e4ress\u00e4 aamusella. Tai noh - aamusella? - siihen aikaan kun min\u00e4 t\u00f6iss\u00e4 ollessa jo ev\u00e4stelen lounasta\u2026 ;) Erinomaista. Puolen p\u00e4iv\u00e4n j\u00e4lkeen kuitenkin l\u00e4hdettiin ulos. Kaunisp\u00e4\u00e4n rinteell\u00e4 kuin pilvess\u00e4 oltaisiin.\u2026","rel":"","context":"Kategoriassa &quot;Lappi&quot;","block_context":{"text":"Lappi","link":"https:\/\/www.satokangas.fi\/blogi\/category\/lappi\/"},"img":{"alt_text":"ulkona-4-4","src":"https:\/\/i0.wp.com\/www.satokangas.fi\/blogi\/wp-content\/uploads\/2013\/12\/ulkona-4-4-266x400.jpg?resize=350%2C200&ssl=1","width":350,"height":200},"classes":[]}],"_links":{"self":[{"href":"https:\/\/www.satokangas.fi\/blogi\/wp-json\/wp\/v2\/posts\/35934","targetHints":{"allow":["GET"]}}],"collection":[{"href":"https:\/\/www.satokangas.fi\/blogi\/wp-json\/wp\/v2\/posts"}],"about":[{"href":"https:\/\/www.satokangas.fi\/blogi\/wp-json\/wp\/v2\/types\/post"}],"author":[{"embeddable":true,"href":"https:\/\/www.satokangas.fi\/blogi\/wp-json\/wp\/v2\/users\/1"}],"replies":[{"embeddable":true,"href":"https:\/\/www.satokangas.fi\/blogi\/wp-json\/wp\/v2\/comments?post=35934"}],"version-history":[{"count":0,"href":"https:\/\/www.satokangas.fi\/blogi\/wp-json\/wp\/v2\/posts\/35934\/revisions"}],"wp:attachment":[{"href":"https:\/\/www.satokangas.fi\/blogi\/wp-json\/wp\/v2\/media?parent=35934"}],"wp:term":[{"taxonomy":"category","embeddable":true,"href":"https:\/\/www.satokangas.fi\/blogi\/wp-json\/wp\/v2\/categories?post=35934"},{"taxonomy":"post_tag","embeddable":true,"href":"https:\/\/www.satokangas.fi\/blogi\/wp-json\/wp\/v2\/tags?post=35934"}],"curies":[{"name":"wp","href":"https:\/\/api.w.org\/{rel}","templated":true}]}}