{"id":35931,"date":"2019-02-10T19:55:17","date_gmt":"2019-02-10T17:55:17","guid":{"rendered":"https:\/\/www.satokangas.fi\/blogi\/?p=35931"},"modified":"2019-02-10T19:55:18","modified_gmt":"2019-02-10T17:55:18","slug":"paluu-pohjoisesta-3","status":"publish","type":"post","link":"https:\/\/www.satokangas.fi\/blogi\/2019\/02\/paluu-pohjoisesta-3\/","title":{"rendered":"Paluu pohjoisesta"},"content":{"rendered":"<p style=\"text-align: justify;\">L\u00e4pi tuulen ja tuiskun, &#8230; olipa kurja keli kun kotiin ajeltiin. Rovaniemelle asti lumip\u00f6lly\u00e4 ja auraamattomia teit\u00e4, ja paljon vastaantulevaa (rekka!)liikennett\u00e4. Sunnuntaina!<\/p>\n<p><a href=\"https:\/\/www.satokangas.fi\/blogi\/2019\/02\/paluu-pohjoisesta-3\/tama_taivas\/#main\" rel=\"attachment wp-att-35933\"><img loading=\"lazy\" decoding=\"async\" data-attachment-id=\"35933\" data-permalink=\"https:\/\/www.satokangas.fi\/blogi\/2019\/02\/paluu-pohjoisesta-3\/tama_taivas\/\" data-orig-file=\"https:\/\/www.satokangas.fi\/blogi\/wp-content\/uploads\/2019\/02\/tama_taivas.jpg\" data-orig-size=\"1000,667\" data-comments-opened=\"1\" data-image-meta=\"{&quot;aperture&quot;:&quot;0&quot;,&quot;credit&quot;:&quot;Reija Satokangas&quot;,&quot;camera&quot;:&quot;&quot;,&quot;caption&quot;:&quot;&quot;,&quot;created_timestamp&quot;:&quot;1549797875&quot;,&quot;copyright&quot;:&quot;Reija Satokangas&quot;,&quot;focal_length&quot;:&quot;0&quot;,&quot;iso&quot;:&quot;0&quot;,&quot;shutter_speed&quot;:&quot;0&quot;,&quot;title&quot;:&quot;&quot;,&quot;orientation&quot;:&quot;0&quot;}\" data-image-title=\"tama_taivas\" data-image-description=\"\" data-image-caption=\"\" data-large-file=\"https:\/\/www.satokangas.fi\/blogi\/wp-content\/uploads\/2019\/02\/tama_taivas.jpg\" class=\"aligncenter size-full wp-image-35933\" src=\"https:\/\/www.satokangas.fi\/blogi\/wp-content\/uploads\/2019\/02\/tama_taivas.jpg\" alt=\"\" width=\"1000\" height=\"667\" srcset=\"https:\/\/www.satokangas.fi\/blogi\/wp-content\/uploads\/2019\/02\/tama_taivas.jpg 1000w, https:\/\/www.satokangas.fi\/blogi\/wp-content\/uploads\/2019\/02\/tama_taivas-300x200.jpg 300w, https:\/\/www.satokangas.fi\/blogi\/wp-content\/uploads\/2019\/02\/tama_taivas-600x400.jpg 600w, https:\/\/www.satokangas.fi\/blogi\/wp-content\/uploads\/2019\/02\/tama_taivas-768x512.jpg 768w\" sizes=\"auto, (max-width: 1000px) 100vw, 1000px\" \/><\/a><\/p>\n<p style=\"text-align: justify;\">Napapiirill\u00e4 k\u00e4vimme lohileip\u00e4sill\u00e4 ja kahvilla ja ihmettelimme j\u00e4lleen aasialaisten ja muiden turistien suurtaa m\u00e4\u00e4r\u00e4\u00e4. Varmaan toistakymment\u00e4 bussiakin oli alueen parkkipaikalla jo varhaisena iltap\u00e4iv\u00e4n\u00e4. Noh, toisaalta eip\u00e4 ihme. Onhan Joulupukin Pajakyl\u00e4ss\u00e4 jo paljon n\u00e4ht\u00e4v\u00e4\u00e4. Nyt mm. uusi Muumien lumiveistomaailma. Tosin eip\u00e4 k\u00e4yty t\u00e4ll\u00e4k\u00e4\u00e4n kertaa katsomassa.<\/p>\n<p style=\"text-align: justify;\"><a href=\"https:\/\/www.satokangas.fi\/blogi\/2019\/02\/paluu-pohjoisesta-3\/tama_taivas-2\/#main\" rel=\"attachment wp-att-35932\"><img loading=\"lazy\" decoding=\"async\" data-attachment-id=\"35932\" data-permalink=\"https:\/\/www.satokangas.fi\/blogi\/2019\/02\/paluu-pohjoisesta-3\/tama_taivas-2\/\" data-orig-file=\"https:\/\/www.satokangas.fi\/blogi\/wp-content\/uploads\/2019\/02\/tama_taivas-2.jpg\" data-orig-size=\"1000,667\" data-comments-opened=\"1\" data-image-meta=\"{&quot;aperture&quot;:&quot;0&quot;,&quot;credit&quot;:&quot;Reija Satokangas&quot;,&quot;camera&quot;:&quot;&quot;,&quot;caption&quot;:&quot;&quot;,&quot;created_timestamp&quot;:&quot;1549797934&quot;,&quot;copyright&quot;:&quot;Reija Satokangas&quot;,&quot;focal_length&quot;:&quot;0&quot;,&quot;iso&quot;:&quot;0&quot;,&quot;shutter_speed&quot;:&quot;0&quot;,&quot;title&quot;:&quot;&quot;,&quot;orientation&quot;:&quot;0&quot;}\" data-image-title=\"tama_taivas-2\" data-image-description=\"\" data-image-caption=\"\" data-large-file=\"https:\/\/www.satokangas.fi\/blogi\/wp-content\/uploads\/2019\/02\/tama_taivas-2.jpg\" class=\"aligncenter size-full wp-image-35932\" src=\"https:\/\/www.satokangas.fi\/blogi\/wp-content\/uploads\/2019\/02\/tama_taivas-2.jpg\" alt=\"\" width=\"1000\" height=\"667\" srcset=\"https:\/\/www.satokangas.fi\/blogi\/wp-content\/uploads\/2019\/02\/tama_taivas-2.jpg 1000w, https:\/\/www.satokangas.fi\/blogi\/wp-content\/uploads\/2019\/02\/tama_taivas-2-300x200.jpg 300w, https:\/\/www.satokangas.fi\/blogi\/wp-content\/uploads\/2019\/02\/tama_taivas-2-600x400.jpg 600w, https:\/\/www.satokangas.fi\/blogi\/wp-content\/uploads\/2019\/02\/tama_taivas-2-768x512.jpg 768w\" sizes=\"auto, (max-width: 1000px) 100vw, 1000px\" \/><\/a><\/p>\n<p style=\"text-align: justify;\">Roin j\u00e4lkeen palteita ja liukasta, vesitihkuakin jo, joka sitten Oulua kohti sakeni ihan vesisateeksi. Maisema, jollaiseen olimme viikon aikana tottuneet, oli muisto vain. Aika lohdutonta oli jo Kemi &#8211; Oulu -v\u00e4lill\u00e4.<\/p>\n<p style=\"text-align: justify;\">Kunhan ehdimme asettautua &#8211; Pehtoori tehd\u00e4 lumit\u00f6it\u00e4, min\u00e4 k\u00e4yd\u00e4 kaupassa ja v\u00e4h\u00e4n tehd\u00e4 ruokaa, p\u00f6ll\u00e4hti pikkuperhe k\u00e4ym\u00e4\u00e4n. Kyll\u00e4 oli Apsulla paljon kertomista! Ja mik\u00e4 mainiointa esitteli minut ja pappansa pikkusisarelleen: &#8221;Katsoppas, Tane, t\u00e4ss\u00e4 on mummi ja t\u00e4ss\u00e4 on pappa!&#8221; \ud83d\ude00 Tuntui, ett\u00e4 olimme olleet TOSI kauan poissa. V\u00e4h\u00e4n samalta kuulosti kun soittelin \u00e4idilleni. \ud83d\ude09<\/p>\n<p>No mutta nyt kotona. Opetellaan pois m\u00f6kkil\u00e4isyydest\u00e4 ja kaksin olemisesta. \ud83d\ude09<\/p>\n<p>&nbsp;<\/p>\n<p style=\"text-align: justify;\">\n<p style=\"text-align: justify;\">\n","protected":false},"excerpt":{"rendered":"<p>L\u00e4pi tuulen ja tuiskun, &#8230; olipa kurja keli kun kotiin ajeltiin. Rovaniemelle asti lumip\u00f6lly\u00e4 ja auraamattomia teit\u00e4, ja paljon vastaantulevaa (rekka!)liikennett\u00e4. Sunnuntaina! Napapiirill\u00e4 k\u00e4vimme lohileip\u00e4sill\u00e4 ja kahvilla ja ihmettelimme j\u00e4lleen aasialaisten ja muiden turistien suurtaa m\u00e4\u00e4r\u00e4\u00e4. Varmaan toistakymment\u00e4 bussiakin oli alueen parkkipaikalla jo varhaisena iltap\u00e4iv\u00e4n\u00e4. Noh, toisaalta eip\u00e4 ihme. Onhan Joulupukin Pajakyl\u00e4ss\u00e4 jo paljon n\u00e4ht\u00e4v\u00e4\u00e4. Nyt mm. uusi Muumien lumiveistomaailma. &hellip; <\/p>\n","protected":false},"author":1,"featured_media":0,"comment_status":"open","ping_status":"open","sticky":false,"template":"","format":"standard","meta":{"jetpack_post_was_ever_published":false,"_jetpack_newsletter_access":"","_jetpack_dont_email_post_to_subs":false,"_jetpack_newsletter_tier_id":0,"_jetpack_memberships_contains_paywalled_content":false,"_jetpack_memberships_contains_paid_content":false,"footnotes":"","jetpack_publicize_message":"","jetpack_publicize_feature_enabled":true,"jetpack_social_post_already_shared":true,"jetpack_social_options":{"image_generator_settings":{"template":"highway","default_image_id":0,"font":"","enabled":false},"version":2}},"categories":[1],"tags":[],"class_list":["post-35931","post","type-post","status-publish","format-standard","hentry","category-aiheeton","latest_post"],"jetpack_publicize_connections":[],"jetpack_featured_media_url":"","jetpack_shortlink":"https:\/\/wp.me\/pr4p4-9lx","jetpack_sharing_enabled":true,"jetpack_likes_enabled":false,"jetpack-related-posts":[{"id":39053,"url":"https:\/\/www.satokangas.fi\/blogi\/2020\/07\/eipa-ihmeempia-3\/","url_meta":{"origin":35931,"position":0},"title":"Eip\u00e4 ihmeempi\u00e4","author":"Reija","date":"20.7.2020","format":false,"excerpt":"Ponniin nukkuminen juuri t\u00e4n\u00e4\u00e4n kun pienet tulivat heti aamusta pariksi tunniksi. En muista milloin olisin nukkunut (kotona) kahdeksaan. T\u00e4n\u00e4\u00e4n me nukuttiin, eik\u00e4 edes et\u00e4ty\u00f6p\u00e4iv\u00e4ns\u00e4 jo paljon ennen sit\u00e4 aloittanut kotikotona oleva tyt\u00e4r meit\u00e4 her\u00e4tt\u00e4nyt. Merkillist\u00e4! No ehdimme h\u00e4th\u00e4t\u00e4\u00e4 aamupuurot ja -kahvit nauttia, kun \"Optimus Prime\" ja pikkusisarensa tulivat tuomaan el\u00e4m\u00e4\u00e4\u2026","rel":"","context":"Kategoriassa &quot;Niit\u00e4 n\u00e4it\u00e4&quot;","block_context":{"text":"Niit\u00e4 n\u00e4it\u00e4","link":"https:\/\/www.satokangas.fi\/blogi\/category\/aiheeton\/"},"img":{"alt_text":"","src":"https:\/\/i0.wp.com\/www.satokangas.fi\/blogi\/wp-content\/uploads\/2020\/07\/o-4.jpg?resize=350%2C200&ssl=1","width":350,"height":200,"srcset":"https:\/\/i0.wp.com\/www.satokangas.fi\/blogi\/wp-content\/uploads\/2020\/07\/o-4.jpg?resize=350%2C200&ssl=1 1x, https:\/\/i0.wp.com\/www.satokangas.fi\/blogi\/wp-content\/uploads\/2020\/07\/o-4.jpg?resize=525%2C300&ssl=1 1.5x, https:\/\/i0.wp.com\/www.satokangas.fi\/blogi\/wp-content\/uploads\/2020\/07\/o-4.jpg?resize=700%2C400&ssl=1 2x"},"classes":[]},{"id":5009,"url":"https:\/\/www.satokangas.fi\/blogi\/2009\/11\/eipa-ihmeempia\/","url_meta":{"origin":35931,"position":1},"title":"Eip\u00e4 ihmeempi\u00e4","author":"Reija","date":"4.11.2009","format":false,"excerpt":"Olen t\u00e4n\u00e4\u00e4n korjannut eilisen t\u00f6peksint\u00e4ni seurauksia: mit\u00e4s menin vapaaehtoisesti lupaamaan ison projektin hoitamista! tuijottanut suunnilleen 12 tuntia n\u00e4ytt\u00f6ruutua ik\u00e4v\u00f6inyt tyt\u00e4rt\u00e4ni kuunnellut Soweton Gospel Choir\u00b4n CD:t\u00e4 \"Voices from Heaven\" valinnut palkittavan kanditutkielman palellut paljon tehnyt www-sivuja pit\u00e4nyt vastaanoton jolla lamppasi porukkaa kuin kev\u00e4\u00e4ll\u00e4 onhan sit\u00e4 siin\u00e4kin. kai.","rel":"","context":"Kategoriassa &quot;Niit\u00e4 n\u00e4it\u00e4&quot;","block_context":{"text":"Niit\u00e4 n\u00e4it\u00e4","link":"https:\/\/www.satokangas.fi\/blogi\/category\/aiheeton\/"},"img":{"alt_text":"","src":"","width":0,"height":0},"classes":[]},{"id":29219,"url":"https:\/\/www.satokangas.fi\/blogi\/2016\/09\/eipa-kummempia\/","url_meta":{"origin":35931,"position":2},"title":"Eip\u00e4 kummempia","author":"Reija","date":"18.9.2016","format":false,"excerpt":"V\u00e4h\u00e4n l\u00e4hti lapasesta ruoanlaitto t\u00e4n\u00e4\u00e4n. En oikein tied\u00e4, kuinkas siin\u00e4 niin k\u00e4vik\u00e4\u00e4n. Joka tapauksessa monta tuntia k\u00f6ks\u00e4ilin. Aamup\u00e4iv\u00e4ll\u00e4 ehdin sent\u00e4\u00e4n k\u00e4yd\u00e4 kaupungilla pitk\u00e4hk\u00f6ll\u00e4 lenkill\u00e4, kuvailla aurinkoisen kaupungin rantoja ja puistoja. Minusta oli muka tavattoman l\u00e4mmin, melkein kes\u00e4, huolimatta siit\u00e4, ett\u00e4 hanskoja kaipasin. Kotiin kaupan kautta palattuani aloitin kokkailun, eip\u00e4 paljon\u2026","rel":"","context":"Kategoriassa &quot;Niit\u00e4 n\u00e4it\u00e4&quot;","block_context":{"text":"Niit\u00e4 n\u00e4it\u00e4","link":"https:\/\/www.satokangas.fi\/blogi\/category\/aiheeton\/"},"img":{"alt_text":"ruskaretkella-oulusssa-4","src":"https:\/\/i0.wp.com\/www.satokangas.fi\/blogi\/wp-content\/uploads\/2016\/09\/Ruskaretkell%C3%A4-Oulusssa-4-600x400.jpg?resize=350%2C200&ssl=1","width":350,"height":200,"srcset":"https:\/\/i0.wp.com\/www.satokangas.fi\/blogi\/wp-content\/uploads\/2016\/09\/Ruskaretkell%C3%A4-Oulusssa-4-600x400.jpg?resize=350%2C200&ssl=1 1x, https:\/\/i0.wp.com\/www.satokangas.fi\/blogi\/wp-content\/uploads\/2016\/09\/Ruskaretkell%C3%A4-Oulusssa-4-600x400.jpg?resize=525%2C300&ssl=1 1.5x"},"classes":[]},{"id":50947,"url":"https:\/\/www.satokangas.fi\/blogi\/2024\/10\/mihinkaan-ulos-lahdeta\/","url_meta":{"origin":35931,"position":3},"title":"&#8221;Mihink\u00e4\u00e4n ulos l\u00e4hdet\u00e4!&#8221;","author":"Reija","date":"28.10.2024","format":false,"excerpt":"Her\u00e4tess\u00e4 m\u00f6kin kattoon kuului sateen rummutus, ei ropina, vaan rummutus. Ja m\u00f6kkipihan puiden oksat n\u00e4yttiv\u00e4t silt\u00e4, ett\u00e4 tuulee, tuulee kovasti. Ja oli hyvin pime\u00e4\u00e4, mik\u00e4 ei tuntunut mill\u00e4\u00e4n muuttuvan edes h\u00e4m\u00e4r\u00e4ksi. Aamupalalla pohdiskeltiin, ett\u00e4 eip\u00e4 meill\u00e4 ole mit\u00e4\u00e4n kiirett\u00e4 ulos: \"Aikaisintaan sitten iltap\u00e4iv\u00e4ll\u00e4 jos kerran s\u00e4\u00e4tiedotuksen mukaan tyyntyy ja selkenee...\u2026","rel":"","context":"Kategoriassa &quot;M\u00f6kkiel\u00e4m\u00e4\u00e4&quot;","block_context":{"text":"M\u00f6kkiel\u00e4m\u00e4\u00e4","link":"https:\/\/www.satokangas.fi\/blogi\/category\/mokkielamaa\/"},"img":{"alt_text":"","src":"https:\/\/i0.wp.com\/www.satokangas.fi\/blogi\/wp-content\/uploads\/2024\/10\/Mariankuru-2.jpg?resize=350%2C200&ssl=1","width":350,"height":200,"srcset":"https:\/\/i0.wp.com\/www.satokangas.fi\/blogi\/wp-content\/uploads\/2024\/10\/Mariankuru-2.jpg?resize=350%2C200&ssl=1 1x, https:\/\/i0.wp.com\/www.satokangas.fi\/blogi\/wp-content\/uploads\/2024\/10\/Mariankuru-2.jpg?resize=525%2C300&ssl=1 1.5x, https:\/\/i0.wp.com\/www.satokangas.fi\/blogi\/wp-content\/uploads\/2024\/10\/Mariankuru-2.jpg?resize=700%2C400&ssl=1 2x"},"classes":[]},{"id":40240,"url":"https:\/\/www.satokangas.fi\/blogi\/2021\/02\/matalan-profiilin-maanantai\/","url_meta":{"origin":35931,"position":4},"title":"Matalan profiilin maanantai","author":"Reija","date":"15.2.2021","format":false,"excerpt":"Helmikuu puolessa. Lyhyeksi j\u00e4\u00e4nyt, p\u00e4tkitt\u00e4inen y\u00f6uni on j\u00e4tt\u00e4nyt j\u00e4lkens\u00e4 p\u00e4iv\u00e4n touhuihin, v\u00e4h\u00e4n kuin hidastettuna koko p\u00e4iv\u00e4. Amup\u00e4iv\u00e4 tytt\u00e4ren kanssa rinnakkain duunailtiin, tai h\u00e4n duunaili, min\u00e4 hoitelin nettiasioita, olinpa siin\u00e4 yhdess\u00e4 et\u00e4palaverissakin ohessa l\u00e4sn\u00e4. Eip\u00e4 ollut mit\u00e4\u00e4n salaisia juttuja, ja vaikka olisivat olleetkin, enp\u00e4 koodareiden puheista paljon mit\u00e4\u00e4n ymm\u00e4rt\u00e4nyt. Vaikka toisaalta\u2026","rel":"","context":"Kategoriassa &quot;Niit\u00e4 n\u00e4it\u00e4&quot;","block_context":{"text":"Niit\u00e4 n\u00e4it\u00e4","link":"https:\/\/www.satokangas.fi\/blogi\/category\/aiheeton\/"},"img":{"alt_text":"","src":"https:\/\/i0.wp.com\/www.satokangas.fi\/blogi\/wp-content\/uploads\/2021\/02\/1-10.jpg?resize=350%2C200&ssl=1","width":350,"height":200,"srcset":"https:\/\/i0.wp.com\/www.satokangas.fi\/blogi\/wp-content\/uploads\/2021\/02\/1-10.jpg?resize=350%2C200&ssl=1 1x, https:\/\/i0.wp.com\/www.satokangas.fi\/blogi\/wp-content\/uploads\/2021\/02\/1-10.jpg?resize=525%2C300&ssl=1 1.5x, https:\/\/i0.wp.com\/www.satokangas.fi\/blogi\/wp-content\/uploads\/2021\/02\/1-10.jpg?resize=700%2C400&ssl=1 2x"},"classes":[]},{"id":9726,"url":"https:\/\/www.satokangas.fi\/blogi\/2010\/11\/9726\/","url_meta":{"origin":35931,"position":5},"title":"Harrastuneisuutta","author":"Reija","date":"28.11.2010","format":false,"excerpt":"Menikin koko lenkki ihan vaan tepasteluksi - kuvasin taas niin paljon, ett\u00e4 eip\u00e4 siin\u00e4 ehtinyt syke paljon nousta. Mielenkiintoista oli tarkkailla valonsuuntaa, ja marraskuisessa auringossa kuvaaminen toi yll\u00e4tyksi\u00e4. Meri on jo j\u00e4\u00e4ss\u00e4. \u00a0Pakkasta oli -17 C, mutta pitk\u00e4st\u00e4 aikaa oli tyven. Hieno s\u00e4\u00e4 ulkoilla. Minulla kuitenkin tuskastuttavasti olivat huomiset \"l\u00e4ksyt\"\u2026","rel":"","context":"Kategoriassa &quot;Valokuvaus&quot;","block_context":{"text":"Valokuvaus","link":"https:\/\/www.satokangas.fi\/blogi\/category\/valokuvaus\/"},"img":{"alt_text":"","src":"https:\/\/i0.wp.com\/www.satokangas.fi\/blogi\/wp-content\/uploads\/pohjoiseen-500x293.jpg?resize=350%2C200&ssl=1","width":350,"height":200},"classes":[]}],"_links":{"self":[{"href":"https:\/\/www.satokangas.fi\/blogi\/wp-json\/wp\/v2\/posts\/35931","targetHints":{"allow":["GET"]}}],"collection":[{"href":"https:\/\/www.satokangas.fi\/blogi\/wp-json\/wp\/v2\/posts"}],"about":[{"href":"https:\/\/www.satokangas.fi\/blogi\/wp-json\/wp\/v2\/types\/post"}],"author":[{"embeddable":true,"href":"https:\/\/www.satokangas.fi\/blogi\/wp-json\/wp\/v2\/users\/1"}],"replies":[{"embeddable":true,"href":"https:\/\/www.satokangas.fi\/blogi\/wp-json\/wp\/v2\/comments?post=35931"}],"version-history":[{"count":0,"href":"https:\/\/www.satokangas.fi\/blogi\/wp-json\/wp\/v2\/posts\/35931\/revisions"}],"wp:attachment":[{"href":"https:\/\/www.satokangas.fi\/blogi\/wp-json\/wp\/v2\/media?parent=35931"}],"wp:term":[{"taxonomy":"category","embeddable":true,"href":"https:\/\/www.satokangas.fi\/blogi\/wp-json\/wp\/v2\/categories?post=35931"},{"taxonomy":"post_tag","embeddable":true,"href":"https:\/\/www.satokangas.fi\/blogi\/wp-json\/wp\/v2\/tags?post=35931"}],"curies":[{"name":"wp","href":"https:\/\/api.w.org\/{rel}","templated":true}]}}