{"id":35916,"date":"2019-02-08T21:31:47","date_gmt":"2019-02-08T19:31:47","guid":{"rendered":"https:\/\/www.satokangas.fi\/blogi\/?p=35916"},"modified":"2019-02-08T21:38:52","modified_gmt":"2019-02-08T19:38:52","slug":"35916","status":"publish","type":"post","link":"https:\/\/www.satokangas.fi\/blogi\/2019\/02\/35916\/","title":{"rendered":"Vasta perjantai"},"content":{"rendered":"<p style=\"text-align: justify;\">TGIF. Ett\u00e4 onneksi on perjantai. Nyt voisin v\u00e4\u00e4nt\u00e4\u00e4 sen niin, ett\u00e4 onneksi on VASTA perjantai. Jotta ei t\u00e4n\u00e4\u00e4nk\u00e4\u00e4n tarvinnut kohti kotia m\u00f6kkimaisemista l\u00e4hte\u00e4. Onneksi.\u00a0 Niin hyv\u00e4 olla t\u00e4\u00e4ll\u00e4, ihan herran kukkarossa, vailla mit\u00e4\u00e4n velvoitteita.<\/p>\n<p style=\"text-align: justify;\">T\u00e4n\u00e4\u00e4n on lauhin p\u00e4iv\u00e4 viikkoon, &#8211; vain &#8211; 16 C, ja iltap\u00e4iv\u00e4ll\u00e4 taisi olla v\u00e4h\u00e4n v\u00e4hemm\u00e4nkin. Tosin tunturissa tuuli aika lailla, mutta seh\u00e4n tarkoitti punaisia poskia, joten ei valittamista.<\/p>\n<p style=\"text-align: justify;\">Aamup\u00e4iv\u00e4n k\u00e4ytin &#8221;studiokuvauksiin&#8221; &#8211; tai siis erilaisiin tuote-, ruoka- ja juomakuvauksiin, joihin vain t\u00e4\u00e4ll\u00e4 m\u00f6kill\u00e4 on mahdollisuus (sopiva valo, astiat, milj\u00f6\u00f6). BTW t\u00e4ll\u00e4 viikolla olen ottanut reilusti yli 1000 kuvaa. Melkein kuin olisin jossain pidemm\u00e4ll\u00e4kin reissulla. Mutta t\u00e4\u00e4ll\u00e4 valo ja varjot, maisemat\u00a0 ja maut vaihtelevat koko ajan niin paljon, ett\u00e4 on &#8221;pakko&#8221; kuvailla.<\/p>\n<p><a href=\"https:\/\/www.satokangas.fi\/blogi\/2019\/02\/35916\/maan_ja-taivaan_rajalla-3\/#main\" rel=\"attachment wp-att-35920\"><img loading=\"lazy\" decoding=\"async\" data-attachment-id=\"35920\" data-permalink=\"https:\/\/www.satokangas.fi\/blogi\/2019\/02\/35916\/maan_ja-taivaan_rajalla-3\/\" data-orig-file=\"https:\/\/www.satokangas.fi\/blogi\/wp-content\/uploads\/2019\/02\/maan_ja-taivaan_rajalla-3.jpg\" data-orig-size=\"1000,667\" data-comments-opened=\"1\" data-image-meta=\"{&quot;aperture&quot;:&quot;8&quot;,&quot;credit&quot;:&quot;Reija Satokangas&quot;,&quot;camera&quot;:&quot;Canon EOS 5D Mark IV&quot;,&quot;caption&quot;:&quot;&quot;,&quot;created_timestamp&quot;:&quot;1549633155&quot;,&quot;copyright&quot;:&quot;&quot;,&quot;focal_length&quot;:&quot;130&quot;,&quot;iso&quot;:&quot;320&quot;,&quot;shutter_speed&quot;:&quot;0.0015625&quot;,&quot;title&quot;:&quot;&quot;,&quot;orientation&quot;:&quot;0&quot;}\" data-image-title=\"maan_ja-taivaan_rajalla-3\" data-image-description=\"\" data-image-caption=\"\" data-large-file=\"https:\/\/www.satokangas.fi\/blogi\/wp-content\/uploads\/2019\/02\/maan_ja-taivaan_rajalla-3.jpg\" class=\"aligncenter size-full wp-image-35920\" src=\"https:\/\/www.satokangas.fi\/blogi\/wp-content\/uploads\/2019\/02\/maan_ja-taivaan_rajalla-3.jpg\" alt=\"\" width=\"1000\" height=\"667\" srcset=\"https:\/\/www.satokangas.fi\/blogi\/wp-content\/uploads\/2019\/02\/maan_ja-taivaan_rajalla-3.jpg 1000w, https:\/\/www.satokangas.fi\/blogi\/wp-content\/uploads\/2019\/02\/maan_ja-taivaan_rajalla-3-300x200.jpg 300w, https:\/\/www.satokangas.fi\/blogi\/wp-content\/uploads\/2019\/02\/maan_ja-taivaan_rajalla-3-600x400.jpg 600w, https:\/\/www.satokangas.fi\/blogi\/wp-content\/uploads\/2019\/02\/maan_ja-taivaan_rajalla-3-768x512.jpg 768w\" sizes=\"auto, (max-width: 1000px) 100vw, 1000px\" \/><\/a><\/p>\n<p style=\"text-align: center;\"><strong>Maan ja taivaan rajalla.\u00a0<\/strong><\/p>\n<p style=\"text-align: justify;\">Ja ulkona olo on my\u00f6s t\u00e4rke\u00e4\u00e4. Sit\u00e4kin olemme t\u00e4n\u00e4\u00e4n tehneet. Molemmat tahoillamme tuntitolkulla, ja sitten kohtasimme Saarisel\u00e4n keskustassa. P\u00e4\u00e4timme l\u00e4hte\u00e4 tutusttumaan alueen uuteen &#8221;n\u00e4ht\u00e4vyyteen&#8221;: Nordic Light Hotel, ja sen ravintolat.<\/p>\n<p><a href=\"https:\/\/www.satokangas.fi\/blogi\/2019\/02\/35916\/maan_ja-taivaan_rajalla-4\/#main\" rel=\"attachment wp-att-35919\"><img loading=\"lazy\" decoding=\"async\" data-attachment-id=\"35919\" data-permalink=\"https:\/\/www.satokangas.fi\/blogi\/2019\/02\/35916\/maan_ja-taivaan_rajalla-4\/\" data-orig-file=\"https:\/\/www.satokangas.fi\/blogi\/wp-content\/uploads\/2019\/02\/maan_ja-taivaan_rajalla-4.jpg\" data-orig-size=\"1000,667\" data-comments-opened=\"1\" data-image-meta=\"{&quot;aperture&quot;:&quot;8&quot;,&quot;credit&quot;:&quot;Reija Satokangas&quot;,&quot;camera&quot;:&quot;Canon EOS 5D Mark IV&quot;,&quot;caption&quot;:&quot;&quot;,&quot;created_timestamp&quot;:&quot;1549638180&quot;,&quot;copyright&quot;:&quot;&quot;,&quot;focal_length&quot;:&quot;70&quot;,&quot;iso&quot;:&quot;640&quot;,&quot;shutter_speed&quot;:&quot;0.005&quot;,&quot;title&quot;:&quot;&quot;,&quot;orientation&quot;:&quot;0&quot;}\" data-image-title=\"maan_ja-taivaan_rajalla-4\" data-image-description=\"\" data-image-caption=\"\" data-large-file=\"https:\/\/www.satokangas.fi\/blogi\/wp-content\/uploads\/2019\/02\/maan_ja-taivaan_rajalla-4.jpg\" class=\"aligncenter size-full wp-image-35919\" src=\"https:\/\/www.satokangas.fi\/blogi\/wp-content\/uploads\/2019\/02\/maan_ja-taivaan_rajalla-4.jpg\" alt=\"\" width=\"1000\" height=\"667\" srcset=\"https:\/\/www.satokangas.fi\/blogi\/wp-content\/uploads\/2019\/02\/maan_ja-taivaan_rajalla-4.jpg 1000w, https:\/\/www.satokangas.fi\/blogi\/wp-content\/uploads\/2019\/02\/maan_ja-taivaan_rajalla-4-300x200.jpg 300w, https:\/\/www.satokangas.fi\/blogi\/wp-content\/uploads\/2019\/02\/maan_ja-taivaan_rajalla-4-600x400.jpg 600w, https:\/\/www.satokangas.fi\/blogi\/wp-content\/uploads\/2019\/02\/maan_ja-taivaan_rajalla-4-768x512.jpg 768w\" sizes=\"auto, (max-width: 1000px) 100vw, 1000px\" \/><\/a><\/p>\n<p style=\"text-align: justify;\">Tied\u00e4ttek\u00f6s mit\u00e4 tuolla <a href=\"https:\/\/northernlightsvillage.com\/accommodation\/\" target=\"_blank\" rel=\"noopener\">maksaa yksi y\u00f6<\/a>?\u00a0 \u00a0&#8211; Aika paljon. Mutta paljon siell\u00e4 silti n\u00e4ytti olevan turisteja.<\/p>\n<p style=\"text-align: justify;\">V\u00e4h\u00e4n yll\u00e4tt\u00e4en &#8221;meille paikallisillekin&#8221; on syntynyt liki sadan igluhuoneiston, ravintolan ja kaikkien muiden palveluiden kokonaisuus ihan l\u00e4helle Saarisel\u00e4n keskustaa &#8211; tai oikeastaan osaksi sit\u00e4. Siis Nestett\u00e4 vastap\u00e4\u00e4t\u00e4 nelostien l\u00e4nsipuolella on iso iglukyl\u00e4, jonka pihalla on Ice Bar &amp; Restaurant.<\/p>\n<p style=\"text-align: justify;\">K\u00e4vimme baarissa. J\u00e4\u00e4baariin on kympin &#8221;sis\u00e4\u00e4np\u00e4\u00e4symaksu&#8221;, jolla saa l\u00e4mpim\u00e4n juoman: mehua tai kaakaota, ter\u00e4stettyn\u00e4 tai ilman.<\/p>\n<p style=\"text-align: justify;\">Kyll\u00e4h\u00e4n me m\u00f6kkil\u00e4iset suuren maailma meiningist\u00e4 olimme ihmeiss\u00e4mme&#8230;<\/p>\n<p style=\"text-align: justify;\"><a href=\"https:\/\/www.satokangas.fi\/blogi\/2019\/02\/35916\/bar\/#main\" rel=\"attachment wp-att-35917\"><img loading=\"lazy\" decoding=\"async\" data-attachment-id=\"35917\" data-permalink=\"https:\/\/www.satokangas.fi\/blogi\/2019\/02\/35916\/bar\/\" data-orig-file=\"https:\/\/www.satokangas.fi\/blogi\/wp-content\/uploads\/2019\/02\/bar.jpg\" data-orig-size=\"2048,1365\" data-comments-opened=\"1\" data-image-meta=\"{&quot;aperture&quot;:&quot;4.5&quot;,&quot;credit&quot;:&quot;Reija Satokangas&quot;,&quot;camera&quot;:&quot;Canon EOS 5D Mark IV&quot;,&quot;caption&quot;:&quot;&quot;,&quot;created_timestamp&quot;:&quot;1549637145&quot;,&quot;copyright&quot;:&quot;&quot;,&quot;focal_length&quot;:&quot;16&quot;,&quot;iso&quot;:&quot;1600&quot;,&quot;shutter_speed&quot;:&quot;0.025&quot;,&quot;title&quot;:&quot;&quot;,&quot;orientation&quot;:&quot;0&quot;}\" data-image-title=\"bar\" data-image-description=\"\" data-image-caption=\"\" data-large-file=\"https:\/\/www.satokangas.fi\/blogi\/wp-content\/uploads\/2019\/02\/bar-1536x1024.jpg\" class=\"aligncenter size-large wp-image-35917\" src=\"https:\/\/www.satokangas.fi\/blogi\/wp-content\/uploads\/2019\/02\/bar-1536x1024.jpg\" alt=\"\" width=\"1200\" height=\"800\" srcset=\"https:\/\/www.satokangas.fi\/blogi\/wp-content\/uploads\/2019\/02\/bar-1536x1024.jpg 1536w, https:\/\/www.satokangas.fi\/blogi\/wp-content\/uploads\/2019\/02\/bar-300x200.jpg 300w, https:\/\/www.satokangas.fi\/blogi\/wp-content\/uploads\/2019\/02\/bar-600x400.jpg 600w, https:\/\/www.satokangas.fi\/blogi\/wp-content\/uploads\/2019\/02\/bar-768x512.jpg 768w, https:\/\/www.satokangas.fi\/blogi\/wp-content\/uploads\/2019\/02\/bar.jpg 2048w\" sizes=\"auto, (max-width: 1200px) 100vw, 1200px\" \/><\/a><\/p>\n<p>Kaakaot nautittuamme jatkoimme tepastelua.<\/p>\n<p>Ilta kotosallla -m\u00f6kill\u00e4 tietysti.<\/p>\n<p>Ja ilokseni puhelukin.<\/p>\n<p>Onneksi on vasta perjantai.<\/p>\n","protected":false},"excerpt":{"rendered":"<p>TGIF. Ett\u00e4 onneksi on perjantai. Nyt voisin v\u00e4\u00e4nt\u00e4\u00e4 sen niin, ett\u00e4 onneksi on VASTA perjantai. Jotta ei t\u00e4n\u00e4\u00e4nk\u00e4\u00e4n tarvinnut kohti kotia m\u00f6kkimaisemista l\u00e4hte\u00e4. Onneksi.\u00a0 Niin hyv\u00e4 olla t\u00e4\u00e4ll\u00e4, ihan herran kukkarossa, vailla mit\u00e4\u00e4n velvoitteita. T\u00e4n\u00e4\u00e4n on lauhin p\u00e4iv\u00e4 viikkoon, &#8211; vain &#8211; 16 C, ja iltap\u00e4iv\u00e4ll\u00e4 taisi olla v\u00e4h\u00e4n v\u00e4hemm\u00e4nkin. Tosin tunturissa tuuli aika lailla, mutta seh\u00e4n tarkoitti punaisia poskia, &hellip; <\/p>\n","protected":false},"author":1,"featured_media":0,"comment_status":"open","ping_status":"open","sticky":false,"template":"","format":"standard","meta":{"jetpack_post_was_ever_published":false,"_jetpack_newsletter_access":"","_jetpack_dont_email_post_to_subs":false,"_jetpack_newsletter_tier_id":0,"_jetpack_memberships_contains_paywalled_content":false,"_jetpack_memberships_contains_paid_content":false,"footnotes":"","jetpack_publicize_message":"","jetpack_publicize_feature_enabled":true,"jetpack_social_post_already_shared":true,"jetpack_social_options":{"image_generator_settings":{"template":"highway","default_image_id":0,"font":"","enabled":false},"version":2}},"categories":[15],"tags":[],"class_list":["post-35916","post","type-post","status-publish","format-standard","hentry","category-lappi","latest_post"],"jetpack_publicize_connections":[],"jetpack_featured_media_url":"","jetpack_shortlink":"https:\/\/wp.me\/sr4p4-35916","jetpack_sharing_enabled":true,"jetpack_likes_enabled":false,"jetpack-related-posts":[{"id":16717,"url":"https:\/\/www.satokangas.fi\/blogi\/2013\/03\/taman-viikon-perjantai\/","url_meta":{"origin":35916,"position":0},"title":"T\u00e4m\u00e4n viikon perjantai","author":"Reija","date":"8.3.2013","format":false,"excerpt":"Varjot iltap\u00e4iv\u00e4ll\u00e4 viel\u00e4 pitki\u00e4, mutta kuitenkin valossa jotain kev\u00e4tt\u00e4. Ehk\u00e4 kontrasti aamun ja aamup\u00e4iv\u00e4n lumimyr\u00e4kk\u00e4\u00e4n, joka alkoi aamuyhdeks\u00e4lt\u00e4 ihan yht\u00e4kki\u00e4, vain saa aikaan luulon kev\u00e4\u00e4n tulosta. Lenkill\u00e4 viima, pohjasta tuleva pureva tuuli muistutti siit\u00e4, miksi en sittenk\u00e4\u00e4n l\u00e4htenyt m\u00e4keen. Loma\/et\u00e4ty\u00f6viikko alkaa olla lopuillaan, nyt jo? Merkillinen viikko. Harvoin t\u00e4\u00e4ll\u00e4 tulee\u2026","rel":"","context":"Kategoriassa &quot;Lappi&quot;","block_context":{"text":"Lappi","link":"https:\/\/www.satokangas.fi\/blogi\/category\/lappi\/"},"img":{"alt_text":"Sininen Hangasoja 2","src":"https:\/\/i0.wp.com\/www.satokangas.fi\/blogi\/wp-content\/uploads\/2013\/03\/Sininen-Hangasoja-2-682x1024.jpg?resize=350%2C200&ssl=1","width":350,"height":200,"srcset":"https:\/\/i0.wp.com\/www.satokangas.fi\/blogi\/wp-content\/uploads\/2013\/03\/Sininen-Hangasoja-2-682x1024.jpg?resize=350%2C200&ssl=1 1x, https:\/\/i0.wp.com\/www.satokangas.fi\/blogi\/wp-content\/uploads\/2013\/03\/Sininen-Hangasoja-2-682x1024.jpg?resize=525%2C300&ssl=1 1.5x"},"classes":[]},{"id":36267,"url":"https:\/\/www.satokangas.fi\/blogi\/2019\/04\/hyva-perjantai\/","url_meta":{"origin":35916,"position":1},"title":"Hyv\u00e4 perjantai","author":"Reija","date":"19.4.2019","format":false,"excerpt":"Onhan minulla kymmenen tai ehk\u00e4 viisikymment\u00e4 tai ehk\u00e4 sittekin 150 kuvaa t\u00e4lt\u00e4 p\u00e4iv\u00e4lt\u00e4. Py\u00f6r\u00e4lenkilt\u00e4, Oulun tyhj\u00e4st\u00e4 pitk\u00e4perjantain aamusta, rannoilta, meren j\u00e4\u00e4st\u00e4, puistojen lumesta, rakennuksista ilman (kuvaajaa) h\u00e4iritsevi\u00e4 liikkkuvia muuttujia (= ihmisi\u00e4 ja autoja), tilaa ja valoa kuvailla... Puolelta p\u00e4ivin kotiin palattua pikkuperhe oli jo \"majoittunut\" meille, - Juniori kokkaamaan, muut\u2026","rel":"","context":"Kategoriassa &quot;Niit\u00e4 n\u00e4it\u00e4&quot;","block_context":{"text":"Niit\u00e4 n\u00e4it\u00e4","link":"https:\/\/www.satokangas.fi\/blogi\/category\/aiheeton\/"},"img":{"alt_text":"","src":"https:\/\/i0.wp.com\/www.satokangas.fi\/blogi\/wp-content\/uploads\/2019\/04\/7.jpg?resize=350%2C200&ssl=1","width":350,"height":200,"srcset":"https:\/\/i0.wp.com\/www.satokangas.fi\/blogi\/wp-content\/uploads\/2019\/04\/7.jpg?resize=350%2C200&ssl=1 1x, https:\/\/i0.wp.com\/www.satokangas.fi\/blogi\/wp-content\/uploads\/2019\/04\/7.jpg?resize=525%2C300&ssl=1 1.5x, https:\/\/i0.wp.com\/www.satokangas.fi\/blogi\/wp-content\/uploads\/2019\/04\/7.jpg?resize=700%2C400&ssl=1 2x"},"classes":[]},{"id":18038,"url":"https:\/\/www.satokangas.fi\/blogi\/2013\/07\/urupaa-401-mpy-huiputettu\/","url_meta":{"origin":35916,"position":2},"title":"Urup\u00e4\u00e4 (401 mpy) huiputettu","author":"Reija","date":"12.7.2013","format":false,"excerpt":"Liki pakkasy\u00f6n j\u00e4lkeen aamu kuulas, purolla kylm\u00e4, valoisaa jo varhain, niin kuin t\u00e4\u00e4ll\u00e4 koko ajan, hetken luulee olevansa syksyss\u00e4. L\u00e4hdemme autolla Kaunisp\u00e4\u00e4lle. Ja tavoitteena kulkea huipulta huipulle; Kaunisp\u00e4\u00e4lt\u00e4 kohti Urup\u00e4\u00e4t\u00e4. Hassua ett\u00e4 koskaan ei ole tullut siell\u00e4 k\u00e4yty\u00e4. Kaunisp\u00e4\u00e4n pohjoisrinteell\u00e4 kanervikkoa, mustikanvarpuja, jotka jo punastuneet; ruska hein\u00e4kuun puoliv\u00e4liss\u00e4!! Kuvassa ylh\u00e4\u00e4ll\u00e4\u2026","rel":"","context":"Kategoriassa &quot;Lappi&quot;","block_context":{"text":"Lappi","link":"https:\/\/www.satokangas.fi\/blogi\/category\/lappi\/"},"img":{"alt_text":"Paras perjantai-14","src":"https:\/\/i0.wp.com\/www.satokangas.fi\/blogi\/wp-content\/uploads\/2013\/07\/Paras-perjantai-14-299x400.jpg?resize=350%2C200&ssl=1","width":350,"height":200},"classes":[]},{"id":9463,"url":"https:\/\/www.satokangas.fi\/blogi\/2010\/11\/erilainen-perjantai\/","url_meta":{"origin":35916,"position":3},"title":"Erilainen perjantai","author":"Reija","date":"12.11.2010","format":false,"excerpt":"Nuorten nukkuessa, pehtoorin hiiht\u00e4ess\u00e4 tein aamusella muutaman tunnin reippasti t\u00f6it\u00e4. Brunssin nautimme yhdess\u00e4 ennen yht\u00e4toista ja sitten pihalle. Nelj\u00e4st\u00e4\u00e4n tehtiin lumit\u00f6it\u00e4, laiteltiin saunaa illaksi valmiiksi,v\u00e4rkk\u00e4iltiin (joulu)valoja (pehtoori oli hankkinut taas uusia)\u00a0ja lyhtyj\u00e4, kuvailtiin ja juoksutettiin Maisaa (J:n koiruli), joka nauttii el\u00e4m\u00e4ns\u00e4 ensimm\u00e4isest\u00e4 lumesta t\u00e4ysin rinnoin. Onko t\u00e4\u00e4ll\u00e4 lunta? On! Yllin\u2026","rel":"","context":"Kategoriassa &quot;Lappi&quot;","block_context":{"text":"Lappi","link":"https:\/\/www.satokangas.fi\/blogi\/category\/lappi\/"},"img":{"alt_text":"","src":"https:\/\/i0.wp.com\/www.satokangas.fi\/blogi\/wp-content\/uploads\/purolla-266x400.jpg?resize=350%2C200&ssl=1","width":350,"height":200},"classes":[]},{"id":35181,"url":"https:\/\/www.satokangas.fi\/blogi\/2018\/11\/perjantai-2\/","url_meta":{"origin":35916,"position":4},"title":"Perjantai","author":"Reija","date":"9.11.2018","format":false,"excerpt":"Pitk\u00e4st\u00e4 aikaa perjantai on tuntunut perjantailta. T\u00e4n\u00e4\u00e4n on ollut \"suihkepullo-keli\" kuten kuulin t\u00e4n\u00e4\u00e4n p\u00e4iv\u00e4\u00e4 sanotuksi. Juuri sellainen ilma: kuin suihkepullolla olisi suihkuteltu. Niinp\u00e4 onkin ollut sis\u00e4ll\u00e4 kuvailun ja kaupoissa k\u00e4ynnin p\u00e4iv\u00e4. Ja kalentereiden toimitusta kotioville. ;) Ja t\u00e4n\u00e4\u00e4n sitten vihdoin!! Min\u00e4kin k\u00e4vin Puuilossa. Kun Puuilo avattiin Ouluun (about 6 -\u2026","rel":"","context":"Kategoriassa &quot;Ruoka ja viini&quot;","block_context":{"text":"Ruoka ja viini","link":"https:\/\/www.satokangas.fi\/blogi\/category\/ruoka_ja_viini\/"},"img":{"alt_text":"","src":"https:\/\/i0.wp.com\/www.satokangas.fi\/blogi\/wp-content\/uploads\/2018\/11\/perjantai-ilta-6.jpg?resize=350%2C200&ssl=1","width":350,"height":200,"srcset":"https:\/\/i0.wp.com\/www.satokangas.fi\/blogi\/wp-content\/uploads\/2018\/11\/perjantai-ilta-6.jpg?resize=350%2C200&ssl=1 1x, https:\/\/i0.wp.com\/www.satokangas.fi\/blogi\/wp-content\/uploads\/2018\/11\/perjantai-ilta-6.jpg?resize=525%2C300&ssl=1 1.5x"},"classes":[]},{"id":21874,"url":"https:\/\/www.satokangas.fi\/blogi\/2014\/07\/alpeilta-palattua\/","url_meta":{"origin":35916,"position":5},"title":"Alpeilta palattua","author":"Reija","date":"19.7.2014","format":false,"excerpt":"Palaanpa ja kertaanpa viel\u00e4 eilist\u00e4kin... Lauantain vaellus oli viikon lyhyin (alle 8 km) ja korkeusmetrej\u00e4k\u00e4\u00e4n ei tullut 400 metri\u00e4 enemp\u00e4\u00e4 (1600 - > 2000), mutta melkein seitsem\u00e4n tuntia vuorilla oltiin. Ihan kohtuullista nousua, alppiniityt samettisina, taivaankansi kirkkaansinisen\u00e4, aurinko tavallista l\u00e4hemp\u00e4n\u00e4, l\u00e4mmint\u00e4 niin, ett\u00e4 sit\u00e4 olisi ollut varmasti liiankin kanssa, jollei\u2026","rel":"","context":"Kategoriassa &quot;Bad Gastein&quot;","block_context":{"text":"Bad Gastein","link":"https:\/\/www.satokangas.fi\/blogi\/category\/reissut\/bad-gastein\/"},"img":{"alt_text":"Perjantai Stubnerkogel-2","src":"https:\/\/i0.wp.com\/www.satokangas.fi\/blogi\/wp-content\/uploads\/2014\/07\/Perjantai-Stubnerkogel-21-600x400.jpg?resize=350%2C200&ssl=1","width":350,"height":200,"srcset":"https:\/\/i0.wp.com\/www.satokangas.fi\/blogi\/wp-content\/uploads\/2014\/07\/Perjantai-Stubnerkogel-21-600x400.jpg?resize=350%2C200&ssl=1 1x, https:\/\/i0.wp.com\/www.satokangas.fi\/blogi\/wp-content\/uploads\/2014\/07\/Perjantai-Stubnerkogel-21-600x400.jpg?resize=525%2C300&ssl=1 1.5x"},"classes":[]}],"_links":{"self":[{"href":"https:\/\/www.satokangas.fi\/blogi\/wp-json\/wp\/v2\/posts\/35916","targetHints":{"allow":["GET"]}}],"collection":[{"href":"https:\/\/www.satokangas.fi\/blogi\/wp-json\/wp\/v2\/posts"}],"about":[{"href":"https:\/\/www.satokangas.fi\/blogi\/wp-json\/wp\/v2\/types\/post"}],"author":[{"embeddable":true,"href":"https:\/\/www.satokangas.fi\/blogi\/wp-json\/wp\/v2\/users\/1"}],"replies":[{"embeddable":true,"href":"https:\/\/www.satokangas.fi\/blogi\/wp-json\/wp\/v2\/comments?post=35916"}],"version-history":[{"count":0,"href":"https:\/\/www.satokangas.fi\/blogi\/wp-json\/wp\/v2\/posts\/35916\/revisions"}],"wp:attachment":[{"href":"https:\/\/www.satokangas.fi\/blogi\/wp-json\/wp\/v2\/media?parent=35916"}],"wp:term":[{"taxonomy":"category","embeddable":true,"href":"https:\/\/www.satokangas.fi\/blogi\/wp-json\/wp\/v2\/categories?post=35916"},{"taxonomy":"post_tag","embeddable":true,"href":"https:\/\/www.satokangas.fi\/blogi\/wp-json\/wp\/v2\/tags?post=35916"}],"curies":[{"name":"wp","href":"https:\/\/api.w.org\/{rel}","templated":true}]}}