{"id":35910,"date":"2019-02-07T20:02:41","date_gmt":"2019-02-07T18:02:41","guid":{"rendered":"https:\/\/www.satokangas.fi\/blogi\/?p=35910"},"modified":"2019-02-07T20:04:58","modified_gmt":"2019-02-07T18:04:58","slug":"kultakylan-kujilla-ja-metsassa","status":"publish","type":"post","link":"https:\/\/www.satokangas.fi\/blogi\/2019\/02\/kultakylan-kujilla-ja-metsassa\/","title":{"rendered":"Kultakyl\u00e4n kujilla ja mets\u00e4ss\u00e4"},"content":{"rendered":"<p style=\"text-align: justify;\">Aamulla n\u00e4ytti pahalta. Pakkanen on laskenut, joten mittarissa en\u00e4\u00e4 vain &#8211; 20 C. Ja s\u00e4\u00e4ennuste uhkasi, ett\u00e4 p\u00e4iv\u00e4n mittaan lauhtuu viel\u00e4 lis\u00e4\u00e4. Onneksi sent\u00e4\u00e4n &#8221;tuntuu kuin&#8221; n\u00e4ytti &#8211; 26 C ja puut heiluivat lupaavasti kertoen tuulen ja vinkan olevan tosiasia.<\/p>\n<p style=\"text-align: justify;\">Hieman kierrellen ja kaarrellen onnistuimme kuitenkin molemmat keksim\u00e4\u00e4n hiihdon sijaan muuta tekemist\u00e4 ja liikkumista.<\/p>\n<p style=\"text-align: justify;\">Mie l\u00e4hdin kohti etel\u00e4\u00e4: Kultakyl\u00e4\u00e4n ja Tankavaaraan etsim\u00e4\u00e4n kuvattavaa ja k\u00e4velyreittej\u00e4, &#8211; ja l\u00f6ysinkin. Ja jatkoin viel\u00e4 Vuotsoon, joten sain hyvinkin koko iltap\u00e4iv\u00e4n kulumaan. Ja Pehtoori oli pudotellut lumet m\u00f6kkien ja liiterin katolta, lapioinut lunta paikasta toiseen.<\/p>\n<p><a href=\"https:\/\/www.satokangas.fi\/blogi\/2019\/02\/kultakylan-kujilla-ja-metsassa\/kultakyla\/#main\" rel=\"attachment wp-att-35911\"><img loading=\"lazy\" decoding=\"async\" data-attachment-id=\"35911\" data-permalink=\"https:\/\/www.satokangas.fi\/blogi\/2019\/02\/kultakylan-kujilla-ja-metsassa\/kultakyla\/\" data-orig-file=\"https:\/\/www.satokangas.fi\/blogi\/wp-content\/uploads\/2019\/02\/kultakyla.jpg\" data-orig-size=\"1000,317\" data-comments-opened=\"1\" data-image-meta=\"{&quot;aperture&quot;:&quot;16&quot;,&quot;credit&quot;:&quot;Reija Satokangas&quot;,&quot;camera&quot;:&quot;Canon EOS 5D Mark IV&quot;,&quot;caption&quot;:&quot;&quot;,&quot;created_timestamp&quot;:&quot;1549543469&quot;,&quot;copyright&quot;:&quot;&quot;,&quot;focal_length&quot;:&quot;23&quot;,&quot;iso&quot;:&quot;1000&quot;,&quot;shutter_speed&quot;:&quot;0.016666666666667&quot;,&quot;title&quot;:&quot;&quot;,&quot;orientation&quot;:&quot;0&quot;}\" data-image-title=\"kultakyla\" data-image-description=\"\" data-image-caption=\"\" data-large-file=\"https:\/\/www.satokangas.fi\/blogi\/wp-content\/uploads\/2019\/02\/kultakyla.jpg\" class=\"aligncenter size-full wp-image-35911\" src=\"https:\/\/www.satokangas.fi\/blogi\/wp-content\/uploads\/2019\/02\/kultakyla.jpg\" alt=\"\" width=\"1000\" height=\"317\" srcset=\"https:\/\/www.satokangas.fi\/blogi\/wp-content\/uploads\/2019\/02\/kultakyla.jpg 1000w, https:\/\/www.satokangas.fi\/blogi\/wp-content\/uploads\/2019\/02\/kultakyla-300x95.jpg 300w, https:\/\/www.satokangas.fi\/blogi\/wp-content\/uploads\/2019\/02\/kultakyla-800x254.jpg 800w, https:\/\/www.satokangas.fi\/blogi\/wp-content\/uploads\/2019\/02\/kultakyla-768x243.jpg 768w\" sizes=\"auto, (max-width: 1000px) 100vw, 1000px\" \/><\/a><\/p>\n<p>Villin l\u00e4nnen kadulla oli kovin kalseaa, mutta my\u00f6s hiljaista. Kuten koko Tankavaaran alueella. Ihan hiljaisessa maisemassa yksikseni sain kuljeskella.<\/p>\n<p><a href=\"https:\/\/www.satokangas.fi\/blogi\/2019\/02\/kultakylan-kujilla-ja-metsassa\/kultakyla-2\/#main\" rel=\"attachment wp-att-35912\"><img loading=\"lazy\" decoding=\"async\" data-attachment-id=\"35912\" data-permalink=\"https:\/\/www.satokangas.fi\/blogi\/2019\/02\/kultakylan-kujilla-ja-metsassa\/kultakyla-2\/\" data-orig-file=\"https:\/\/www.satokangas.fi\/blogi\/wp-content\/uploads\/2019\/02\/kultakyla-2.jpg\" data-orig-size=\"1000,667\" data-comments-opened=\"1\" data-image-meta=\"{&quot;aperture&quot;:&quot;16&quot;,&quot;credit&quot;:&quot;Reija Satokangas&quot;,&quot;camera&quot;:&quot;Canon EOS 5D Mark IV&quot;,&quot;caption&quot;:&quot;&quot;,&quot;created_timestamp&quot;:&quot;1549543383&quot;,&quot;copyright&quot;:&quot;&quot;,&quot;focal_length&quot;:&quot;16&quot;,&quot;iso&quot;:&quot;1000&quot;,&quot;shutter_speed&quot;:&quot;0.025&quot;,&quot;title&quot;:&quot;&quot;,&quot;orientation&quot;:&quot;0&quot;}\" data-image-title=\"kultakyla-2\" data-image-description=\"\" data-image-caption=\"\" data-large-file=\"https:\/\/www.satokangas.fi\/blogi\/wp-content\/uploads\/2019\/02\/kultakyla-2.jpg\" class=\"aligncenter size-full wp-image-35912\" src=\"https:\/\/www.satokangas.fi\/blogi\/wp-content\/uploads\/2019\/02\/kultakyla-2.jpg\" alt=\"\" width=\"1000\" height=\"667\" srcset=\"https:\/\/www.satokangas.fi\/blogi\/wp-content\/uploads\/2019\/02\/kultakyla-2.jpg 1000w, https:\/\/www.satokangas.fi\/blogi\/wp-content\/uploads\/2019\/02\/kultakyla-2-300x200.jpg 300w, https:\/\/www.satokangas.fi\/blogi\/wp-content\/uploads\/2019\/02\/kultakyla-2-600x400.jpg 600w, https:\/\/www.satokangas.fi\/blogi\/wp-content\/uploads\/2019\/02\/kultakyla-2-768x512.jpg 768w\" sizes=\"auto, (max-width: 1000px) 100vw, 1000px\" \/><\/a><\/p>\n<p><a href=\"https:\/\/www.satokangas.fi\/blogi\/2019\/02\/kultakylan-kujilla-ja-metsassa\/kultakyla-3\/#main\" rel=\"attachment wp-att-35913\"><img loading=\"lazy\" decoding=\"async\" data-attachment-id=\"35913\" data-permalink=\"https:\/\/www.satokangas.fi\/blogi\/2019\/02\/kultakylan-kujilla-ja-metsassa\/kultakyla-3\/\" data-orig-file=\"https:\/\/www.satokangas.fi\/blogi\/wp-content\/uploads\/2019\/02\/kultakyla-3.jpg\" data-orig-size=\"1000,667\" data-comments-opened=\"1\" data-image-meta=\"{&quot;aperture&quot;:&quot;6.3&quot;,&quot;credit&quot;:&quot;Reija Satokangas&quot;,&quot;camera&quot;:&quot;Canon EOS 5D Mark IV&quot;,&quot;caption&quot;:&quot;&quot;,&quot;created_timestamp&quot;:&quot;1549544748&quot;,&quot;copyright&quot;:&quot;&quot;,&quot;focal_length&quot;:&quot;140&quot;,&quot;iso&quot;:&quot;320&quot;,&quot;shutter_speed&quot;:&quot;0.005&quot;,&quot;title&quot;:&quot;&quot;,&quot;orientation&quot;:&quot;0&quot;}\" data-image-title=\"kultakyla-3\" data-image-description=\"\" data-image-caption=\"\" data-large-file=\"https:\/\/www.satokangas.fi\/blogi\/wp-content\/uploads\/2019\/02\/kultakyla-3.jpg\" class=\"aligncenter size-full wp-image-35913\" src=\"https:\/\/www.satokangas.fi\/blogi\/wp-content\/uploads\/2019\/02\/kultakyla-3.jpg\" alt=\"\" width=\"1000\" height=\"667\" srcset=\"https:\/\/www.satokangas.fi\/blogi\/wp-content\/uploads\/2019\/02\/kultakyla-3.jpg 1000w, https:\/\/www.satokangas.fi\/blogi\/wp-content\/uploads\/2019\/02\/kultakyla-3-300x200.jpg 300w, https:\/\/www.satokangas.fi\/blogi\/wp-content\/uploads\/2019\/02\/kultakyla-3-600x400.jpg 600w, https:\/\/www.satokangas.fi\/blogi\/wp-content\/uploads\/2019\/02\/kultakyla-3-768x512.jpg 768w\" sizes=\"auto, (max-width: 1000px) 100vw, 1000px\" \/><\/a><\/p>\n<p>&nbsp;<\/p>\n<p>Ei tuullut, eik\u00e4 kyll\u00e4 tuntunut edes kylm\u00e4lt\u00e4.<\/p>\n<p>Ja sitten talvipatikalle.<\/p>\n<p><a href=\"https:\/\/www.satokangas.fi\/blogi\/2019\/02\/kultakylan-kujilla-ja-metsassa\/tankavaara\/#main\" rel=\"attachment wp-att-35914\"><img loading=\"lazy\" decoding=\"async\" data-attachment-id=\"35914\" data-permalink=\"https:\/\/www.satokangas.fi\/blogi\/2019\/02\/kultakylan-kujilla-ja-metsassa\/tankavaara\/\" data-orig-file=\"https:\/\/www.satokangas.fi\/blogi\/wp-content\/uploads\/2019\/02\/Tankavaara.jpg\" data-orig-size=\"1000,667\" data-comments-opened=\"1\" data-image-meta=\"{&quot;aperture&quot;:&quot;6.3&quot;,&quot;credit&quot;:&quot;Reija Satokangas&quot;,&quot;camera&quot;:&quot;Canon EOS 5D Mark IV&quot;,&quot;caption&quot;:&quot;&quot;,&quot;created_timestamp&quot;:&quot;1549546125&quot;,&quot;copyright&quot;:&quot;&quot;,&quot;focal_length&quot;:&quot;17&quot;,&quot;iso&quot;:&quot;320&quot;,&quot;shutter_speed&quot;:&quot;0.00625&quot;,&quot;title&quot;:&quot;&quot;,&quot;orientation&quot;:&quot;0&quot;}\" data-image-title=\"Tankavaara\" data-image-description=\"\" data-image-caption=\"\" data-large-file=\"https:\/\/www.satokangas.fi\/blogi\/wp-content\/uploads\/2019\/02\/Tankavaara.jpg\" class=\"aligncenter size-full wp-image-35914\" src=\"https:\/\/www.satokangas.fi\/blogi\/wp-content\/uploads\/2019\/02\/Tankavaara.jpg\" alt=\"\" width=\"1000\" height=\"667\" srcset=\"https:\/\/www.satokangas.fi\/blogi\/wp-content\/uploads\/2019\/02\/Tankavaara.jpg 1000w, https:\/\/www.satokangas.fi\/blogi\/wp-content\/uploads\/2019\/02\/Tankavaara-300x200.jpg 300w, https:\/\/www.satokangas.fi\/blogi\/wp-content\/uploads\/2019\/02\/Tankavaara-600x400.jpg 600w, https:\/\/www.satokangas.fi\/blogi\/wp-content\/uploads\/2019\/02\/Tankavaara-768x512.jpg 768w\" sizes=\"auto, (max-width: 1000px) 100vw, 1000px\" \/><\/a><\/p>\n<p>~~~~~~~~~~~~~~~~<\/p>\n<p>Pikakysely: tied\u00e4tk\u00f6, mik\u00e4 on &#8221;pirttip\u00e4iv\u00e4&#8221;?\u00a0 Ja jos viitsisit my\u00f6s vastata (&#8221;muu&#8221;-kohtaan), mit\u00e4 se sinun mielest\u00e4si tarkoittaa&#8230; Kiitos jo etuk\u00e4teen.<\/p>\n<p><script type=\"text\/javascript\" charset=\"utf-8\" src=\"https:\/\/secure.polldaddy.com\/p\/10233619.js\"><\/script><br \/>\n<noscript><a href=\"https:\/\/poll.fm\/10233619\">Mik\u00e4 on pirttip\u00e4iv\u00e4?<\/a><\/noscript><\/p>\n","protected":false},"excerpt":{"rendered":"<p>Aamulla n\u00e4ytti pahalta. Pakkanen on laskenut, joten mittarissa en\u00e4\u00e4 vain &#8211; 20 C. Ja s\u00e4\u00e4ennuste uhkasi, ett\u00e4 p\u00e4iv\u00e4n mittaan lauhtuu viel\u00e4 lis\u00e4\u00e4. Onneksi sent\u00e4\u00e4n &#8221;tuntuu kuin&#8221; n\u00e4ytti &#8211; 26 C ja puut heiluivat lupaavasti kertoen tuulen ja vinkan olevan tosiasia. Hieman kierrellen ja kaarrellen onnistuimme kuitenkin molemmat keksim\u00e4\u00e4n hiihdon sijaan muuta tekemist\u00e4 ja liikkumista. Mie l\u00e4hdin kohti etel\u00e4\u00e4: Kultakyl\u00e4\u00e4n ja &hellip; <\/p>\n","protected":false},"author":1,"featured_media":0,"comment_status":"open","ping_status":"open","sticky":false,"template":"","format":"standard","meta":{"jetpack_post_was_ever_published":false,"_jetpack_newsletter_access":"","_jetpack_dont_email_post_to_subs":false,"_jetpack_newsletter_tier_id":0,"_jetpack_memberships_contains_paywalled_content":false,"_jetpack_memberships_contains_paid_content":false,"footnotes":"","jetpack_publicize_message":"","jetpack_publicize_feature_enabled":true,"jetpack_social_post_already_shared":true,"jetpack_social_options":{"image_generator_settings":{"template":"highway","default_image_id":0,"font":"","enabled":false},"version":2}},"categories":[15,33,97,1,37],"tags":[],"class_list":["post-35910","post","type-post","status-publish","format-standard","hentry","category-lappi","category-liikkuminen","category-mokkielamaa","category-aiheeton","category-valokuvaus","latest_post"],"jetpack_publicize_connections":[],"jetpack_featured_media_url":"","jetpack_shortlink":"https:\/\/wp.me\/pr4p4-9lc","jetpack_sharing_enabled":true,"jetpack_likes_enabled":false,"jetpack-related-posts":[{"id":28817,"url":"https:\/\/www.satokangas.fi\/blogi\/2016\/07\/kullan-kuvien-etsinnassa\/","url_meta":{"origin":35910,"position":0},"title":"Kullan  (kuvien) etsinn\u00e4ss\u00e4","author":"Reija","date":"26.7.2016","format":false,"excerpt":"Aamiaisp\u00f6yd\u00e4ss\u00e4 aika varhain (klo 7 tai jotain) mietittiin \u00a0- kuten tapana on - mik\u00e4 olisi p\u00e4iv\u00e4n ohjelma. Mit\u00e4 teht\u00e4isiin, minne l\u00e4hdett\u00e4isiin? Oli viel\u00e4 aika aurinkoista, mutta s\u00e4\u00e4tiedotus pelotteli sateella ja ukkosella, s\u00e4\u00e4n viilemisell\u00e4, joten eip\u00e4 ihme, ett\u00e4 Pehtoori sanoi - ihan puun takaa! - ett\u00e4 \"L\u00e4hdet\u00e4\u00e4n Ouluun.\" - Ihan yht\u00e4\u2026","rel":"","context":"Kategoriassa &quot;Lappi&quot;","block_context":{"text":"Lappi","link":"https:\/\/www.satokangas.fi\/blogi\/category\/lappi\/"},"img":{"alt_text":"","src":"","width":0,"height":0},"classes":[]},{"id":40963,"url":"https:\/\/www.satokangas.fi\/blogi\/2021\/06\/tankavaarassa-paivaretkella\/","url_meta":{"origin":35910,"position":1},"title":"Tankavaarassa p\u00e4iv\u00e4retkell\u00e4","author":"Reija","date":"8.6.2021","format":false,"excerpt":"Riekko, kyy (ei ikin\u00e4 ennen t\u00e4\u00e4ll\u00e4!!!), tammukka. Ja paljon muuta. Kuvien \"teko\" edelleen v\u00e4h\u00e4n vaivalloista, ehk\u00e4 kotona palaan asiaan. Levollinen aamiainen, ja t\u00e4n\u00e4\u00e4n min\u00e4 wanderfuhrerin\u00e4 vein pienen retkueemme kohti Lapin sodan tuliasemia, korsuja, vankileirien seutuja. Jotta sellainen leppoisa kes\u00e4p\u00e4iv\u00e4n retki meill\u00e4. :)\u00a0 Noh, Pikku Tankavaaran karu historia ei luonnossa paljon\u2026","rel":"","context":"Kategoriassa &quot;Lappi&quot;","block_context":{"text":"Lappi","link":"https:\/\/www.satokangas.fi\/blogi\/category\/lappi\/"},"img":{"alt_text":"","src":"https:\/\/i0.wp.com\/www.satokangas.fi\/blogi\/wp-content\/uploads\/2021\/06\/Tankavaara-2.jpg?resize=350%2C200&ssl=1","width":350,"height":200,"srcset":"https:\/\/i0.wp.com\/www.satokangas.fi\/blogi\/wp-content\/uploads\/2021\/06\/Tankavaara-2.jpg?resize=350%2C200&ssl=1 1x, https:\/\/i0.wp.com\/www.satokangas.fi\/blogi\/wp-content\/uploads\/2021\/06\/Tankavaara-2.jpg?resize=525%2C300&ssl=1 1.5x, https:\/\/i0.wp.com\/www.satokangas.fi\/blogi\/wp-content\/uploads\/2021\/06\/Tankavaara-2.jpg?resize=700%2C400&ssl=1 2x, https:\/\/i0.wp.com\/www.satokangas.fi\/blogi\/wp-content\/uploads\/2021\/06\/Tankavaara-2.jpg?resize=1050%2C600&ssl=1 3x, https:\/\/i0.wp.com\/www.satokangas.fi\/blogi\/wp-content\/uploads\/2021\/06\/Tankavaara-2.jpg?resize=1400%2C800&ssl=1 4x"},"classes":[]},{"id":53460,"url":"https:\/\/www.satokangas.fi\/blogi\/2025\/11\/53460\/","url_meta":{"origin":35910,"position":2},"title":"Kaunisp\u00e4\u00e4ll\u00e4 kaunista","author":"Reija","date":"18.11.2025","format":false,"excerpt":"Ilmatieteen laitoksen sivulla luki aamulla: P\u00e4iv\u00e4n pituus Auringonnousu\u00a0t\u00e4n\u00e4\u00e4n\u00a09:45. Auringonlasku t\u00e4n\u00e4\u00e4n\u00a014:04. P\u00e4iv\u00e4n pituus 4 h 19 min. M\u00f6kin ulkol\u00e4mp\u00f6mittari n\u00e4ytti\u00a0 -18 C, joten aamup\u00e4iv\u00e4n agendalle ei merkitty muuta kuin kauppareissu, latujen l\u00e4ht\u00f6pisteell\u00e4 k\u00e4ynti ja tilanteen tarkastus ja ensimm\u00e4iseksi k\u00e4ynti Kaunisp\u00e4\u00e4n huipulla katsomassa auringonnousua. Varttia vaille kymmenen siell\u00e4 olimme me ja bussilastillinen\u2026","rel":"","context":"Kategoriassa &quot;Lappi&quot;","block_context":{"text":"Lappi","link":"https:\/\/www.satokangas.fi\/blogi\/category\/lappi\/"},"img":{"alt_text":"","src":"https:\/\/i0.wp.com\/www.satokangas.fi\/blogi\/wp-content\/uploads\/2025\/11\/KP_2025_11_p-2.jpg?resize=350%2C200&ssl=1","width":350,"height":200,"srcset":"https:\/\/i0.wp.com\/www.satokangas.fi\/blogi\/wp-content\/uploads\/2025\/11\/KP_2025_11_p-2.jpg?resize=350%2C200&ssl=1 1x, https:\/\/i0.wp.com\/www.satokangas.fi\/blogi\/wp-content\/uploads\/2025\/11\/KP_2025_11_p-2.jpg?resize=525%2C300&ssl=1 1.5x, https:\/\/i0.wp.com\/www.satokangas.fi\/blogi\/wp-content\/uploads\/2025\/11\/KP_2025_11_p-2.jpg?resize=700%2C400&ssl=1 2x"},"classes":[]},{"id":520,"url":"https:\/\/www.satokangas.fi\/blogi\/2008\/08\/haittaako-sade\/","url_meta":{"origin":35910,"position":3},"title":"Haittaako sade?","author":"Reija","date":"23.8.2008","format":false,"excerpt":"Sadetta. Melkein koko p\u00e4iv\u00e4n. Niinp\u00e4 aamup\u00e4iv\u00e4 t\u00f6it\u00e4 tehden. Kauppareissulla piipahdettiin Mets\u00e4hallituksen info-pisteess\u00e4 Kiehisess\u00e4. Mentiin hakemaan sienikirjaa: tultiin ulos viiden kirjan kanssa! Ja sitten sellainen vihkonen \"K\u00e4\u00e4pien tunnistuskortit\". Ja eikun se taskuun ja kamera mukaan ja mets\u00e4\u00e4n: nyt tunnistan jo Taulak\u00e4\u00e4v\u00e4n (yll\u00e4) ja P\u00f6kkel\u00f6k\u00e4\u00e4v\u00e4n (metka, ihan kuin purkkapallo).Sateen yltyess\u00e4 siirryttiin sis\u00e4lle,\u2026","rel":"","context":"Kategoriassa &quot;Lappi&quot;","block_context":{"text":"Lappi","link":"https:\/\/www.satokangas.fi\/blogi\/category\/lappi\/"},"img":{"alt_text":"","src":"","width":0,"height":0},"classes":[]},{"id":35880,"url":"https:\/\/www.satokangas.fi\/blogi\/2019\/02\/35880\/","url_meta":{"origin":35910,"position":4},"title":"Tunturissa ei palella","author":"Reija","date":"3.2.2019","format":false,"excerpt":"Aamusella olimme kymmenelt\u00e4 pihalla ja mietimme, mille alettaisiin. Oli vain todettava, ett\u00e4 on KYLM\u00c4. (- 31 C n\u00e4ytti terassin iso mittari). Hiiht\u00e4m\u00e4\u00e4n ei, m\u00e4keen ei. Lumit\u00f6it\u00e4 olisi viel\u00e4, - lumilinko l\u00e4mpenem\u00e4\u00e4n. Pehtoori p\u00e4\u00e4tti j\u00e4\u00e4d\u00e4 pihahommiin. Min\u00e4 l\u00e4hdin kauppaan ja \"k\u00e4yn Kaunisp\u00e4\u00e4ll\u00e4, jos tarkenisin kuvailla v\u00e4h\u00e4n\". Ajoin Partio-Aitan kautta ja olisin\u2026","rel":"","context":"Kategoriassa &quot;Lappi&quot;","block_context":{"text":"Lappi","link":"https:\/\/www.satokangas.fi\/blogi\/category\/lappi\/"},"img":{"alt_text":"","src":"https:\/\/i0.wp.com\/www.satokangas.fi\/blogi\/wp-content\/uploads\/2019\/02\/1-3.jpg?resize=350%2C200&ssl=1","width":350,"height":200,"srcset":"https:\/\/i0.wp.com\/www.satokangas.fi\/blogi\/wp-content\/uploads\/2019\/02\/1-3.jpg?resize=350%2C200&ssl=1 1x, https:\/\/i0.wp.com\/www.satokangas.fi\/blogi\/wp-content\/uploads\/2019\/02\/1-3.jpg?resize=525%2C300&ssl=1 1.5x, https:\/\/i0.wp.com\/www.satokangas.fi\/blogi\/wp-content\/uploads\/2019\/02\/1-3.jpg?resize=700%2C400&ssl=1 2x"},"classes":[]},{"id":30040,"url":"https:\/\/www.satokangas.fi\/blogi\/2017\/01\/aikaistettu-paluu\/","url_meta":{"origin":35910,"position":5},"title":"Aikaistettu paluu","author":"Reija","date":"3.1.2017","format":false,"excerpt":"Pohjoisesta oli aika l\u00e4hte\u00e4. Emme suinkaan l\u00e4hteneet pakoon pakkasta. Oltiinhan siell\u00e4 viime vuonnakin samoihin aikoihin, - ja pakkasta oli -40 C ja risat. T\u00e4n\u00e4 aamuna her\u00e4tess\u00e4 mittari n\u00e4ytti parisenkymment\u00e4 miinusta. Ja taivas t\u00e4hdess\u00e4 ja kirkas! Y\u00f6ll\u00e4 oli satanut v\u00e4h\u00e4n kaunista, kimmelt\u00e4v\u00e4\u00e4 puuterilunta, joten m\u00f6kkimaisema mit\u00e4 kaunein. Kahdeksan j\u00e4lkeen, jo k\u00e4yty\u00e4ni\u2026","rel":"","context":"Kategoriassa &quot;Lappi&quot;","block_context":{"text":"Lappi","link":"https:\/\/www.satokangas.fi\/blogi\/category\/lappi\/"},"img":{"alt_text":"","src":"https:\/\/i0.wp.com\/www.satokangas.fi\/blogi\/wp-content\/uploads\/2017\/01\/1-2-600x360.jpg?resize=350%2C200&ssl=1","width":350,"height":200,"srcset":"https:\/\/i0.wp.com\/www.satokangas.fi\/blogi\/wp-content\/uploads\/2017\/01\/1-2-600x360.jpg?resize=350%2C200&ssl=1 1x, https:\/\/i0.wp.com\/www.satokangas.fi\/blogi\/wp-content\/uploads\/2017\/01\/1-2-600x360.jpg?resize=525%2C300&ssl=1 1.5x"},"classes":[]}],"_links":{"self":[{"href":"https:\/\/www.satokangas.fi\/blogi\/wp-json\/wp\/v2\/posts\/35910","targetHints":{"allow":["GET"]}}],"collection":[{"href":"https:\/\/www.satokangas.fi\/blogi\/wp-json\/wp\/v2\/posts"}],"about":[{"href":"https:\/\/www.satokangas.fi\/blogi\/wp-json\/wp\/v2\/types\/post"}],"author":[{"embeddable":true,"href":"https:\/\/www.satokangas.fi\/blogi\/wp-json\/wp\/v2\/users\/1"}],"replies":[{"embeddable":true,"href":"https:\/\/www.satokangas.fi\/blogi\/wp-json\/wp\/v2\/comments?post=35910"}],"version-history":[{"count":0,"href":"https:\/\/www.satokangas.fi\/blogi\/wp-json\/wp\/v2\/posts\/35910\/revisions"}],"wp:attachment":[{"href":"https:\/\/www.satokangas.fi\/blogi\/wp-json\/wp\/v2\/media?parent=35910"}],"wp:term":[{"taxonomy":"category","embeddable":true,"href":"https:\/\/www.satokangas.fi\/blogi\/wp-json\/wp\/v2\/categories?post=35910"},{"taxonomy":"post_tag","embeddable":true,"href":"https:\/\/www.satokangas.fi\/blogi\/wp-json\/wp\/v2\/tags?post=35910"}],"curies":[{"name":"wp","href":"https:\/\/api.w.org\/{rel}","templated":true}]}}