{"id":35904,"date":"2019-02-06T20:46:42","date_gmt":"2019-02-06T18:46:42","guid":{"rendered":"https:\/\/www.satokangas.fi\/blogi\/?p=35904"},"modified":"2019-02-07T07:32:27","modified_gmt":"2019-02-07T05:32:27","slug":"ivalossa-retkella","status":"publish","type":"post","link":"https:\/\/www.satokangas.fi\/blogi\/2019\/02\/ivalossa-retkella\/","title":{"rendered":"Ivalossa retkell\u00e4"},"content":{"rendered":"<div class=\"NFQFxe oHglmf xzPb7d viOShc mod\" lang=\"fi-FI\" data-md=\"32\">\n<div id=\"media_result_group\" class=\"kno-mrg-hnm kno-mrg-si kno-mrg kno-swp\" data-hveid=\"CAgQAg\">\n<div class=\"AX4s9b kno-ibrg\">\n<div class=\"img-brk\" data-nr=\"1\">\n<div class=\"birrg\">\n<div style=\"text-align: justify;\" data-docid=\"EmDDjmgZrCYU0M:\" data-lpage=\"\/imgres?imgurl=https:\/\/images.cdn.yle.fi\/image\/upload\/\/w_1198,h_893,f_auto,fl_lossy,q_auto\/13-3-8878589.jpg&amp;imgrefurl=https:\/\/yle.fi\/uutiset\/3-9095918&amp;h=893&amp;w=1198&amp;tbnid=EmDDjmgZrCYU0M:&amp;q=saamen+lippu&amp;tbnh=160&amp;tbnw=214&amp;usg=AI4_-kSonyMQ62WbXw271v57GaySs1uSvg&amp;vet=1&amp;docid=mHYR6adS_yfQ6M\" data-ved=\"2ahUKEwj9uqKY0afgAhWqhKYKHQYMAUEQzkwoADAAegQICBAF\"><a href=\"https:\/\/www.satokangas.fi\/blogi\/2019\/02\/ivalossa-retkella\/ivalo-2\/#main\" rel=\"attachment wp-att-35905\"><img loading=\"lazy\" decoding=\"async\" data-attachment-id=\"35905\" data-permalink=\"https:\/\/www.satokangas.fi\/blogi\/2019\/02\/ivalossa-retkella\/ivalo-2\/\" data-orig-file=\"https:\/\/www.satokangas.fi\/blogi\/wp-content\/uploads\/2019\/02\/Ivalo-2.jpg\" data-orig-size=\"1000,667\" data-comments-opened=\"1\" data-image-meta=\"{&quot;aperture&quot;:&quot;8&quot;,&quot;credit&quot;:&quot;Reija Satokangas&quot;,&quot;camera&quot;:&quot;Canon EOS 5D Mark IV&quot;,&quot;caption&quot;:&quot;&quot;,&quot;created_timestamp&quot;:&quot;1549456436&quot;,&quot;copyright&quot;:&quot;&quot;,&quot;focal_length&quot;:&quot;16&quot;,&quot;iso&quot;:&quot;250&quot;,&quot;shutter_speed&quot;:&quot;0.0025&quot;,&quot;title&quot;:&quot;&quot;,&quot;orientation&quot;:&quot;0&quot;}\" data-image-title=\"Ivalo-2\" data-image-description=\"\" data-image-caption=\"\" data-large-file=\"https:\/\/www.satokangas.fi\/blogi\/wp-content\/uploads\/2019\/02\/Ivalo-2.jpg\" class=\"aligncenter size-full wp-image-35905\" src=\"https:\/\/www.satokangas.fi\/blogi\/wp-content\/uploads\/2019\/02\/Ivalo-2.jpg\" alt=\"\" width=\"1000\" height=\"667\" srcset=\"https:\/\/www.satokangas.fi\/blogi\/wp-content\/uploads\/2019\/02\/Ivalo-2.jpg 1000w, https:\/\/www.satokangas.fi\/blogi\/wp-content\/uploads\/2019\/02\/Ivalo-2-300x200.jpg 300w, https:\/\/www.satokangas.fi\/blogi\/wp-content\/uploads\/2019\/02\/Ivalo-2-600x400.jpg 600w, https:\/\/www.satokangas.fi\/blogi\/wp-content\/uploads\/2019\/02\/Ivalo-2-768x512.jpg 768w\" sizes=\"auto, (max-width: 1000px) 100vw, 1000px\" \/><\/a><\/div>\n<div style=\"text-align: justify;\" data-docid=\"EmDDjmgZrCYU0M:\" data-lpage=\"\/imgres?imgurl=https:\/\/images.cdn.yle.fi\/image\/upload\/\/w_1198,h_893,f_auto,fl_lossy,q_auto\/13-3-8878589.jpg&amp;imgrefurl=https:\/\/yle.fi\/uutiset\/3-9095918&amp;h=893&amp;w=1198&amp;tbnid=EmDDjmgZrCYU0M:&amp;q=saamen+lippu&amp;tbnh=160&amp;tbnw=214&amp;usg=AI4_-kSonyMQ62WbXw271v57GaySs1uSvg&amp;vet=1&amp;docid=mHYR6adS_yfQ6M\" data-ved=\"2ahUKEwj9uqKY0afgAhWqhKYKHQYMAUEQzkwoADAAegQICBAF\"><\/div>\n<div style=\"text-align: justify;\" data-docid=\"EmDDjmgZrCYU0M:\" data-lpage=\"\/imgres?imgurl=https:\/\/images.cdn.yle.fi\/image\/upload\/\/w_1198,h_893,f_auto,fl_lossy,q_auto\/13-3-8878589.jpg&amp;imgrefurl=https:\/\/yle.fi\/uutiset\/3-9095918&amp;h=893&amp;w=1198&amp;tbnid=EmDDjmgZrCYU0M:&amp;q=saamen+lippu&amp;tbnh=160&amp;tbnw=214&amp;usg=AI4_-kSonyMQ62WbXw271v57GaySs1uSvg&amp;vet=1&amp;docid=mHYR6adS_yfQ6M\" data-ved=\"2ahUKEwj9uqKY0afgAhWqhKYKHQYMAUEQzkwoADAAegQICBAF\"><span style=\"text-align: justify;\">Siell\u00e4 min\u00e4 t\u00e4n\u00e4\u00e4n seisoin yksikseni (vain Canon seuranani) Ivalojoen j\u00e4\u00e4ll\u00e4 iltap\u00e4iv\u00e4n auringossa &#8211; 26 Celsiuksen pakkasessa saamelaisten kansallisp\u00e4iv\u00e4n\u00e4. Nuo et\u00e4isyydet mietiyttiv\u00e4t. Ja varsinkin kun ajattelin niit\u00e4 sata, tai kaksisataa vuotta sitten, &#8211; silloin kun ei ollut moottorikelkkoja. Mietinp\u00e4 siis historiaa. Omaanikin.<\/span><\/div>\n<div style=\"text-align: justify;\" data-docid=\"EmDDjmgZrCYU0M:\" data-lpage=\"\/imgres?imgurl=https:\/\/images.cdn.yle.fi\/image\/upload\/\/w_1198,h_893,f_auto,fl_lossy,q_auto\/13-3-8878589.jpg&amp;imgrefurl=https:\/\/yle.fi\/uutiset\/3-9095918&amp;h=893&amp;w=1198&amp;tbnid=EmDDjmgZrCYU0M:&amp;q=saamen+lippu&amp;tbnh=160&amp;tbnw=214&amp;usg=AI4_-kSonyMQ62WbXw271v57GaySs1uSvg&amp;vet=1&amp;docid=mHYR6adS_yfQ6M\" data-ved=\"2ahUKEwj9uqKY0afgAhWqhKYKHQYMAUEQzkwoADAAegQICBAF\">\n<p style=\"text-align: justify;\">Mietin, ett\u00e4 joskus ennen minulla oli ihan tapanani &#8211; vuosikausia, vuosikymmeni\u00e4 &#8211; viett\u00e4\u00e4 helmikuun keskiviikot (ja aika lailla kaikki muutkin p\u00e4iv\u00e4t, ainakin arkip\u00e4iv\u00e4t) yliopistokampuksella touhuten kaikenmoista &#8211; silloin oli paljon l\u00e4mpim\u00e4mp\u00e4\u00e4, touhukkaampaa, kiireemp\u00e4\u00e4. Ja monta muutakin a<span class=\"text_exposed_show\">siaa oli toisin. Hyvin silloin, hyvin nyt.\u00a0<\/span><\/p>\n<\/div>\n<div style=\"text-align: justify;\" data-docid=\"EmDDjmgZrCYU0M:\" data-lpage=\"\/imgres?imgurl=https:\/\/images.cdn.yle.fi\/image\/upload\/\/w_1198,h_893,f_auto,fl_lossy,q_auto\/13-3-8878589.jpg&amp;imgrefurl=https:\/\/yle.fi\/uutiset\/3-9095918&amp;h=893&amp;w=1198&amp;tbnid=EmDDjmgZrCYU0M:&amp;q=saamen+lippu&amp;tbnh=160&amp;tbnw=214&amp;usg=AI4_-kSonyMQ62WbXw271v57GaySs1uSvg&amp;vet=1&amp;docid=mHYR6adS_yfQ6M\" data-ved=\"2ahUKEwj9uqKY0afgAhWqhKYKHQYMAUEQzkwoADAAegQICBAF\"><span class=\"text_exposed_show\">Olin p\u00e4iv\u00e4n kuvausreissulla, Ivalon suunnalla enimm\u00e4kseen. Huolimatta, ett\u00e4 autolla sinne ajelin, tulin kuitenkin melkein sen 10 000 askelta siell\u00e4 ja matkan varrella tepastelleeksi. Pehtoori oli saman verran touhunnut m\u00f6kin pihapiiriss\u00e4 ja l\u00e4hitienooolla.<\/span><\/div>\n<div style=\"text-align: justify;\" data-docid=\"EmDDjmgZrCYU0M:\" data-lpage=\"\/imgres?imgurl=https:\/\/images.cdn.yle.fi\/image\/upload\/\/w_1198,h_893,f_auto,fl_lossy,q_auto\/13-3-8878589.jpg&amp;imgrefurl=https:\/\/yle.fi\/uutiset\/3-9095918&amp;h=893&amp;w=1198&amp;tbnid=EmDDjmgZrCYU0M:&amp;q=saamen+lippu&amp;tbnh=160&amp;tbnw=214&amp;usg=AI4_-kSonyMQ62WbXw271v57GaySs1uSvg&amp;vet=1&amp;docid=mHYR6adS_yfQ6M\" data-ved=\"2ahUKEwj9uqKY0afgAhWqhKYKHQYMAUEQzkwoADAAegQICBAF\"><\/div>\n<div style=\"text-align: justify;\" data-docid=\"EmDDjmgZrCYU0M:\" data-lpage=\"\/imgres?imgurl=https:\/\/images.cdn.yle.fi\/image\/upload\/\/w_1198,h_893,f_auto,fl_lossy,q_auto\/13-3-8878589.jpg&amp;imgrefurl=https:\/\/yle.fi\/uutiset\/3-9095918&amp;h=893&amp;w=1198&amp;tbnid=EmDDjmgZrCYU0M:&amp;q=saamen+lippu&amp;tbnh=160&amp;tbnw=214&amp;usg=AI4_-kSonyMQ62WbXw271v57GaySs1uSvg&amp;vet=1&amp;docid=mHYR6adS_yfQ6M\" data-ved=\"2ahUKEwj9uqKY0afgAhWqhKYKHQYMAUEQzkwoADAAegQICBAF\"><\/div>\n<div style=\"text-align: justify;\" data-docid=\"EmDDjmgZrCYU0M:\" data-lpage=\"\/imgres?imgurl=https:\/\/images.cdn.yle.fi\/image\/upload\/\/w_1198,h_893,f_auto,fl_lossy,q_auto\/13-3-8878589.jpg&amp;imgrefurl=https:\/\/yle.fi\/uutiset\/3-9095918&amp;h=893&amp;w=1198&amp;tbnid=EmDDjmgZrCYU0M:&amp;q=saamen+lippu&amp;tbnh=160&amp;tbnw=214&amp;usg=AI4_-kSonyMQ62WbXw271v57GaySs1uSvg&amp;vet=1&amp;docid=mHYR6adS_yfQ6M\" data-ved=\"2ahUKEwj9uqKY0afgAhWqhKYKHQYMAUEQzkwoADAAegQICBAF\">Minulla ei niink\u00e4\u00e4n m\u00f6kkihuoltoon ja liikuntaan liittyv\u00e4\u00e4 liikkumista, vaan etsiskelin kuvauskohteita, tutustuin Ivaloon entist\u00e4kin paremmmin. Ja etsin saamelaisten lippua, &#8211; onhan t\u00e4n\u00e4\u00e4n saamelaisten kansallisp\u00e4iv\u00e4. Kunnantalolta l\u00f6ysin, mutta kun se oli kietoutunut lipputangon ymp\u00e4rille, niin ei ollut oikein kuvattava. Etsin koulua tai sairaalaa, joiden pihalla arvelin lipun l\u00f6ytyv\u00e4n. Enp\u00e4 olekaan vuosiin Ivalon tk:n pihalla k\u00e4ynyt. Edellisest\u00e4 kerrasta on vuosikymmeni\u00e4. \ud83d\ude09 Noh, t\u00e4n\u00e4\u00e4n sielt\u00e4 l\u00f6ytyi lippu.<\/div>\n<div style=\"text-align: justify;\" data-docid=\"EmDDjmgZrCYU0M:\" data-lpage=\"\/imgres?imgurl=https:\/\/images.cdn.yle.fi\/image\/upload\/\/w_1198,h_893,f_auto,fl_lossy,q_auto\/13-3-8878589.jpg&amp;imgrefurl=https:\/\/yle.fi\/uutiset\/3-9095918&amp;h=893&amp;w=1198&amp;tbnid=EmDDjmgZrCYU0M:&amp;q=saamen+lippu&amp;tbnh=160&amp;tbnw=214&amp;usg=AI4_-kSonyMQ62WbXw271v57GaySs1uSvg&amp;vet=1&amp;docid=mHYR6adS_yfQ6M\" data-ved=\"2ahUKEwj9uqKY0afgAhWqhKYKHQYMAUEQzkwoADAAegQICBAF\"><\/div>\n<div data-docid=\"EmDDjmgZrCYU0M:\" data-lpage=\"\/imgres?imgurl=https:\/\/images.cdn.yle.fi\/image\/upload\/\/w_1198,h_893,f_auto,fl_lossy,q_auto\/13-3-8878589.jpg&amp;imgrefurl=https:\/\/yle.fi\/uutiset\/3-9095918&amp;h=893&amp;w=1198&amp;tbnid=EmDDjmgZrCYU0M:&amp;q=saamen+lippu&amp;tbnh=160&amp;tbnw=214&amp;usg=AI4_-kSonyMQ62WbXw271v57GaySs1uSvg&amp;vet=1&amp;docid=mHYR6adS_yfQ6M\" data-ved=\"2ahUKEwj9uqKY0afgAhWqhKYKHQYMAUEQzkwoADAAegQICBAF\"><\/div>\n<div data-docid=\"EmDDjmgZrCYU0M:\" data-lpage=\"\/imgres?imgurl=https:\/\/images.cdn.yle.fi\/image\/upload\/\/w_1198,h_893,f_auto,fl_lossy,q_auto\/13-3-8878589.jpg&amp;imgrefurl=https:\/\/yle.fi\/uutiset\/3-9095918&amp;h=893&amp;w=1198&amp;tbnid=EmDDjmgZrCYU0M:&amp;q=saamen+lippu&amp;tbnh=160&amp;tbnw=214&amp;usg=AI4_-kSonyMQ62WbXw271v57GaySs1uSvg&amp;vet=1&amp;docid=mHYR6adS_yfQ6M\" data-ved=\"2ahUKEwj9uqKY0afgAhWqhKYKHQYMAUEQzkwoADAAegQICBAF\"><\/div>\n<div data-docid=\"EmDDjmgZrCYU0M:\" data-lpage=\"\/imgres?imgurl=https:\/\/images.cdn.yle.fi\/image\/upload\/\/w_1198,h_893,f_auto,fl_lossy,q_auto\/13-3-8878589.jpg&amp;imgrefurl=https:\/\/yle.fi\/uutiset\/3-9095918&amp;h=893&amp;w=1198&amp;tbnid=EmDDjmgZrCYU0M:&amp;q=saamen+lippu&amp;tbnh=160&amp;tbnw=214&amp;usg=AI4_-kSonyMQ62WbXw271v57GaySs1uSvg&amp;vet=1&amp;docid=mHYR6adS_yfQ6M\" data-ved=\"2ahUKEwj9uqKY0afgAhWqhKYKHQYMAUEQzkwoADAAegQICBAF\"><\/div>\n<div data-docid=\"EmDDjmgZrCYU0M:\" data-lpage=\"\/imgres?imgurl=https:\/\/images.cdn.yle.fi\/image\/upload\/\/w_1198,h_893,f_auto,fl_lossy,q_auto\/13-3-8878589.jpg&amp;imgrefurl=https:\/\/yle.fi\/uutiset\/3-9095918&amp;h=893&amp;w=1198&amp;tbnid=EmDDjmgZrCYU0M:&amp;q=saamen+lippu&amp;tbnh=160&amp;tbnw=214&amp;usg=AI4_-kSonyMQ62WbXw271v57GaySs1uSvg&amp;vet=1&amp;docid=mHYR6adS_yfQ6M\" data-ved=\"2ahUKEwj9uqKY0afgAhWqhKYKHQYMAUEQzkwoADAAegQICBAF\"><a href=\"https:\/\/www.satokangas.fi\/blogi\/2019\/02\/ivalossa-retkella\/ivalo-4\/#main\" rel=\"attachment wp-att-35906\"><img loading=\"lazy\" decoding=\"async\" data-attachment-id=\"35906\" data-permalink=\"https:\/\/www.satokangas.fi\/blogi\/2019\/02\/ivalossa-retkella\/ivalo-4\/\" data-orig-file=\"https:\/\/www.satokangas.fi\/blogi\/wp-content\/uploads\/2019\/02\/Ivalo-4.jpg\" data-orig-size=\"667,1000\" data-comments-opened=\"1\" data-image-meta=\"{&quot;aperture&quot;:&quot;4.5&quot;,&quot;credit&quot;:&quot;Reija Satokangas&quot;,&quot;camera&quot;:&quot;Canon EOS 5D Mark IV&quot;,&quot;caption&quot;:&quot;&quot;,&quot;created_timestamp&quot;:&quot;1549459712&quot;,&quot;copyright&quot;:&quot;&quot;,&quot;focal_length&quot;:&quot;75&quot;,&quot;iso&quot;:&quot;640&quot;,&quot;shutter_speed&quot;:&quot;0.000625&quot;,&quot;title&quot;:&quot;&quot;,&quot;orientation&quot;:&quot;0&quot;}\" data-image-title=\"Ivalo-4\" data-image-description=\"\" data-image-caption=\"\" data-large-file=\"https:\/\/www.satokangas.fi\/blogi\/wp-content\/uploads\/2019\/02\/Ivalo-4.jpg\" class=\"aligncenter size-full wp-image-35906\" src=\"https:\/\/www.satokangas.fi\/blogi\/wp-content\/uploads\/2019\/02\/Ivalo-4.jpg\" alt=\"\" width=\"667\" height=\"1000\" srcset=\"https:\/\/www.satokangas.fi\/blogi\/wp-content\/uploads\/2019\/02\/Ivalo-4.jpg 667w, https:\/\/www.satokangas.fi\/blogi\/wp-content\/uploads\/2019\/02\/Ivalo-4-200x300.jpg 200w, https:\/\/www.satokangas.fi\/blogi\/wp-content\/uploads\/2019\/02\/Ivalo-4-267x400.jpg 267w\" sizes=\"auto, (max-width: 667px) 100vw, 667px\" \/><\/a><\/div>\n<div data-docid=\"EmDDjmgZrCYU0M:\" data-lpage=\"\/imgres?imgurl=https:\/\/images.cdn.yle.fi\/image\/upload\/\/w_1198,h_893,f_auto,fl_lossy,q_auto\/13-3-8878589.jpg&amp;imgrefurl=https:\/\/yle.fi\/uutiset\/3-9095918&amp;h=893&amp;w=1198&amp;tbnid=EmDDjmgZrCYU0M:&amp;q=saamen+lippu&amp;tbnh=160&amp;tbnw=214&amp;usg=AI4_-kSonyMQ62WbXw271v57GaySs1uSvg&amp;vet=1&amp;docid=mHYR6adS_yfQ6M\" data-ved=\"2ahUKEwj9uqKY0afgAhWqhKYKHQYMAUEQzkwoADAAegQICBAF\">\n<p>&nbsp;<\/p>\n<p>Ja tietysti k\u00e4vin K-kaupasta hakemassa kalaa meid\u00e4n ruokap\u00f6yt\u00e4\u00e4n. Ja ket\u00e4 muita isossa hyv\u00e4ss\u00e4 kaupassa minun lis\u00e4kseni oli? Useampi seurue aasialaisia ostamassa Fazerin suklaata, Muumi-v\u00e4rityskirjoja, Muumi-teet\u00e4, poronsarven palasia\u00a0 &#8230; \ud83d\ude09<\/p>\n<p>Paluumatkaan meni paljon kauemmi kuin se reilu puolituntia joka tavallisesti kuluu. Montakohan kertaa pys\u00e4hdyin?<\/p>\n<p>&nbsp;<\/p>\n<p><a href=\"https:\/\/www.satokangas.fi\/blogi\/2019\/02\/ivalossa-retkella\/ivalo-5\/#main\" rel=\"attachment wp-att-35907\"><img loading=\"lazy\" decoding=\"async\" data-attachment-id=\"35907\" data-permalink=\"https:\/\/www.satokangas.fi\/blogi\/2019\/02\/ivalossa-retkella\/ivalo-5\/\" data-orig-file=\"https:\/\/www.satokangas.fi\/blogi\/wp-content\/uploads\/2019\/02\/Ivalo-5.jpg\" data-orig-size=\"1000,667\" data-comments-opened=\"1\" data-image-meta=\"{&quot;aperture&quot;:&quot;10&quot;,&quot;credit&quot;:&quot;Reija Satokangas&quot;,&quot;camera&quot;:&quot;Canon EOS 5D Mark IV&quot;,&quot;caption&quot;:&quot;&quot;,&quot;created_timestamp&quot;:&quot;1549463154&quot;,&quot;copyright&quot;:&quot;&quot;,&quot;focal_length&quot;:&quot;200&quot;,&quot;iso&quot;:&quot;640&quot;,&quot;shutter_speed&quot;:&quot;0.000125&quot;,&quot;title&quot;:&quot;&quot;,&quot;orientation&quot;:&quot;0&quot;}\" data-image-title=\"Ivalo-5\" data-image-description=\"\" data-image-caption=\"\" data-large-file=\"https:\/\/www.satokangas.fi\/blogi\/wp-content\/uploads\/2019\/02\/Ivalo-5.jpg\" class=\"aligncenter size-full wp-image-35907\" src=\"https:\/\/www.satokangas.fi\/blogi\/wp-content\/uploads\/2019\/02\/Ivalo-5.jpg\" alt=\"\" width=\"1000\" height=\"667\" srcset=\"https:\/\/www.satokangas.fi\/blogi\/wp-content\/uploads\/2019\/02\/Ivalo-5.jpg 1000w, https:\/\/www.satokangas.fi\/blogi\/wp-content\/uploads\/2019\/02\/Ivalo-5-300x200.jpg 300w, https:\/\/www.satokangas.fi\/blogi\/wp-content\/uploads\/2019\/02\/Ivalo-5-600x400.jpg 600w, https:\/\/www.satokangas.fi\/blogi\/wp-content\/uploads\/2019\/02\/Ivalo-5-768x512.jpg 768w\" sizes=\"auto, (max-width: 1000px) 100vw, 1000px\" \/><\/a><\/p>\n<p style=\"text-align: center;\">Hyv\u00e4\u00e4 saamelaisten kansallisp\u00e4iv\u00e4\u00e4 t\u00e4\u00e4lt\u00e4 Lapinmaasta.<\/p>\n<p style=\"text-align: center;\">Buori s\u00e1mi \u00e1lbmotbeaivvi buohkaide! (Davvis\u00e1mi\/<wbr><\/wbr>pohjoissaameksi).<br \/>\nPyeri s\u00e4\u00e4mi aalmugpeeivi puohh\u00e1id! (Anar\u00e2\u0161kiel\u00e2n\/<wbr><\/wbr>inarinsaameksi).<br \/>\n\u0160i\u00f5\u01e5\u01e5 saa\u00b4mi meersa\u017epeei\u00b4v pukid! (Nu\u00f5rtts\u00e4\u00e4\u00b4m\/<wbr><\/wbr>koltansaameksi)<\/p>\n<p style=\"text-align: center;\">Wikipedia lainaus: &#8221;Saamen lippu\u00a0on\u00a0saamelaisten\u00a0kansallisuuden tunnus, joka virallistettiin vuonna 1986.<br \/>\nLipussa on kaksiv\u00e4rinen ympyr\u00e4, jonka sininen osa kuvaa kuuta ja punainen osa aurinkoa.<br \/>\nLipun\u00a0v\u00e4rit tulevat saamelaisten\u00a0kansan- ja kansallispuvussa gaktissa k\u00e4ytt\u00e4mist\u00e4 v\u00e4reist\u00e4.&#8221;<\/p>\n<\/div>\n<\/div>\n<\/div>\n<\/div>\n<\/div>\n<\/div>\n","protected":false},"excerpt":{"rendered":"<p>Siell\u00e4 min\u00e4 t\u00e4n\u00e4\u00e4n seisoin yksikseni (vain Canon seuranani) Ivalojoen j\u00e4\u00e4ll\u00e4 iltap\u00e4iv\u00e4n auringossa &#8211; 26 Celsiuksen pakkasessa saamelaisten kansallisp\u00e4iv\u00e4n\u00e4. Nuo et\u00e4isyydet mietiyttiv\u00e4t. Ja varsinkin kun ajattelin niit\u00e4 sata, tai kaksisataa vuotta sitten, &#8211; silloin kun ei ollut moottorikelkkoja. Mietinp\u00e4 siis historiaa. Omaanikin. Mietin, ett\u00e4 joskus ennen minulla oli ihan tapanani &#8211; vuosikausia, vuosikymmeni\u00e4 &#8211; viett\u00e4\u00e4 helmikuun keskiviikot (ja aika lailla kaikki &hellip; <\/p>\n","protected":false},"author":1,"featured_media":0,"comment_status":"open","ping_status":"open","sticky":false,"template":"","format":"standard","meta":{"jetpack_post_was_ever_published":false,"_jetpack_newsletter_access":"","_jetpack_dont_email_post_to_subs":false,"_jetpack_newsletter_tier_id":0,"_jetpack_memberships_contains_paywalled_content":false,"_jetpack_memberships_contains_paid_content":false,"footnotes":"","jetpack_publicize_message":"","jetpack_publicize_feature_enabled":true,"jetpack_social_post_already_shared":true,"jetpack_social_options":{"image_generator_settings":{"template":"highway","default_image_id":0,"font":"","enabled":false},"version":2}},"categories":[15],"tags":[],"class_list":["post-35904","post","type-post","status-publish","format-standard","hentry","category-lappi","latest_post"],"jetpack_publicize_connections":[],"jetpack_featured_media_url":"","jetpack_shortlink":"https:\/\/wp.me\/pr4p4-9l6","jetpack_sharing_enabled":true,"jetpack_likes_enabled":false,"jetpack-related-posts":[{"id":50486,"url":"https:\/\/www.satokangas.fi\/blogi\/2024\/09\/mokkiseuturetkella\/","url_meta":{"origin":35904,"position":0},"title":"&#8221;M\u00f6kkiseuturetkell\u00e4&#8221;","author":"Reija","date":"4.9.2024","format":false,"excerpt":"On kotiseuturetki\u00e4, on ryhm\u00e4matkojen \"kokop\u00e4iv\u00e4retki\u00e4\", on turistiretki\u00e4. Meill\u00e4 oli t\u00e4n\u00e4\u00e4n \"m\u00f6kkiseuturetki\". P\u00e4\u00e4timme l\u00e4hte\u00e4 autolla \"jonnekin\".\u00a0Koko pitk\u00e4 p\u00e4iv\u00e4 oltiin reissun p\u00e4\u00e4ll\u00e4. K\u00e4vimme uusissa ja tutuissa paikoissa. Ajelimme ja k\u00e4velimme, jopa pient\u00e4 patikan tuntuakin v\u00e4lill\u00e4. Kameran muistikortilla on yli 200 kuvaa, mik\u00e4 kertonee siit\u00e4, ett\u00e4 kohdalle on sattunut jotain mielenkiintoista, kaunista, ennenn\u00e4kem\u00e4t\u00f6nt\u00e4,\u2026","rel":"","context":"Kategoriassa &quot;Lappi&quot;","block_context":{"text":"Lappi","link":"https:\/\/www.satokangas.fi\/blogi\/category\/lappi\/"},"img":{"alt_text":"","src":"https:\/\/i0.wp.com\/www.satokangas.fi\/blogi\/wp-content\/uploads\/2024\/09\/Nellim-3.jpg?resize=350%2C200&ssl=1","width":350,"height":200,"srcset":"https:\/\/i0.wp.com\/www.satokangas.fi\/blogi\/wp-content\/uploads\/2024\/09\/Nellim-3.jpg?resize=350%2C200&ssl=1 1x, https:\/\/i0.wp.com\/www.satokangas.fi\/blogi\/wp-content\/uploads\/2024\/09\/Nellim-3.jpg?resize=525%2C300&ssl=1 1.5x, https:\/\/i0.wp.com\/www.satokangas.fi\/blogi\/wp-content\/uploads\/2024\/09\/Nellim-3.jpg?resize=700%2C400&ssl=1 2x"},"classes":[]},{"id":25365,"url":"https:\/\/www.satokangas.fi\/blogi\/2015\/07\/ruokaretki-inariin\/","url_meta":{"origin":35904,"position":1},"title":"(Ruoka)retki Inariin","author":"Reija","date":"27.7.2015","format":false,"excerpt":"Aamu sateinen, eik\u00e4 ennuste luvannut mit\u00e4\u00e4n kummempaa koko p\u00e4iv\u00e4ksi. Siisp\u00e4 p\u00e4\u00e4timme toteuttaa jo eilen suunnitellun retken Inariin. Yst\u00e4viemme iloksi ja ihastukseksi ajoimme ensimm\u00e4iseksi Ivalon keskustassa olevan Kenk\u00e4-Asun eteen. Legendaarinen Ivalon keskustan retrovaatekauppa on vertaansa vailla. Toki siell\u00e4 on k\u00e4yty ennenkin. Lainaus Saariselk\u00e4.net -sivulta\u00a0kymmenen vuoden takaa Naisten, miesten ja lasten asusteita\u2026","rel":"","context":"Kategoriassa &quot;Lappi&quot;","block_context":{"text":"Lappi","link":"https:\/\/www.satokangas.fi\/blogi\/category\/lappi\/"},"img":{"alt_text":"20150727093646","src":"https:\/\/i0.wp.com\/www.satokangas.fi\/blogi\/wp-content\/uploads\/2015\/07\/20150727093646-600x338.jpg?resize=350%2C200&ssl=1","width":350,"height":200,"srcset":"https:\/\/i0.wp.com\/www.satokangas.fi\/blogi\/wp-content\/uploads\/2015\/07\/20150727093646-600x338.jpg?resize=350%2C200&ssl=1 1x, https:\/\/i0.wp.com\/www.satokangas.fi\/blogi\/wp-content\/uploads\/2015\/07\/20150727093646-600x338.jpg?resize=525%2C300&ssl=1 1.5x"},"classes":[]},{"id":52626,"url":"https:\/\/www.satokangas.fi\/blogi\/2025\/06\/inarin-retki-ja-kaikille-jotain-uutta\/","url_meta":{"origin":35904,"position":2},"title":"Inarin retki ja kaikille jotain uutta","author":"Reija","date":"19.6.2025","format":false,"excerpt":"Mummin ohjelmatoimisto? V\u00e4h\u00e4n silt\u00e4 on oma touhuamiseni tuntunut, mutta \u2026 Eip\u00e4 ole m\u00f6kkiseurueella ollut valittamista. Eilen meill\u00e4 oli \u201dkokop\u00e4iv\u00e4retki\u201d. L\u00e4hdettiin aamubrunssin j\u00e4lkeen kohti pohjoista. Ivalon kautta, Karhunpes\u00e4kivelle. S\u00e4\u00e4 ei tehnyt Inarinj\u00e4rven rantatielle oikeutta, mutta ehk\u00e4 kuusi- ja kymmenvuotias eiv\u00e4t olleet harmaasta s\u00e4\u00e4st\u00e4 kovinkaan pahoillaan. Varsinkaan kun pes\u00e4kivi oli aika j\u00e4nn\u00e4!\u2026","rel":"","context":"Kategoriassa &quot;Isovanhemmuus&quot;","block_context":{"text":"Isovanhemmuus","link":"https:\/\/www.satokangas.fi\/blogi\/category\/isovanhemmuus\/"},"img":{"alt_text":"","src":"https:\/\/i0.wp.com\/www.satokangas.fi\/blogi\/wp-content\/uploads\/2025\/06\/INARIN-RETKI-8.jpg?resize=350%2C200&ssl=1","width":350,"height":200,"srcset":"https:\/\/i0.wp.com\/www.satokangas.fi\/blogi\/wp-content\/uploads\/2025\/06\/INARIN-RETKI-8.jpg?resize=350%2C200&ssl=1 1x, https:\/\/i0.wp.com\/www.satokangas.fi\/blogi\/wp-content\/uploads\/2025\/06\/INARIN-RETKI-8.jpg?resize=525%2C300&ssl=1 1.5x, https:\/\/i0.wp.com\/www.satokangas.fi\/blogi\/wp-content\/uploads\/2025\/06\/INARIN-RETKI-8.jpg?resize=700%2C400&ssl=1 2x, https:\/\/i0.wp.com\/www.satokangas.fi\/blogi\/wp-content\/uploads\/2025\/06\/INARIN-RETKI-8.jpg?resize=1050%2C600&ssl=1 3x, https:\/\/i0.wp.com\/www.satokangas.fi\/blogi\/wp-content\/uploads\/2025\/06\/INARIN-RETKI-8.jpg?resize=1400%2C800&ssl=1 4x"},"classes":[]},{"id":34346,"url":"https:\/\/www.satokangas.fi\/blogi\/2018\/07\/eino-leinon-paiva-lapin-kesa\/","url_meta":{"origin":35904,"position":3},"title":"Eino Leinon p\u00e4iv\u00e4:\u00a0Lapin kes\u00e4","author":"Reija","date":"6.7.2018","format":false,"excerpt":"T\u00e4n\u00e4\u00e4n Lappi on n\u00e4ytt\u00e4nyt parhaintaan. Pehtoorin mainion ehdotuksen j\u00e4lkeen l\u00e4hdimme aamup\u00e4iv\u00e4ll\u00e4 kohti Tankavaaraa... vanha tuttu pikkupatikka Pikkutankavaaran huipulle. L\u00e4mmin, leppe\u00e4 tuuli, ei s\u00e4\u00e4ski\u00e4, v\u00e4lill\u00e4 paarmoja, mutta eiv\u00e4t k\u00e4yneet iholle. Ja minun lempisuoni sill\u00e4 reitill\u00e4: Tankasuo. Aina syk\u00e4hdytt\u00e4v\u00e4. Ja yht\u00e4kki\u00e4 meill\u00e4 molemmilla tuli mieleen Maisa, ik\u00e4v\u00e4. MIk\u00e4 tuo savu on? Palatessa\u2026","rel":"","context":"Kategoriassa &quot;Lappi&quot;","block_context":{"text":"Lappi","link":"https:\/\/www.satokangas.fi\/blogi\/category\/lappi\/"},"img":{"alt_text":"","src":"https:\/\/i0.wp.com\/www.satokangas.fi\/blogi\/wp-content\/uploads\/2018\/07\/Mokkielamaa-4.jpg?resize=350%2C200&ssl=1","width":350,"height":200,"srcset":"https:\/\/i0.wp.com\/www.satokangas.fi\/blogi\/wp-content\/uploads\/2018\/07\/Mokkielamaa-4.jpg?resize=350%2C200&ssl=1 1x, https:\/\/i0.wp.com\/www.satokangas.fi\/blogi\/wp-content\/uploads\/2018\/07\/Mokkielamaa-4.jpg?resize=525%2C300&ssl=1 1.5x, https:\/\/i0.wp.com\/www.satokangas.fi\/blogi\/wp-content\/uploads\/2018\/07\/Mokkielamaa-4.jpg?resize=700%2C400&ssl=1 2x"},"classes":[]},{"id":40949,"url":"https:\/\/www.satokangas.fi\/blogi\/2021\/06\/kevatjuhla-meillakin\/","url_meta":{"origin":35904,"position":4},"title":"Kev\u00e4tjuhla meill\u00e4kin!","author":"Reija","date":"5.6.2021","format":false,"excerpt":"Kun kerran on mahdollisuus, miksi ei? - Meid\u00e4n kev\u00e4tjuhla on t\u00e4n\u00e4\u00e4n t\u00e4\u00e4ll\u00e4! Helmikuisella Inarin retkell\u00e4 l\u00f6ysimme J\u00e4niskoskelta reitin pienen er\u00e4maaj\u00e4rven rannalle, ja sinne mieli nytkin, katsomaan v\u00e4h\u00e4n tarkemmin, etsim\u00e4\u00e4n lis\u00e4polkuja. Toki \u00b4pelkk\u00e4\u00b4 J\u00e4niskoski on aina vaikuttava: koivujen reunustama, korkeana kuohuva, isosti pauhaava Juutuanjoen koski pys\u00e4ytt\u00e4\u00e4, vie ajatukset kauas menneeseen, pakottaa\u2026","rel":"","context":"Kategoriassa &quot;Lappi&quot;","block_context":{"text":"Lappi","link":"https:\/\/www.satokangas.fi\/blogi\/category\/lappi\/"},"img":{"alt_text":"","src":"https:\/\/i0.wp.com\/www.satokangas.fi\/blogi\/wp-content\/uploads\/2021\/06\/juutua-3.jpg?resize=350%2C200&ssl=1","width":350,"height":200,"srcset":"https:\/\/i0.wp.com\/www.satokangas.fi\/blogi\/wp-content\/uploads\/2021\/06\/juutua-3.jpg?resize=350%2C200&ssl=1 1x, https:\/\/i0.wp.com\/www.satokangas.fi\/blogi\/wp-content\/uploads\/2021\/06\/juutua-3.jpg?resize=525%2C300&ssl=1 1.5x, https:\/\/i0.wp.com\/www.satokangas.fi\/blogi\/wp-content\/uploads\/2021\/06\/juutua-3.jpg?resize=700%2C400&ssl=1 2x"},"classes":[]},{"id":31933,"url":"https:\/\/www.satokangas.fi\/blogi\/2017\/09\/jaameren-retkella-vol-ii\/","url_meta":{"origin":35904,"position":5},"title":"J\u00e4\u00e4meren retkell\u00e4 (vol. II)","author":"Reija","date":"10.9.2017","format":false,"excerpt":"Sataa ja tuulee. Kovasti molempia. Oikein hyv\u00e4 p\u00e4iv\u00e4 olla sis\u00e4ll\u00e4 ja muistella viime viikon aurinkoisia p\u00e4ivi\u00e4 m\u00f6kill\u00e4. J\u00e4rjestell\u00e4 kuvia, tehd\u00e4 matkakertomusta ja kuvakertomusta J\u00e4\u00e4meren retkest\u00e4. Kuusi vuotta sitten olimme m\u00f6kill\u00e4 ja l\u00e4hdimme yst\u00e4vien kanssa mukaan Kukkolan bussien J\u00e4\u00e4meren retkelle (vol I), ja sen j\u00e4lkeen olen monta kertaa halunnut sinne uudelleen.\u2026","rel":"","context":"Kategoriassa &quot;J\u00e4\u00e4meren retki&quot;","block_context":{"text":"J\u00e4\u00e4meren retki","link":"https:\/\/www.satokangas.fi\/blogi\/category\/reissut\/jaameren-retki-reissut\/"},"img":{"alt_text":"","src":"https:\/\/i0.wp.com\/www.satokangas.fi\/blogi\/wp-content\/uploads\/2017\/09\/Koivumittarimato-2.jpg?resize=350%2C200&ssl=1","width":350,"height":200,"srcset":"https:\/\/i0.wp.com\/www.satokangas.fi\/blogi\/wp-content\/uploads\/2017\/09\/Koivumittarimato-2.jpg?resize=350%2C200&ssl=1 1x, https:\/\/i0.wp.com\/www.satokangas.fi\/blogi\/wp-content\/uploads\/2017\/09\/Koivumittarimato-2.jpg?resize=525%2C300&ssl=1 1.5x, https:\/\/i0.wp.com\/www.satokangas.fi\/blogi\/wp-content\/uploads\/2017\/09\/Koivumittarimato-2.jpg?resize=700%2C400&ssl=1 2x"},"classes":[]}],"_links":{"self":[{"href":"https:\/\/www.satokangas.fi\/blogi\/wp-json\/wp\/v2\/posts\/35904","targetHints":{"allow":["GET"]}}],"collection":[{"href":"https:\/\/www.satokangas.fi\/blogi\/wp-json\/wp\/v2\/posts"}],"about":[{"href":"https:\/\/www.satokangas.fi\/blogi\/wp-json\/wp\/v2\/types\/post"}],"author":[{"embeddable":true,"href":"https:\/\/www.satokangas.fi\/blogi\/wp-json\/wp\/v2\/users\/1"}],"replies":[{"embeddable":true,"href":"https:\/\/www.satokangas.fi\/blogi\/wp-json\/wp\/v2\/comments?post=35904"}],"version-history":[{"count":0,"href":"https:\/\/www.satokangas.fi\/blogi\/wp-json\/wp\/v2\/posts\/35904\/revisions"}],"wp:attachment":[{"href":"https:\/\/www.satokangas.fi\/blogi\/wp-json\/wp\/v2\/media?parent=35904"}],"wp:term":[{"taxonomy":"category","embeddable":true,"href":"https:\/\/www.satokangas.fi\/blogi\/wp-json\/wp\/v2\/categories?post=35904"},{"taxonomy":"post_tag","embeddable":true,"href":"https:\/\/www.satokangas.fi\/blogi\/wp-json\/wp\/v2\/tags?post=35904"}],"curies":[{"name":"wp","href":"https:\/\/api.w.org\/{rel}","templated":true}]}}