{"id":35899,"date":"2019-02-05T20:32:48","date_gmt":"2019-02-05T18:32:48","guid":{"rendered":"https:\/\/www.satokangas.fi\/blogi\/?p=35899"},"modified":"2019-02-05T21:25:08","modified_gmt":"2019-02-05T19:25:08","slug":"luomassa-luovuutta","status":"publish","type":"post","link":"https:\/\/www.satokangas.fi\/blogi\/2019\/02\/luomassa-luovuutta\/","title":{"rendered":"Luomassa luovuutta ;)"},"content":{"rendered":"<blockquote>\n<p style=\"text-align: justify;\">Sit\u00e4h\u00e4n sanotaan, ett\u00e4 tekem\u00e4tt\u00f6myydess\u00e4 ihmisen luovuus tulee esiin ja tauko tekemisess\u00e4 avaa n\u00e4k\u00f6kulmia ja her\u00e4tt\u00e4\u00e4 ajattelemaan uusia tulokulmia asioihin.<\/p>\n<\/blockquote>\n<p style=\"text-align: justify;\">Minulla on nyt ihan mahdottoman v\u00e4h\u00e4n juttuja, jotka vaatisivat tekemist\u00e4, ja nekin harvat on mahdoton tehd\u00e4 t\u00e4\u00e4ll\u00e4 Hangasojan varressa. Tarkoitus oli kyll\u00e4 ottaa matskuja mukaan erin\u00e4isiin pieniin kirjallisiin juttuihin, mutta ne unohtuivat kotiin. No, ei niill\u00e4 kiire olekaan. Kunhan joskus teen.<\/p>\n<p style=\"text-align: justify;\">Siisp\u00e4 olen koettanut vain chillailla, v\u00f6ll\u00e4ill\u00e4, olla ja oleilla. EN l\u00e4htenyt kuvausretkelle, en tunturiin, en edes autolla. Saunan l\u00e4mmitin, ja v\u00e4h\u00e4n lapioin lunta toiveena, ett\u00e4 pikkuperhe tulee kev\u00e4ttalven aikana t\u00e4nne, niin saan Apsun kanssa lumitunneleissa sitten kulkea. Saunan ymp\u00e4ri tein tunneliaihioita.<\/p>\n<p style=\"text-align: justify;\">Vaikka joku aika sitten <a href=\"https:\/\/www.satokangas.fi\/blogi\/2019\/01\/avannon-aarella\/\" target=\"_blank\" rel=\"noopener\">haikailin avantouinnin<\/a> per\u00e4\u00e4n, en t\u00e4n\u00e4\u00e4nk\u00e4\u00e4n pulahtanut puroon, vedet vain sielt\u00e4 saunalle kannoin. Tunturipuro ei j\u00e4\u00e4dy kovassakaan pakkasessa.<\/p>\n<p><a href=\"https:\/\/www.satokangas.fi\/blogi\/2019\/02\/luomassa-luovuutta\/kimmellys\/#main\" rel=\"attachment wp-att-35900\"><img loading=\"lazy\" decoding=\"async\" data-attachment-id=\"35900\" data-permalink=\"https:\/\/www.satokangas.fi\/blogi\/2019\/02\/luomassa-luovuutta\/kimmellys\/\" data-orig-file=\"https:\/\/www.satokangas.fi\/blogi\/wp-content\/uploads\/2019\/02\/kimmellys.jpg\" data-orig-size=\"533,800\" data-comments-opened=\"1\" data-image-meta=\"{&quot;aperture&quot;:&quot;3.5&quot;,&quot;credit&quot;:&quot;Reija Satokangas&quot;,&quot;camera&quot;:&quot;Canon EOS 5D Mark IV&quot;,&quot;caption&quot;:&quot;&quot;,&quot;created_timestamp&quot;:&quot;1549365426&quot;,&quot;copyright&quot;:&quot;&quot;,&quot;focal_length&quot;:&quot;50&quot;,&quot;iso&quot;:&quot;125&quot;,&quot;shutter_speed&quot;:&quot;0.00625&quot;,&quot;title&quot;:&quot;&quot;,&quot;orientation&quot;:&quot;0&quot;}\" data-image-title=\"kimmellys\" data-image-description=\"\" data-image-caption=\"\" data-large-file=\"https:\/\/www.satokangas.fi\/blogi\/wp-content\/uploads\/2019\/02\/kimmellys.jpg\" class=\"aligncenter size-full wp-image-35900\" src=\"https:\/\/www.satokangas.fi\/blogi\/wp-content\/uploads\/2019\/02\/kimmellys.jpg\" alt=\"\" width=\"533\" height=\"800\" srcset=\"https:\/\/www.satokangas.fi\/blogi\/wp-content\/uploads\/2019\/02\/kimmellys.jpg 533w, https:\/\/www.satokangas.fi\/blogi\/wp-content\/uploads\/2019\/02\/kimmellys-200x300.jpg 200w, https:\/\/www.satokangas.fi\/blogi\/wp-content\/uploads\/2019\/02\/kimmellys-267x400.jpg 267w\" sizes=\"auto, (max-width: 533px) 100vw, 533px\" \/><\/a><\/p>\n<p style=\"text-align: justify;\">Ruokaakaan ei tarvinnut laittaa, kun kauppareissulla k\u00e4vimme Pirkon Pirtiss\u00e4 pizzalla. Pizza oli hyv\u00e4\u00e4 ja &#8211; mik\u00e4 mukavaa &#8211; siell\u00e4 oli melkein heti aukeamisen j\u00e4lkeen (puol nelj\u00e4lt\u00e4) meid\u00e4n lis\u00e4ksi viidess\u00e4 muussakin p\u00f6yd\u00e4ss\u00e4 (enimm\u00e4kseen ulkomaalaisia) asiakkaita. Siis, ett\u00e4 t\u00e4\u00e4ll\u00e4 on el\u00e4m\u00e4\u00e4. Hangasojalla kyll\u00e4 ei ole meid\u00e4n ja sen yhden, ainoan vakiasuntona k\u00e4ytetyn m\u00f6kin lis\u00e4ksi,\u00a0 ket\u00e4\u00e4n. Mutta kylill\u00e4 on. Ei ruuhkaa, mutta turisteja kuitenkin. Keilaamaan oltaisiin menty, mutta kun halli ei ollut auki.<\/p>\n<p style=\"text-align: justify;\">M\u00f6kille palattua luin <a href=\"https:\/\/www.saariselansanomat.fi\/\">Saarisel\u00e4n Sanomia<\/a> &#8211; pitk\u00e4\u00e4n ja hartaasti. Olin ostanut yhden kuvalehdenkin Kuukkelista, sit\u00e4kin luin.\u00a0 Torkuin sohvan nurkassa viltin alla ja luin.<\/p>\n<p style=\"text-align: justify;\">Eik\u00e4 luovuudesta ole pienint\u00e4k\u00e4\u00e4n merkki\u00e4, p\u00e4invastoin hieman ahdistunut olo on. \ud83d\ude00<\/p>\n<p><a href=\"https:\/\/www.satokangas.fi\/blogi\/2019\/02\/luomassa-luovuutta\/2-31\/#main\" rel=\"attachment wp-att-35901\"><img loading=\"lazy\" decoding=\"async\" data-attachment-id=\"35901\" data-permalink=\"https:\/\/www.satokangas.fi\/blogi\/2019\/02\/luomassa-luovuutta\/2-31\/\" data-orig-file=\"https:\/\/www.satokangas.fi\/blogi\/wp-content\/uploads\/2019\/02\/2.jpg\" data-orig-size=\"800,562\" data-comments-opened=\"1\" data-image-meta=\"{&quot;aperture&quot;:&quot;5.6&quot;,&quot;credit&quot;:&quot;Reija Satokangas&quot;,&quot;camera&quot;:&quot;Canon EOS 5D Mark IV&quot;,&quot;caption&quot;:&quot;&quot;,&quot;created_timestamp&quot;:&quot;1549189848&quot;,&quot;copyright&quot;:&quot;&quot;,&quot;focal_length&quot;:&quot;27&quot;,&quot;iso&quot;:&quot;800&quot;,&quot;shutter_speed&quot;:&quot;0.0008&quot;,&quot;title&quot;:&quot;&quot;,&quot;orientation&quot;:&quot;1&quot;}\" data-image-title=\"2\" data-image-description=\"\" data-image-caption=\"\" data-large-file=\"https:\/\/www.satokangas.fi\/blogi\/wp-content\/uploads\/2019\/02\/2.jpg\" class=\"aligncenter size-full wp-image-35901\" src=\"https:\/\/www.satokangas.fi\/blogi\/wp-content\/uploads\/2019\/02\/2.jpg\" alt=\"\" width=\"800\" height=\"562\" srcset=\"https:\/\/www.satokangas.fi\/blogi\/wp-content\/uploads\/2019\/02\/2.jpg 800w, https:\/\/www.satokangas.fi\/blogi\/wp-content\/uploads\/2019\/02\/2-300x211.jpg 300w, https:\/\/www.satokangas.fi\/blogi\/wp-content\/uploads\/2019\/02\/2-569x400.jpg 569w, https:\/\/www.satokangas.fi\/blogi\/wp-content\/uploads\/2019\/02\/2-768x540.jpg 768w\" sizes=\"auto, (max-width: 800px) 100vw, 800px\" \/><\/a><\/p>\n","protected":false},"excerpt":{"rendered":"<p>Sit\u00e4h\u00e4n sanotaan, ett\u00e4 tekem\u00e4tt\u00f6myydess\u00e4 ihmisen luovuus tulee esiin ja tauko tekemisess\u00e4 avaa n\u00e4k\u00f6kulmia ja her\u00e4tt\u00e4\u00e4 ajattelemaan uusia tulokulmia asioihin. Minulla on nyt ihan mahdottoman v\u00e4h\u00e4n juttuja, jotka vaatisivat tekemist\u00e4, ja nekin harvat on mahdoton tehd\u00e4 t\u00e4\u00e4ll\u00e4 Hangasojan varressa. Tarkoitus oli kyll\u00e4 ottaa matskuja mukaan erin\u00e4isiin pieniin kirjallisiin juttuihin, mutta ne unohtuivat kotiin. No, ei niill\u00e4 kiire olekaan. Kunhan joskus teen. &hellip; <\/p>\n","protected":false},"author":1,"featured_media":0,"comment_status":"open","ping_status":"open","sticky":false,"template":"","format":"standard","meta":{"jetpack_post_was_ever_published":false,"_jetpack_newsletter_access":"","_jetpack_dont_email_post_to_subs":false,"_jetpack_newsletter_tier_id":0,"_jetpack_memberships_contains_paywalled_content":false,"_jetpack_memberships_contains_paid_content":false,"footnotes":"","jetpack_publicize_message":"","jetpack_publicize_feature_enabled":true,"jetpack_social_post_already_shared":true,"jetpack_social_options":{"image_generator_settings":{"template":"highway","default_image_id":0,"font":"","enabled":false},"version":2}},"categories":[97,1],"tags":[],"class_list":["post-35899","post","type-post","status-publish","format-standard","hentry","category-mokkielamaa","category-aiheeton","latest_post"],"jetpack_publicize_connections":[],"jetpack_featured_media_url":"","jetpack_shortlink":"https:\/\/wp.me\/pr4p4-9l1","jetpack_sharing_enabled":true,"jetpack_likes_enabled":false,"jetpack-related-posts":[{"id":40010,"url":"https:\/\/www.satokangas.fi\/blogi\/2021\/01\/perinteisin-menoin-ainakin-melkein\/","url_meta":{"origin":35899,"position":0},"title":"Perinteisin menoin &#8211; ainakin melkein","author":"Reija","date":"1.1.2021","format":false,"excerpt":"Mit\u00e4 tulee mieleen viinin etiketist\u00e4? Koronakuvasto? Kyll\u00e4, kyll\u00e4 t\u00e4m\u00e4 Tommasin Crearo punaviiniin etiketti tuo mieleen koronaviruksen kuvat. Meille se oli t\u00e4n\u00e4\u00e4n koronan kaatajaisviini, joka sopi erinomaisen hyvin my\u00f6s (erinomaisen :) ) porovorsmakin pariksi, - sen sek\u00e4 yst\u00e4vien seurassa nautittavaksi. T\u00e4m\u00e4n j\u00e4lkeen minun on vaikea muistaa ko. viinist\u00e4 muuta kuin ett\u00e4\u2026","rel":"","context":"Kategoriassa &quot;M\u00f6kkiel\u00e4m\u00e4\u00e4&quot;","block_context":{"text":"M\u00f6kkiel\u00e4m\u00e4\u00e4","link":"https:\/\/www.satokangas.fi\/blogi\/category\/mokkielamaa\/"},"img":{"alt_text":"","src":"https:\/\/i0.wp.com\/www.satokangas.fi\/blogi\/wp-content\/uploads\/2021\/01\/HNY-9.jpg?resize=350%2C200&ssl=1","width":350,"height":200,"srcset":"https:\/\/i0.wp.com\/www.satokangas.fi\/blogi\/wp-content\/uploads\/2021\/01\/HNY-9.jpg?resize=350%2C200&ssl=1 1x, https:\/\/i0.wp.com\/www.satokangas.fi\/blogi\/wp-content\/uploads\/2021\/01\/HNY-9.jpg?resize=525%2C300&ssl=1 1.5x, https:\/\/i0.wp.com\/www.satokangas.fi\/blogi\/wp-content\/uploads\/2021\/01\/HNY-9.jpg?resize=700%2C400&ssl=1 2x"},"classes":[]},{"id":40639,"url":"https:\/\/www.satokangas.fi\/blogi\/2021\/04\/lapin-auringossa\/","url_meta":{"origin":35899,"position":1},"title":"Lapin auringossa","author":"Reija","date":"12.4.2021","format":false,"excerpt":"T\u00e4n\u00e4\u00e4n olisi ollut hieno p\u00e4iv\u00e4 menn\u00e4 m\u00e4keen, ja vakavasti sit\u00e4 harkitsinkin, mutta kuinka ollakkaan, enh\u00e4n min\u00e4 ollut pakannut toppakamppeita mukaan. Kotona vein toppahousut, untuvatakin sek\u00e4 my\u00f6s laskettelukyp\u00e4r\u00e4n alle tulevan kyp\u00e4r\u00e4myssyn jo autotalliin kes\u00e4s\u00e4il\u00f6\u00f6n; \"me hiiht\u00e4j\u00e4t emme mit\u00e4\u00e4n toppaa en\u00e4\u00e4 huhtikuussa tarvitse\". Ei tullut pieneen mieleenk\u00e4\u00e4n, ett\u00e4 rinteess\u00e4h\u00e4n niille olisi ollut\u2026","rel":"","context":"Kategoriassa &quot;Liikkuminen&quot;","block_context":{"text":"Liikkuminen","link":"https:\/\/www.satokangas.fi\/blogi\/category\/liikkuminen\/"},"img":{"alt_text":"","src":"https:\/\/i0.wp.com\/www.satokangas.fi\/blogi\/wp-content\/uploads\/2021\/04\/Kaunispaa_halo-4.jpg?resize=350%2C200&ssl=1","width":350,"height":200,"srcset":"https:\/\/i0.wp.com\/www.satokangas.fi\/blogi\/wp-content\/uploads\/2021\/04\/Kaunispaa_halo-4.jpg?resize=350%2C200&ssl=1 1x, https:\/\/i0.wp.com\/www.satokangas.fi\/blogi\/wp-content\/uploads\/2021\/04\/Kaunispaa_halo-4.jpg?resize=525%2C300&ssl=1 1.5x, https:\/\/i0.wp.com\/www.satokangas.fi\/blogi\/wp-content\/uploads\/2021\/04\/Kaunispaa_halo-4.jpg?resize=700%2C400&ssl=1 2x"},"classes":[]},{"id":38563,"url":"https:\/\/www.satokangas.fi\/blogi\/2020\/04\/elama-on-nyt-nain\/","url_meta":{"origin":35899,"position":2},"title":"El\u00e4m\u00e4 on nyt n\u00e4in&#8230;","author":"Reija","date":"25.4.2020","format":false,"excerpt":"T\u00e4ss\u00e4 merkillisess\u00e4 ajassa t\u00e4n\u00e4\u00e4n (taas! tai sittenkin pitk\u00e4st\u00e4 aikaa) aamulla tuli mieleen, ett\u00e4 eih\u00e4n t\u00e4ss\u00e4 mit\u00e4\u00e4n h\u00e4t\u00e4\u00e4, niin kuin ei olekaan, mutta ett\u00e4 tosiasia on, ett\u00e4 koronaan voi kuolla. Siihen voi kuolla yht\u00e4kki\u00e4. Tai siis aika yht\u00e4kki\u00e4. Ei \"pitk\u00e4lliseen sairauteen\", ei vanhuuteen, vaan koronaan. Min\u00e4 tai joku l\u00e4heinen voi kuolla\u2026","rel":"","context":"Kategoriassa &quot;Rotiss\u00f6\u00f6rit&quot;","block_context":{"text":"Rotiss\u00f6\u00f6rit","link":"https:\/\/www.satokangas.fi\/blogi\/category\/paistinkaantajat\/"},"img":{"alt_text":"","src":"https:\/\/i0.wp.com\/www.satokangas.fi\/blogi\/wp-content\/uploads\/2020\/04\/portugali.jpg?resize=350%2C200&ssl=1","width":350,"height":200,"srcset":"https:\/\/i0.wp.com\/www.satokangas.fi\/blogi\/wp-content\/uploads\/2020\/04\/portugali.jpg?resize=350%2C200&ssl=1 1x, https:\/\/i0.wp.com\/www.satokangas.fi\/blogi\/wp-content\/uploads\/2020\/04\/portugali.jpg?resize=525%2C300&ssl=1 1.5x"},"classes":[]},{"id":6121,"url":"https:\/\/www.satokangas.fi\/blogi\/2010\/02\/tyttaren-ikava\/","url_meta":{"origin":35899,"position":3},"title":"Ik\u00e4v\u00e4n paikka","author":"Reija","date":"23.2.2010","format":false,"excerpt":"Yht\u00e4kki\u00e4 tunne humahtaa koko kehossa. Tuntuu melkein fyysisen\u00e4 kipuna. Aivan yht\u00e4kki\u00e4 taas, vaikka olisihan minun jo - herra varjelkoon! - pit\u00e4nyt t\u00e4h\u00e4n asiantilaan tottua. Onhan siit\u00e4 jo nelj\u00e4 kuukautta kun tyt\u00e4r muutti pois kotoa. Olen ollut v\u00e4h\u00e4n ihmeiss\u00e4ni, kuinka ik\u00e4v\u00e4 minulla on \u00a0ollutkaan. Eih\u00e4n se muutto mik\u00e4\u00e4n yht\u00e4kkinen juttu ollut.\u2026","rel":"","context":"Kategoriassa &quot;Vanhemmuus&quot;","block_context":{"text":"Vanhemmuus","link":"https:\/\/www.satokangas.fi\/blogi\/category\/vanhemmuus\/"},"img":{"alt_text":"","src":"https:\/\/i0.wp.com\/www.satokangas.fi\/blogi\/wp-content\/uploads\/2010\/02\/S-ja-legot-270x400.jpg?resize=350%2C200&ssl=1","width":350,"height":200},"classes":[]},{"id":26649,"url":"https:\/\/www.satokangas.fi\/blogi\/2015\/10\/luontokuvausjuttuja\/","url_meta":{"origin":35899,"position":4},"title":"Luontokuvausjuttuja","author":"Reija","date":"26.10.2015","format":false,"excerpt":"Polku = Pohjoisen luontokuvaajat j\u00e4rjestiv\u00e4t t\u00e4n\u00e4\u00e4n Tietomaassa Vuoden Luontokuva - tapahtuman, - ehdinp\u00e4s sinne. Hienoja kuvia, upeita kuvatarinoita. Hyv\u00e4 siirtym\u00e4 Lapin luonnosta, sen kuvaamisesta takaisin kaupunkilaisel\u00e4m\u00e4\u00e4n, yritykseen sopeutua taas t\u00e4h\u00e4n pimeyteen. Kun tulee pohjoisesta, jossa t\u00e4h\u00e4n aikaan vuodesta p\u00e4iv\u00e4nvalon aika ja m\u00e4\u00e4r\u00e4 on paljon v\u00e4h\u00e4isempi kuin Oulun leveysasteella, luulisi tulevansa\u2026","rel":"","context":"Kategoriassa &quot;Lappi&quot;","block_context":{"text":"Lappi","link":"https:\/\/www.satokangas.fi\/blogi\/category\/lappi\/"},"img":{"alt_text":"","src":"","width":0,"height":0},"classes":[]},{"id":12844,"url":"https:\/\/www.satokangas.fi\/blogi\/2011\/11\/joulukuuta-kohti\/","url_meta":{"origin":35899,"position":5},"title":"Joulukuuta kohti","author":"Reija","date":"16.11.2011","format":false,"excerpt":"Hangasojalla, pohjoisessa, y\u00f6t\u00e4 riitt\u00e4\u00e4. Ja herravarjelkoon! kuinka paljon unta riitt\u00e4\u00e4! En edes kehtaa kertoa, kuinka pitk\u00e4\u00e4n olemme nukkuneet!\u00a0Ilman kelloa on vaikea tiet\u00e4\u00e4, mik\u00e4 aika vuorokaudesta on menossa.\u00a0T\u00e4n\u00e4\u00e4n her\u00e4tess\u00e4mme maa valkoinen. Pikku pakkanen. Pehtoori l\u00e4hti k\u00e4velem\u00e4\u00e4n Laanilaan, min\u00e4 j\u00e4in koneelle. Rojekteja... uskokaa pois rojekteja, joista teillekin (ainakin osasta), hyv\u00e4t blogilukijat, on\u2026","rel":"","context":"Kategoriassa &quot;Niit\u00e4 n\u00e4it\u00e4&quot;","block_context":{"text":"Niit\u00e4 n\u00e4it\u00e4","link":"https:\/\/www.satokangas.fi\/blogi\/category\/aiheeton\/"},"img":{"alt_text":"","src":"https:\/\/i0.wp.com\/www.satokangas.fi\/blogi\/wp-content\/uploads\/pulahdettiinko-266x400.jpg?resize=350%2C200&ssl=1","width":350,"height":200},"classes":[]}],"_links":{"self":[{"href":"https:\/\/www.satokangas.fi\/blogi\/wp-json\/wp\/v2\/posts\/35899","targetHints":{"allow":["GET"]}}],"collection":[{"href":"https:\/\/www.satokangas.fi\/blogi\/wp-json\/wp\/v2\/posts"}],"about":[{"href":"https:\/\/www.satokangas.fi\/blogi\/wp-json\/wp\/v2\/types\/post"}],"author":[{"embeddable":true,"href":"https:\/\/www.satokangas.fi\/blogi\/wp-json\/wp\/v2\/users\/1"}],"replies":[{"embeddable":true,"href":"https:\/\/www.satokangas.fi\/blogi\/wp-json\/wp\/v2\/comments?post=35899"}],"version-history":[{"count":0,"href":"https:\/\/www.satokangas.fi\/blogi\/wp-json\/wp\/v2\/posts\/35899\/revisions"}],"wp:attachment":[{"href":"https:\/\/www.satokangas.fi\/blogi\/wp-json\/wp\/v2\/media?parent=35899"}],"wp:term":[{"taxonomy":"category","embeddable":true,"href":"https:\/\/www.satokangas.fi\/blogi\/wp-json\/wp\/v2\/categories?post=35899"},{"taxonomy":"post_tag","embeddable":true,"href":"https:\/\/www.satokangas.fi\/blogi\/wp-json\/wp\/v2\/tags?post=35899"}],"curies":[{"name":"wp","href":"https:\/\/api.w.org\/{rel}","templated":true}]}}