{"id":35891,"date":"2019-02-04T19:10:33","date_gmt":"2019-02-04T17:10:33","guid":{"rendered":"https:\/\/www.satokangas.fi\/blogi\/?p=35891"},"modified":"2019-02-04T19:29:00","modified_gmt":"2019-02-04T17:29:00","slug":"saatiedotus","status":"publish","type":"post","link":"https:\/\/www.satokangas.fi\/blogi\/2019\/02\/saatiedotus\/","title":{"rendered":"S\u00e4\u00e4tiedotus"},"content":{"rendered":"<p>Pirttip\u00e4iv\u00e4. Melkein koko p\u00e4iv\u00e4.<\/p>\n<p>T\u00e4n\u00e4\u00e4n ei ole ollut ihan niin kylm\u00e4 kuin eilen (&#8221;vain&#8221; -28 C\u00a0 ja -31 C) mutta tuuli!! Viheli\u00e4inen vihmova tuuli. Jotenkin tuntui, ett\u00e4 hengitett\u00e4v\u00e4 ilmakin oli sinist\u00e4, j\u00e4\u00e4n sinist\u00e4.<\/p>\n<p style=\"text-align: justify;\"><a href=\"https:\/\/www.satokangas.fi\/blogi\/2019\/02\/saatiedotus\/helmikuun_pakkanen-4\/#main\" rel=\"attachment wp-att-35893\"><img loading=\"lazy\" decoding=\"async\" data-attachment-id=\"35893\" data-permalink=\"https:\/\/www.satokangas.fi\/blogi\/2019\/02\/saatiedotus\/helmikuun_pakkanen-4\/\" data-orig-file=\"https:\/\/www.satokangas.fi\/blogi\/wp-content\/uploads\/2019\/02\/helmikuun_pakkanen-4.jpg\" data-orig-size=\"1000,667\" data-comments-opened=\"1\" data-image-meta=\"{&quot;aperture&quot;:&quot;7.1&quot;,&quot;credit&quot;:&quot;Reija Satokangas&quot;,&quot;camera&quot;:&quot;Canon EOS 5D Mark IV&quot;,&quot;caption&quot;:&quot;&quot;,&quot;created_timestamp&quot;:&quot;1549290109&quot;,&quot;copyright&quot;:&quot;&quot;,&quot;focal_length&quot;:&quot;80&quot;,&quot;iso&quot;:&quot;200&quot;,&quot;shutter_speed&quot;:&quot;0.004&quot;,&quot;title&quot;:&quot;&quot;,&quot;orientation&quot;:&quot;0&quot;}\" data-image-title=\"helmikuun_pakkanen-4\" data-image-description=\"\" data-image-caption=\"\" data-large-file=\"https:\/\/www.satokangas.fi\/blogi\/wp-content\/uploads\/2019\/02\/helmikuun_pakkanen-4.jpg\" class=\"aligncenter size-full wp-image-35893\" src=\"https:\/\/www.satokangas.fi\/blogi\/wp-content\/uploads\/2019\/02\/helmikuun_pakkanen-4.jpg\" alt=\"\" width=\"1000\" height=\"667\" srcset=\"https:\/\/www.satokangas.fi\/blogi\/wp-content\/uploads\/2019\/02\/helmikuun_pakkanen-4.jpg 1000w, https:\/\/www.satokangas.fi\/blogi\/wp-content\/uploads\/2019\/02\/helmikuun_pakkanen-4-300x200.jpg 300w, https:\/\/www.satokangas.fi\/blogi\/wp-content\/uploads\/2019\/02\/helmikuun_pakkanen-4-600x400.jpg 600w, https:\/\/www.satokangas.fi\/blogi\/wp-content\/uploads\/2019\/02\/helmikuun_pakkanen-4-768x512.jpg 768w\" sizes=\"auto, (max-width: 1000px) 100vw, 1000px\" \/><\/a><\/p>\n<p style=\"text-align: justify;\">Teki mieleni laittaa t\u00e4m\u00e4np\u00e4iv\u00e4isen postauksen otsikoksi &#8221;el\u00e4m\u00e4 on laiffii&#8221;, mutta en sittenk\u00e4\u00e4n &#8212; monestakin syyst\u00e4. Oikeasti kyll\u00e4 vierastan tuota kaikkea, mit\u00e4 nyt tulee telkkarista. MN:st\u00e4 on AINA k\u00e4ytetty mediassa&#8230; Pahasti k\u00e4ytetty. Puuttumatta tyyppiin, mutta tuo hypetys nyt!!<\/p>\n<p style=\"text-align: justify;\">Viime viikolla kun tuli tieto Novan toimittaja Sari Sepp\u00e4l\u00e4n poismenosta, se kosketti minua kovasti. Se koskee viel\u00e4kin. Miksik\u00f6? &#8211; En tied\u00e4. Ehk\u00e4 samaistuminen, ehk\u00e4 pelko, ja sekin ett\u00e4 pidin h\u00e4nest\u00e4 &#8211; min\u00e4h\u00e4n olen Novan kuuntelija, ja Sepp\u00e4l\u00e4st\u00e4 tykk\u00e4sin. Aina.<\/p>\n<p style=\"text-align: justify;\">No mutta. Nyt ei telkkaria, ei radiota. Iltalenkillek\u00e4\u00e4n ei kyll\u00e4 tohdi&#8230;<\/p>\n<p><a href=\"https:\/\/www.satokangas.fi\/blogi\/2019\/02\/saatiedotus\/saa-6\/#main\" rel=\"attachment wp-att-35894\"><img loading=\"lazy\" decoding=\"async\" data-attachment-id=\"35894\" data-permalink=\"https:\/\/www.satokangas.fi\/blogi\/2019\/02\/saatiedotus\/saa-6\/\" data-orig-file=\"https:\/\/www.satokangas.fi\/blogi\/wp-content\/uploads\/2019\/02\/saa.jpg\" data-orig-size=\"941,237\" data-comments-opened=\"1\" data-image-meta=\"{&quot;aperture&quot;:&quot;0&quot;,&quot;credit&quot;:&quot;Reija&quot;,&quot;camera&quot;:&quot;&quot;,&quot;caption&quot;:&quot;&quot;,&quot;created_timestamp&quot;:&quot;1549307113&quot;,&quot;copyright&quot;:&quot;&quot;,&quot;focal_length&quot;:&quot;0&quot;,&quot;iso&quot;:&quot;0&quot;,&quot;shutter_speed&quot;:&quot;0&quot;,&quot;title&quot;:&quot;&quot;,&quot;orientation&quot;:&quot;0&quot;}\" data-image-title=\"saa\" data-image-description=\"\" data-image-caption=\"\" data-large-file=\"https:\/\/www.satokangas.fi\/blogi\/wp-content\/uploads\/2019\/02\/saa.jpg\" class=\"aligncenter size-full wp-image-35894\" src=\"https:\/\/www.satokangas.fi\/blogi\/wp-content\/uploads\/2019\/02\/saa.jpg\" alt=\"\" width=\"941\" height=\"237\" srcset=\"https:\/\/www.satokangas.fi\/blogi\/wp-content\/uploads\/2019\/02\/saa.jpg 941w, https:\/\/www.satokangas.fi\/blogi\/wp-content\/uploads\/2019\/02\/saa-300x76.jpg 300w, https:\/\/www.satokangas.fi\/blogi\/wp-content\/uploads\/2019\/02\/saa-800x201.jpg 800w, https:\/\/www.satokangas.fi\/blogi\/wp-content\/uploads\/2019\/02\/saa-768x193.jpg 768w\" sizes=\"auto, (max-width: 941px) 100vw, 941px\" \/><\/a><\/p>\n<p>Ehk\u00e4 kirjallisuuden pariin.<\/p>\n<p><a href=\"https:\/\/www.satokangas.fi\/blogi\/2019\/02\/saatiedotus\/helmikuun_pakkanen-3\/#main\" rel=\"attachment wp-att-35892\"><img loading=\"lazy\" decoding=\"async\" data-attachment-id=\"35892\" data-permalink=\"https:\/\/www.satokangas.fi\/blogi\/2019\/02\/saatiedotus\/helmikuun_pakkanen-3\/\" data-orig-file=\"https:\/\/www.satokangas.fi\/blogi\/wp-content\/uploads\/2019\/02\/helmikuun_pakkanen-3.jpg\" data-orig-size=\"1000,418\" data-comments-opened=\"1\" data-image-meta=\"{&quot;aperture&quot;:&quot;13&quot;,&quot;credit&quot;:&quot;Reija Satokangas&quot;,&quot;camera&quot;:&quot;Canon EOS 5D Mark IV&quot;,&quot;caption&quot;:&quot;&quot;,&quot;created_timestamp&quot;:&quot;1549289842&quot;,&quot;copyright&quot;:&quot;&quot;,&quot;focal_length&quot;:&quot;90&quot;,&quot;iso&quot;:&quot;320&quot;,&quot;shutter_speed&quot;:&quot;0.00625&quot;,&quot;title&quot;:&quot;&quot;,&quot;orientation&quot;:&quot;0&quot;}\" data-image-title=\"helmikuun_pakkanen-3\" data-image-description=\"\" data-image-caption=\"\" data-large-file=\"https:\/\/www.satokangas.fi\/blogi\/wp-content\/uploads\/2019\/02\/helmikuun_pakkanen-3.jpg\" class=\"aligncenter size-full wp-image-35892\" src=\"https:\/\/www.satokangas.fi\/blogi\/wp-content\/uploads\/2019\/02\/helmikuun_pakkanen-3.jpg\" alt=\"\" width=\"1000\" height=\"418\" srcset=\"https:\/\/www.satokangas.fi\/blogi\/wp-content\/uploads\/2019\/02\/helmikuun_pakkanen-3.jpg 1000w, https:\/\/www.satokangas.fi\/blogi\/wp-content\/uploads\/2019\/02\/helmikuun_pakkanen-3-300x125.jpg 300w, https:\/\/www.satokangas.fi\/blogi\/wp-content\/uploads\/2019\/02\/helmikuun_pakkanen-3-800x334.jpg 800w, https:\/\/www.satokangas.fi\/blogi\/wp-content\/uploads\/2019\/02\/helmikuun_pakkanen-3-768x321.jpg 768w\" sizes=\"auto, (max-width: 1000px) 100vw, 1000px\" \/><\/a><\/p>\n<p>&nbsp;<\/p>\n","protected":false},"excerpt":{"rendered":"<p>Pirttip\u00e4iv\u00e4. Melkein koko p\u00e4iv\u00e4. T\u00e4n\u00e4\u00e4n ei ole ollut ihan niin kylm\u00e4 kuin eilen (&#8221;vain&#8221; -28 C\u00a0 ja -31 C) mutta tuuli!! Viheli\u00e4inen vihmova tuuli. Jotenkin tuntui, ett\u00e4 hengitett\u00e4v\u00e4 ilmakin oli sinist\u00e4, j\u00e4\u00e4n sinist\u00e4. Teki mieleni laittaa t\u00e4m\u00e4np\u00e4iv\u00e4isen postauksen otsikoksi &#8221;el\u00e4m\u00e4 on laiffii&#8221;, mutta en sittenk\u00e4\u00e4n &#8212; monestakin syyst\u00e4. Oikeasti kyll\u00e4 vierastan tuota kaikkea, mit\u00e4 nyt tulee telkkarista. MN:st\u00e4 on AINA &hellip; <\/p>\n","protected":false},"author":1,"featured_media":0,"comment_status":"open","ping_status":"open","sticky":false,"template":"","format":"standard","meta":{"jetpack_post_was_ever_published":false,"_jetpack_newsletter_access":"","_jetpack_dont_email_post_to_subs":false,"_jetpack_newsletter_tier_id":0,"_jetpack_memberships_contains_paywalled_content":false,"_jetpack_memberships_contains_paid_content":false,"footnotes":"","jetpack_publicize_message":"","jetpack_publicize_feature_enabled":true,"jetpack_social_post_already_shared":true,"jetpack_social_options":{"image_generator_settings":{"template":"highway","default_image_id":0,"font":"","enabled":false},"version":2}},"categories":[15,97,1],"tags":[],"class_list":["post-35891","post","type-post","status-publish","format-standard","hentry","category-lappi","category-mokkielamaa","category-aiheeton","latest_post"],"jetpack_publicize_connections":[],"jetpack_featured_media_url":"","jetpack_shortlink":"https:\/\/wp.me\/pr4p4-9kT","jetpack_sharing_enabled":true,"jetpack_likes_enabled":false,"jetpack-related-posts":[{"id":50262,"url":"https:\/\/www.satokangas.fi\/blogi\/2024\/08\/lopultakin-iisakkipaalle-ja-uusiakin-polkuja\/","url_meta":{"origin":35891,"position":0},"title":"Lopultakin &#8211; Iisakkip\u00e4\u00e4lle ja uusiakin polkuja","author":"Reija","date":"7.8.2024","format":false,"excerpt":"Aamupalalla. P(ehtoori):\u00a0T\u00e4n\u00e4\u00e4n siis tunturiin. Oliko ajatuksia minne? M(in\u00e4): Haluaisin korkealle ja vett\u00e4. Tyvent\u00e4 vedenpintaa, tai noh, liplattava tunturipurokin kelpaa... P: Helppohan tuo! Korkealle ja tyven j\u00e4rvenpinta samalla patikalla. T\u00e4\u00e4ll\u00e4h\u00e4n on paljonkin sellaisia kohteita. \ud83d\ude02 M: No, kunhan tunturiin. P: Iisakkip\u00e4\u00e4lle, ja sielt\u00e4 sinne taakse kuruun, ja sitten paluumatkalle etsit\u00e4\u00e4n polku,\u2026","rel":"","context":"Kategoriassa &quot;Lappi&quot;","block_context":{"text":"Lappi","link":"https:\/\/www.satokangas.fi\/blogi\/category\/lappi\/"},"img":{"alt_text":"","src":"https:\/\/i0.wp.com\/www.satokangas.fi\/blogi\/wp-content\/uploads\/2024\/08\/Iiskonlompolo.jpg?resize=350%2C200&ssl=1","width":350,"height":200,"srcset":"https:\/\/i0.wp.com\/www.satokangas.fi\/blogi\/wp-content\/uploads\/2024\/08\/Iiskonlompolo.jpg?resize=350%2C200&ssl=1 1x, https:\/\/i0.wp.com\/www.satokangas.fi\/blogi\/wp-content\/uploads\/2024\/08\/Iiskonlompolo.jpg?resize=525%2C300&ssl=1 1.5x, https:\/\/i0.wp.com\/www.satokangas.fi\/blogi\/wp-content\/uploads\/2024\/08\/Iiskonlompolo.jpg?resize=700%2C400&ssl=1 2x"},"classes":[]},{"id":37336,"url":"https:\/\/www.satokangas.fi\/blogi\/2019\/10\/san-lorenzo-jalleen-elamassamme\/","url_meta":{"origin":35891,"position":1},"title":"San Lorenzo j\u00e4lleen el\u00e4m\u00e4ss\u00e4mme","author":"Reija","date":"10.10.2019","format":false,"excerpt":"Olemme juuri palanneet sy\u00f6m\u00e4st\u00e4. Katu ei kiill\u00e4 sateesta, vaan ihan vaan puhtaudesta. Edelleen on l\u00e4mmin (klo on 21.30 ja edelleen yli +20 C). Ravintolan nimi oli\u00a0Bistro Principal. Se on vain parin korttelin p\u00e4\u00e4st\u00e4 hotelliltamme. Vahingossa sinne. Eik\u00e4 se oikeastaan ollut mik\u00e4\u00e4n bistro, melkein enemm\u00e4nkin fine dining, - tosin hinnat eilisen\u2026","rel":"","context":"Kategoriassa &quot;Liikkuminen&quot;","block_context":{"text":"Liikkuminen","link":"https:\/\/www.satokangas.fi\/blogi\/category\/liikkuminen\/"},"img":{"alt_text":"","src":"https:\/\/i0.wp.com\/www.satokangas.fi\/blogi\/wp-content\/uploads\/2019\/10\/IMG_20191009_213221-01.jpeg?resize=350%2C200&ssl=1","width":350,"height":200,"srcset":"https:\/\/i0.wp.com\/www.satokangas.fi\/blogi\/wp-content\/uploads\/2019\/10\/IMG_20191009_213221-01.jpeg?resize=350%2C200&ssl=1 1x, https:\/\/i0.wp.com\/www.satokangas.fi\/blogi\/wp-content\/uploads\/2019\/10\/IMG_20191009_213221-01.jpeg?resize=525%2C300&ssl=1 1.5x, https:\/\/i0.wp.com\/www.satokangas.fi\/blogi\/wp-content\/uploads\/2019\/10\/IMG_20191009_213221-01.jpeg?resize=700%2C400&ssl=1 2x"},"classes":[]},{"id":32929,"url":"https:\/\/www.satokangas.fi\/blogi\/2017\/12\/vanhaa-oulua-kuvailemassa\/","url_meta":{"origin":35891,"position":2},"title":"Vanhaa Oulua kuvailemassa","author":"Reija","date":"27.12.2017","format":false,"excerpt":"Aika arkinen p\u00e4iv\u00e4 ollut. Ja kalenteriin merkint\u00f6j\u00e4, ja kaikenmoista p\u00e4ivitt\u00e4mist\u00e4 enemm\u00e4ltikin. Parasta oli kameralenkki kaupungilla. Toisaalta t\u00e4n\u00e4\u00e4n rannoilla oli kylm\u00e4 tuuli. Ihan mahdottoman kylm\u00e4. Pakkasta ei ollut kuin sen - 10 C, mutta viilt\u00e4v\u00e4 tuuli ihan sattui k\u00e4siin... T\u00e4n\u00e4 vuonna ei vuodenvaihteeksi l\u00e4hdet\u00e4k\u00e4\u00e4n m\u00f6kille (jossa on nyt tosi kylm\u00e4), sill\u00e4\u2026","rel":"","context":"Kategoriassa &quot;Oulu&quot;","block_context":{"text":"Oulu","link":"https:\/\/www.satokangas.fi\/blogi\/category\/oulu\/"},"img":{"alt_text":"","src":"https:\/\/i0.wp.com\/www.satokangas.fi\/blogi\/wp-content\/uploads\/2017\/12\/Oulun-jouluaikaa-5.jpg?resize=350%2C200&ssl=1","width":350,"height":200,"srcset":"https:\/\/i0.wp.com\/www.satokangas.fi\/blogi\/wp-content\/uploads\/2017\/12\/Oulun-jouluaikaa-5.jpg?resize=350%2C200&ssl=1 1x, https:\/\/i0.wp.com\/www.satokangas.fi\/blogi\/wp-content\/uploads\/2017\/12\/Oulun-jouluaikaa-5.jpg?resize=525%2C300&ssl=1 1.5x, https:\/\/i0.wp.com\/www.satokangas.fi\/blogi\/wp-content\/uploads\/2017\/12\/Oulun-jouluaikaa-5.jpg?resize=700%2C400&ssl=1 2x"},"classes":[]},{"id":53718,"url":"https:\/\/www.satokangas.fi\/blogi\/2026\/01\/vinkkelipatikka-kiilopaalle\/","url_meta":{"origin":35891,"position":3},"title":"Vinkkelipatikka Kiilop\u00e4\u00e4lle","author":"Reija","date":"2.1.2026","format":false,"excerpt":"Vinkkelipatikka ei ole ihan uusi \"liikuntamuoto\" minulle: kerran aiemminkin olen tepastellut, paremminkin kahlannut, jopa Kiilop\u00e4\u00e4lle, vinkkelit jalassa. Alkumatkasta porot koettivat johdatella Niilanp\u00e4\u00e4n ladulle, mutta enp\u00e4 t\u00e4ll\u00e4 kertaa sinne. [Kuvassa Ahop\u00e4\u00e4] My\u00f6s ainakin Iisakkip\u00e4\u00e4 ja Kaunisp\u00e4\u00e4 on tullut huiputetuksi huopatossut jalassa. N\u00e4in siit\u00e4 huolimatta, etteiv\u00e4th\u00e4n vinkkelit mitk\u00e4\u00e4n patikkakeng\u00e4t ole. Ja t\u00e4n\u00e4\u00e4n\u2026","rel":"","context":"Kategoriassa &quot;Lappi&quot;","block_context":{"text":"Lappi","link":"https:\/\/www.satokangas.fi\/blogi\/category\/lappi\/"},"img":{"alt_text":"","src":"https:\/\/i0.wp.com\/www.satokangas.fi\/blogi\/wp-content\/uploads\/2026\/01\/Vinkkelipatikka_Kiilopaalle_2026-3.jpg?resize=350%2C200&ssl=1","width":350,"height":200,"srcset":"https:\/\/i0.wp.com\/www.satokangas.fi\/blogi\/wp-content\/uploads\/2026\/01\/Vinkkelipatikka_Kiilopaalle_2026-3.jpg?resize=350%2C200&ssl=1 1x, https:\/\/i0.wp.com\/www.satokangas.fi\/blogi\/wp-content\/uploads\/2026\/01\/Vinkkelipatikka_Kiilopaalle_2026-3.jpg?resize=525%2C300&ssl=1 1.5x, https:\/\/i0.wp.com\/www.satokangas.fi\/blogi\/wp-content\/uploads\/2026\/01\/Vinkkelipatikka_Kiilopaalle_2026-3.jpg?resize=700%2C400&ssl=1 2x"},"classes":[]},{"id":51030,"url":"https:\/\/www.satokangas.fi\/blogi\/2024\/11\/mokkimaanantai-2\/","url_meta":{"origin":35891,"position":4},"title":"M\u00f6kkimaanantai","author":"Reija","date":"4.11.2024","format":false,"excerpt":"Y\u00f6pakkaset ovat jatkuneet, yli kymmenen astetta viime y\u00f6n\u00e4kin, mutta aamup\u00e4iv\u00e4ll\u00e4 tunturissa en\u00e4\u00e4 - 5 - 6 C, tosin paljakassa (= puurajan yl\u00e4puolella) kova, kylm\u00e4 tuuli. Aurinkoa riitti iltap\u00e4iv\u00e4\u00e4n. Melkein juhlallisen viikonlopun j\u00e4lkeen v\u00e4h\u00e4n arkisempaa m\u00f6kkieloa t\u00e4n\u00e4\u00e4n. Toki tunturissa, mm. Kaunisp\u00e4\u00e4n huipulla ja id\u00e4npuolen rinteill\u00e4, k\u00e4vimme kulkemassa, mutta ehdittiin paljon muutakin.\u2026","rel":"","context":"Kategoriassa &quot;M\u00f6kkiel\u00e4m\u00e4\u00e4&quot;","block_context":{"text":"M\u00f6kkiel\u00e4m\u00e4\u00e4","link":"https:\/\/www.satokangas.fi\/blogi\/category\/mokkielamaa\/"},"img":{"alt_text":"","src":"https:\/\/i0.wp.com\/www.satokangas.fi\/blogi\/wp-content\/uploads\/2024\/11\/04112024_.jpg?resize=350%2C200&ssl=1","width":350,"height":200,"srcset":"https:\/\/i0.wp.com\/www.satokangas.fi\/blogi\/wp-content\/uploads\/2024\/11\/04112024_.jpg?resize=350%2C200&ssl=1 1x, https:\/\/i0.wp.com\/www.satokangas.fi\/blogi\/wp-content\/uploads\/2024\/11\/04112024_.jpg?resize=525%2C300&ssl=1 1.5x, https:\/\/i0.wp.com\/www.satokangas.fi\/blogi\/wp-content\/uploads\/2024\/11\/04112024_.jpg?resize=700%2C400&ssl=1 2x"},"classes":[]},{"id":53678,"url":"https:\/\/www.satokangas.fi\/blogi\/2025\/12\/ehdittiin-ennen-hannesta\/","url_meta":{"origin":35891,"position":5},"title":"Ehdittiin ennen Hannesta","author":"Reija","date":"27.12.2025","format":false,"excerpt":"Liikennetiedote 27.12.2025 klo 7.40 - 15.00 Oulu - Kemi +3,5 C mustaa, rajattomasti mustaa, m\u00e4rk\u00e4\u00e4, kiilt\u00e4v\u00e4\u00e4, ei liukasta, sivutuulta, ei juurikaan liikennett\u00e4 Kemi - Rovaniemi +2,5 C siniharmaata, alkavaa tihkua, vastaantulevaa liikennett\u00e4, jonossa ajamista, Rovaniemi - Luoston risteys +1,0 C harmaata, tuulista, paakkuuntunutta lunta, ajorata kaventunut lumen vuoksi, liikennett\u00e4 rypp\u00e4in\u00e4,\u2026","rel":"","context":"Kategoriassa &quot;Lappi&quot;","block_context":{"text":"Lappi","link":"https:\/\/www.satokangas.fi\/blogi\/category\/lappi\/"},"img":{"alt_text":"","src":"https:\/\/i0.wp.com\/www.satokangas.fi\/blogi\/wp-content\/uploads\/2025\/12\/Hannes_-2.jpg?resize=350%2C200&ssl=1","width":350,"height":200,"srcset":"https:\/\/i0.wp.com\/www.satokangas.fi\/blogi\/wp-content\/uploads\/2025\/12\/Hannes_-2.jpg?resize=350%2C200&ssl=1 1x, https:\/\/i0.wp.com\/www.satokangas.fi\/blogi\/wp-content\/uploads\/2025\/12\/Hannes_-2.jpg?resize=525%2C300&ssl=1 1.5x, https:\/\/i0.wp.com\/www.satokangas.fi\/blogi\/wp-content\/uploads\/2025\/12\/Hannes_-2.jpg?resize=700%2C400&ssl=1 2x, https:\/\/i0.wp.com\/www.satokangas.fi\/blogi\/wp-content\/uploads\/2025\/12\/Hannes_-2.jpg?resize=1050%2C600&ssl=1 3x"},"classes":[]}],"_links":{"self":[{"href":"https:\/\/www.satokangas.fi\/blogi\/wp-json\/wp\/v2\/posts\/35891","targetHints":{"allow":["GET"]}}],"collection":[{"href":"https:\/\/www.satokangas.fi\/blogi\/wp-json\/wp\/v2\/posts"}],"about":[{"href":"https:\/\/www.satokangas.fi\/blogi\/wp-json\/wp\/v2\/types\/post"}],"author":[{"embeddable":true,"href":"https:\/\/www.satokangas.fi\/blogi\/wp-json\/wp\/v2\/users\/1"}],"replies":[{"embeddable":true,"href":"https:\/\/www.satokangas.fi\/blogi\/wp-json\/wp\/v2\/comments?post=35891"}],"version-history":[{"count":0,"href":"https:\/\/www.satokangas.fi\/blogi\/wp-json\/wp\/v2\/posts\/35891\/revisions"}],"wp:attachment":[{"href":"https:\/\/www.satokangas.fi\/blogi\/wp-json\/wp\/v2\/media?parent=35891"}],"wp:term":[{"taxonomy":"category","embeddable":true,"href":"https:\/\/www.satokangas.fi\/blogi\/wp-json\/wp\/v2\/categories?post=35891"},{"taxonomy":"post_tag","embeddable":true,"href":"https:\/\/www.satokangas.fi\/blogi\/wp-json\/wp\/v2\/tags?post=35891"}],"curies":[{"name":"wp","href":"https:\/\/api.w.org\/{rel}","templated":true}]}}