{"id":35880,"date":"2019-02-03T19:03:39","date_gmt":"2019-02-03T17:03:39","guid":{"rendered":"https:\/\/www.satokangas.fi\/blogi\/?p=35880"},"modified":"2019-02-03T19:05:24","modified_gmt":"2019-02-03T17:05:24","slug":"35880","status":"publish","type":"post","link":"https:\/\/www.satokangas.fi\/blogi\/2019\/02\/35880\/","title":{"rendered":"Tunturissa ei palella"},"content":{"rendered":"<p style=\"text-align: justify;\">Aamusella olimme kymmenelt\u00e4 pihalla ja mietimme, mille alettaisiin. Oli vain todettava, ett\u00e4 on KYLM\u00c4. (- 31 C n\u00e4ytti terassin iso mittari). Hiiht\u00e4m\u00e4\u00e4n ei, m\u00e4keen ei. Lumit\u00f6it\u00e4 olisi viel\u00e4, &#8211; lumilinko l\u00e4mpenem\u00e4\u00e4n. Pehtoori p\u00e4\u00e4tti j\u00e4\u00e4d\u00e4 pihahommiin. Min\u00e4 l\u00e4hdin kauppaan ja &#8221;k\u00e4yn Kaunisp\u00e4\u00e4ll\u00e4, jos tarkenisin kuvailla v\u00e4h\u00e4n&#8221;.<\/p>\n<p style=\"text-align: justify;\">Ajoin Partio-Aitan kautta ja olisin ostanut itselleni samanlaiset hanskat kuin Pehtoorilla, mutta niit\u00e4 ei ollut, joten ostin <a href=\"https:\/\/www.retkitukku.fi\/nevercold-kadenlammitin.html?gclid=CjwKCAiAv9riBRANEiwA9Dqv1c8dQmNE4lqyYan30e5ZVTHfk0FbrI3gEBudW9WVXygHcpV3zqxnsRoCfPAQAvD_BwE\" target=\"_blank\" rel=\"noopener\">kertak\u00e4ytt\u00f6l\u00e4mmittimi\u00e4<\/a>. Ne on kyll\u00e4 hyvi\u00e4 nekin. Hyvin tarkenin koko kylm\u00e4n p\u00e4iv\u00e4n.<\/p>\n<p style=\"text-align: justify;\">Ajoin Kaunisp\u00e4\u00e4lle, ja siell\u00e4 puolisen tuntia kuljettuani mietin, ett\u00e4 eip\u00e4 niin kylm\u00e4 olekaan, &#8211; olinhan kyll\u00e4 kuin inuitti pakattuna moniin vaatekerroksiin, melkein pallo! Mutta tunturissa olikin l\u00e4mpim\u00e4mpi (-20 C) kuin alhaalla. Eik\u00e4 tuullut yht\u00e4\u00e4n. Hyv\u00e4 oli kameran ja jalustan kanssa hangissa ja tunturin laella kulkea.<\/p>\n<p style=\"text-align: justify;\">Puolelta p\u00e4ivin Kuukkelin kautta m\u00f6kille: kuvien purkua, l\u00e4mmittely\u00e4, voileip\u00e4, kahvia. Ja sitten kohti Kakslauttasta ja Kiilop\u00e4\u00e4t\u00e4. Vinkkelipatikka! En suinkaan noussut huipulle, mutta sen verran korkealle tunturin kuvetta, ett\u00e4 l\u00e4mmin ehti tulla. Ja muistikortti kamerassa l\u00e4hes t\u00e4ytty\u00e4.<\/p>\n<p style=\"text-align: justify;\">Parin tunnin kulkemisen j\u00e4lkeen m\u00f6kille, jossa tiesin rantasaunan odottavan.<\/p>\n<p><a href=\"https:\/\/www.satokangas.fi\/blogi\/2019\/02\/35880\/pakkaspaiva-2\/#main\" rel=\"attachment wp-att-35882\"><img loading=\"lazy\" decoding=\"async\" data-attachment-id=\"35882\" data-permalink=\"https:\/\/www.satokangas.fi\/blogi\/2019\/02\/35880\/pakkaspaiva-2\/\" data-orig-file=\"https:\/\/www.satokangas.fi\/blogi\/wp-content\/uploads\/2019\/02\/pakkaspaiva-2.jpg\" data-orig-size=\"1000,667\" data-comments-opened=\"1\" data-image-meta=\"{&quot;aperture&quot;:&quot;4.5&quot;,&quot;credit&quot;:&quot;Reija Satokangas&quot;,&quot;camera&quot;:&quot;Canon EOS 5D Mark IV&quot;,&quot;caption&quot;:&quot;&quot;,&quot;created_timestamp&quot;:&quot;1549193334&quot;,&quot;copyright&quot;:&quot;&quot;,&quot;focal_length&quot;:&quot;35&quot;,&quot;iso&quot;:&quot;125&quot;,&quot;shutter_speed&quot;:&quot;0.00015625&quot;,&quot;title&quot;:&quot;&quot;,&quot;orientation&quot;:&quot;0&quot;}\" data-image-title=\"pakkaspaiva-2\" data-image-description=\"\" data-image-caption=\"\" data-large-file=\"https:\/\/www.satokangas.fi\/blogi\/wp-content\/uploads\/2019\/02\/pakkaspaiva-2.jpg\" class=\"aligncenter size-full wp-image-35882\" src=\"https:\/\/www.satokangas.fi\/blogi\/wp-content\/uploads\/2019\/02\/pakkaspaiva-2.jpg\" alt=\"\" width=\"1000\" height=\"667\" srcset=\"https:\/\/www.satokangas.fi\/blogi\/wp-content\/uploads\/2019\/02\/pakkaspaiva-2.jpg 1000w, https:\/\/www.satokangas.fi\/blogi\/wp-content\/uploads\/2019\/02\/pakkaspaiva-2-300x200.jpg 300w, https:\/\/www.satokangas.fi\/blogi\/wp-content\/uploads\/2019\/02\/pakkaspaiva-2-600x400.jpg 600w, https:\/\/www.satokangas.fi\/blogi\/wp-content\/uploads\/2019\/02\/pakkaspaiva-2-768x512.jpg 768w\" sizes=\"auto, (max-width: 1000px) 100vw, 1000px\" \/><\/a><\/p>\n<p style=\"text-align: center;\">Kaunisp\u00e4\u00e4n rinteilt\u00e4 aamulla.<\/p>\n<p><a href=\"https:\/\/www.satokangas.fi\/blogi\/2019\/02\/35880\/pakkaspaiva\/#main\" rel=\"attachment wp-att-35881\"><img loading=\"lazy\" decoding=\"async\" data-attachment-id=\"35881\" data-permalink=\"https:\/\/www.satokangas.fi\/blogi\/2019\/02\/35880\/pakkaspaiva\/\" data-orig-file=\"https:\/\/www.satokangas.fi\/blogi\/wp-content\/uploads\/2019\/02\/pakkaspaiva.jpg\" data-orig-size=\"667,1000\" data-comments-opened=\"1\" data-image-meta=\"{&quot;aperture&quot;:&quot;22&quot;,&quot;credit&quot;:&quot;Reija Satokangas&quot;,&quot;camera&quot;:&quot;Canon EOS 5D Mark IV&quot;,&quot;caption&quot;:&quot;&quot;,&quot;created_timestamp&quot;:&quot;1549192899&quot;,&quot;copyright&quot;:&quot;&quot;,&quot;focal_length&quot;:&quot;35&quot;,&quot;iso&quot;:&quot;200&quot;,&quot;shutter_speed&quot;:&quot;0.0125&quot;,&quot;title&quot;:&quot;&quot;,&quot;orientation&quot;:&quot;0&quot;}\" data-image-title=\"pakkaspaiva\" data-image-description=\"\" data-image-caption=\"\" data-large-file=\"https:\/\/www.satokangas.fi\/blogi\/wp-content\/uploads\/2019\/02\/pakkaspaiva.jpg\" class=\"aligncenter wp-image-35881\" src=\"https:\/\/www.satokangas.fi\/blogi\/wp-content\/uploads\/2019\/02\/pakkaspaiva.jpg\" alt=\"\" width=\"400\" height=\"600\" srcset=\"https:\/\/www.satokangas.fi\/blogi\/wp-content\/uploads\/2019\/02\/pakkaspaiva.jpg 667w, https:\/\/www.satokangas.fi\/blogi\/wp-content\/uploads\/2019\/02\/pakkaspaiva-200x300.jpg 200w, https:\/\/www.satokangas.fi\/blogi\/wp-content\/uploads\/2019\/02\/pakkaspaiva-267x400.jpg 267w\" sizes=\"auto, (max-width: 400px) 100vw, 400px\" \/><\/a><\/p>\n<p style=\"text-align: center;\">Huipulta.<\/p>\n<p><a href=\"https:\/\/www.satokangas.fi\/blogi\/2019\/02\/35880\/pakkaspaiva-3\/#main\" rel=\"attachment wp-att-35883\"><img loading=\"lazy\" decoding=\"async\" data-attachment-id=\"35883\" data-permalink=\"https:\/\/www.satokangas.fi\/blogi\/2019\/02\/35880\/pakkaspaiva-3\/\" data-orig-file=\"https:\/\/www.satokangas.fi\/blogi\/wp-content\/uploads\/2019\/02\/pakkaspaiva-3.jpg\" data-orig-size=\"667,1000\" data-comments-opened=\"1\" data-image-meta=\"{&quot;aperture&quot;:&quot;11&quot;,&quot;credit&quot;:&quot;Reija Satokangas&quot;,&quot;camera&quot;:&quot;Canon EOS 5D Mark IV&quot;,&quot;caption&quot;:&quot;&quot;,&quot;created_timestamp&quot;:&quot;1549193643&quot;,&quot;copyright&quot;:&quot;&quot;,&quot;focal_length&quot;:&quot;34&quot;,&quot;iso&quot;:&quot;500&quot;,&quot;shutter_speed&quot;:&quot;0.00125&quot;,&quot;title&quot;:&quot;&quot;,&quot;orientation&quot;:&quot;0&quot;}\" data-image-title=\"pakkaspaiva-3\" data-image-description=\"\" data-image-caption=\"\" data-large-file=\"https:\/\/www.satokangas.fi\/blogi\/wp-content\/uploads\/2019\/02\/pakkaspaiva-3.jpg\" class=\"aligncenter size-full wp-image-35883\" src=\"https:\/\/www.satokangas.fi\/blogi\/wp-content\/uploads\/2019\/02\/pakkaspaiva-3.jpg\" alt=\"\" width=\"667\" height=\"1000\" srcset=\"https:\/\/www.satokangas.fi\/blogi\/wp-content\/uploads\/2019\/02\/pakkaspaiva-3.jpg 667w, https:\/\/www.satokangas.fi\/blogi\/wp-content\/uploads\/2019\/02\/pakkaspaiva-3-200x300.jpg 200w, https:\/\/www.satokangas.fi\/blogi\/wp-content\/uploads\/2019\/02\/pakkaspaiva-3-267x400.jpg 267w\" sizes=\"auto, (max-width: 667px) 100vw, 667px\" \/><\/a><\/p>\n<p style=\"text-align: center;\">Kaunisp\u00e4\u00e4lt\u00e4.<\/p>\n<p style=\"text-align: justify;\"><a href=\"https:\/\/www.satokangas.fi\/blogi\/2019\/02\/35880\/pakkaspaiva-5\/#main\" rel=\"attachment wp-att-35885\"><img loading=\"lazy\" decoding=\"async\" data-attachment-id=\"35885\" data-permalink=\"https:\/\/www.satokangas.fi\/blogi\/2019\/02\/35880\/pakkaspaiva-5\/\" data-orig-file=\"https:\/\/www.satokangas.fi\/blogi\/wp-content\/uploads\/2019\/02\/pakkaspaiva-5.jpg\" data-orig-size=\"667,1000\" data-comments-opened=\"1\" data-image-meta=\"{&quot;aperture&quot;:&quot;5.6&quot;,&quot;credit&quot;:&quot;Reija Satokangas&quot;,&quot;camera&quot;:&quot;Canon EOS 5D Mark IV&quot;,&quot;caption&quot;:&quot;&quot;,&quot;created_timestamp&quot;:&quot;1549200353&quot;,&quot;copyright&quot;:&quot;&quot;,&quot;focal_length&quot;:&quot;170&quot;,&quot;iso&quot;:&quot;250&quot;,&quot;shutter_speed&quot;:&quot;0.0015625&quot;,&quot;title&quot;:&quot;&quot;,&quot;orientation&quot;:&quot;0&quot;}\" data-image-title=\"pakkaspaiva-5\" data-image-description=\"\" data-image-caption=\"\" data-large-file=\"https:\/\/www.satokangas.fi\/blogi\/wp-content\/uploads\/2019\/02\/pakkaspaiva-5.jpg\" class=\"aligncenter size-full wp-image-35885\" src=\"https:\/\/www.satokangas.fi\/blogi\/wp-content\/uploads\/2019\/02\/pakkaspaiva-5.jpg\" alt=\"\" width=\"667\" height=\"1000\" srcset=\"https:\/\/www.satokangas.fi\/blogi\/wp-content\/uploads\/2019\/02\/pakkaspaiva-5.jpg 667w, https:\/\/www.satokangas.fi\/blogi\/wp-content\/uploads\/2019\/02\/pakkaspaiva-5-200x300.jpg 200w, https:\/\/www.satokangas.fi\/blogi\/wp-content\/uploads\/2019\/02\/pakkaspaiva-5-267x400.jpg 267w\" sizes=\"auto, (max-width: 667px) 100vw, 667px\" \/><\/a><\/p>\n<p style=\"text-align: center;\">Kakslauttanen.<\/p>\n<p style=\"text-align: center;\"><a href=\"https:\/\/www.satokangas.fi\/blogi\/2019\/02\/35880\/pakkaspaiva-6\/#main\" rel=\"attachment wp-att-35886\"><img loading=\"lazy\" decoding=\"async\" data-attachment-id=\"35886\" data-permalink=\"https:\/\/www.satokangas.fi\/blogi\/2019\/02\/35880\/pakkaspaiva-6\/\" data-orig-file=\"https:\/\/www.satokangas.fi\/blogi\/wp-content\/uploads\/2019\/02\/pakkaspaiva-6.jpg\" data-orig-size=\"1000,667\" data-comments-opened=\"1\" data-image-meta=\"{&quot;aperture&quot;:&quot;16&quot;,&quot;credit&quot;:&quot;Reija Satokangas&quot;,&quot;camera&quot;:&quot;Canon EOS 5D Mark IV&quot;,&quot;caption&quot;:&quot;&quot;,&quot;created_timestamp&quot;:&quot;1549203186&quot;,&quot;copyright&quot;:&quot;&quot;,&quot;focal_length&quot;:&quot;16&quot;,&quot;iso&quot;:&quot;500&quot;,&quot;shutter_speed&quot;:&quot;0.01&quot;,&quot;title&quot;:&quot;&quot;,&quot;orientation&quot;:&quot;0&quot;}\" data-image-title=\"pakkaspaiva-6\" data-image-description=\"\" data-image-caption=\"\" data-large-file=\"https:\/\/www.satokangas.fi\/blogi\/wp-content\/uploads\/2019\/02\/pakkaspaiva-6.jpg\" class=\"aligncenter size-full wp-image-35886\" src=\"https:\/\/www.satokangas.fi\/blogi\/wp-content\/uploads\/2019\/02\/pakkaspaiva-6.jpg\" alt=\"\" width=\"1000\" height=\"667\" srcset=\"https:\/\/www.satokangas.fi\/blogi\/wp-content\/uploads\/2019\/02\/pakkaspaiva-6.jpg 1000w, https:\/\/www.satokangas.fi\/blogi\/wp-content\/uploads\/2019\/02\/pakkaspaiva-6-300x200.jpg 300w, https:\/\/www.satokangas.fi\/blogi\/wp-content\/uploads\/2019\/02\/pakkaspaiva-6-600x400.jpg 600w, https:\/\/www.satokangas.fi\/blogi\/wp-content\/uploads\/2019\/02\/pakkaspaiva-6-768x512.jpg 768w\" sizes=\"auto, (max-width: 1000px) 100vw, 1000px\" \/><\/a><\/p>\n<p style=\"text-align: center;\">Vinkkelipatikalta palatessa. Kiilop\u00e4\u00e4.<\/p>\n<p style=\"text-align: center;\"><a href=\"https:\/\/www.satokangas.fi\/blogi\/2019\/02\/35880\/pakkaspaiva-8\/#main\" rel=\"attachment wp-att-35888\"><img loading=\"lazy\" decoding=\"async\" data-attachment-id=\"35888\" data-permalink=\"https:\/\/www.satokangas.fi\/blogi\/2019\/02\/35880\/pakkaspaiva-8\/\" data-orig-file=\"https:\/\/www.satokangas.fi\/blogi\/wp-content\/uploads\/2019\/02\/pakkaspaiva-8.jpg\" data-orig-size=\"1000,667\" data-comments-opened=\"1\" data-image-meta=\"{&quot;aperture&quot;:&quot;3.2&quot;,&quot;credit&quot;:&quot;Reija Satokangas&quot;,&quot;camera&quot;:&quot;Canon EOS 5D Mark IV&quot;,&quot;caption&quot;:&quot;&quot;,&quot;created_timestamp&quot;:&quot;1549203918&quot;,&quot;copyright&quot;:&quot;&quot;,&quot;focal_length&quot;:&quot;23&quot;,&quot;iso&quot;:&quot;200&quot;,&quot;shutter_speed&quot;:&quot;0.0008&quot;,&quot;title&quot;:&quot;&quot;,&quot;orientation&quot;:&quot;0&quot;}\" data-image-title=\"pakkaspaiva-8\" data-image-description=\"\" data-image-caption=\"\" data-large-file=\"https:\/\/www.satokangas.fi\/blogi\/wp-content\/uploads\/2019\/02\/pakkaspaiva-8.jpg\" class=\"aligncenter size-full wp-image-35888\" src=\"https:\/\/www.satokangas.fi\/blogi\/wp-content\/uploads\/2019\/02\/pakkaspaiva-8.jpg\" alt=\"\" width=\"1000\" height=\"667\" srcset=\"https:\/\/www.satokangas.fi\/blogi\/wp-content\/uploads\/2019\/02\/pakkaspaiva-8.jpg 1000w, https:\/\/www.satokangas.fi\/blogi\/wp-content\/uploads\/2019\/02\/pakkaspaiva-8-300x200.jpg 300w, https:\/\/www.satokangas.fi\/blogi\/wp-content\/uploads\/2019\/02\/pakkaspaiva-8-600x400.jpg 600w, https:\/\/www.satokangas.fi\/blogi\/wp-content\/uploads\/2019\/02\/pakkaspaiva-8-768x512.jpg 768w\" sizes=\"auto, (max-width: 1000px) 100vw, 1000px\" \/><\/a><\/p>\n<p style=\"text-align: center;\">Kiilop\u00e4\u00e4.<\/p>\n<p>&nbsp;<\/p>\n<p style=\"text-align: justify;\">Ja sitten eiliselt\u00e4 yksi kuva. Sattuipa niin, ett\u00e4 puhelimessa oleva Aurora-apsi h\u00e4lytteli juuri kun olin istahtahtunut kirjan kanssa takkatulen \u00e4\u00e4reen: olisi ehk\u00e4 revontulia l\u00e4hitienoolla. Ja pikkuisen vaivaantuneena &#8221;pit\u00e4isk\u00f6h\u00e4n k\u00e4yd\u00e4 katsomassa&#8221;? &#8211; Ja kyll\u00e4, taivas vihre\u00e4n\u00e4. Ei muuta kuin kerroksia ylle, kamera ja jalusta mukaan ja pihalle (- 35 C!!!!). Aika pitk\u00e4n tovin (puolisen tuntia?) loimotus kesti, ja sainkin kuvia. Laatu ei ehk\u00e4 ihan tyydyt\u00e4 minua, mutta revontulia kuitenkin. T\u00e4ss\u00e4 m\u00f6kki &#8221;n\u00e4ytt\u00e4m\u00f6valaistuksessa&#8221;<\/p>\n<p><a href=\"https:\/\/www.satokangas.fi\/blogi\/2019\/02\/35880\/1-3-50\/#main\" rel=\"attachment wp-att-35889\"><img loading=\"lazy\" decoding=\"async\" data-attachment-id=\"35889\" data-permalink=\"https:\/\/www.satokangas.fi\/blogi\/2019\/02\/35880\/1-3-50\/\" data-orig-file=\"https:\/\/www.satokangas.fi\/blogi\/wp-content\/uploads\/2019\/02\/1-3.jpg\" data-orig-size=\"1000,845\" data-comments-opened=\"1\" data-image-meta=\"{&quot;aperture&quot;:&quot;2.8&quot;,&quot;credit&quot;:&quot;Reija Satokangas&quot;,&quot;camera&quot;:&quot;Canon EOS 5D Mark IV&quot;,&quot;caption&quot;:&quot;&quot;,&quot;created_timestamp&quot;:&quot;1549140892&quot;,&quot;copyright&quot;:&quot;&quot;,&quot;focal_length&quot;:&quot;16&quot;,&quot;iso&quot;:&quot;800&quot;,&quot;shutter_speed&quot;:&quot;30&quot;,&quot;title&quot;:&quot;&quot;,&quot;orientation&quot;:&quot;1&quot;}\" data-image-title=\"1-3\" data-image-description=\"\" data-image-caption=\"\" data-large-file=\"https:\/\/www.satokangas.fi\/blogi\/wp-content\/uploads\/2019\/02\/1-3.jpg\" class=\"aligncenter size-full wp-image-35889\" src=\"https:\/\/www.satokangas.fi\/blogi\/wp-content\/uploads\/2019\/02\/1-3.jpg\" alt=\"\" width=\"1000\" height=\"845\" srcset=\"https:\/\/www.satokangas.fi\/blogi\/wp-content\/uploads\/2019\/02\/1-3.jpg 1000w, https:\/\/www.satokangas.fi\/blogi\/wp-content\/uploads\/2019\/02\/1-3-300x254.jpg 300w, https:\/\/www.satokangas.fi\/blogi\/wp-content\/uploads\/2019\/02\/1-3-473x400.jpg 473w, https:\/\/www.satokangas.fi\/blogi\/wp-content\/uploads\/2019\/02\/1-3-768x649.jpg 768w\" sizes=\"auto, (max-width: 1000px) 100vw, 1000px\" \/><\/a><\/p>\n<p style=\"text-align: center;\">\n","protected":false},"excerpt":{"rendered":"<p>Aamusella olimme kymmenelt\u00e4 pihalla ja mietimme, mille alettaisiin. Oli vain todettava, ett\u00e4 on KYLM\u00c4. (- 31 C n\u00e4ytti terassin iso mittari). Hiiht\u00e4m\u00e4\u00e4n ei, m\u00e4keen ei. Lumit\u00f6it\u00e4 olisi viel\u00e4, &#8211; lumilinko l\u00e4mpenem\u00e4\u00e4n. Pehtoori p\u00e4\u00e4tti j\u00e4\u00e4d\u00e4 pihahommiin. Min\u00e4 l\u00e4hdin kauppaan ja &#8221;k\u00e4yn Kaunisp\u00e4\u00e4ll\u00e4, jos tarkenisin kuvailla v\u00e4h\u00e4n&#8221;. Ajoin Partio-Aitan kautta ja olisin ostanut itselleni samanlaiset hanskat kuin Pehtoorilla, mutta niit\u00e4 ei ollut, &hellip; <\/p>\n","protected":false},"author":1,"featured_media":0,"comment_status":"open","ping_status":"open","sticky":false,"template":"","format":"standard","meta":{"jetpack_post_was_ever_published":false,"_jetpack_newsletter_access":"","_jetpack_dont_email_post_to_subs":false,"_jetpack_newsletter_tier_id":0,"_jetpack_memberships_contains_paywalled_content":false,"_jetpack_memberships_contains_paid_content":false,"footnotes":"","jetpack_publicize_message":"","jetpack_publicize_feature_enabled":true,"jetpack_social_post_already_shared":true,"jetpack_social_options":{"image_generator_settings":{"template":"highway","default_image_id":0,"font":"","enabled":false},"version":2}},"categories":[15,97,37],"tags":[],"class_list":["post-35880","post","type-post","status-publish","format-standard","hentry","category-lappi","category-mokkielamaa","category-valokuvaus","latest_post"],"jetpack_publicize_connections":[],"jetpack_featured_media_url":"","jetpack_shortlink":"https:\/\/wp.me\/sr4p4-35880","jetpack_sharing_enabled":true,"jetpack_likes_enabled":false,"jetpack-related-posts":[{"id":53708,"url":"https:\/\/www.satokangas.fi\/blogi\/2025\/12\/53708\/","url_meta":{"origin":35880,"position":0},"title":"Vuoden viimeisen\u00e4","author":"Reija","date":"31.12.2025","format":false,"excerpt":"Vuoden viimeinen p\u00e4iv\u00e4. Se on ollut kylm\u00e4, touhukas (minulla siivousp\u00e4iv\u00e4 ja Pehtoorilla toisen (vieras)m\u00f6kin pattereiden vaihto) - kaikesta huolimatta ulkoileva. On siis ollut ulkoilup\u00e4iv\u00e4 huolimatta pakkasesta: m\u00f6kkipihassa - 28 C, Yl\u00e4-Hangasojantiell\u00e4 (tied\u00e4tteh\u00e4n vartiointipalveluhommani \ud83d\ude04) - 24 C,\u00a0 Saarisel\u00e4n keskustassa\/Kuukkelin edess\u00e4 (josta kuva kohti Kaunisp\u00e4\u00e4n huippua) - 20 C ja tunturin\u2026","rel":"","context":"Kategoriassa &quot;Lappi&quot;","block_context":{"text":"Lappi","link":"https:\/\/www.satokangas.fi\/blogi\/category\/lappi\/"},"img":{"alt_text":"","src":"https:\/\/i0.wp.com\/www.satokangas.fi\/blogi\/wp-content\/uploads\/2025\/12\/Uudenvuodenaatto-7.jpg?resize=350%2C200&ssl=1","width":350,"height":200,"srcset":"https:\/\/i0.wp.com\/www.satokangas.fi\/blogi\/wp-content\/uploads\/2025\/12\/Uudenvuodenaatto-7.jpg?resize=350%2C200&ssl=1 1x, https:\/\/i0.wp.com\/www.satokangas.fi\/blogi\/wp-content\/uploads\/2025\/12\/Uudenvuodenaatto-7.jpg?resize=525%2C300&ssl=1 1.5x, https:\/\/i0.wp.com\/www.satokangas.fi\/blogi\/wp-content\/uploads\/2025\/12\/Uudenvuodenaatto-7.jpg?resize=700%2C400&ssl=1 2x"},"classes":[]},{"id":53496,"url":"https:\/\/www.satokangas.fi\/blogi\/2025\/11\/kohti-kaamosta-2\/","url_meta":{"origin":35880,"position":1},"title":"Kohti kaamosta","author":"Reija","date":"25.11.2025","format":false,"excerpt":"Saariselk\u00e4 laskeutuu hiljalleen kaamokseen. T\u00e4n\u00e4\u00e4n auringonlaskun aikaan Kaunisp\u00e4\u00e4ll\u00e4 oli v\u00e4rej\u00e4 ja valoa viel\u00e4 paljon, ja taas tavattoman kaunista. Ja paljon l\u00e4mpim\u00e4mp\u00e4\u00e4 kuin alhaalla ... Kaunisp\u00e4\u00e4ll\u00e4 oli - 16 C, m\u00f6kkipihassa - 27 C. Huipulla usein tuulee, mutta pakkasella v\u00e4hemm\u00e4n kylm\u00e4\u00e4 kuin tuntureiden alarinteill\u00e4 tai metsiss\u00e4. Tai laduilla. Niinp\u00e4 t\u00e4n\u00e4\u00e4n en\u2026","rel":"","context":"Kategoriassa &quot;Lappi&quot;","block_context":{"text":"Lappi","link":"https:\/\/www.satokangas.fi\/blogi\/category\/lappi\/"},"img":{"alt_text":"","src":"https:\/\/i0.wp.com\/www.satokangas.fi\/blogi\/wp-content\/uploads\/2025\/11\/Kohti-kaamosta_-20.jpg?resize=350%2C200&ssl=1","width":350,"height":200,"srcset":"https:\/\/i0.wp.com\/www.satokangas.fi\/blogi\/wp-content\/uploads\/2025\/11\/Kohti-kaamosta_-20.jpg?resize=350%2C200&ssl=1 1x, https:\/\/i0.wp.com\/www.satokangas.fi\/blogi\/wp-content\/uploads\/2025\/11\/Kohti-kaamosta_-20.jpg?resize=525%2C300&ssl=1 1.5x, https:\/\/i0.wp.com\/www.satokangas.fi\/blogi\/wp-content\/uploads\/2025\/11\/Kohti-kaamosta_-20.jpg?resize=700%2C400&ssl=1 2x, https:\/\/i0.wp.com\/www.satokangas.fi\/blogi\/wp-content\/uploads\/2025\/11\/Kohti-kaamosta_-20.jpg?resize=1050%2C600&ssl=1 3x"},"classes":[]},{"id":51727,"url":"https:\/\/www.satokangas.fi\/blogi\/2025\/01\/51727\/","url_meta":{"origin":35880,"position":2},"title":"Viikon lopulla m\u00f6kkiel\u00e4m\u00e4\u00e4","author":"Reija","date":"10.1.2025","format":false,"excerpt":"Iltap\u00e4iv\u00e4ll\u00e4 - vihdoin - l\u00e4hdin \"ihan sill\u00e4 t\u00f6in\" - Kaunisp\u00e4\u00e4lle, Etel\u00e4rinteelle ja Saarisel\u00e4n keskustaan, kylille, kuvailemaan pakkasta, tammikuun valoja ja v\u00e4rej\u00e4. Ja olihan niit\u00e4. Aika lailla reilusti kampetta ker\u00e4sin ylleni, kaikkea ainakin kolminkertaisesti, koska terassin mittarissa - 29 C. Ja kuinkas sitten k\u00e4vik\u00e4\u00e4n: kun nousin (autolla luonnollisesti :) ) tunturiin,\u2026","rel":"","context":"Kategoriassa &quot;Lappi&quot;","block_context":{"text":"Lappi","link":"https:\/\/www.satokangas.fi\/blogi\/category\/lappi\/"},"img":{"alt_text":"","src":"https:\/\/i0.wp.com\/www.satokangas.fi\/blogi\/wp-content\/uploads\/2025\/01\/Kaunispaalla_2025-10.jpg?resize=350%2C200&ssl=1","width":350,"height":200,"srcset":"https:\/\/i0.wp.com\/www.satokangas.fi\/blogi\/wp-content\/uploads\/2025\/01\/Kaunispaalla_2025-10.jpg?resize=350%2C200&ssl=1 1x, https:\/\/i0.wp.com\/www.satokangas.fi\/blogi\/wp-content\/uploads\/2025\/01\/Kaunispaalla_2025-10.jpg?resize=525%2C300&ssl=1 1.5x, https:\/\/i0.wp.com\/www.satokangas.fi\/blogi\/wp-content\/uploads\/2025\/01\/Kaunispaalla_2025-10.jpg?resize=700%2C400&ssl=1 2x"},"classes":[]},{"id":53718,"url":"https:\/\/www.satokangas.fi\/blogi\/2026\/01\/vinkkelipatikka-kiilopaalle\/","url_meta":{"origin":35880,"position":3},"title":"Vinkkelipatikka Kiilop\u00e4\u00e4lle","author":"Reija","date":"2.1.2026","format":false,"excerpt":"Vinkkelipatikka ei ole ihan uusi \"liikuntamuoto\" minulle: kerran aiemminkin olen tepastellut, paremminkin kahlannut, jopa Kiilop\u00e4\u00e4lle, vinkkelit jalassa. Alkumatkasta porot koettivat johdatella Niilanp\u00e4\u00e4n ladulle, mutta enp\u00e4 t\u00e4ll\u00e4 kertaa sinne. [Kuvassa Ahop\u00e4\u00e4] My\u00f6s ainakin Iisakkip\u00e4\u00e4 ja Kaunisp\u00e4\u00e4 on tullut huiputetuksi huopatossut jalassa. N\u00e4in siit\u00e4 huolimatta, etteiv\u00e4th\u00e4n vinkkelit mitk\u00e4\u00e4n patikkakeng\u00e4t ole. Ja t\u00e4n\u00e4\u00e4n\u2026","rel":"","context":"Kategoriassa &quot;Lappi&quot;","block_context":{"text":"Lappi","link":"https:\/\/www.satokangas.fi\/blogi\/category\/lappi\/"},"img":{"alt_text":"","src":"https:\/\/i0.wp.com\/www.satokangas.fi\/blogi\/wp-content\/uploads\/2026\/01\/Vinkkelipatikka_Kiilopaalle_2026-3.jpg?resize=350%2C200&ssl=1","width":350,"height":200,"srcset":"https:\/\/i0.wp.com\/www.satokangas.fi\/blogi\/wp-content\/uploads\/2026\/01\/Vinkkelipatikka_Kiilopaalle_2026-3.jpg?resize=350%2C200&ssl=1 1x, https:\/\/i0.wp.com\/www.satokangas.fi\/blogi\/wp-content\/uploads\/2026\/01\/Vinkkelipatikka_Kiilopaalle_2026-3.jpg?resize=525%2C300&ssl=1 1.5x, https:\/\/i0.wp.com\/www.satokangas.fi\/blogi\/wp-content\/uploads\/2026\/01\/Vinkkelipatikka_Kiilopaalle_2026-3.jpg?resize=700%2C400&ssl=1 2x"},"classes":[]},{"id":48129,"url":"https:\/\/www.satokangas.fi\/blogi\/2024\/01\/taivaantulia-paivin-illoin\/","url_meta":{"origin":35880,"position":4},"title":"Taivaantulia p\u00e4ivin, illoin","author":"Reija","date":"1.1.2024","format":false,"excerpt":"Yst\u00e4v\u00e4t l\u00e4htiv\u00e4t aamukymmenelt\u00e4 aika l\u00e4mpim\u00e4lt\u00e4 (- 13 C) Hangasojalta kohti kylm\u00e4\u00e4 Oulua, jonne on luvannut yli - 30 asteen pakkasia t\u00e4lle viikolle. Me viiv\u00e4hd\u00e4mme t\u00e4\u00e4ll\u00e4 (kai) perjantaihin asti. Pienen tyhj\u00e4k\u00e4ynnin, v\u00e4h\u00e4n onton olon j\u00e4lkeen l\u00e4hdimme kylille, Pehtoori sinne tepastelemaan ja min\u00e4 kameran ja auton kanssa kiertelem\u00e4\u00e4n l\u00e4hitienoolla. Jalkauduin monessakin paikassa,\u2026","rel":"","context":"Kategoriassa &quot;Lappi&quot;","block_context":{"text":"Lappi","link":"https:\/\/www.satokangas.fi\/blogi\/category\/lappi\/"},"img":{"alt_text":"","src":"https:\/\/i0.wp.com\/www.satokangas.fi\/blogi\/wp-content\/uploads\/2024\/01\/1_1_2024_Lappi.jpg?resize=350%2C200&ssl=1","width":350,"height":200,"srcset":"https:\/\/i0.wp.com\/www.satokangas.fi\/blogi\/wp-content\/uploads\/2024\/01\/1_1_2024_Lappi.jpg?resize=350%2C200&ssl=1 1x, https:\/\/i0.wp.com\/www.satokangas.fi\/blogi\/wp-content\/uploads\/2024\/01\/1_1_2024_Lappi.jpg?resize=525%2C300&ssl=1 1.5x, https:\/\/i0.wp.com\/www.satokangas.fi\/blogi\/wp-content\/uploads\/2024\/01\/1_1_2024_Lappi.jpg?resize=700%2C400&ssl=1 2x"},"classes":[]},{"id":51030,"url":"https:\/\/www.satokangas.fi\/blogi\/2024\/11\/mokkimaanantai-2\/","url_meta":{"origin":35880,"position":5},"title":"M\u00f6kkimaanantai","author":"Reija","date":"4.11.2024","format":false,"excerpt":"Y\u00f6pakkaset ovat jatkuneet, yli kymmenen astetta viime y\u00f6n\u00e4kin, mutta aamup\u00e4iv\u00e4ll\u00e4 tunturissa en\u00e4\u00e4 - 5 - 6 C, tosin paljakassa (= puurajan yl\u00e4puolella) kova, kylm\u00e4 tuuli. Aurinkoa riitti iltap\u00e4iv\u00e4\u00e4n. Melkein juhlallisen viikonlopun j\u00e4lkeen v\u00e4h\u00e4n arkisempaa m\u00f6kkieloa t\u00e4n\u00e4\u00e4n. Toki tunturissa, mm. Kaunisp\u00e4\u00e4n huipulla ja id\u00e4npuolen rinteill\u00e4, k\u00e4vimme kulkemassa, mutta ehdittiin paljon muutakin.\u2026","rel":"","context":"Kategoriassa &quot;M\u00f6kkiel\u00e4m\u00e4\u00e4&quot;","block_context":{"text":"M\u00f6kkiel\u00e4m\u00e4\u00e4","link":"https:\/\/www.satokangas.fi\/blogi\/category\/mokkielamaa\/"},"img":{"alt_text":"","src":"https:\/\/i0.wp.com\/www.satokangas.fi\/blogi\/wp-content\/uploads\/2024\/11\/04112024_.jpg?resize=350%2C200&ssl=1","width":350,"height":200,"srcset":"https:\/\/i0.wp.com\/www.satokangas.fi\/blogi\/wp-content\/uploads\/2024\/11\/04112024_.jpg?resize=350%2C200&ssl=1 1x, https:\/\/i0.wp.com\/www.satokangas.fi\/blogi\/wp-content\/uploads\/2024\/11\/04112024_.jpg?resize=525%2C300&ssl=1 1.5x, https:\/\/i0.wp.com\/www.satokangas.fi\/blogi\/wp-content\/uploads\/2024\/11\/04112024_.jpg?resize=700%2C400&ssl=1 2x"},"classes":[]}],"_links":{"self":[{"href":"https:\/\/www.satokangas.fi\/blogi\/wp-json\/wp\/v2\/posts\/35880","targetHints":{"allow":["GET"]}}],"collection":[{"href":"https:\/\/www.satokangas.fi\/blogi\/wp-json\/wp\/v2\/posts"}],"about":[{"href":"https:\/\/www.satokangas.fi\/blogi\/wp-json\/wp\/v2\/types\/post"}],"author":[{"embeddable":true,"href":"https:\/\/www.satokangas.fi\/blogi\/wp-json\/wp\/v2\/users\/1"}],"replies":[{"embeddable":true,"href":"https:\/\/www.satokangas.fi\/blogi\/wp-json\/wp\/v2\/comments?post=35880"}],"version-history":[{"count":0,"href":"https:\/\/www.satokangas.fi\/blogi\/wp-json\/wp\/v2\/posts\/35880\/revisions"}],"wp:attachment":[{"href":"https:\/\/www.satokangas.fi\/blogi\/wp-json\/wp\/v2\/media?parent=35880"}],"wp:term":[{"taxonomy":"category","embeddable":true,"href":"https:\/\/www.satokangas.fi\/blogi\/wp-json\/wp\/v2\/categories?post=35880"},{"taxonomy":"post_tag","embeddable":true,"href":"https:\/\/www.satokangas.fi\/blogi\/wp-json\/wp\/v2\/tags?post=35880"}],"curies":[{"name":"wp","href":"https:\/\/api.w.org\/{rel}","templated":true}]}}