{"id":35876,"date":"2019-02-02T19:31:54","date_gmt":"2019-02-02T17:31:54","guid":{"rendered":"https:\/\/www.satokangas.fi\/blogi\/?p=35876"},"modified":"2019-02-03T08:40:07","modified_gmt":"2019-02-03T06:40:07","slug":"pakkasesta-huolimatta-kaikki-hyvin","status":"publish","type":"post","link":"https:\/\/www.satokangas.fi\/blogi\/2019\/02\/pakkasesta-huolimatta-kaikki-hyvin\/","title":{"rendered":"Pakkasesta huolimatta kaikki hyvin"},"content":{"rendered":"<p style=\"text-align: justify;\">Kuusi tuntia valkoisessa pitsimaisemassa kotipihasta m\u00f6kkipihaan. Sula tie melkein koko matkan! Sula \u2013 tammikuussa.<\/p>\n<p style=\"text-align: justify;\">Sininen taivas, mets\u00e4t, vesist\u00f6t, pellot, penkat ja puut valkoisen pehme\u00e4n lumen peitt\u00e4mi\u00e4. Niin kaunista.<\/p>\n<p style=\"text-align: justify;\">En muista, ett\u00e4 milloinkaan ennen, kaikkina t\u00e4\u00e4ll\u00e4 kuljettuina vuosikymmenin\u00e4, olisi koko matkan ollut sellainen keli kuin t\u00e4n\u00e4\u00e4n.<\/p>\n<p style=\"text-align: justify;\">Peurasuvannossa kolmen minuutin kuvaustauko, muut kuvat \u201dlennosta\u201d ja &#8211; ensimm\u00e4isi\u00e4 kotipihalla otettuja lukuunottamatta &#8211; kaikki ovat vasta Rovaniemen j\u00e4lkeen. Sinne astihan on mun huki aina ajella. Ihan silkkaa iloa oli t\u00e4n\u00e4\u00e4n olla ratissa.<\/p>\n<p style=\"text-align: justify;\">Liki kyynelsilmin katselin kauneutta, mietin, miten hyv\u00e4 el\u00e4m\u00e4 onkaan. Ett\u00e4 meill\u00e4 on mahdollisuus ajella m\u00f6kille, ett\u00e4 sellainen on. Ett\u00e4 me voidaan. Ett\u00e4 me.<\/p>\n<p style=\"text-align: justify;\">Siis r\u00e4psin kuvia Roi-Hangasoja v\u00e4lill\u00e4 &#8211; runsaasti. Ja tein niist\u00e4 kansion juurikaan k\u00e4sittelem\u00e4tt\u00e4, &#8211; au naturel. L\u00e4hde nojatuolimatkalle kohti Saariselk\u00e4\u00e4&#8230; Tai siis Hangasojaa. Pakkaslukemat\u00a0 matkan aikana kaksinkertaistuivat: -15 C l\u00e4htiess\u00e4, -30 C\u00a0 m\u00f6kkipihassa.<\/p>\n<p style=\"text-align: justify;\">Kunhan saimme v\u00e4h\u00e4iset tavaramme ja runsaahkot ruokatarpeet purettua ja m\u00f6kin &#8221;k\u00e4ynnistetty\u00e4&#8221;, l\u00e4hdimme lumit\u00f6ihin. Eik\u00e4 palellut. Avainsana on kerrospukeutuminen: merinovillaa, villa-silkki\u00e4, villaa, untuvaa, toppaa, vinkkelit ja kaikkein olennaisinta on se, mit\u00e4 on k\u00e4siss\u00e4: lapio, kola tai harja sek\u00e4 lasten is\u00e4lleen antamat untuvarukkaset, joita sain kokeilla. Ei palellut. Nyt on juhlaa istua takkatulen \u00e4\u00e4ress\u00e4. Olla m\u00f6kill\u00e4. Olla.<\/p>\n<p>BTW: Nyt on jo -35 C.<\/p>\n<p><a href=\"https:\/\/www.satokangas.fi\/blogi\/2019\/02\/pakkasesta-huolimatta-kaikki-hyvin\/img-20190202-wa0012\/#main\" rel=\"attachment wp-att-35878\"><img loading=\"lazy\" decoding=\"async\" data-attachment-id=\"35878\" data-permalink=\"https:\/\/www.satokangas.fi\/blogi\/2019\/02\/pakkasesta-huolimatta-kaikki-hyvin\/img-20190202-wa0012\/\" data-orig-file=\"https:\/\/www.satokangas.fi\/blogi\/wp-content\/uploads\/2019\/02\/IMG-20190202-WA0012-e1549129085795.jpg\" data-orig-size=\"450,600\" data-comments-opened=\"1\" data-image-meta=\"{&quot;aperture&quot;:&quot;0&quot;,&quot;credit&quot;:&quot;&quot;,&quot;camera&quot;:&quot;&quot;,&quot;caption&quot;:&quot;&quot;,&quot;created_timestamp&quot;:&quot;0&quot;,&quot;copyright&quot;:&quot;&quot;,&quot;focal_length&quot;:&quot;0&quot;,&quot;iso&quot;:&quot;0&quot;,&quot;shutter_speed&quot;:&quot;0&quot;,&quot;title&quot;:&quot;&quot;,&quot;orientation&quot;:&quot;0&quot;}\" data-image-title=\"IMG-20190202-WA0012\" data-image-description=\"\" data-image-caption=\"\" data-large-file=\"https:\/\/www.satokangas.fi\/blogi\/wp-content\/uploads\/2019\/02\/IMG-20190202-WA0012-768x1024.jpg\" class=\"aligncenter size-medium wp-image-35878\" src=\"https:\/\/www.satokangas.fi\/blogi\/wp-content\/uploads\/2019\/02\/IMG-20190202-WA0012-300x400.jpg\" alt=\"\" width=\"300\" height=\"400\" \/><\/a><\/p>\n<p style=\"text-align: justify;\">Niin ja kutsua teid\u00e4t mukaan ajomatkalle Rovaniemi &#8211; Hangasoja. (Ja huom: ovat r\u00e4psyj\u00e4 vauhdista&#8230; ) Kuvan oikean reunan nuolella voit &#8221;ajella&#8221; eteenp\u00e4in.<\/p>\n<p><iframe class=\"wp-embedded-content\" sandbox=\"allow-scripts\" security=\"restricted\" title=\"Kuvat.fi folder\" src=\"https:\/\/satokangas.kuvat.fi\/kuvat\/2019\/?embed=1&#038;orm=2&#038;thumbstrip=0&#038;captions=0&#038;bgcolor=0#?secret=FMnczRGR3q\" data-secret=\"FMnczRGR3q\" width='780' height='438.75' frameborder=\"no\" scrolling=\"no\"><\/iframe><\/p>\n<p>&nbsp;<\/p>\n<p>&nbsp;<\/p>\n<p>&nbsp;<\/p>\n","protected":false},"excerpt":{"rendered":"<p>Kuusi tuntia valkoisessa pitsimaisemassa kotipihasta m\u00f6kkipihaan. Sula tie melkein koko matkan! Sula \u2013 tammikuussa. Sininen taivas, mets\u00e4t, vesist\u00f6t, pellot, penkat ja puut valkoisen pehme\u00e4n lumen peitt\u00e4mi\u00e4. Niin kaunista. En muista, ett\u00e4 milloinkaan ennen, kaikkina t\u00e4\u00e4ll\u00e4 kuljettuina vuosikymmenin\u00e4, olisi koko matkan ollut sellainen keli kuin t\u00e4n\u00e4\u00e4n. Peurasuvannossa kolmen minuutin kuvaustauko, muut kuvat \u201dlennosta\u201d ja &#8211; ensimm\u00e4isi\u00e4 kotipihalla otettuja lukuunottamatta &#8211; kaikki &hellip; <\/p>\n","protected":false},"author":1,"featured_media":0,"comment_status":"open","ping_status":"open","sticky":false,"template":"","format":"standard","meta":{"jetpack_post_was_ever_published":false,"_jetpack_newsletter_access":"","_jetpack_dont_email_post_to_subs":false,"_jetpack_newsletter_tier_id":0,"_jetpack_memberships_contains_paywalled_content":false,"_jetpack_memberships_contains_paid_content":false,"footnotes":"","jetpack_publicize_message":"","jetpack_publicize_feature_enabled":true,"jetpack_social_post_already_shared":true,"jetpack_social_options":{"image_generator_settings":{"template":"highway","default_image_id":0,"font":"","enabled":false},"version":2}},"categories":[15,97,1],"tags":[],"class_list":["post-35876","post","type-post","status-publish","format-standard","hentry","category-lappi","category-mokkielamaa","category-aiheeton","latest_post"],"jetpack_publicize_connections":[],"jetpack_featured_media_url":"","jetpack_shortlink":"https:\/\/wp.me\/pr4p4-9kE","jetpack_sharing_enabled":true,"jetpack_likes_enabled":false,"jetpack-related-posts":[{"id":33667,"url":"https:\/\/www.satokangas.fi\/blogi\/2018\/03\/paljon-hyvaa-yhtena-paivana\/","url_meta":{"origin":35876,"position":0},"title":"Paljon hyv\u00e4\u00e4 yhten\u00e4 p\u00e4iv\u00e4n\u00e4","author":"Reija","date":"28.3.2018","format":false,"excerpt":"P\u00e4\u00e4si\u00e4isviikko, perinteisest\u00e4 retriitist\u00e4ni Lapissa ei tietoakaan. Mutta Oulussakin on s\u00e4\u00e4 ollut kuin parhaina p\u00e4\u00e4si\u00e4isin\u00e4 m\u00f6kill\u00e4. Valkoisia, kimmelt\u00e4vi\u00e4 hankia, auringon h\u00e4ik\u00e4isev\u00e4\u00e4 valoa ja l\u00e4mmitt\u00e4v\u00e4\u00e4 tunnetta. Olen t\u00e4m\u00e4n talven kovien y\u00f6pakkasten aikana oppinut l\u00e4htem\u00e4\u00e4n ulos vasta puolelta p\u00e4ivin, enk\u00e4 ole s\u00e4nn\u00e4nnyt auringon sarastuksen aikaan, heti her\u00e4tty\u00e4ni, tarpomaan jonnekin mets\u00e4poluille. T\u00e4n\u00e4\u00e4n k\u00e4velin puolelta\u2026","rel":"","context":"Kategoriassa &quot;Isovanhemmuus&quot;","block_context":{"text":"Isovanhemmuus","link":"https:\/\/www.satokangas.fi\/blogi\/category\/isovanhemmuus\/"},"img":{"alt_text":"","src":"https:\/\/i0.wp.com\/www.satokangas.fi\/blogi\/wp-content\/uploads\/2018\/03\/2-14.jpg?resize=350%2C200&ssl=1","width":350,"height":200,"srcset":"https:\/\/i0.wp.com\/www.satokangas.fi\/blogi\/wp-content\/uploads\/2018\/03\/2-14.jpg?resize=350%2C200&ssl=1 1x, https:\/\/i0.wp.com\/www.satokangas.fi\/blogi\/wp-content\/uploads\/2018\/03\/2-14.jpg?resize=525%2C300&ssl=1 1.5x, https:\/\/i0.wp.com\/www.satokangas.fi\/blogi\/wp-content\/uploads\/2018\/03\/2-14.jpg?resize=700%2C400&ssl=1 2x"},"classes":[]},{"id":46304,"url":"https:\/\/www.satokangas.fi\/blogi\/2023\/07\/kotipihalla-2\/","url_meta":{"origin":35876,"position":1},"title":"Kotipihalla","author":"Reija","date":"9.7.2023","format":false,"excerpt":"L\u00e4hes koko p\u00e4iv\u00e4 kotipihalla. Aamup\u00e4iv\u00e4ll\u00e4 parin tunnin py\u00f6r\u00e4lenkill\u00e4 mutta muutoin ihan pihalla. V\u00e4h\u00e4n puutarhurointia, kasvimaan kunnostusta, lakaisua. luutuamistakin ja kaiken kastelua kunnolla. Pehtoori leikkasi nurmen ja sitten oli hyv\u00e4 iltap\u00e4iv\u00e4auringossa sy\u00f6d\u00e4 ja suunnitella tulevan viikon ohjelmaa. Kes\u00e4n toinen lomareissu tehd\u00e4\u00e4n kotimaassa: huomenna ajellaan M\u00e4ntt\u00e4\u00e4n - ja perjantai-illaksi takaisin kotipihalle.\u00a0 Kyll\u00e4\u2026","rel":"","context":"Kategoriassa &quot;Niit\u00e4 n\u00e4it\u00e4&quot;","block_context":{"text":"Niit\u00e4 n\u00e4it\u00e4","link":"https:\/\/www.satokangas.fi\/blogi\/category\/aiheeton\/"},"img":{"alt_text":"","src":"https:\/\/i0.wp.com\/www.satokangas.fi\/blogi\/wp-content\/uploads\/2023\/07\/kotipiha-8.jpg?resize=350%2C200&ssl=1","width":350,"height":200,"srcset":"https:\/\/i0.wp.com\/www.satokangas.fi\/blogi\/wp-content\/uploads\/2023\/07\/kotipiha-8.jpg?resize=350%2C200&ssl=1 1x, https:\/\/i0.wp.com\/www.satokangas.fi\/blogi\/wp-content\/uploads\/2023\/07\/kotipiha-8.jpg?resize=525%2C300&ssl=1 1.5x, https:\/\/i0.wp.com\/www.satokangas.fi\/blogi\/wp-content\/uploads\/2023\/07\/kotipiha-8.jpg?resize=700%2C400&ssl=1 2x"},"classes":[]},{"id":12608,"url":"https:\/\/www.satokangas.fi\/blogi\/2011\/10\/harrastusten-parissa-3\/","url_meta":{"origin":35876,"position":2},"title":"Harrastusten parissa","author":"Reija","date":"14.10.2011","format":false,"excerpt":"Huikean kaunis pakkasaamu. Kuutamoy\u00f6n j\u00e4lkeen aamukuudelta postilaatikollakin jotain el\u00e4m\u00e4\u00e4 suurempaa. Kotipihallakin luonto (voiko kotipihalla olla luonto?) niin kaunis kuin lokakuussa vain voi. Huurua, kirkkautta, kylm\u00e4\u00e4, mutta valoa. Paljon valoa. Sellainen on n\u00e4ill\u00e4 leveysasteilla, t\u00e4h\u00e4n aikaan vuodesta pienen juhlan paikka. Matkalla kurssipaikalle... Minulle ihan huippup\u00e4iv\u00e4 t\u00e4n\u00e4\u00e4n, p\u00e4\u00e4sin kamerakurssille. Koko p\u00e4iv\u00e4n kest\u00e4nyt\u2026","rel":"","context":"Kategoriassa &quot;Valokuvaus&quot;","block_context":{"text":"Valokuvaus","link":"https:\/\/www.satokangas.fi\/blogi\/category\/valokuvaus\/"},"img":{"alt_text":"","src":"https:\/\/i0.wp.com\/www.satokangas.fi\/blogi\/wp-content\/uploads\/Kamerakurssille-266x400.jpg?resize=350%2C200&ssl=1","width":350,"height":200},"classes":[]},{"id":16084,"url":"https:\/\/www.satokangas.fi\/blogi\/2012\/12\/tapanin-ajelulle\/","url_meta":{"origin":35876,"position":3},"title":"Tapanin ajelulle","author":"Reija","date":"26.12.2012","format":false,"excerpt":"V\u00e4h\u00e4n pitempi Tapanin p\u00e4iv\u00e4n ajelu. L\u00e4pi musta-valkoisen maiseman Rovaniemelle. P\u00f6lly\u00e4v\u00e4\u00e4 puuterilunta, aika paljon sit\u00e4 ja aika paljon liikennett\u00e4. Mutta tiet sulat. Sik\u00e4li hyv\u00e4 ajella, hyv\u00e4 kulkea, vaikka poikkeuksellisesti olisi kyll\u00e4 ollut melkein yht\u00e4 hyv\u00e4 j\u00e4\u00e4d\u00e4, - j\u00e4\u00e4d\u00e4 kotiin. M\u00f6kill\u00e4 on oltu vastik\u00e4\u00e4n, parikin kertaa, ja pohjoiseen lupaa pakkasta niin paljon,\u2026","rel":"","context":"Kategoriassa &quot;Lappi&quot;","block_context":{"text":"Lappi","link":"https:\/\/www.satokangas.fi\/blogi\/category\/lappi\/"},"img":{"alt_text":"","src":"","width":0,"height":0},"classes":[]},{"id":43156,"url":"https:\/\/www.satokangas.fi\/blogi\/2022\/06\/toiveikkaana\/","url_meta":{"origin":35876,"position":4},"title":"Toiveikkaana","author":"Reija","date":"20.6.2022","format":false,"excerpt":"T\u00e4n\u00e4\u00e4n yritys parantaa t\u00e4m\u00e4n kes\u00e4n py\u00f6r\u00e4ilykilometrisaldoa, joka on j\u00e4\u00e4nyt edellisista vuosista aika lailla j\u00e4lkeen. Sateiset kelit, my\u00f6hemmin aloitettu kausi, pitk\u00e4 m\u00f6kkireissu ja kropan krempat ja kipuilut ovat selityksi\u00e4, jotka olen hyv\u00e4ksynyt syiksi olla l\u00e4htem\u00e4tt\u00e4 Helkamani kanssa matkaan. Toisaalta nuo seikat ovat olleet enemm\u00e4nkin esteit\u00e4 kuin tekosyit\u00e4 - olisin halunnut enemm\u00e4nkin\u2026","rel":"","context":"Kategoriassa &quot;Niit\u00e4 n\u00e4it\u00e4&quot;","block_context":{"text":"Niit\u00e4 n\u00e4it\u00e4","link":"https:\/\/www.satokangas.fi\/blogi\/category\/aiheeton\/"},"img":{"alt_text":"","src":"https:\/\/i0.wp.com\/www.satokangas.fi\/blogi\/wp-content\/uploads\/2022\/06\/tuiranpuisto-4-1.jpg?resize=350%2C200&ssl=1","width":350,"height":200,"srcset":"https:\/\/i0.wp.com\/www.satokangas.fi\/blogi\/wp-content\/uploads\/2022\/06\/tuiranpuisto-4-1.jpg?resize=350%2C200&ssl=1 1x, https:\/\/i0.wp.com\/www.satokangas.fi\/blogi\/wp-content\/uploads\/2022\/06\/tuiranpuisto-4-1.jpg?resize=525%2C300&ssl=1 1.5x, https:\/\/i0.wp.com\/www.satokangas.fi\/blogi\/wp-content\/uploads\/2022\/06\/tuiranpuisto-4-1.jpg?resize=700%2C400&ssl=1 2x"},"classes":[]},{"id":13899,"url":"https:\/\/www.satokangas.fi\/blogi\/2012\/04\/buona-pasqua-a-tutti\/","url_meta":{"origin":35876,"position":5},"title":"Buona Pasqua a tutti","author":"Reija","date":"8.4.2012","format":false,"excerpt":"Hyv\u00e4\u00e4 p\u00e4\u00e4si\u00e4ist\u00e4 kaikille. \u00a0Kaksi p\u00e4\u00e4si\u00e4ist\u00e4 Roomassa viett\u00e4neen\u00e4, ja varmaan kaksikymment\u00e4 Saarisel\u00e4ll\u00e4, joten t\u00e4llainen p\u00e4\u00e4si\u00e4isp\u00e4iv\u00e4n ilta kotona on harvinaista. \u00a0 Aamuaurinko kristallisoi Hangasojan yl\u00e4juoksun puolella olevat koivujen ja m\u00e4ntyjen latvat, sinist\u00e4 taivasta vasten kauniita olivat. Hangetkin kristalliset, ajatukset ehk\u00e4 eiv\u00e4t. Mutta ei tarvinnutkaan. P\u00e4\u00e4si\u00e4isaamun kirkkaus h\u00e4ik\u00e4isi, eik\u00e4 siin\u00e4 auttanut mit\u00e4\u00e4n selitell\u00e4,\u2026","rel":"","context":"Kategoriassa &quot;Niit\u00e4 n\u00e4it\u00e4&quot;","block_context":{"text":"Niit\u00e4 n\u00e4it\u00e4","link":"https:\/\/www.satokangas.fi\/blogi\/category\/aiheeton\/"},"img":{"alt_text":"","src":"https:\/\/i0.wp.com\/www.satokangas.fi\/blogi\/wp-content\/uploads\/puput3-283x400.jpg?resize=350%2C200&ssl=1","width":350,"height":200},"classes":[]}],"_links":{"self":[{"href":"https:\/\/www.satokangas.fi\/blogi\/wp-json\/wp\/v2\/posts\/35876","targetHints":{"allow":["GET"]}}],"collection":[{"href":"https:\/\/www.satokangas.fi\/blogi\/wp-json\/wp\/v2\/posts"}],"about":[{"href":"https:\/\/www.satokangas.fi\/blogi\/wp-json\/wp\/v2\/types\/post"}],"author":[{"embeddable":true,"href":"https:\/\/www.satokangas.fi\/blogi\/wp-json\/wp\/v2\/users\/1"}],"replies":[{"embeddable":true,"href":"https:\/\/www.satokangas.fi\/blogi\/wp-json\/wp\/v2\/comments?post=35876"}],"version-history":[{"count":0,"href":"https:\/\/www.satokangas.fi\/blogi\/wp-json\/wp\/v2\/posts\/35876\/revisions"}],"wp:attachment":[{"href":"https:\/\/www.satokangas.fi\/blogi\/wp-json\/wp\/v2\/media?parent=35876"}],"wp:term":[{"taxonomy":"category","embeddable":true,"href":"https:\/\/www.satokangas.fi\/blogi\/wp-json\/wp\/v2\/categories?post=35876"},{"taxonomy":"post_tag","embeddable":true,"href":"https:\/\/www.satokangas.fi\/blogi\/wp-json\/wp\/v2\/tags?post=35876"}],"curies":[{"name":"wp","href":"https:\/\/api.w.org\/{rel}","templated":true}]}}