{"id":35870,"date":"2019-02-01T20:45:07","date_gmt":"2019-02-01T18:45:07","guid":{"rendered":"https:\/\/www.satokangas.fi\/blogi\/?p=35870"},"modified":"2019-02-01T21:20:00","modified_gmt":"2019-02-01T19:20:00","slug":"kameran-ja-kauhan-kanssa","status":"publish","type":"post","link":"https:\/\/www.satokangas.fi\/blogi\/2019\/02\/kameran-ja-kauhan-kanssa\/","title":{"rendered":"Kameran ja kauhan kanssa"},"content":{"rendered":"<p style=\"text-align: justify;\">T\u00e4n\u00e4\u00e4n on ollut pikkuperhep\u00e4iv\u00e4.<\/p>\n<p style=\"text-align: justify;\">Apsu ja pikkusiskonsa tulivat sisaruskuviin mummin studiolle puolenp\u00e4iv\u00e4n j\u00e4lkeen, joten minulla oli aamutuimaan studion pystytt\u00e4minen olohuoneeseen. Siihen menee kyll\u00e4 tovi kun on m\u00f6\u00f6bleerattava ja lamput laitettava etc. Ja sitten tein porolasagnen, salaatin ja j\u00e4lkk\u00e4rin valmiiksi, jotta voidaan porukalla sy\u00f6d\u00e4 kunhan kuvaushommista on selvitty.<\/p>\n<p style=\"text-align: justify;\"><a href=\"https:\/\/www.satokangas.fi\/blogi\/2019\/02\/kameran-ja-kauhan-kanssa\/1-94\/#main\" rel=\"attachment wp-att-35871\"><img loading=\"lazy\" decoding=\"async\" data-attachment-id=\"35871\" data-permalink=\"https:\/\/www.satokangas.fi\/blogi\/2019\/02\/kameran-ja-kauhan-kanssa\/1-94\/\" data-orig-file=\"https:\/\/www.satokangas.fi\/blogi\/wp-content\/uploads\/2019\/02\/1.jpg\" data-orig-size=\"1000,605\" data-comments-opened=\"1\" data-image-meta=\"{&quot;aperture&quot;:&quot;0&quot;,&quot;credit&quot;:&quot;Reija Satokangas&quot;,&quot;camera&quot;:&quot;&quot;,&quot;caption&quot;:&quot;&quot;,&quot;created_timestamp&quot;:&quot;1549023795&quot;,&quot;copyright&quot;:&quot;Reija Satokangas&quot;,&quot;focal_length&quot;:&quot;0&quot;,&quot;iso&quot;:&quot;0&quot;,&quot;shutter_speed&quot;:&quot;0&quot;,&quot;title&quot;:&quot;&quot;,&quot;orientation&quot;:&quot;0&quot;}\" data-image-title=\"1\" data-image-description=\"\" data-image-caption=\"\" data-large-file=\"https:\/\/www.satokangas.fi\/blogi\/wp-content\/uploads\/2019\/02\/1.jpg\" class=\"aligncenter size-full wp-image-35871\" src=\"https:\/\/www.satokangas.fi\/blogi\/wp-content\/uploads\/2019\/02\/1.jpg\" alt=\"\" width=\"1000\" height=\"605\" srcset=\"https:\/\/www.satokangas.fi\/blogi\/wp-content\/uploads\/2019\/02\/1.jpg 1000w, https:\/\/www.satokangas.fi\/blogi\/wp-content\/uploads\/2019\/02\/1-300x182.jpg 300w, https:\/\/www.satokangas.fi\/blogi\/wp-content\/uploads\/2019\/02\/1-661x400.jpg 661w, https:\/\/www.satokangas.fi\/blogi\/wp-content\/uploads\/2019\/02\/1-768x465.jpg 768w\" sizes=\"auto, (max-width: 1000px) 100vw, 1000px\" \/><\/a><\/p>\n<p style=\"text-align: justify;\">Apsu ei ollut ollenkaan niin yhteisty\u00f6henkinen kuvattava kuin oli kaksivuotiaaksi asti. Ehk\u00e4p\u00e4 poikaparka on kyll\u00e4ytetty mummin kuvaussessioilla, eik\u00e4 pikkuinenkaan hymyillyt yhdess\u00e4k\u00e4\u00e4n kuvassa, vaikka aika hymyilev\u00e4inen &#8211; jos kohta varsin tempperamenttinenkin ja &#8221;nyt-sill\u00e4-meni-hermot&#8221; (kuten Apsu sanoo) osaa olla. Mutta kyll\u00e4 me kuvia saatiin.<\/p>\n<p style=\"text-align: justify;\">Ja sitten sy\u00f6tiin hyvin. Meid\u00e4n l\u00e4hikaupassa oli tuorepastalasagnelevyj\u00e4! Kunpa pysyisiv\u00e4t valikoimissa. Barillan kuivapastat on hyvi\u00e4, mutta tuorepastalevyt ovat kyll\u00e4 arjen luksusta, jota soisin olevan jatkuvasti saatavilla.<\/p>\n<p style=\"text-align: justify;\">Eiliseen viel\u00e4 palatakseni&#8230; lupasin kuvat niist\u00e4 meid\u00e4n joululahjoista, jotka toisillemme Wienin reissulla ostettiin. Eilen Upseerikerholta palatessa otetut k\u00e4nnykk\u00e4kuvat eiv\u00e4t ehk\u00e4 tee oikeutta &#8211; ainakaan takkien kuosille &#8211; joten otin \u00e4sken erikseen pelkist\u00e4 takeista kuvan\u00a0&#8230;<\/p>\n<p><a href=\"https:\/\/www.satokangas.fi\/blogi\/2019\/02\/kameran-ja-kauhan-kanssa\/alppitakit\/#main\" rel=\"attachment wp-att-35872\"><img loading=\"lazy\" decoding=\"async\" data-attachment-id=\"35872\" data-permalink=\"https:\/\/www.satokangas.fi\/blogi\/2019\/02\/kameran-ja-kauhan-kanssa\/alppitakit\/\" data-orig-file=\"https:\/\/www.satokangas.fi\/blogi\/wp-content\/uploads\/2019\/02\/alppitakit.jpg\" data-orig-size=\"1000,667\" data-comments-opened=\"1\" data-image-meta=\"{&quot;aperture&quot;:&quot;0&quot;,&quot;credit&quot;:&quot;Reija Satokangas&quot;,&quot;camera&quot;:&quot;&quot;,&quot;caption&quot;:&quot;&quot;,&quot;created_timestamp&quot;:&quot;1549051483&quot;,&quot;copyright&quot;:&quot;Reija Satokangas&quot;,&quot;focal_length&quot;:&quot;0&quot;,&quot;iso&quot;:&quot;0&quot;,&quot;shutter_speed&quot;:&quot;0&quot;,&quot;title&quot;:&quot;&quot;,&quot;orientation&quot;:&quot;0&quot;}\" data-image-title=\"alppitakit\" data-image-description=\"\" data-image-caption=\"\" data-large-file=\"https:\/\/www.satokangas.fi\/blogi\/wp-content\/uploads\/2019\/02\/alppitakit.jpg\" class=\"aligncenter wp-image-35872 size-full\" src=\"https:\/\/www.satokangas.fi\/blogi\/wp-content\/uploads\/2019\/02\/alppitakit.jpg\" alt=\"\" width=\"1000\" height=\"667\" srcset=\"https:\/\/www.satokangas.fi\/blogi\/wp-content\/uploads\/2019\/02\/alppitakit.jpg 1000w, https:\/\/www.satokangas.fi\/blogi\/wp-content\/uploads\/2019\/02\/alppitakit-300x200.jpg 300w, https:\/\/www.satokangas.fi\/blogi\/wp-content\/uploads\/2019\/02\/alppitakit-600x400.jpg 600w, https:\/\/www.satokangas.fi\/blogi\/wp-content\/uploads\/2019\/02\/alppitakit-768x512.jpg 768w\" sizes=\"auto, (max-width: 1000px) 100vw, 1000px\" \/><\/a><\/p>\n<p><a href=\"https:\/\/www.satokangas.fi\/blogi\/2019\/02\/kameran-ja-kauhan-kanssa\/rpt\/#main\" rel=\"attachment wp-att-35873\"><img loading=\"lazy\" decoding=\"async\" data-attachment-id=\"35873\" data-permalink=\"https:\/\/www.satokangas.fi\/blogi\/2019\/02\/kameran-ja-kauhan-kanssa\/rpt\/\" data-orig-file=\"https:\/\/www.satokangas.fi\/blogi\/wp-content\/uploads\/2019\/02\/alppitakit-2.jpg\" data-orig-size=\"750,1000\" data-comments-opened=\"1\" data-image-meta=\"{&quot;aperture&quot;:&quot;0&quot;,&quot;credit&quot;:&quot;&quot;,&quot;camera&quot;:&quot;&quot;,&quot;caption&quot;:&quot;rpt&quot;,&quot;created_timestamp&quot;:&quot;1548972521&quot;,&quot;copyright&quot;:&quot;Reija Satokangas&quot;,&quot;focal_length&quot;:&quot;0&quot;,&quot;iso&quot;:&quot;0&quot;,&quot;shutter_speed&quot;:&quot;0&quot;,&quot;title&quot;:&quot;rpt&quot;,&quot;orientation&quot;:&quot;0&quot;}\" data-image-title=\"rpt\" data-image-description=\"\" data-image-caption=\"&lt;p&gt;rpt&lt;\/p&gt;\n\" data-large-file=\"https:\/\/www.satokangas.fi\/blogi\/wp-content\/uploads\/2019\/02\/alppitakit-2.jpg\" class=\"wp-image-35873\" src=\"https:\/\/www.satokangas.fi\/blogi\/wp-content\/uploads\/2019\/02\/alppitakit-2.jpg\" alt=\"\" width=\"450\" height=\"600\" srcset=\"https:\/\/www.satokangas.fi\/blogi\/wp-content\/uploads\/2019\/02\/alppitakit-2.jpg 750w, https:\/\/www.satokangas.fi\/blogi\/wp-content\/uploads\/2019\/02\/alppitakit-2-225x300.jpg 225w, https:\/\/www.satokangas.fi\/blogi\/wp-content\/uploads\/2019\/02\/alppitakit-2-300x400.jpg 300w\" sizes=\"auto, (max-width: 450px) 100vw, 450px\" \/><\/a><\/p>\n<p><a href=\"https:\/\/www.satokangas.fi\/blogi\/2019\/02\/kameran-ja-kauhan-kanssa\/nor-6\/#main\" rel=\"attachment wp-att-35874\"><img loading=\"lazy\" decoding=\"async\" data-attachment-id=\"35874\" data-permalink=\"https:\/\/www.satokangas.fi\/blogi\/2019\/02\/kameran-ja-kauhan-kanssa\/nor-6\/\" data-orig-file=\"https:\/\/www.satokangas.fi\/blogi\/wp-content\/uploads\/2019\/02\/alppitakit-3.jpg\" data-orig-size=\"750,1000\" data-comments-opened=\"1\" data-image-meta=\"{&quot;aperture&quot;:&quot;0&quot;,&quot;credit&quot;:&quot;&quot;,&quot;camera&quot;:&quot;&quot;,&quot;caption&quot;:&quot;nor&quot;,&quot;created_timestamp&quot;:&quot;1548972542&quot;,&quot;copyright&quot;:&quot;Reija Satokangas&quot;,&quot;focal_length&quot;:&quot;0&quot;,&quot;iso&quot;:&quot;0&quot;,&quot;shutter_speed&quot;:&quot;0&quot;,&quot;title&quot;:&quot;nor&quot;,&quot;orientation&quot;:&quot;0&quot;}\" data-image-title=\"nor\" data-image-description=\"\" data-image-caption=\"&lt;p&gt;nor&lt;\/p&gt;\n\" data-large-file=\"https:\/\/www.satokangas.fi\/blogi\/wp-content\/uploads\/2019\/02\/alppitakit-3.jpg\" class=\"wp-image-35874\" src=\"https:\/\/www.satokangas.fi\/blogi\/wp-content\/uploads\/2019\/02\/alppitakit-3.jpg\" alt=\"\" width=\"450\" height=\"600\" srcset=\"https:\/\/www.satokangas.fi\/blogi\/wp-content\/uploads\/2019\/02\/alppitakit-3.jpg 750w, https:\/\/www.satokangas.fi\/blogi\/wp-content\/uploads\/2019\/02\/alppitakit-3-225x300.jpg 225w, https:\/\/www.satokangas.fi\/blogi\/wp-content\/uploads\/2019\/02\/alppitakit-3-300x400.jpg 300w\" sizes=\"auto, (max-width: 450px) 100vw, 450px\" \/><\/a><\/p>\n<p>Siin\u00e4p\u00e4 meille on takit taas moneksi vuodeksi. Ensimm\u00e4isen k\u00e4ytt\u00f6kerran j\u00e4lkeen saatoimme toisiamme kehua hyvist\u00e4 joululahjaostoksista. \ud83d\ude00<\/p>\n<p>T\u00e4ss\u00e4p\u00e4 tulikin sitten t\u00e4m\u00e4n vuoden &#8221;muotipostaus&#8221; hoidelluksi saman tien. \ud83d\ude09<\/p>\n","protected":false},"excerpt":{"rendered":"<p>T\u00e4n\u00e4\u00e4n on ollut pikkuperhep\u00e4iv\u00e4. Apsu ja pikkusiskonsa tulivat sisaruskuviin mummin studiolle puolenp\u00e4iv\u00e4n j\u00e4lkeen, joten minulla oli aamutuimaan studion pystytt\u00e4minen olohuoneeseen. Siihen menee kyll\u00e4 tovi kun on m\u00f6\u00f6bleerattava ja lamput laitettava etc. Ja sitten tein porolasagnen, salaatin ja j\u00e4lkk\u00e4rin valmiiksi, jotta voidaan porukalla sy\u00f6d\u00e4 kunhan kuvaushommista on selvitty. Apsu ei ollut ollenkaan niin yhteisty\u00f6henkinen kuvattava kuin oli kaksivuotiaaksi asti. Ehk\u00e4p\u00e4 poikaparka &hellip; <\/p>\n","protected":false},"author":1,"featured_media":0,"comment_status":"open","ping_status":"open","sticky":false,"template":"","format":"standard","meta":{"jetpack_post_was_ever_published":false,"_jetpack_newsletter_access":"","_jetpack_dont_email_post_to_subs":false,"_jetpack_newsletter_tier_id":0,"_jetpack_memberships_contains_paywalled_content":false,"_jetpack_memberships_contains_paid_content":false,"footnotes":"","jetpack_publicize_message":"","jetpack_publicize_feature_enabled":true,"jetpack_social_post_already_shared":true,"jetpack_social_options":{"image_generator_settings":{"template":"highway","default_image_id":0,"font":"","enabled":false},"version":2}},"categories":[1],"tags":[],"class_list":["post-35870","post","type-post","status-publish","format-standard","hentry","category-aiheeton","latest_post"],"jetpack_publicize_connections":[],"jetpack_featured_media_url":"","jetpack_shortlink":"https:\/\/wp.me\/pr4p4-9ky","jetpack_sharing_enabled":true,"jetpack_likes_enabled":false,"jetpack-related-posts":[{"id":36543,"url":"https:\/\/www.satokangas.fi\/blogi\/2019\/05\/suunnitelmien-muutos\/","url_meta":{"origin":35870,"position":0},"title":"Suunnitelmien muutos","author":"Reija","date":"30.5.2019","format":false,"excerpt":"\u00a0 Suojelen sinua kaikelta... T\u00e4n\u00e4\u00e4n on ollut rakkaita pieni\u00e4 mummin studiossa. T\u00e4n\u00e4\u00e4n on ollut tekemisen p\u00e4iv\u00e4. Ja aurinkoa. Hyv\u00e4 p\u00e4iv\u00e4. Yll\u00e4tt\u00e4v\u00e4n paljon on kulunut aikaa... Aamup\u00e4iv\u00e4n hirmuisessa tuulesa py\u00f6r\u00e4ilin, iltap\u00e4iv\u00e4n tein sapuskaa. Josta piti raportoida, ... mutta sep\u00e4 siirtyy huomiseen. Ennen perhep\u00e4iv\u00e4llist\u00e4 oli pitk\u00e4\u00e4n aiottu kuvaussessio: olin aamulla rakentanut studion.\u2026","rel":"","context":"Kategoriassa &quot;Niit\u00e4 n\u00e4it\u00e4&quot;","block_context":{"text":"Niit\u00e4 n\u00e4it\u00e4","link":"https:\/\/www.satokangas.fi\/blogi\/category\/aiheeton\/"},"img":{"alt_text":"","src":"https:\/\/i0.wp.com\/www.satokangas.fi\/blogi\/wp-content\/uploads\/2019\/05\/suojelen-2-1536x1024.jpg?resize=350%2C200&ssl=1","width":350,"height":200,"srcset":"https:\/\/i0.wp.com\/www.satokangas.fi\/blogi\/wp-content\/uploads\/2019\/05\/suojelen-2-1536x1024.jpg?resize=350%2C200&ssl=1 1x, https:\/\/i0.wp.com\/www.satokangas.fi\/blogi\/wp-content\/uploads\/2019\/05\/suojelen-2-1536x1024.jpg?resize=525%2C300&ssl=1 1.5x, https:\/\/i0.wp.com\/www.satokangas.fi\/blogi\/wp-content\/uploads\/2019\/05\/suojelen-2-1536x1024.jpg?resize=700%2C400&ssl=1 2x"},"classes":[]},{"id":44263,"url":"https:\/\/www.satokangas.fi\/blogi\/2022\/12\/pienten-kanssa-pikkujoulut\/","url_meta":{"origin":35870,"position":1},"title":"Pienten kanssa pikkujoulut","author":"Reija","date":"10.12.2022","format":false,"excerpt":"Joulutunnelmainen p\u00e4iv\u00e4. Aamulla kiertelin kaupungilla katselemassa, kuvailemassakin, Oulun joulun maamerkkej\u00e4: Kauppahalli ja Toripolliisi, Torinrannan aitat, Seurahuoneen joulupukki poroineen, kaupungintalon joulukuusi, Tiernapojat, Inti\u00f6n kappeli,\u00a0 Ainolan Joulupolku, Tuiran joulukuusi, Rotuaarin jouluvalot.... Tolkuttoman kauan en kaupungissa voinut kuleksia, koska olin kutsunut vieraita viett\u00e4m\u00e4\u00e4n meille pikkujouluja. Ja kaikenmoista oli toivottu ja olin lupaillut. Menussa\u2026","rel":"","context":"Kategoriassa &quot;Isovanhemmuus&quot;","block_context":{"text":"Isovanhemmuus","link":"https:\/\/www.satokangas.fi\/blogi\/category\/isovanhemmuus\/"},"img":{"alt_text":"","src":"https:\/\/i0.wp.com\/www.satokangas.fi\/blogi\/wp-content\/uploads\/2022\/12\/joulukorttikuvia-2.jpg?resize=350%2C200&ssl=1","width":350,"height":200,"srcset":"https:\/\/i0.wp.com\/www.satokangas.fi\/blogi\/wp-content\/uploads\/2022\/12\/joulukorttikuvia-2.jpg?resize=350%2C200&ssl=1 1x, https:\/\/i0.wp.com\/www.satokangas.fi\/blogi\/wp-content\/uploads\/2022\/12\/joulukorttikuvia-2.jpg?resize=525%2C300&ssl=1 1.5x, https:\/\/i0.wp.com\/www.satokangas.fi\/blogi\/wp-content\/uploads\/2022\/12\/joulukorttikuvia-2.jpg?resize=700%2C400&ssl=1 2x"},"classes":[]},{"id":37682,"url":"https:\/\/www.satokangas.fi\/blogi\/2019\/11\/studiohommia\/","url_meta":{"origin":35870,"position":2},"title":"Studiohommia","author":"Reija","date":"29.11.2019","format":false,"excerpt":"P\u00e4iv\u00e4n juttu on ollut studiokuvaus. Pienet tulivat t\u00e4n\u00e4\u00e4n studiokuviin: Eeviksen 1-vuotiskuvaus ja samalla sisaruskuvat ja tonttukuvat. Pelk\u00e4st\u00e4\u00e4n studion pystytt\u00e4miseen menee hyvinkin tunteroinen. Ja sitten pitk\u00e4st\u00e4 aikaa harjoituskuvia, - Vastavaloon jouluaiheisia otoksia. Kauppaan oli riennett\u00e4v\u00e4: olin luvannut tarjota sapuskan kuvausten j\u00e4lkeen, koskapa sunnuntaina t\u00e4\u00e4ll\u00e4 ei pikkuperheelle ole \"tarjoilua\". Kaikki valmiiksi siihen\u2026","rel":"","context":"Kategoriassa &quot;Isovanhemmuus&quot;","block_context":{"text":"Isovanhemmuus","link":"https:\/\/www.satokangas.fi\/blogi\/category\/isovanhemmuus\/"},"img":{"alt_text":"","src":"https:\/\/i0.wp.com\/www.satokangas.fi\/blogi\/wp-content\/uploads\/2019\/11\/1-6.jpg?resize=350%2C200&ssl=1","width":350,"height":200,"srcset":"https:\/\/i0.wp.com\/www.satokangas.fi\/blogi\/wp-content\/uploads\/2019\/11\/1-6.jpg?resize=350%2C200&ssl=1 1x, https:\/\/i0.wp.com\/www.satokangas.fi\/blogi\/wp-content\/uploads\/2019\/11\/1-6.jpg?resize=525%2C300&ssl=1 1.5x, https:\/\/i0.wp.com\/www.satokangas.fi\/blogi\/wp-content\/uploads\/2019\/11\/1-6.jpg?resize=700%2C400&ssl=1 2x, https:\/\/i0.wp.com\/www.satokangas.fi\/blogi\/wp-content\/uploads\/2019\/11\/1-6.jpg?resize=1050%2C600&ssl=1 3x, https:\/\/i0.wp.com\/www.satokangas.fi\/blogi\/wp-content\/uploads\/2019\/11\/1-6.jpg?resize=1400%2C800&ssl=1 4x"},"classes":[]},{"id":30235,"url":"https:\/\/www.satokangas.fi\/blogi\/2017\/02\/dead-line\/","url_meta":{"origin":35870,"position":3},"title":"Dead-line l\u00e4hell\u00e4","author":"Reija","date":"6.2.2017","format":false,"excerpt":"Oltiinpa t\u00e4n\u00e4\u00e4n aamup\u00e4iv\u00e4ll\u00e4 Apsun ja Juniorin kanssa Nallikarissa. Ei niin, ett\u00e4 mummilla on v\u00e4h\u00e4n viime tingassa n\u00e4ytt\u00f6\u00f6n valmistautuminen, ja nimenomaan edellisten uusintojen kuvaaminen. Palautus uusinnoille on huomenna puoleltap\u00e4ivin, joten eih\u00e4n t\u00e4ss\u00e4 mit\u00e4\u00e4n! Henkil\u00f6 milj\u00f6\u00f6ss\u00e4 on kuvattu ja muokattu. Henkil\u00f6 studiossa on kuvattu ja muokattu. KLIKS. Kyll\u00e4 t\u00e4ss\u00e4 v\u00e4h\u00e4n sellainen h\u00e4t\u00e4varameininki\u2026","rel":"","context":"Kategoriassa &quot;VAT&quot;","block_context":{"text":"VAT","link":"https:\/\/www.satokangas.fi\/blogi\/category\/valokuvaus\/vat\/"},"img":{"alt_text":"","src":"https:\/\/i0.wp.com\/www.satokangas.fi\/blogi\/wp-content\/uploads\/2017\/02\/1-3-1-267x400.jpg?resize=350%2C200&ssl=1","width":350,"height":200},"classes":[]},{"id":35222,"url":"https:\/\/www.satokangas.fi\/blogi\/2018\/11\/perjantaina-puuhia\/","url_meta":{"origin":35870,"position":4},"title":"Perjantaina puuhia","author":"Reija","date":"16.11.2018","format":false,"excerpt":"Onhan t\u00e4m\u00e4 v\u00e4h\u00e4n noloa, mutta kyll\u00e4 on kuulkaa ollut kiire p\u00e4iv\u00e4!! Ensinn\u00e4kin nukuin taas ponniin valvottuani y\u00f6ll\u00e4 turhanaikaisten asioiden takia. Mutta aamup\u00e4iv\u00e4n aikana ehdin kuitenkin J\u00e4\u00e4liin kuten suunnitelmani oli: vein kynttil\u00e4n apen haudalle ja kiertelin J\u00e4\u00e4lin hautausmaalla. Se on merkillisen idyllinen, etten sanoisi nurkkakuntainen, ihanan mets\u00e4inen. Ja l\u00e4mp\u00f6 jatkuu edelleen,\u2026","rel":"","context":"Kategoriassa &quot;Hautausmailla&quot;","block_context":{"text":"Hautausmailla","link":"https:\/\/www.satokangas.fi\/blogi\/category\/hautausmailla\/"},"img":{"alt_text":"","src":"https:\/\/i0.wp.com\/www.satokangas.fi\/blogi\/wp-content\/uploads\/2018\/11\/1-14.jpg?resize=350%2C200&ssl=1","width":350,"height":200,"srcset":"https:\/\/i0.wp.com\/www.satokangas.fi\/blogi\/wp-content\/uploads\/2018\/11\/1-14.jpg?resize=350%2C200&ssl=1 1x, https:\/\/i0.wp.com\/www.satokangas.fi\/blogi\/wp-content\/uploads\/2018\/11\/1-14.jpg?resize=525%2C300&ssl=1 1.5x, https:\/\/i0.wp.com\/www.satokangas.fi\/blogi\/wp-content\/uploads\/2018\/11\/1-14.jpg?resize=700%2C400&ssl=1 2x"},"classes":[]},{"id":30206,"url":"https:\/\/www.satokangas.fi\/blogi\/2017\/02\/arvontapaiva\/","url_meta":{"origin":35870,"position":5},"title":"Arvontap\u00e4iv\u00e4","author":"Reija","date":"2.2.2017","format":false,"excerpt":"T\u00e4n\u00e4\u00e4n oli arvontap\u00e4iv\u00e4, selfiep\u00e4iv\u00e4, Apsu studiossa -kuvausp\u00e4iv\u00e4, pirttip\u00e4iv\u00e4, lumisadep\u00e4iv\u00e4. Aamulla olohuoneeseemme nousi j\u00e4lleen kotistudio: ensi tiistaina pit\u00e4\u00e4 olla n\u00e4ytt\u00f6\u00f6n uusinnat ja viikon p\u00e4\u00e4st\u00e4 torstaina\u00a0my\u00f6s n\u00e4ytt\u00f6 kolmosen kaikki kuvat ja kirjallinen teht\u00e4v\u00e4. T\u00e4n\u00e4\u00e4n Aapelin vanhemmilla oli koulua ja t\u00f6it\u00e4 yht\u00e4aikaa, joten Apsu oli meid\u00e4n kanssa leikkim\u00e4ss\u00e4, touhuamassa, sy\u00f6m\u00e4ss\u00e4, - ja mummille\u2026","rel":"","context":"Kategoriassa &quot;Jokaviikkoinen soppamme&quot;","block_context":{"text":"Jokaviikkoinen soppamme","link":"https:\/\/www.satokangas.fi\/blogi\/category\/ruoka_ja_viini\/jokaviikkoinen-soppamme\/"},"img":{"alt_text":"","src":"https:\/\/i0.wp.com\/www.satokangas.fi\/blogi\/wp-content\/uploads\/2017\/02\/1-8-274x400.jpg?resize=350%2C200&ssl=1","width":350,"height":200},"classes":[]}],"_links":{"self":[{"href":"https:\/\/www.satokangas.fi\/blogi\/wp-json\/wp\/v2\/posts\/35870","targetHints":{"allow":["GET"]}}],"collection":[{"href":"https:\/\/www.satokangas.fi\/blogi\/wp-json\/wp\/v2\/posts"}],"about":[{"href":"https:\/\/www.satokangas.fi\/blogi\/wp-json\/wp\/v2\/types\/post"}],"author":[{"embeddable":true,"href":"https:\/\/www.satokangas.fi\/blogi\/wp-json\/wp\/v2\/users\/1"}],"replies":[{"embeddable":true,"href":"https:\/\/www.satokangas.fi\/blogi\/wp-json\/wp\/v2\/comments?post=35870"}],"version-history":[{"count":0,"href":"https:\/\/www.satokangas.fi\/blogi\/wp-json\/wp\/v2\/posts\/35870\/revisions"}],"wp:attachment":[{"href":"https:\/\/www.satokangas.fi\/blogi\/wp-json\/wp\/v2\/media?parent=35870"}],"wp:term":[{"taxonomy":"category","embeddable":true,"href":"https:\/\/www.satokangas.fi\/blogi\/wp-json\/wp\/v2\/categories?post=35870"},{"taxonomy":"post_tag","embeddable":true,"href":"https:\/\/www.satokangas.fi\/blogi\/wp-json\/wp\/v2\/tags?post=35870"}],"curies":[{"name":"wp","href":"https:\/\/api.w.org\/{rel}","templated":true}]}}