{"id":35065,"date":"2018-10-20T19:18:29","date_gmt":"2018-10-20T16:18:29","guid":{"rendered":"https:\/\/www.satokangas.fi\/blogi\/?p=35065"},"modified":"2018-10-20T19:18:29","modified_gmt":"2018-10-20T16:18:29","slug":"syyslomaviikkohan-se-on","status":"publish","type":"post","link":"https:\/\/www.satokangas.fi\/blogi\/2018\/10\/syyslomaviikkohan-se-on\/","title":{"rendered":"Syyslomaviikkohan se on"},"content":{"rendered":"<p style=\"text-align: justify;\">Viikko 43.<\/p>\n<p style=\"text-align: justify;\">Seh\u00e4n on meid\u00e4n perheelle ollut usein ulkomaanreissun aika, &#8211; ainakin, jollei joku lento- tai linja-autoliikenteeseen kohdistunut lakko ole ollut uhkana tai toteutumassa. Viime vuosina, kuten viime vuonnakin, se on ollut m\u00f6kkiviikko. Nyt se on kotiviikko.<\/p>\n<p style=\"text-align: justify;\">T\u00e4n\u00e4 vuonna olimme &#8221;syyslomaviikon&#8221; kaksistaan m\u00f6kill\u00e4 <a href=\"https:\/\/www.satokangas.fi\/blogi\/2018\/09\/hangasojan-harmauteen\/\" target=\"_blank\" rel=\"noopener\">jo pari viikkoa sitten<\/a>, ihan varuiksi jo silloin. Ja hyv\u00e4 niin. Nyt on hyv\u00e4<\/p>\n<p style=\"text-align: justify;\">T\u00e4n\u00e4\u00e4n oli aamup\u00e4iv\u00e4ll\u00e4 ihan hillit\u00f6n sumu. Sumu on valokuvaajan kaveri. Ja siksip\u00e4 maltoin viett\u00e4\u00e4 parituntisen kierrellen ja kaarrellen pitkin rantoja ja siltoja.<\/p>\n<p><a href=\"https:\/\/www.satokangas.fi\/blogi\/2018\/10\/syyslomaviikkohan-se-on\/sumu-2\/#main\" rel=\"attachment wp-att-35067\"><img loading=\"lazy\" decoding=\"async\" data-attachment-id=\"35067\" data-permalink=\"https:\/\/www.satokangas.fi\/blogi\/2018\/10\/syyslomaviikkohan-se-on\/sumu-2\/\" data-orig-file=\"https:\/\/www.satokangas.fi\/blogi\/wp-content\/uploads\/2018\/10\/sumu.jpg\" data-orig-size=\"1000,663\" data-comments-opened=\"1\" data-image-meta=\"{&quot;aperture&quot;:&quot;22&quot;,&quot;credit&quot;:&quot;Reija Satokangas&quot;,&quot;camera&quot;:&quot;Canon EOS 5D Mark IV&quot;,&quot;caption&quot;:&quot;&quot;,&quot;created_timestamp&quot;:&quot;1540034337&quot;,&quot;copyright&quot;:&quot;Reija Satokangas&quot;,&quot;focal_length&quot;:&quot;16&quot;,&quot;iso&quot;:&quot;100&quot;,&quot;shutter_speed&quot;:&quot;0.125&quot;,&quot;title&quot;:&quot;&quot;,&quot;orientation&quot;:&quot;0&quot;}\" data-image-title=\"sumu\" data-image-description=\"\" data-image-caption=\"\" data-large-file=\"https:\/\/www.satokangas.fi\/blogi\/wp-content\/uploads\/2018\/10\/sumu.jpg\" class=\"aligncenter size-full wp-image-35067\" src=\"https:\/\/www.satokangas.fi\/blogi\/wp-content\/uploads\/2018\/10\/sumu.jpg\" alt=\"\" width=\"1000\" height=\"663\" srcset=\"https:\/\/www.satokangas.fi\/blogi\/wp-content\/uploads\/2018\/10\/sumu.jpg 1000w, https:\/\/www.satokangas.fi\/blogi\/wp-content\/uploads\/2018\/10\/sumu-300x199.jpg 300w, https:\/\/www.satokangas.fi\/blogi\/wp-content\/uploads\/2018\/10\/sumu-603x400.jpg 603w, https:\/\/www.satokangas.fi\/blogi\/wp-content\/uploads\/2018\/10\/sumu-768x509.jpg 768w\" sizes=\"auto, (max-width: 1000px) 100vw, 1000px\" \/><\/a><\/p>\n<p style=\"text-align: justify;\">Sitten Suuri Pyykki- (ja Manklaus) P\u00e4iv\u00e4. Ja muita pieni\u00e4 kodinhoidollisia toimia + ruokaa meille. Sellainen viimeisen p\u00e4\u00e4lle kotilauantai.<\/p>\n<p style=\"text-align: justify;\">Ja kuten yleens\u00e4kin syyslomaviikolla, niin nytkin gl\u00f6gikauden avaus. Kun t\u00e4n\u00e4\u00e4n nyt ei pakkasessa, saatikka lumessa, ole tullut tarvottua, oli oikein hyv\u00e4 kokeilla uutta, uudenlaista gl\u00f6gi\u00e4, kylm\u00e4\u00e4 gl\u00f6gi\u00e4: Blossan 2018 -gl\u00f6gi\u00e4 kun on suositeltukin nautittavaksi j\u00e4iden kanssa. Ja niinh\u00e4n me sitten teimme. Ja kyll\u00e4h\u00e4n se oli hyv\u00e4\u00e4. Raikasta, sitruunaista, kanelistakin, yrttist\u00e4, &#8211; kaiken kaikkiaan miellytt\u00e4v\u00e4 kokemus. J\u00e4isen\u00e4 ei ollut liian jouluinen n\u00e4in lokakuussakaan. Ja sitten k\u00e4ytin aika lailla aikaa t\u00e4llaisen kuvan tekemiseen &#8230;<\/p>\n<p style=\"text-align: justify;\"><a href=\"https:\/\/www.satokangas.fi\/blogi\/2018\/10\/syyslomaviikkohan-se-on\/blossa2018\/#main\" rel=\"attachment wp-att-35066\"><img loading=\"lazy\" decoding=\"async\" data-attachment-id=\"35066\" data-permalink=\"https:\/\/www.satokangas.fi\/blogi\/2018\/10\/syyslomaviikkohan-se-on\/blossa2018\/\" data-orig-file=\"https:\/\/www.satokangas.fi\/blogi\/wp-content\/uploads\/2018\/10\/blossa2018.jpg\" data-orig-size=\"1000,782\" data-comments-opened=\"1\" data-image-meta=\"{&quot;aperture&quot;:&quot;11&quot;,&quot;credit&quot;:&quot;Reija Satokangas&quot;,&quot;camera&quot;:&quot;Canon EOS 5D Mark IV&quot;,&quot;caption&quot;:&quot;&quot;,&quot;created_timestamp&quot;:&quot;1540045108&quot;,&quot;copyright&quot;:&quot;Reija Satokangas&quot;,&quot;focal_length&quot;:&quot;50&quot;,&quot;iso&quot;:&quot;400&quot;,&quot;shutter_speed&quot;:&quot;0.8&quot;,&quot;title&quot;:&quot;&quot;,&quot;orientation&quot;:&quot;0&quot;}\" data-image-title=\"blossa2018\" data-image-description=\"\" data-image-caption=\"\" data-large-file=\"https:\/\/www.satokangas.fi\/blogi\/wp-content\/uploads\/2018\/10\/blossa2018.jpg\" class=\"aligncenter size-full wp-image-35066\" src=\"https:\/\/www.satokangas.fi\/blogi\/wp-content\/uploads\/2018\/10\/blossa2018.jpg\" alt=\"\" width=\"1000\" height=\"782\" srcset=\"https:\/\/www.satokangas.fi\/blogi\/wp-content\/uploads\/2018\/10\/blossa2018.jpg 1000w, https:\/\/www.satokangas.fi\/blogi\/wp-content\/uploads\/2018\/10\/blossa2018-300x235.jpg 300w, https:\/\/www.satokangas.fi\/blogi\/wp-content\/uploads\/2018\/10\/blossa2018-512x400.jpg 512w, https:\/\/www.satokangas.fi\/blogi\/wp-content\/uploads\/2018\/10\/blossa2018-768x601.jpg 768w\" sizes=\"auto, (max-width: 1000px) 100vw, 1000px\" \/><\/a><\/p>\n<p style=\"text-align: justify;\">Viel\u00e4 me <a href=\"https:\/\/viinimaa.fi\/artikkelit\/ajankohtaista\/blossa-18-kylmana-vai-lampimana?utm_source=viinimaaFB&amp;utm_medium=social&amp;utm_campaign=dagmar_Blossa18_vk41_2018\" target=\"_blank\" rel=\"noopener\">testaamme<\/a> sen l\u00e4mpim\u00e4n\u00e4 ja proseccon kanssakin. Onhan jouluun viel\u00e4, en\u00e4\u00e4, kaksi kuukautta. Siihen liittyen kalenteriprojektitkin t\u00e4n\u00e4\u00e4n ty\u00f6n alla&#8230;<\/p>\n","protected":false},"excerpt":{"rendered":"<p>Viikko 43. Seh\u00e4n on meid\u00e4n perheelle ollut usein ulkomaanreissun aika, &#8211; ainakin, jollei joku lento- tai linja-autoliikenteeseen kohdistunut lakko ole ollut uhkana tai toteutumassa. Viime vuosina, kuten viime vuonnakin, se on ollut m\u00f6kkiviikko. Nyt se on kotiviikko. T\u00e4n\u00e4 vuonna olimme &#8221;syyslomaviikon&#8221; kaksistaan m\u00f6kill\u00e4 jo pari viikkoa sitten, ihan varuiksi jo silloin. Ja hyv\u00e4 niin. Nyt on hyv\u00e4 T\u00e4n\u00e4\u00e4n oli aamup\u00e4iv\u00e4ll\u00e4 &hellip; <\/p>\n","protected":false},"author":1,"featured_media":0,"comment_status":"open","ping_status":"open","sticky":false,"template":"","format":"standard","meta":{"jetpack_post_was_ever_published":false,"_jetpack_newsletter_access":"","_jetpack_dont_email_post_to_subs":false,"_jetpack_newsletter_tier_id":0,"_jetpack_memberships_contains_paywalled_content":false,"_jetpack_memberships_contains_paid_content":false,"footnotes":"","jetpack_publicize_message":"","jetpack_publicize_feature_enabled":true,"jetpack_social_post_already_shared":true,"jetpack_social_options":{"image_generator_settings":{"template":"highway","default_image_id":0,"font":"","enabled":false},"version":2}},"categories":[37,93],"tags":[],"class_list":["post-35065","post","type-post","status-publish","format-standard","hentry","category-valokuvaus","category-viini","latest_post"],"jetpack_publicize_connections":[],"jetpack_featured_media_url":"","jetpack_shortlink":"https:\/\/wp.me\/pr4p4-97z","jetpack_sharing_enabled":true,"jetpack_likes_enabled":false,"jetpack-related-posts":[{"id":41830,"url":"https:\/\/www.satokangas.fi\/blogi\/2021\/10\/lapi-repaleisen-lokakuun\/","url_meta":{"origin":35065,"position":0},"title":"L\u00e4pi repaleisen lokakuun &#8230;","author":"Reija","date":"31.10.2021","format":false,"excerpt":"Aamup\u00e4iv\u00e4ll\u00e4 minulla oli treffit Toppilan koulun leikkipuistoon. Siell\u00e4 hyv\u00e4 verryttely\/l\u00e4mmittely py\u00f6r\u00e4lenkin aluksi, kun pari kohtuullisen vaativaa PT:t\u00e4 olivat is\u00e4ns\u00e4 kanssa rimpuilemassa ja juoksemassa. Piha raikui kun py\u00f6r\u00e4ilin portille: Mummmmiiiiiiiiii, tuuuuuuu! Puolituntisen j\u00e4lkeen oli taas heipattava; syyslomaviikolla monet n\u00e4kemiset oovat nyt taas t\u00e4lt\u00e4 kertaa ohitse. Pieness\u00e4 sumussa, melkein tihkusateessa jatkoin Oulujokivarteen.\u2026","rel":"","context":"Kategoriassa &quot;Niit\u00e4 n\u00e4it\u00e4&quot;","block_context":{"text":"Niit\u00e4 n\u00e4it\u00e4","link":"https:\/\/www.satokangas.fi\/blogi\/category\/aiheeton\/"},"img":{"alt_text":"","src":"https:\/\/i0.wp.com\/www.satokangas.fi\/blogi\/wp-content\/uploads\/2021\/10\/Oulujokivarressa-2.jpg?resize=350%2C200&ssl=1","width":350,"height":200,"srcset":"https:\/\/i0.wp.com\/www.satokangas.fi\/blogi\/wp-content\/uploads\/2021\/10\/Oulujokivarressa-2.jpg?resize=350%2C200&ssl=1 1x, https:\/\/i0.wp.com\/www.satokangas.fi\/blogi\/wp-content\/uploads\/2021\/10\/Oulujokivarressa-2.jpg?resize=525%2C300&ssl=1 1.5x, https:\/\/i0.wp.com\/www.satokangas.fi\/blogi\/wp-content\/uploads\/2021\/10\/Oulujokivarressa-2.jpg?resize=700%2C400&ssl=1 2x, https:\/\/i0.wp.com\/www.satokangas.fi\/blogi\/wp-content\/uploads\/2021\/10\/Oulujokivarressa-2.jpg?resize=1050%2C600&ssl=1 3x"},"classes":[]},{"id":32382,"url":"https:\/\/www.satokangas.fi\/blogi\/2017\/10\/reija-luontokuvaa-ja-hyggeilee\/","url_meta":{"origin":35065,"position":1},"title":"Reija luontokuvaa ja hyggeilee ;)","author":"Reija","date":"20.10.2017","format":false,"excerpt":"Mink\u00e4s sit\u00e4 luonnolleen,... On pohjoisessa Suomessa koulu- ja yliopistolukukauden syyslomaviikko, joten tietysti kohti pohjoista tai aika usein kohti etel\u00e4\u00e4kin. Viime vuosina kohti pohjoista. Niin t\u00e4n\u00e4\u00e4nkin. ~~~~~~~~~~~~~ Niinh\u00e4n se taas ven\u00e4hti yhdeks\u00e4\u00e4n ennen kuin p\u00e4\u00e4stiin l\u00e4htem\u00e4\u00e4n. Eip\u00e4 paljon ollut iloa Pehtoorin eilisest\u00e4 autopesusta, mutta onneksi talvirenkaiden vaihto oli tehty jo viime\u2026","rel":"","context":"Kategoriassa &quot;Lappi&quot;","block_context":{"text":"Lappi","link":"https:\/\/www.satokangas.fi\/blogi\/category\/lappi\/"},"img":{"alt_text":"","src":"https:\/\/i0.wp.com\/www.satokangas.fi\/blogi\/wp-content\/uploads\/2017\/10\/Luontokuvausta-ja-hyggeily-3-1.jpg?resize=350%2C200&ssl=1","width":350,"height":200,"srcset":"https:\/\/i0.wp.com\/www.satokangas.fi\/blogi\/wp-content\/uploads\/2017\/10\/Luontokuvausta-ja-hyggeily-3-1.jpg?resize=350%2C200&ssl=1 1x, https:\/\/i0.wp.com\/www.satokangas.fi\/blogi\/wp-content\/uploads\/2017\/10\/Luontokuvausta-ja-hyggeily-3-1.jpg?resize=525%2C300&ssl=1 1.5x, https:\/\/i0.wp.com\/www.satokangas.fi\/blogi\/wp-content\/uploads\/2017\/10\/Luontokuvausta-ja-hyggeily-3-1.jpg?resize=700%2C400&ssl=1 2x"},"classes":[]},{"id":26525,"url":"https:\/\/www.satokangas.fi\/blogi\/2015\/10\/sumussa-kavellen\/","url_meta":{"origin":35065,"position":2},"title":"Sumussa k\u00e4vellen","author":"Reija","date":"12.10.2015","format":false,"excerpt":"Aamusta iltaan k\u00e4vellen ja kuvaillen. Toki sek\u00e4 aamulla ja illalla sek\u00e4 kuvailu ett\u00e4 k\u00e4vely olivat osa muuta toimintaa. Ja siin\u00e4 v\u00e4liss\u00e4 kaikenmoista muuta. Kryptist\u00e4? No joo, mutta siis: aamulla oli ihan mielet\u00f6n sumu, ja seh\u00e4n on kuvauksellista se. Ja ajattelin ett\u00e4 se olisi just hyv\u00e4 kun meill\u00e4 on vattilaisten (valokuvauksen\u2026","rel":"","context":"Kategoriassa &quot;Valokuvaus&quot;","block_context":{"text":"Valokuvaus","link":"https:\/\/www.satokangas.fi\/blogi\/category\/valokuvaus\/"},"img":{"alt_text":"Aamusumussa-6","src":"https:\/\/i0.wp.com\/www.satokangas.fi\/blogi\/wp-content\/uploads\/2015\/10\/Aamusumussa-6-600x306.jpg?resize=350%2C200&ssl=1","width":350,"height":200,"srcset":"https:\/\/i0.wp.com\/www.satokangas.fi\/blogi\/wp-content\/uploads\/2015\/10\/Aamusumussa-6-600x306.jpg?resize=350%2C200&ssl=1 1x, https:\/\/i0.wp.com\/www.satokangas.fi\/blogi\/wp-content\/uploads\/2015\/10\/Aamusumussa-6-600x306.jpg?resize=525%2C300&ssl=1 1.5x"},"classes":[]},{"id":37475,"url":"https:\/\/www.satokangas.fi\/blogi\/2019\/10\/syyslomapaiva\/","url_meta":{"origin":35065,"position":3},"title":"Syyslomap\u00e4iv\u00e4","author":"Reija","date":"22.10.2019","format":false,"excerpt":"APSUN JA MUMMIN SYYSLOMAP\u00c4IV\u00c4 KIRJASTOSSA reilun tunnin leikkimisen ja kirjojen valitsemisen j\u00e4lkeen, kun mummi vitkuttelee vaatenaulakolla. - Mummiiiiiii, NYT me l\u00e4hdet\u00e4\u00e4n jo sinne museoon! Haluan l\u00e4hte\u00e4 MUSEOON! (Kuinka moni muu 4-vuotias vaatii p\u00e4\u00e4st\u00e4 museoon.) MUSEOSSA (ainakin tunnin osastolta toiselle kulkemisen j\u00e4lkeen) - Ens kerralla menn\u00e4\u00e4n kyll\u00e4 Leo\u00b4s Leikkimaahan, mutta sitten\u2026","rel":"","context":"Kategoriassa &quot;Historiaa&quot;","block_context":{"text":"Historiaa","link":"https:\/\/www.satokangas.fi\/blogi\/category\/historiaa\/"},"img":{"alt_text":"","src":"","width":0,"height":0},"classes":[]},{"id":15702,"url":"https:\/\/www.satokangas.fi\/blogi\/2012\/11\/pyhainpaivana-2012\/","url_meta":{"origin":35065,"position":4},"title":"Pyh\u00e4inp\u00e4iv\u00e4n\u00e4 2012","author":"Reija","date":"3.11.2012","format":false,"excerpt":"Niin marraskuu kuin vain voi kuvitella. Yll\u00e4tt\u00e4en aamup\u00e4iv\u00e4n sateessa ja sumussa muutama kelpo otos. S\u00e4\u00e4st\u00e4n osan julkaisemisen viikolle, mutta t\u00e4ss\u00e4 jo jokunen.\u00a0 Kuvat suurenevat klikkaamalla, ja t\u00e4st\u00e4kin tuli aika hieno taustakuva tietokoneelle. Klikkaa kuva isoksi, sitten hiiren oikealla n\u00e4pp\u00e4ilem\u00e4ll\u00e4 klik, klik, ja avautuvasta valikosta valitse \"Aseta (ty\u00f6p\u00f6yd\u00e4n) taustakuvaksi\" .\u00a0 Pyh\u00e4inp\u00e4iv\u00e4n\u2026","rel":"","context":"Kategoriassa &quot;Hautausmailla&quot;","block_context":{"text":"Hautausmailla","link":"https:\/\/www.satokangas.fi\/blogi\/category\/hautausmailla\/"},"img":{"alt_text":"","src":"https:\/\/i0.wp.com\/www.satokangas.fi\/blogi\/wp-content\/uploads\/Pyh%C3%A4inp%C3%A4iv%C3%A4-halloween-r%C3%B6mpp%C3%A4-4-600x394.jpg?resize=350%2C200&ssl=1","width":350,"height":200,"srcset":"https:\/\/i0.wp.com\/www.satokangas.fi\/blogi\/wp-content\/uploads\/Pyh%C3%A4inp%C3%A4iv%C3%A4-halloween-r%C3%B6mpp%C3%A4-4-600x394.jpg?resize=350%2C200&ssl=1 1x, https:\/\/i0.wp.com\/www.satokangas.fi\/blogi\/wp-content\/uploads\/Pyh%C3%A4inp%C3%A4iv%C3%A4-halloween-r%C3%B6mpp%C3%A4-4-600x394.jpg?resize=525%2C300&ssl=1 1.5x"},"classes":[]},{"id":18997,"url":"https:\/\/www.satokangas.fi\/blogi\/2013\/10\/tyoviikon-lopulla\/","url_meta":{"origin":35065,"position":5},"title":"Ty\u00f6viikon lopulla","author":"Reija","date":"18.10.2013","format":false,"excerpt":"Jopas t\u00e4n\u00e4\u00e4n on ollut erilaisia fiiliksi\u00e4 t\u00f6iss\u00e4, ja kotonakin. En laskenut, kuinka monta, mutta monta opiskelijaa k\u00e4vi. Monen monta. Ja j\u00e4in miettim\u00e4\u00e4n, ett\u00e4 juurikin ne, jotka tarvitsisivat jelppi\u00e4, ohjausta, neuvoja eiv\u00e4t sit\u00e4 halua, eiv\u00e4t ymm\u00e4rr\u00e4 tarvitsevansa ja\/tai ottavat nokkiinsa neuvot. Ja sellaiset (joita on onneksi paljon) joille ohjaajalla ei ole\u2026","rel":"","context":"Kategoriassa &quot;Niit\u00e4 n\u00e4it\u00e4&quot;","block_context":{"text":"Niit\u00e4 n\u00e4it\u00e4","link":"https:\/\/www.satokangas.fi\/blogi\/category\/aiheeton\/"},"img":{"alt_text":"","src":"","width":0,"height":0},"classes":[]}],"_links":{"self":[{"href":"https:\/\/www.satokangas.fi\/blogi\/wp-json\/wp\/v2\/posts\/35065","targetHints":{"allow":["GET"]}}],"collection":[{"href":"https:\/\/www.satokangas.fi\/blogi\/wp-json\/wp\/v2\/posts"}],"about":[{"href":"https:\/\/www.satokangas.fi\/blogi\/wp-json\/wp\/v2\/types\/post"}],"author":[{"embeddable":true,"href":"https:\/\/www.satokangas.fi\/blogi\/wp-json\/wp\/v2\/users\/1"}],"replies":[{"embeddable":true,"href":"https:\/\/www.satokangas.fi\/blogi\/wp-json\/wp\/v2\/comments?post=35065"}],"version-history":[{"count":0,"href":"https:\/\/www.satokangas.fi\/blogi\/wp-json\/wp\/v2\/posts\/35065\/revisions"}],"wp:attachment":[{"href":"https:\/\/www.satokangas.fi\/blogi\/wp-json\/wp\/v2\/media?parent=35065"}],"wp:term":[{"taxonomy":"category","embeddable":true,"href":"https:\/\/www.satokangas.fi\/blogi\/wp-json\/wp\/v2\/categories?post=35065"},{"taxonomy":"post_tag","embeddable":true,"href":"https:\/\/www.satokangas.fi\/blogi\/wp-json\/wp\/v2\/tags?post=35065"}],"curies":[{"name":"wp","href":"https:\/\/api.w.org\/{rel}","templated":true}]}}