{"id":34913,"date":"2018-09-28T18:50:22","date_gmt":"2018-09-28T15:50:22","guid":{"rendered":"https:\/\/www.satokangas.fi\/blogi\/?p=34913"},"modified":"2018-09-28T18:50:22","modified_gmt":"2018-09-28T15:50:22","slug":"leiskuvia-vareja-ulkoileva-perjantai","status":"publish","type":"post","link":"https:\/\/www.satokangas.fi\/blogi\/2018\/09\/leiskuvia-vareja-ulkoileva-perjantai\/","title":{"rendered":"Leiskuvia v\u00e4rej\u00e4, ulkoileva perjantai"},"content":{"rendered":"<p style=\"text-align: justify;\"><a href=\"https:\/\/www.satokangas.fi\/blogi\/2018\/09\/leiskuvia-vareja-ulkoileva-perjantai\/varikas_-2\/#main\" rel=\"attachment wp-att-34915\"><img loading=\"lazy\" decoding=\"async\" data-attachment-id=\"34915\" data-permalink=\"https:\/\/www.satokangas.fi\/blogi\/2018\/09\/leiskuvia-vareja-ulkoileva-perjantai\/varikas_-2\/\" data-orig-file=\"https:\/\/www.satokangas.fi\/blogi\/wp-content\/uploads\/2018\/09\/Varikas_-2.jpg\" data-orig-size=\"740,1000\" data-comments-opened=\"1\" data-image-meta=\"{&quot;aperture&quot;:&quot;3.5&quot;,&quot;credit&quot;:&quot;Reija Satokangas&quot;,&quot;camera&quot;:&quot;Canon EOS 5D Mark IV&quot;,&quot;caption&quot;:&quot;&quot;,&quot;created_timestamp&quot;:&quot;1538134386&quot;,&quot;copyright&quot;:&quot;Reija Satokangas&quot;,&quot;focal_length&quot;:&quot;50&quot;,&quot;iso&quot;:&quot;500&quot;,&quot;shutter_speed&quot;:&quot;0.001&quot;,&quot;title&quot;:&quot;&quot;,&quot;orientation&quot;:&quot;0&quot;}\" data-image-title=\"Varikas_-2\" data-image-description=\"\" data-image-caption=\"\" data-large-file=\"https:\/\/www.satokangas.fi\/blogi\/wp-content\/uploads\/2018\/09\/Varikas_-2.jpg\" class=\"aligncenter size-full wp-image-34915\" src=\"https:\/\/www.satokangas.fi\/blogi\/wp-content\/uploads\/2018\/09\/Varikas_-2.jpg\" alt=\"\" width=\"740\" height=\"1000\" srcset=\"https:\/\/www.satokangas.fi\/blogi\/wp-content\/uploads\/2018\/09\/Varikas_-2.jpg 740w, https:\/\/www.satokangas.fi\/blogi\/wp-content\/uploads\/2018\/09\/Varikas_-2-222x300.jpg 222w, https:\/\/www.satokangas.fi\/blogi\/wp-content\/uploads\/2018\/09\/Varikas_-2-296x400.jpg 296w\" sizes=\"auto, (max-width: 740px) 100vw, 740px\" \/><\/a><\/p>\n<p style=\"text-align: justify;\">Ihana, ihana syksy!<\/p>\n<p style=\"text-align: justify;\">Tykk\u00e4\u00e4n kyll\u00e4 syksyst\u00e4(kin). Varsinkin kun se on t\u00e4llainen kuin t\u00e4n\u00e4\u00e4n. Olkoonkin, ett\u00e4 aamup\u00e4iv\u00e4lenkill\u00e4 oli v\u00e4h\u00e4n vilpoista. Toisaalta onneksi uskoin mittaria: +1,7 C\u00a0 tarkoitti l\u00e4mpim\u00e4sti pukeutumista ja reipasta tepastelua. Oli niin hyv\u00e4. Toisin kuin Helsingiss\u00e4 t\u00e4n\u00e4\u00e4n kotimaisemissa kunnon keng\u00e4t, ulkoilukamppeet ja tarve vain liikkua. Hyv\u00e4lleh\u00e4n se tuntui. Ja sai punaiset posket.<\/p>\n<p style=\"text-align: justify;\">Pikkuperheen &#8211; ja meid\u00e4n &#8211; aikataulujen vuoksi meid\u00e4n &#8221;sunnuntaip\u00e4iv\u00e4llinen&#8221; olikin t\u00e4n\u00e4\u00e4n ja viel\u00e4 aika varhain. Ja Pehtoori on jo pitk\u00e4\u00e4n toivonut ruoaksi poron fileit\u00e4, joten niist\u00e4p\u00e4 sitten sapuskan tein. Ja ihan tradition vuoksi korvasienikastiketta ja puikulaperunoita oheen. Perjantain my\u00f6h\u00e4inen lounas melkein kuin jouluruoka. \ud83d\ude09\u00a0 J\u00e4lkkk\u00e4riksi oli j\u00e4tski\u00e4, ihan kotiovelle isolla kuokkurilla toimitettuna. Kerron joku p\u00e4iv\u00e4 lis\u00e4\u00e4&#8230; \ud83d\ude09<\/p>\n<p style=\"text-align: justify;\"><a href=\"https:\/\/www.satokangas.fi\/blogi\/2018\/09\/leiskuvia-vareja-ulkoileva-perjantai\/varikas_-3\/#main\" rel=\"attachment wp-att-34916\"><img loading=\"lazy\" decoding=\"async\" data-attachment-id=\"34916\" data-permalink=\"https:\/\/www.satokangas.fi\/blogi\/2018\/09\/leiskuvia-vareja-ulkoileva-perjantai\/varikas_-3\/\" data-orig-file=\"https:\/\/www.satokangas.fi\/blogi\/wp-content\/uploads\/2018\/09\/Varikas_-3.jpg\" data-orig-size=\"1000,700\" data-comments-opened=\"1\" data-image-meta=\"{&quot;aperture&quot;:&quot;3.5&quot;,&quot;credit&quot;:&quot;Reija Satokangas&quot;,&quot;camera&quot;:&quot;Canon EOS 5D Mark IV&quot;,&quot;caption&quot;:&quot;&quot;,&quot;created_timestamp&quot;:&quot;1538134889&quot;,&quot;copyright&quot;:&quot;Reija Satokangas&quot;,&quot;focal_length&quot;:&quot;50&quot;,&quot;iso&quot;:&quot;500&quot;,&quot;shutter_speed&quot;:&quot;0.000625&quot;,&quot;title&quot;:&quot;&quot;,&quot;orientation&quot;:&quot;0&quot;}\" data-image-title=\"Varikas_-3\" data-image-description=\"\" data-image-caption=\"\" data-large-file=\"https:\/\/www.satokangas.fi\/blogi\/wp-content\/uploads\/2018\/09\/Varikas_-3.jpg\" class=\"aligncenter size-full wp-image-34916\" src=\"https:\/\/www.satokangas.fi\/blogi\/wp-content\/uploads\/2018\/09\/Varikas_-3.jpg\" alt=\"\" width=\"1000\" height=\"700\" srcset=\"https:\/\/www.satokangas.fi\/blogi\/wp-content\/uploads\/2018\/09\/Varikas_-3.jpg 1000w, https:\/\/www.satokangas.fi\/blogi\/wp-content\/uploads\/2018\/09\/Varikas_-3-300x210.jpg 300w, https:\/\/www.satokangas.fi\/blogi\/wp-content\/uploads\/2018\/09\/Varikas_-3-571x400.jpg 571w, https:\/\/www.satokangas.fi\/blogi\/wp-content\/uploads\/2018\/09\/Varikas_-3-768x538.jpg 768w\" sizes=\"auto, (max-width: 1000px) 100vw, 1000px\" \/><\/a><\/p>\n<p style=\"text-align: justify;\">Lenkin lis\u00e4ksi ulkoilua my\u00f6s kotipihalla: on puutarhan alasajon aika. Vaikka kyll\u00e4 Oulussa on nyt ihan poikkeuksellisen komea kaupunkiruska. Kauniin ja l\u00e4mpim\u00e4n kes\u00e4n j\u00e4lkeen puut ja pensaat vaipuvat talveen komeissa v\u00e4reiss\u00e4, ei mit\u00e4\u00e4n vetist\u00e4 ruskeaa vaan hehkuvia v\u00e4rej\u00e4.<\/p>\n<p style=\"text-align: justify;\"><a href=\"https:\/\/www.satokangas.fi\/blogi\/2018\/09\/leiskuvia-vareja-ulkoileva-perjantai\/varikas_-4\/#main\" rel=\"attachment wp-att-34917\"><img loading=\"lazy\" decoding=\"async\" data-attachment-id=\"34917\" data-permalink=\"https:\/\/www.satokangas.fi\/blogi\/2018\/09\/leiskuvia-vareja-ulkoileva-perjantai\/varikas_-4\/\" data-orig-file=\"https:\/\/www.satokangas.fi\/blogi\/wp-content\/uploads\/2018\/09\/Varikas_-4.jpg\" data-orig-size=\"1000,1000\" data-comments-opened=\"1\" data-image-meta=\"{&quot;aperture&quot;:&quot;3.5&quot;,&quot;credit&quot;:&quot;Reija Satokangas&quot;,&quot;camera&quot;:&quot;Canon EOS 5D Mark IV&quot;,&quot;caption&quot;:&quot;&quot;,&quot;created_timestamp&quot;:&quot;1538134922&quot;,&quot;copyright&quot;:&quot;Reija Satokangas&quot;,&quot;focal_length&quot;:&quot;50&quot;,&quot;iso&quot;:&quot;500&quot;,&quot;shutter_speed&quot;:&quot;0.001&quot;,&quot;title&quot;:&quot;&quot;,&quot;orientation&quot;:&quot;0&quot;}\" data-image-title=\"Varikas_-4\" data-image-description=\"\" data-image-caption=\"\" data-large-file=\"https:\/\/www.satokangas.fi\/blogi\/wp-content\/uploads\/2018\/09\/Varikas_-4.jpg\" class=\"aligncenter size-full wp-image-34917\" src=\"https:\/\/www.satokangas.fi\/blogi\/wp-content\/uploads\/2018\/09\/Varikas_-4.jpg\" alt=\"\" width=\"1000\" height=\"1000\" srcset=\"https:\/\/www.satokangas.fi\/blogi\/wp-content\/uploads\/2018\/09\/Varikas_-4.jpg 1000w, https:\/\/www.satokangas.fi\/blogi\/wp-content\/uploads\/2018\/09\/Varikas_-4-300x300.jpg 300w, https:\/\/www.satokangas.fi\/blogi\/wp-content\/uploads\/2018\/09\/Varikas_-4-400x400.jpg 400w, https:\/\/www.satokangas.fi\/blogi\/wp-content\/uploads\/2018\/09\/Varikas_-4-768x768.jpg 768w\" sizes=\"auto, (max-width: 1000px) 100vw, 1000px\" \/><\/a><\/p>\n<p style=\"text-align: justify;\">\n<p style=\"text-align: justify;\">Muistattehan, hyv\u00e4t blogiyst\u00e4v\u00e4t, ett\u00e4 nyt on menossa viel\u00e4 yksi &#8221;miljoona-arvonta&#8221;. Onko blogista j\u00e4\u00e4nyt joku ruoka tai vaikka joku muu el\u00e4mys (viini, elokuva, kirja, kuvaamisidea, kauppa, ravintola)&#8230; mieleen? Oletko testannut? Kerrohan, ja ole mukana arvonnassa. ..\u00a0 \u00a0\u00a0<strong><a href=\"https:\/\/www.satokangas.fi\/blogi\/2018\/09\/arvontaa-arvonnan-peraan\/\" target=\"_blank\" rel=\"noopener\">KLIKS\u00a0<\/a><\/strong><\/p>\n","protected":false},"excerpt":{"rendered":"<p>Ihana, ihana syksy! Tykk\u00e4\u00e4n kyll\u00e4 syksyst\u00e4(kin). Varsinkin kun se on t\u00e4llainen kuin t\u00e4n\u00e4\u00e4n. Olkoonkin, ett\u00e4 aamup\u00e4iv\u00e4lenkill\u00e4 oli v\u00e4h\u00e4n vilpoista. Toisaalta onneksi uskoin mittaria: +1,7 C\u00a0 tarkoitti l\u00e4mpim\u00e4sti pukeutumista ja reipasta tepastelua. Oli niin hyv\u00e4. Toisin kuin Helsingiss\u00e4 t\u00e4n\u00e4\u00e4n kotimaisemissa kunnon keng\u00e4t, ulkoilukamppeet ja tarve vain liikkua. Hyv\u00e4lleh\u00e4n se tuntui. Ja sai punaiset posket. Pikkuperheen &#8211; ja meid\u00e4n &#8211; aikataulujen vuoksi &hellip; <\/p>\n","protected":false},"author":1,"featured_media":0,"comment_status":"open","ping_status":"open","sticky":false,"template":"","format":"standard","meta":{"jetpack_post_was_ever_published":false,"_jetpack_newsletter_access":"","_jetpack_dont_email_post_to_subs":false,"_jetpack_newsletter_tier_id":0,"_jetpack_memberships_contains_paywalled_content":false,"_jetpack_memberships_contains_paid_content":false,"footnotes":"","jetpack_publicize_message":"","jetpack_publicize_feature_enabled":true,"jetpack_social_post_already_shared":true,"jetpack_social_options":{"image_generator_settings":{"template":"highway","default_image_id":0,"font":"","enabled":false},"version":2}},"categories":[12,1,55,17,37],"tags":[],"class_list":["post-34913","post","type-post","status-publish","format-standard","hentry","category-bloggailu","category-aiheeton","category-oulu","category-ruoka_ja_viini","category-valokuvaus","latest_post"],"jetpack_publicize_connections":[],"jetpack_featured_media_url":"","jetpack_shortlink":"https:\/\/wp.me\/pr4p4-957","jetpack_sharing_enabled":true,"jetpack_likes_enabled":false,"jetpack-related-posts":[{"id":53089,"url":"https:\/\/www.satokangas.fi\/blogi\/2025\/09\/ruska-ja-elama-on-nyt\/","url_meta":{"origin":34913,"position":0},"title":"Ruska ja el\u00e4m\u00e4 on nyt!","author":"Reija","date":"11.9.2025","format":false,"excerpt":"Ruskan alkuhetkest\u00e4, sen v\u00e4rikyll\u00e4isyydest\u00e4, kauneudesta ja kestosta\u00a0 Lapissa\/Saarisel\u00e4ll\u00e4 on paljon eri\u00e4vi\u00e4 mielipiteit\u00e4. Meid\u00e4n mielest\u00e4 se on t\u00e4\u00e4ll\u00e4 nyt. On ollut jo ainakin viikon verran, se on taas kaunis ja t\u00e4n\u00e4\u00e4n aurinkoisena, uskomattoman l\u00e4mpim\u00e4n\u00e4 (m\u00f6kkipihassa iltap\u00e4iv\u00e4ll\u00e4 +21 C) syyskuun torstaina kulkiessamme Kaunisp\u00e4\u00e4n \"takarinteill\u00e4\" ruska oli v\u00e4rikyll\u00e4inen. Metsiss\u00e4, paljakassa ja purojen varsilla\u2026","rel":"","context":"Kategoriassa &quot;Lappi&quot;","block_context":{"text":"Lappi","link":"https:\/\/www.satokangas.fi\/blogi\/category\/lappi\/"},"img":{"alt_text":"","src":"https:\/\/i0.wp.com\/www.satokangas.fi\/blogi\/wp-content\/uploads\/2025\/09\/Lapin_syksyKaunispaalla_2025-14.jpg?resize=350%2C200&ssl=1","width":350,"height":200,"srcset":"https:\/\/i0.wp.com\/www.satokangas.fi\/blogi\/wp-content\/uploads\/2025\/09\/Lapin_syksyKaunispaalla_2025-14.jpg?resize=350%2C200&ssl=1 1x, https:\/\/i0.wp.com\/www.satokangas.fi\/blogi\/wp-content\/uploads\/2025\/09\/Lapin_syksyKaunispaalla_2025-14.jpg?resize=525%2C300&ssl=1 1.5x, https:\/\/i0.wp.com\/www.satokangas.fi\/blogi\/wp-content\/uploads\/2025\/09\/Lapin_syksyKaunispaalla_2025-14.jpg?resize=700%2C400&ssl=1 2x"},"classes":[]},{"id":18580,"url":"https:\/\/www.satokangas.fi\/blogi\/2013\/08\/syksyn-merkkeja\/","url_meta":{"origin":34913,"position":1},"title":"Syksyn merkkej\u00e4","author":"Reija","date":"29.8.2013","format":false,"excerpt":"Vuoristorataa t\u00f6iss\u00e4. Aamulla soitti yhden opiskelijan \u00e4iti. Pitk\u00e4n puhelun j\u00e4lkeen tuli surullinen olo. Ehk\u00e4 v\u00e4h\u00e4n ep\u00e4onnistunutkin olo. Sitten muutamia s\u00e4hk\u00f6posteja opiskelijoilta, kertoivat niiss\u00e4 olevansa tyytyv\u00e4isi\u00e4 eilisiin uutisiin, joita oppiaineessa kerrottiin, sellaisesta taas hyv\u00e4 mieli. Hyv\u00e4 mieli my\u00f6s kun meid\u00e4n uusi Manuale Historiae (Historian opiskelijan opas), jota tein ja toimittelin ennen\u2026","rel":"","context":"Kategoriassa &quot;Niit\u00e4 n\u00e4it\u00e4&quot;","block_context":{"text":"Niit\u00e4 n\u00e4it\u00e4","link":"https:\/\/www.satokangas.fi\/blogi\/category\/aiheeton\/"},"img":{"alt_text":"manuale2013_kansi_p","src":"https:\/\/i0.wp.com\/www.satokangas.fi\/blogi\/wp-content\/uploads\/2013\/08\/manuale2013_kansi_p.jpg?resize=350%2C200&ssl=1","width":350,"height":200},"classes":[]},{"id":13586,"url":"https:\/\/www.satokangas.fi\/blogi\/2012\/02\/aurinko-kiitos-kirje-joki-ja-sitten-nuha\/","url_meta":{"origin":34913,"position":2},"title":"Aurinko, kiitos, kirje, Joki ja sitten nuha","author":"Reija","date":"22.2.2012","format":false,"excerpt":"Aurinko l\u00e4mmitt\u00e4\u00e4 jo. Heti aamup\u00e4iv\u00e4ll\u00e4 kev\u00e4taurinko. Ja paljon muutakin hyv\u00e4\u00e4 t\u00e4n\u00e4\u00e4n. Saimme yhdest\u00e4 syksyn \"vieraanvaraisuus\"-jutusta lahjaksi lahjakortin hemmotteluhoitoon. K\u00e4vin t\u00e4n\u00e4\u00e4n oman osani nauttimassa; ihana rentouttava kuumakivihieronta. Tuntui ylelliselt\u00e4 ja nyt koko kroppa on hieman kuin \"irti\". Kevensi oloa. Sellainen kiitos oli hienoa saada lahjaksi. Ja sitten toinen v\u00e4h\u00e4n samanmoinen juttu\u2026","rel":"","context":"Kategoriassa &quot;Niit\u00e4 n\u00e4it\u00e4&quot;","block_context":{"text":"Niit\u00e4 n\u00e4it\u00e4","link":"https:\/\/www.satokangas.fi\/blogi\/category\/aiheeton\/"},"img":{"alt_text":"","src":"","width":0,"height":0},"classes":[]},{"id":43711,"url":"https:\/\/www.satokangas.fi\/blogi\/2022\/09\/syksyista-3\/","url_meta":{"origin":34913,"position":3},"title":"Syksyist\u00e4","author":"Reija","date":"22.9.2022","format":false,"excerpt":"Aamulla ennen auringonnousua purolla usvaa, silti v\u00e4rej\u00e4 ja valoa. Ensimm\u00e4inen asia, joka koronan takia meilt\u00e4 peruuntui ja siirtyi, oli Elton Johnin Helsingin konsertti syksyll\u00e4 2020. Ja ensimm\u00e4inen asia, joka meid\u00e4n el\u00e4m\u00e4\u00e4 Ukrainan sodan takia ihan henk.koht. kosketti, oli Elton Johnin Helsingin konsertin peruuntuminen (Helsinki Areena > Ven\u00e4j\u00e4 pakotteet). Aika v\u00e4h\u00e4isi\u00e4\u2026","rel":"","context":"Kategoriassa &quot;Lappi&quot;","block_context":{"text":"Lappi","link":"https:\/\/www.satokangas.fi\/blogi\/category\/lappi\/"},"img":{"alt_text":"","src":"https:\/\/i0.wp.com\/www.satokangas.fi\/blogi\/wp-content\/uploads\/2022\/09\/10-3.jpg?resize=350%2C200&ssl=1","width":350,"height":200,"srcset":"https:\/\/i0.wp.com\/www.satokangas.fi\/blogi\/wp-content\/uploads\/2022\/09\/10-3.jpg?resize=350%2C200&ssl=1 1x, https:\/\/i0.wp.com\/www.satokangas.fi\/blogi\/wp-content\/uploads\/2022\/09\/10-3.jpg?resize=525%2C300&ssl=1 1.5x, https:\/\/i0.wp.com\/www.satokangas.fi\/blogi\/wp-content\/uploads\/2022\/09\/10-3.jpg?resize=700%2C400&ssl=1 2x"},"classes":[]},{"id":35056,"url":"https:\/\/www.satokangas.fi\/blogi\/2018\/10\/mika-ihana-tekosyy-ja-syksy\/","url_meta":{"origin":34913,"position":4},"title":"Mik\u00e4 ihana tekosyy! Ja syksy!","author":"Reija","date":"19.10.2018","format":false,"excerpt":"Onko luterilaista ty\u00f6moraalia, sy\u00f6misongelmaa, turhanaikaista perustelua, huonoa omaatuntoa, katteetonta selittely\u00e4, ep\u00e4kyps\u00e4\u00e4 itsekkyytt\u00e4, kuplassa el\u00e4mist\u00e4 tai mit\u00e4? Mutta kyll\u00e4 min\u00e4 onnistuin t\u00e4n\u00e4\u00e4n itselleni perustelemaan \"ett\u00e4 olen niin ansainnut t\u00e4m\u00e4n\". Ja sitten viel\u00e4 lis\u00e4ksi, etten ainoastaan ansainnut, vaan my\u00f6s, ett\u00e4 oli sen aika, niin kuin juhlan aika. T\u00e4n\u00e4\u00e4nkin s\u00f6imme hyvin, v\u00e4hint\u00e4\u00e4nkin hyvin.\u2026","rel":"","context":"Kategoriassa &quot;Vanhemmuus&quot;","block_context":{"text":"Vanhemmuus","link":"https:\/\/www.satokangas.fi\/blogi\/category\/vanhemmuus\/"},"img":{"alt_text":"","src":"https:\/\/i0.wp.com\/www.satokangas.fi\/blogi\/wp-content\/uploads\/2018\/10\/1-10.jpg?resize=350%2C200&ssl=1","width":350,"height":200,"srcset":"https:\/\/i0.wp.com\/www.satokangas.fi\/blogi\/wp-content\/uploads\/2018\/10\/1-10.jpg?resize=350%2C200&ssl=1 1x, https:\/\/i0.wp.com\/www.satokangas.fi\/blogi\/wp-content\/uploads\/2018\/10\/1-10.jpg?resize=525%2C300&ssl=1 1.5x, https:\/\/i0.wp.com\/www.satokangas.fi\/blogi\/wp-content\/uploads\/2018\/10\/1-10.jpg?resize=700%2C400&ssl=1 2x"},"classes":[]},{"id":22328,"url":"https:\/\/www.satokangas.fi\/blogi\/2014\/09\/syksyn-sadosta-herkkuja\/","url_meta":{"origin":34913,"position":5},"title":"Syksyn sadosta herkkuja","author":"Reija","date":"2.9.2014","format":false,"excerpt":"Nyt kun tilanne on se, ett\u00e4 meid\u00e4n Juniori toi meille omin pikku k\u00e4t\u00f6sin poimimiaan puolukoita, mietin mit\u00e4h\u00e4n niille, niist\u00e4 tekisi. Ja yksi vanha, ihan \"retroresepti\", tuli mieleen. Taidan viikonloppuna tuollaista keitell\u00e4. Eli puolukkasurvos kanelilla ja neilikalla. Maistuu hyv\u00e4lle kaali- ja maksalaatikon ja mustan makkaran kanssa - kuten puolukkasurvokset nyt yleens\u00e4kin,\u2026","rel":"","context":"Kategoriassa &quot;Niit\u00e4 n\u00e4it\u00e4&quot;","block_context":{"text":"Niit\u00e4 n\u00e4it\u00e4","link":"https:\/\/www.satokangas.fi\/blogi\/category\/aiheeton\/"},"img":{"alt_text":"Hangasojan aamu-6","src":"https:\/\/i0.wp.com\/www.satokangas.fi\/blogi\/wp-content\/uploads\/2014\/09\/Hangasojan-aamu-6-600x400.jpg?resize=350%2C200&ssl=1","width":350,"height":200,"srcset":"https:\/\/i0.wp.com\/www.satokangas.fi\/blogi\/wp-content\/uploads\/2014\/09\/Hangasojan-aamu-6-600x400.jpg?resize=350%2C200&ssl=1 1x, https:\/\/i0.wp.com\/www.satokangas.fi\/blogi\/wp-content\/uploads\/2014\/09\/Hangasojan-aamu-6-600x400.jpg?resize=525%2C300&ssl=1 1.5x"},"classes":[]}],"_links":{"self":[{"href":"https:\/\/www.satokangas.fi\/blogi\/wp-json\/wp\/v2\/posts\/34913","targetHints":{"allow":["GET"]}}],"collection":[{"href":"https:\/\/www.satokangas.fi\/blogi\/wp-json\/wp\/v2\/posts"}],"about":[{"href":"https:\/\/www.satokangas.fi\/blogi\/wp-json\/wp\/v2\/types\/post"}],"author":[{"embeddable":true,"href":"https:\/\/www.satokangas.fi\/blogi\/wp-json\/wp\/v2\/users\/1"}],"replies":[{"embeddable":true,"href":"https:\/\/www.satokangas.fi\/blogi\/wp-json\/wp\/v2\/comments?post=34913"}],"version-history":[{"count":0,"href":"https:\/\/www.satokangas.fi\/blogi\/wp-json\/wp\/v2\/posts\/34913\/revisions"}],"wp:attachment":[{"href":"https:\/\/www.satokangas.fi\/blogi\/wp-json\/wp\/v2\/media?parent=34913"}],"wp:term":[{"taxonomy":"category","embeddable":true,"href":"https:\/\/www.satokangas.fi\/blogi\/wp-json\/wp\/v2\/categories?post=34913"},{"taxonomy":"post_tag","embeddable":true,"href":"https:\/\/www.satokangas.fi\/blogi\/wp-json\/wp\/v2\/tags?post=34913"}],"curies":[{"name":"wp","href":"https:\/\/api.w.org\/{rel}","templated":true}]}}