{"id":34895,"date":"2018-09-25T17:56:03","date_gmt":"2018-09-25T14:56:03","guid":{"rendered":"https:\/\/www.satokangas.fi\/blogi\/?p=34895"},"modified":"2018-09-25T22:28:18","modified_gmt":"2018-09-25T19:28:18","slug":"ikuisesti-ei-voi-olla-huviretkella","status":"publish","type":"post","link":"https:\/\/www.satokangas.fi\/blogi\/2018\/09\/ikuisesti-ei-voi-olla-huviretkella\/","title":{"rendered":"Ikuisesti ei voi olla huviretkell\u00e4"},"content":{"rendered":"<blockquote>\n<p style=\"padding-left: 30px; text-align: justify;\">\u00c4iti naurahti. Sitten h\u00e4n sanoi hyvin mietteli\u00e4\u00e4n\u00e4:<\/p>\n<p style=\"padding-left: 30px; text-align: justify;\">&#8211; Kun me asumme n\u00e4in, minusta tuntuu koko ajan silt\u00e4 kuin oltaisiin huviretkell\u00e4. Min\u00e4 tarkoitan, ett\u00e4 kaikki on toisin, uudella tavalla. Aivan kuin olisi sunnuntai koko ajan. Ja nyt min\u00e4 haluaisin tiet\u00e4\u00e4, onko paha tuntua sill\u00e4 tavalla.<br \/>\nToiset odottivat.<br \/>\n&#8211; Ymm\u00e4rr\u00e4tteh\u00e4n, ei voi olla ikuisesti huviretkell\u00e4, jatkoi \u00e4iti ep\u00e4r\u00f6iden. &#8211; T\u00e4ytyyh\u00e4n sen loppua. Pelk\u00e4\u00e4n, ett\u00e4 \u00e4kki\u00e4 tuntuu taas maanantailta, ja silloin en voi uskoa ett\u00e4 t\u00e4m\u00e4 oli totta.<\/p>\n<p style=\"padding-left: 150px; text-align: justify;\">(Tove Jansson, Muumipappa ja meri)<\/p>\n<\/blockquote>\n<p style=\"text-align: justify;\">T\u00e4\u00e4ll\u00e4 yhden Muumi-friikin luona asustelellessa j\u00e4\u00e4 v\u00e4ist\u00e4m\u00e4tt\u00e4 nuo &#8221;muumit p\u00e4\u00e4lle&#8221;.<\/p>\n<p style=\"text-align: justify;\"><a href=\"https:\/\/www.satokangas.fi\/blogi\/2018\/09\/ikuisesti-ei-voi-olla-huviretkella\/helsingissa-3-3\/#main\" rel=\"attachment wp-att-34898\"><img loading=\"lazy\" decoding=\"async\" data-attachment-id=\"34898\" data-permalink=\"https:\/\/www.satokangas.fi\/blogi\/2018\/09\/ikuisesti-ei-voi-olla-huviretkella\/helsingissa-3-3\/\" data-orig-file=\"https:\/\/www.satokangas.fi\/blogi\/wp-content\/uploads\/2018\/09\/Helsingissa-3.jpg\" data-orig-size=\"1000,841\" data-comments-opened=\"1\" data-image-meta=\"{&quot;aperture&quot;:&quot;5&quot;,&quot;credit&quot;:&quot;Reija Satokangas&quot;,&quot;camera&quot;:&quot;Canon EOS 5D Mark IV&quot;,&quot;caption&quot;:&quot;&quot;,&quot;created_timestamp&quot;:&quot;1537887022&quot;,&quot;copyright&quot;:&quot;&quot;,&quot;focal_length&quot;:&quot;50&quot;,&quot;iso&quot;:&quot;1600&quot;,&quot;shutter_speed&quot;:&quot;0.04&quot;,&quot;title&quot;:&quot;&quot;,&quot;orientation&quot;:&quot;0&quot;}\" data-image-title=\"Helsingissa-3\" data-image-description=\"\" data-image-caption=\"\" data-large-file=\"https:\/\/www.satokangas.fi\/blogi\/wp-content\/uploads\/2018\/09\/Helsingissa-3.jpg\" class=\"aligncenter size-full wp-image-34898\" src=\"https:\/\/www.satokangas.fi\/blogi\/wp-content\/uploads\/2018\/09\/Helsingissa-3.jpg\" alt=\"\" width=\"1000\" height=\"841\" srcset=\"https:\/\/www.satokangas.fi\/blogi\/wp-content\/uploads\/2018\/09\/Helsingissa-3.jpg 1000w, https:\/\/www.satokangas.fi\/blogi\/wp-content\/uploads\/2018\/09\/Helsingissa-3-300x252.jpg 300w, https:\/\/www.satokangas.fi\/blogi\/wp-content\/uploads\/2018\/09\/Helsingissa-3-476x400.jpg 476w, https:\/\/www.satokangas.fi\/blogi\/wp-content\/uploads\/2018\/09\/Helsingissa-3-768x646.jpg 768w\" sizes=\"auto, (max-width: 1000px) 100vw, 1000px\" \/><\/a><\/p>\n<p style=\"text-align: justify;\">Eiv\u00e4tk\u00e4 tuossa edes ole kaikki! Parikymment\u00e4 uusinta (?) ja duplettia ovat eri hyllyiss\u00e4, yhteens\u00e4 kai l\u00e4hemm\u00e4s 80.\u00a0 Muutoin ty\u00e4r on viime kev\u00e4\u00e4n\u00e4 konmarittaessaan &#8221;jo luopunut lapsuuden Muumi-t\u00e4kkipusseista ja -pyyhkeist\u00e4 ja -muistivihkoista&#8221;.<\/p>\n<p style=\"text-align: justify;\">Min\u00e4kin koetin pit\u00e4\u00e4 konmarittamisen mieless\u00e4 t\u00e4n\u00e4\u00e4n shoppailu- ja &#8221;patikka&#8221;kierroksellani Helsingin keskustassa. Viisi tuntia kiertelin kaartelin, kuvailin ja toki tein ostoksiakin ja olisin tehnyt v\u00e4h\u00e4n enemm\u00e4nkin jos olisin l\u00f6yt\u00e4nyt etsim\u00e4ni. Eteisen lamput, \u00e4idin kylpytakki ja sellainen j\u00e4nn\u00e4 palikkakalenteri j\u00e4iv\u00e4t l\u00f6ytym\u00e4tt\u00e4. T\u00e4ss\u00e4 kaikki mit\u00e4 sain aikaiseksi<\/p>\n<p style=\"text-align: justify;\"><a href=\"https:\/\/www.satokangas.fi\/blogi\/2018\/09\/ikuisesti-ei-voi-olla-huviretkella\/helsingissa-2-3\/#main\" rel=\"attachment wp-att-34897\"><img loading=\"lazy\" decoding=\"async\" data-attachment-id=\"34897\" data-permalink=\"https:\/\/www.satokangas.fi\/blogi\/2018\/09\/ikuisesti-ei-voi-olla-huviretkella\/helsingissa-2-3\/\" data-orig-file=\"https:\/\/www.satokangas.fi\/blogi\/wp-content\/uploads\/2018\/09\/Helsingissa-2.jpg\" data-orig-size=\"1000,667\" data-comments-opened=\"1\" data-image-meta=\"{&quot;aperture&quot;:&quot;5&quot;,&quot;credit&quot;:&quot;Reija Satokangas&quot;,&quot;camera&quot;:&quot;Canon EOS 5D Mark IV&quot;,&quot;caption&quot;:&quot;&quot;,&quot;created_timestamp&quot;:&quot;1537886485&quot;,&quot;copyright&quot;:&quot;&quot;,&quot;focal_length&quot;:&quot;50&quot;,&quot;iso&quot;:&quot;1600&quot;,&quot;shutter_speed&quot;:&quot;0.05&quot;,&quot;title&quot;:&quot;&quot;,&quot;orientation&quot;:&quot;0&quot;}\" data-image-title=\"Helsingissa-2\" data-image-description=\"\" data-image-caption=\"\" data-large-file=\"https:\/\/www.satokangas.fi\/blogi\/wp-content\/uploads\/2018\/09\/Helsingissa-2.jpg\" class=\"aligncenter size-full wp-image-34897\" src=\"https:\/\/www.satokangas.fi\/blogi\/wp-content\/uploads\/2018\/09\/Helsingissa-2.jpg\" alt=\"\" width=\"1000\" height=\"667\" srcset=\"https:\/\/www.satokangas.fi\/blogi\/wp-content\/uploads\/2018\/09\/Helsingissa-2.jpg 1000w, https:\/\/www.satokangas.fi\/blogi\/wp-content\/uploads\/2018\/09\/Helsingissa-2-300x200.jpg 300w, https:\/\/www.satokangas.fi\/blogi\/wp-content\/uploads\/2018\/09\/Helsingissa-2-600x400.jpg 600w, https:\/\/www.satokangas.fi\/blogi\/wp-content\/uploads\/2018\/09\/Helsingissa-2-768x512.jpg 768w\" sizes=\"auto, (max-width: 1000px) 100vw, 1000px\" \/><\/a><\/p>\n<p style=\"text-align: justify;\">Akateemisessa pitk\u00e4\u00e4n kaikkea katsellen, lueskellen ja lopulta kaksi kirjaa seuraavaa matkaa varten. Chez Marius on v\u00e4h\u00e4n pyhiinvaelluspaikka: nyt pieni\u00e4 tarvikkeita keitti\u00f6\u00f6n, kastiketippapulloja (Vesku1 opetti n\u00e4iden tarpeellisuuden \ud83d\ude09 )\u00a0 ja m\u00f6kilt\u00e4h\u00e4n on kauan puuttunut pieni &#8221;keikahtamaton&#8221; voiveitsi (tuiki tarpeellinen juttu m\u00f6kkikeitti\u00f6ss\u00e4!!), punainen villatakki, jota olen Kapteenskassa varmaan kolmella edellisell\u00e4 Helsingin reissulla sovittanut, nyt ostin. Ja viel\u00e4 tekisi mieli huomenna k\u00e4yd\u00e4 Stockalla ostamassa yksi toinen villatakki ,&#8230; musta Repeat. L\u00f6ysin kyll\u00e4 lis\u00e4ksi ihan mahtavan <a href=\"https:\/\/www.spartoo.fi\/Desigual-FLASH-x7908163.php\" target=\"_blank\" rel=\"noopener\">Desigualin kevyt toppatakin <\/a>(kuva ei tee oikeutta&#8230; ja liven\u00e4 sovitin tummansinist\u00e4), mutta koko oli liian suuri. Ehk\u00e4 tilaan netist\u00e4?\u00a0 \u00a0Ehk\u00e4 en.<\/p>\n<p style=\"text-align: justify;\">Peili. Tytt\u00e4ren kylpp\u00e4riss\u00e4 ei ole suurentavaa peili\u00e4, joten enh\u00e4n min\u00e4 n\u00e4e kunnolla meikata. Siis peili.<\/p>\n<p style=\"text-align: justify;\">Olihan noita kauppoja kierrett\u00e4v\u00e4n\u00e4, mutta enimm\u00e4kseen k\u00e4velin pitkin keskikaupungin katuja, Eiran kautta Kaivarinrantaan, ja lounaalle Ursulaan. Siell\u00e4 oli n\u00e4in kauniina tiistaina alkuiltap\u00e4iv\u00e4st\u00e4 sellainen joutilaiden ihmisten leppoisa tunnelma. Meri kimmelsi ja Toast Skagen (melkein yht\u00e4) hyv\u00e4\u00e4 kuin ennenkin. Tovin istuin, katselin merta, nautin yksinolosta ja sitten jatkoin taas tepastelua.<\/p>\n<p><a href=\"https:\/\/www.satokangas.fi\/blogi\/2018\/09\/ikuisesti-ei-voi-olla-huviretkella\/helsingissa-5\/#main\" rel=\"attachment wp-att-34896\"><img loading=\"lazy\" decoding=\"async\" data-attachment-id=\"34896\" data-permalink=\"https:\/\/www.satokangas.fi\/blogi\/2018\/09\/ikuisesti-ei-voi-olla-huviretkella\/helsingissa-5\/\" data-orig-file=\"https:\/\/www.satokangas.fi\/blogi\/wp-content\/uploads\/2018\/09\/Helsingissa.jpg\" data-orig-size=\"1000,702\" data-comments-opened=\"1\" data-image-meta=\"{&quot;aperture&quot;:&quot;2.5&quot;,&quot;credit&quot;:&quot;Reija Satokangas&quot;,&quot;camera&quot;:&quot;Canon EOS 5D Mark IV&quot;,&quot;caption&quot;:&quot;&quot;,&quot;created_timestamp&quot;:&quot;1537879020&quot;,&quot;copyright&quot;:&quot;&quot;,&quot;focal_length&quot;:&quot;50&quot;,&quot;iso&quot;:&quot;100&quot;,&quot;shutter_speed&quot;:&quot;0.0005&quot;,&quot;title&quot;:&quot;&quot;,&quot;orientation&quot;:&quot;0&quot;}\" data-image-title=\"Helsingissa\" data-image-description=\"\" data-image-caption=\"\" data-large-file=\"https:\/\/www.satokangas.fi\/blogi\/wp-content\/uploads\/2018\/09\/Helsingissa.jpg\" class=\"aligncenter size-full wp-image-34896\" src=\"https:\/\/www.satokangas.fi\/blogi\/wp-content\/uploads\/2018\/09\/Helsingissa.jpg\" alt=\"\" width=\"1000\" height=\"702\" srcset=\"https:\/\/www.satokangas.fi\/blogi\/wp-content\/uploads\/2018\/09\/Helsingissa.jpg 1000w, https:\/\/www.satokangas.fi\/blogi\/wp-content\/uploads\/2018\/09\/Helsingissa-300x211.jpg 300w, https:\/\/www.satokangas.fi\/blogi\/wp-content\/uploads\/2018\/09\/Helsingissa-570x400.jpg 570w, https:\/\/www.satokangas.fi\/blogi\/wp-content\/uploads\/2018\/09\/Helsingissa-768x539.jpg 768w\" sizes=\"auto, (max-width: 1000px) 100vw, 1000px\" \/><\/a><\/p>\n<p style=\"text-align: justify;\">Iltap\u00e4iv\u00e4n lopulla tauko (ja blogin p\u00e4ivitys) Vetehisell\u00e4, sitten viel\u00e4 katsastamaan Hakaniemen hallin v\u00e4ist\u00f6tilat! Johan oli hienot,&#8230; kuvia tulee. Kiertelin aurinkoisessa, tuulisessa kauniissa ilmassa Kallion kaduilla. Kaupunkipatikasta t\u00e4m\u00e4 p\u00e4iv\u00e4 on k\u00e4ynyt.<\/p>\n<p>Nyt olen l\u00e4hd\u00f6ss\u00e4 vastaan kun ty\u00e4r p\u00e4\u00e4see luennolta kuudelta, ja polkee suoraan Kaupunginteatterille. Meill\u00e4 on liput musikaaliin: Kinky Boots. Sinne siis.<\/p>\n<p>Huviretkell\u00e4 viel\u00e4 olen. &#8230;<\/p>\n<p style=\"text-align: justify;\">\n","protected":false},"excerpt":{"rendered":"<p>\u00c4iti naurahti. Sitten h\u00e4n sanoi hyvin mietteli\u00e4\u00e4n\u00e4: &#8211; Kun me asumme n\u00e4in, minusta tuntuu koko ajan silt\u00e4 kuin oltaisiin huviretkell\u00e4. Min\u00e4 tarkoitan, ett\u00e4 kaikki on toisin, uudella tavalla. Aivan kuin olisi sunnuntai koko ajan. Ja nyt min\u00e4 haluaisin tiet\u00e4\u00e4, onko paha tuntua sill\u00e4 tavalla. Toiset odottivat. &#8211; Ymm\u00e4rr\u00e4tteh\u00e4n, ei voi olla ikuisesti huviretkell\u00e4, jatkoi \u00e4iti ep\u00e4r\u00f6iden. &#8211; T\u00e4ytyyh\u00e4n sen loppua. &hellip; <\/p>\n","protected":false},"author":1,"featured_media":0,"comment_status":"open","ping_status":"open","sticky":false,"template":"","format":"standard","meta":{"jetpack_post_was_ever_published":false,"_jetpack_newsletter_access":"","_jetpack_dont_email_post_to_subs":false,"_jetpack_newsletter_tier_id":0,"_jetpack_memberships_contains_paywalled_content":false,"_jetpack_memberships_contains_paid_content":false,"footnotes":"","jetpack_publicize_message":"","jetpack_publicize_feature_enabled":true,"jetpack_social_post_already_shared":true,"jetpack_social_options":{"image_generator_settings":{"template":"highway","default_image_id":0,"font":"","enabled":false},"version":2}},"categories":[1,22],"tags":[],"class_list":["post-34895","post","type-post","status-publish","format-standard","hentry","category-aiheeton","category-vanhemmuus","latest_post"],"jetpack_publicize_connections":[],"jetpack_featured_media_url":"","jetpack_shortlink":"https:\/\/wp.me\/pr4p4-94P","jetpack_sharing_enabled":true,"jetpack_likes_enabled":false,"jetpack-related-posts":[{"id":17214,"url":"https:\/\/www.satokangas.fi\/blogi\/2013\/04\/merenrantamaisemia-ja-muumi-mukeja\/","url_meta":{"origin":34895,"position":0},"title":"Merenrantamaisemia ja Muumi-mukeja","author":"Reija","date":"24.4.2013","format":false,"excerpt":"Oli sateinen ja sumuinen aamu. Sit\u00e4 seurasi ty\u00f6p\u00e4iv\u00e4, jossa parasta oli iltap\u00e4iv\u00e4ll\u00e4 pidetty kuukausiseminaari. Kollegan erinomaisen mielenkiintoinen ja oman artikkelini j\u00e4sentely\u00e4 auttava alustus sek\u00e4 terveiset viime viikon Tieteentekij\u00f6iden liiton seminaarista her\u00e4ttiv\u00e4t keskustelua ja ajatuksia. Ei citius,altius, fortius vaan \"citius, amplius, vilius\" (= nopeammin, tehokkaammin, halvemmalla) sit\u00e4h\u00e4n sit\u00e4 meilt\u00e4 akateemisessa maailmassa\u2026","rel":"","context":"Kategoriassa &quot;Niit\u00e4 n\u00e4it\u00e4&quot;","block_context":{"text":"Niit\u00e4 n\u00e4it\u00e4","link":"https:\/\/www.satokangas.fi\/blogi\/category\/aiheeton\/"},"img":{"alt_text":"Huhtikuun lopulla","src":"https:\/\/i0.wp.com\/www.satokangas.fi\/blogi\/wp-content\/uploads\/2013\/04\/Huhtikuun-lopulla-628x1024.jpg?resize=350%2C200&ssl=1","width":350,"height":200},"classes":[]},{"id":40189,"url":"https:\/\/www.satokangas.fi\/blogi\/2021\/02\/runeberg-muumit-ja-aatteita\/","url_meta":{"origin":34895,"position":1},"title":"Runeberg, muumit ja &#8221;aatteita&#8221;","author":"Reija","date":"5.2.2021","format":false,"excerpt":"Runebergin p\u00e4iv\u00e4. Eik\u00e4 meill\u00e4 mit\u00e4\u00e4n leivonnaisia. Jotain p\u00e4iv\u00e4\u00e4n liittyv\u00e4\u00e4 symboliikkaa, runebergil\u00e4isen ajan h\u00e4iv\u00e4hdyksen olin kuitenkin n\u00e4kev\u00e4ni p\u00e4iv\u00e4n ulkoiluhetkell\u00e4ni. Joka itse asiassa venyi parituntiseksi. Montakin kohtaamista Oulun puistoissa ja jokirannassa, hautausmaalla ja keskustassa. Pikisaarentie EI ole Porvoossa, mutta vanhaa puutaloidylli\u00e4 siell\u00e4 kuitenkin on... ja Suomen lippu. Runebergil\u00e4ist\u00e4 enemm\u00e4n kuin Fredrikan \"kaapintyhjennyskakkuset\".\u2026","rel":"","context":"Kategoriassa &quot;Niit\u00e4 n\u00e4it\u00e4&quot;","block_context":{"text":"Niit\u00e4 n\u00e4it\u00e4","link":"https:\/\/www.satokangas.fi\/blogi\/category\/aiheeton\/"},"img":{"alt_text":"","src":"https:\/\/i0.wp.com\/www.satokangas.fi\/blogi\/wp-content\/uploads\/2021\/02\/Runebergin_paiva-1536x1024.jpg?resize=350%2C200&ssl=1","width":350,"height":200,"srcset":"https:\/\/i0.wp.com\/www.satokangas.fi\/blogi\/wp-content\/uploads\/2021\/02\/Runebergin_paiva-1536x1024.jpg?resize=350%2C200&ssl=1 1x, https:\/\/i0.wp.com\/www.satokangas.fi\/blogi\/wp-content\/uploads\/2021\/02\/Runebergin_paiva-1536x1024.jpg?resize=525%2C300&ssl=1 1.5x, https:\/\/i0.wp.com\/www.satokangas.fi\/blogi\/wp-content\/uploads\/2021\/02\/Runebergin_paiva-1536x1024.jpg?resize=700%2C400&ssl=1 2x, https:\/\/i0.wp.com\/www.satokangas.fi\/blogi\/wp-content\/uploads\/2021\/02\/Runebergin_paiva-1536x1024.jpg?resize=1050%2C600&ssl=1 3x"},"classes":[]},{"id":16558,"url":"https:\/\/www.satokangas.fi\/blogi\/2013\/02\/terveisia-meksikosta-vol-ii\/","url_meta":{"origin":34895,"position":2},"title":"Terveisi\u00e4 Meksikosta vol. II","author":"Reija","date":"19.2.2013","format":false,"excerpt":"L\u00e4hetin tytt\u00e4relle Monterreyhin kortin. Heti samalla viikolla kun h\u00e4n l\u00e4hti, pistin postiin M\u00f6rk\u00f6-kortin pelottelemaan kaikkia pahiksia pois ja Myykin siin\u00e4 kortissa oli - antamassa tempperamenttia. Esikoinenhan on ollut ihan armoton Muumi-fani koko pienen ik\u00e4ns\u00e4. Jos sanot muutaman vuorosanan jostain Muumi-jaksosta, niin h\u00e4n osaa kertoa, mist\u00e4 jaksosta se on ja osaa\u2026","rel":"","context":"Kategoriassa &quot;Niit\u00e4 n\u00e4it\u00e4&quot;","block_context":{"text":"Niit\u00e4 n\u00e4it\u00e4","link":"https:\/\/www.satokangas.fi\/blogi\/category\/aiheeton\/"},"img":{"alt_text":"IMG-20130203-WA0003","src":"https:\/\/i0.wp.com\/www.satokangas.fi\/blogi\/wp-content\/uploads\/2013\/02\/IMG-20130203-WA0003-300x400.jpg?resize=350%2C200&ssl=1","width":350,"height":200},"classes":[]},{"id":12436,"url":"https:\/\/www.satokangas.fi\/blogi\/2011\/09\/kirjallisia-mietteita-syksysta-ja-onnesta\/","url_meta":{"origin":34895,"position":3},"title":"Kirjallisia mietteit\u00e4 syksyst\u00e4 &#8211; ja onnesta","author":"Reija","date":"20.9.2011","format":false,"excerpt":"Kotimatkalla autossa kerroin Hannulle, kuinka kovasti minua \u00e4rsyttiv\u00e4t kaikki lumen ja j\u00e4\u00e4n ylist\u00e4j\u00e4t, joiden mielest\u00e4 pimeys oli mukava elementti. Juuri tuollaisten tekopirteiden tyyppien vuoksi me tavalliset kaamosmasentuneet jouduimme miettim\u00e4\u00e4n, oliko vika sittenkin meiss\u00e4, omassa synkkyydess\u00e4mme. Samaa turhanaikaista tunnelmointia oli minusta sekin, ett\u00e4 Suomessa puhuttiin nelj\u00e4st\u00e4 vuodenajasta, kun vuodenaikoja kuitenkin oli\u2026","rel":"","context":"Kategoriassa &quot;Luettua&quot;","block_context":{"text":"Luettua","link":"https:\/\/www.satokangas.fi\/blogi\/category\/luettua\/"},"img":{"alt_text":"","src":"","width":0,"height":0},"classes":[]},{"id":21130,"url":"https:\/\/www.satokangas.fi\/blogi\/2014\/05\/vahan-syksyista-melankolista\/","url_meta":{"origin":34895,"position":4},"title":"V\u00e4h\u00e4n syksyist\u00e4, melankolista","author":"Reija","date":"10.5.2014","format":false,"excerpt":"Sateisena, kylm\u00e4n\u00e4, viel\u00e4 lis\u00e4\u00e4 satavana toukokuun lauantaina, jolloin en saa l\u00e4hdetyksi lenkille, jolloin mummula-kierroksen j\u00e4lkeen\u00a0teemme kimpassa safkan, jolloin kotity\u00f6t eiv\u00e4t innosta, jolloin l\u00e4tk\u00e4k\u00e4\u00e4n ei saa minua istumaan telkkarin \u00e4\u00e4reen, haen Youtubelta biisin toisensa j\u00e4lkeen, istun ja kuuntelen musiikkia, lueskelen samalla. Ja joka kolmannella kerralla katson\/kuuntelen\u00a0Lohtu-Live Aid Uusi Lastensairaala 2017 videon\u00a0http:\/\/www.youtube.com\/watch?v=1wXjcuCikUA\u00a0\u2026","rel":"","context":"Kategoriassa &quot;Niit\u00e4 n\u00e4it\u00e4&quot;","block_context":{"text":"Niit\u00e4 n\u00e4it\u00e4","link":"https:\/\/www.satokangas.fi\/blogi\/category\/aiheeton\/"},"img":{"alt_text":"taivas","src":"https:\/\/i0.wp.com\/www.satokangas.fi\/blogi\/wp-content\/uploads\/2014\/05\/taivas1-600x209.jpg?resize=350%2C200&ssl=1","width":350,"height":200,"srcset":"https:\/\/i0.wp.com\/www.satokangas.fi\/blogi\/wp-content\/uploads\/2014\/05\/taivas1-600x209.jpg?resize=350%2C200&ssl=1 1x, https:\/\/i0.wp.com\/www.satokangas.fi\/blogi\/wp-content\/uploads\/2014\/05\/taivas1-600x209.jpg?resize=525%2C300&ssl=1 1.5x"},"classes":[]},{"id":31424,"url":"https:\/\/www.satokangas.fi\/blogi\/2017\/07\/biitsipaiva-onnen-paiva\/","url_meta":{"origin":34895,"position":5},"title":"Biitsip\u00e4iv\u00e4 &#8211; onnen p\u00e4iv\u00e4","author":"Reija","date":"26.7.2017","format":false,"excerpt":"On minulla varmasti ollut el\u00e4m\u00e4ss\u00e4ni onnellisempiakin p\u00e4ivi\u00e4. On varmasti. Liek\u00f6 niit\u00e4 kuitenkaan monia? T\u00e4n\u00e4\u00e4n oli Apsu-p\u00e4iv\u00e4. Kes\u00e4p\u00e4iv\u00e4. Aurinkop\u00e4iv\u00e4. Hellep\u00e4iv\u00e4. Onnen p\u00e4iv\u00e4. Good times. Hyv\u00e4 el\u00e4m\u00e4. Helppo p\u00e4iv\u00e4. Levollinen p\u00e4iv\u00e4, josta ei tekemist\u00e4 puuttunut.\u00a0Meill\u00e4 Pehtoorin kanssa p\u00e4iv\u00e4 pojanpojan kanssa. Ei ollut v\u00e4ltt\u00e4m\u00e4t\u00f6nt\u00e4 \"hoitopaikkatarvetta\", vaan min\u00e4 halusin viett\u00e4\u00e4 kes\u00e4p\u00e4iv\u00e4n Apsun kanssa, joten\u2026","rel":"","context":"Kategoriassa &quot;Isovanhemmuus&quot;","block_context":{"text":"Isovanhemmuus","link":"https:\/\/www.satokangas.fi\/blogi\/category\/isovanhemmuus\/"},"img":{"alt_text":"","src":"https:\/\/i0.wp.com\/www.satokangas.fi\/blogi\/wp-content\/uploads\/2017\/07\/Biitsip%C3%A4iv%C3%A4-1-530x400.jpg?resize=350%2C200&ssl=1","width":350,"height":200,"srcset":"https:\/\/i0.wp.com\/www.satokangas.fi\/blogi\/wp-content\/uploads\/2017\/07\/Biitsip%C3%A4iv%C3%A4-1-530x400.jpg?resize=350%2C200&ssl=1 1x, https:\/\/i0.wp.com\/www.satokangas.fi\/blogi\/wp-content\/uploads\/2017\/07\/Biitsip%C3%A4iv%C3%A4-1-530x400.jpg?resize=525%2C300&ssl=1 1.5x"},"classes":[]}],"_links":{"self":[{"href":"https:\/\/www.satokangas.fi\/blogi\/wp-json\/wp\/v2\/posts\/34895","targetHints":{"allow":["GET"]}}],"collection":[{"href":"https:\/\/www.satokangas.fi\/blogi\/wp-json\/wp\/v2\/posts"}],"about":[{"href":"https:\/\/www.satokangas.fi\/blogi\/wp-json\/wp\/v2\/types\/post"}],"author":[{"embeddable":true,"href":"https:\/\/www.satokangas.fi\/blogi\/wp-json\/wp\/v2\/users\/1"}],"replies":[{"embeddable":true,"href":"https:\/\/www.satokangas.fi\/blogi\/wp-json\/wp\/v2\/comments?post=34895"}],"version-history":[{"count":0,"href":"https:\/\/www.satokangas.fi\/blogi\/wp-json\/wp\/v2\/posts\/34895\/revisions"}],"wp:attachment":[{"href":"https:\/\/www.satokangas.fi\/blogi\/wp-json\/wp\/v2\/media?parent=34895"}],"wp:term":[{"taxonomy":"category","embeddable":true,"href":"https:\/\/www.satokangas.fi\/blogi\/wp-json\/wp\/v2\/categories?post=34895"},{"taxonomy":"post_tag","embeddable":true,"href":"https:\/\/www.satokangas.fi\/blogi\/wp-json\/wp\/v2\/tags?post=34895"}],"curies":[{"name":"wp","href":"https:\/\/api.w.org\/{rel}","templated":true}]}}