{"id":34886,"date":"2018-09-27T20:28:59","date_gmt":"2018-09-27T17:28:59","guid":{"rendered":"https:\/\/www.satokangas.fi\/blogi\/?p=34886"},"modified":"2018-09-27T20:28:59","modified_gmt":"2018-09-27T17:28:59","slug":"kotiinpaluu-5","status":"publish","type":"post","link":"https:\/\/www.satokangas.fi\/blogi\/2018\/09\/kotiinpaluu-5\/","title":{"rendered":"Kotiinpaluu"},"content":{"rendered":"<p style=\"padding-left: 30px;\"><em>&#8211; Miss\u00e4 sin\u00e4 olet ollut! puuskahti is\u00e4.<br \/>\n<\/em><em>&#8211; Min\u00e4k\u00f6? \u00e4iti sanoi viattomasti. \u2013 Tein vain pienen k\u00e4velyretken tuulettuakseni.<\/em><br \/>\n<em>&#8211; Et saa pel\u00e4stytt\u00e4\u00e4 meit\u00e4 tuolla tavoin, sanoi is\u00e4. \u2013 Muista toki, ett\u00e4 me olemme tottuneet n\u00e4kem\u00e4\u00e4n sinut kotona iltaisin.<br \/>\n<\/em><em>&#8211; Sep\u00e4 juuri onkin kauheata, huokaisi \u00e4iti. \u2013 Vaihtelu on v\u00e4ltt\u00e4m\u00e4t\u00f6nt\u00e4. Muuten sit\u00e4 tottuu liikaa toisiinsa ja kaikki on samanlaista, eik\u00f6 niin, kultaseni?<\/em><\/p>\n<p style=\"padding-left: 150px;\">(Tove Jansson, Muumipappa ja meri)<\/p>\n<p style=\"text-align: justify;\">Itse asiassa ei Pehtoori mit\u00e4\u00e4n puuskahtanut, kun oli minua iltap\u00e4iv\u00e4ll\u00e4 lentokent\u00e4ll\u00e4 vastassa. Toivotti tervetulleeksi kotiin, ja kyseli tytt\u00e4ren kuulumisia. Sit\u00e4 paitsi oli k\u00e4ynyt kaupassa ja hommannut ruokatarpeet, jotta teki meille oikein hyv\u00e4 p\u00e4iv\u00e4llisen. Ei hassumpaa, sanoisi varmaan Muumimammakin.<\/p>\n<p style=\"text-align: justify;\">Kotiinpaluun iloihin kuului, ett\u00e4 Juniori ja Apsu tulivat iltasella k\u00e4ym\u00e4\u00e4n; Mini\u00e4 on kovasti flunssassa ja pojat tulivat k\u00e4ym\u00e4\u00e4n (ja hakemaan tuliaiset \ud83d\ude09 ), niin ett\u00e4 potilas sai hetken olla ihan rauhassa. Me askarreltiin Apsun kanssa \u00e4idilleen Parane pian -korttikin. Kyll\u00e4 on silppua ja liimaj\u00e4lki\u00e4 mummin kirjoitusp\u00f6yt\u00e4 t\u00e4ynn\u00e4. Harmi, etten hoksannut ottaa kuvaa aikaansaannoksesta.<\/p>\n<p style=\"text-align: justify;\">Aamulla sent\u00e4\u00e4n otin viel\u00e4 Helsingiss\u00e4 kuvia. Eilisen varsin railakkaan \ud83d\ude09\u00a0 \u00e4iti-tyt\u00e4r -illan j\u00e4lkeen ja -leirin j\u00e4lkeen emme osanneet nukkua t\u00e4n\u00e4\u00e4nk\u00e4\u00e4n my\u00f6h\u00e4\u00e4n, ja koska minulla oli lento vasta puolenp\u00e4iv\u00e4n j\u00e4lkeen, l\u00e4hdin aurinkoisessa, tuulisessa aamussa kameran kanssa viel\u00e4 lenkille. Pienell\u00e4 Helsinki-breakillani ehdin ottaa reilut 300 kuvaa (joista aika ison osan tasoon en ole ollenkaan tyytyv\u00e4inen).<\/p>\n<p style=\"text-align: justify;\">Mutta Hakaniemen rannassa, Krunikassa ja Unioninkadulla on ihana kulkea, katsella, liki tunnelmoida. Aikamatkailla mieless\u00e4\u00e4n.<\/p>\n<p><a href=\"https:\/\/www.satokangas.fi\/blogi\/2018\/09\/kotiinpaluu-5\/unioninkatu\/#main\" rel=\"attachment wp-att-34911\"><img loading=\"lazy\" decoding=\"async\" data-attachment-id=\"34911\" data-permalink=\"https:\/\/www.satokangas.fi\/blogi\/2018\/09\/kotiinpaluu-5\/unioninkatu\/\" data-orig-file=\"https:\/\/www.satokangas.fi\/blogi\/wp-content\/uploads\/2018\/09\/Unioninkatu.jpg\" data-orig-size=\"1000,667\" data-comments-opened=\"1\" data-image-meta=\"{&quot;aperture&quot;:&quot;5&quot;,&quot;credit&quot;:&quot;Reija Satokangas&quot;,&quot;camera&quot;:&quot;Canon EOS 5D Mark IV&quot;,&quot;caption&quot;:&quot;&quot;,&quot;created_timestamp&quot;:&quot;1538041843&quot;,&quot;copyright&quot;:&quot;Reija Satokangas&quot;,&quot;focal_length&quot;:&quot;85&quot;,&quot;iso&quot;:&quot;800&quot;,&quot;shutter_speed&quot;:&quot;0.0008&quot;,&quot;title&quot;:&quot;&quot;,&quot;orientation&quot;:&quot;0&quot;}\" data-image-title=\"Unioninkatu\" data-image-description=\"\" data-image-caption=\"\" data-large-file=\"https:\/\/www.satokangas.fi\/blogi\/wp-content\/uploads\/2018\/09\/Unioninkatu.jpg\" class=\"aligncenter size-full wp-image-34911\" src=\"https:\/\/www.satokangas.fi\/blogi\/wp-content\/uploads\/2018\/09\/Unioninkatu.jpg\" alt=\"\" width=\"1000\" height=\"667\" srcset=\"https:\/\/www.satokangas.fi\/blogi\/wp-content\/uploads\/2018\/09\/Unioninkatu.jpg 1000w, https:\/\/www.satokangas.fi\/blogi\/wp-content\/uploads\/2018\/09\/Unioninkatu-300x200.jpg 300w, https:\/\/www.satokangas.fi\/blogi\/wp-content\/uploads\/2018\/09\/Unioninkatu-600x400.jpg 600w, https:\/\/www.satokangas.fi\/blogi\/wp-content\/uploads\/2018\/09\/Unioninkatu-768x512.jpg 768w\" sizes=\"auto, (max-width: 1000px) 100vw, 1000px\" \/><\/a><\/p>\n<p style=\"text-align: center;\">Aikamatkailla omassa el\u00e4m\u00e4ss\u00e4 ja aikamatkailla Suomen historiassa.<\/p>\n<p><a href=\"https:\/\/www.satokangas.fi\/blogi\/2018\/09\/kotiinpaluu-5\/helsingissa-6\/#main\" rel=\"attachment wp-att-34909\"><img loading=\"lazy\" decoding=\"async\" data-attachment-id=\"34909\" data-permalink=\"https:\/\/www.satokangas.fi\/blogi\/2018\/09\/kotiinpaluu-5\/helsingissa-6\/\" data-orig-file=\"https:\/\/www.satokangas.fi\/blogi\/wp-content\/uploads\/2018\/09\/Helsingiss\u00e4.jpg\" data-orig-size=\"650,1000\" data-comments-opened=\"1\" data-image-meta=\"{&quot;aperture&quot;:&quot;5&quot;,&quot;credit&quot;:&quot;Reija Satokangas&quot;,&quot;camera&quot;:&quot;Canon EOS 5D Mark IV&quot;,&quot;caption&quot;:&quot;&quot;,&quot;created_timestamp&quot;:&quot;1538042130&quot;,&quot;copyright&quot;:&quot;Reija Satokangas&quot;,&quot;focal_length&quot;:&quot;182&quot;,&quot;iso&quot;:&quot;400&quot;,&quot;shutter_speed&quot;:&quot;0.0003125&quot;,&quot;title&quot;:&quot;&quot;,&quot;orientation&quot;:&quot;0&quot;}\" data-image-title=\"Helsingiss\u00e4\" data-image-description=\"\" data-image-caption=\"\" data-large-file=\"https:\/\/www.satokangas.fi\/blogi\/wp-content\/uploads\/2018\/09\/Helsingiss\u00e4.jpg\" class=\"aligncenter size-full wp-image-34909\" src=\"https:\/\/www.satokangas.fi\/blogi\/wp-content\/uploads\/2018\/09\/Helsingiss\u00e4.jpg\" alt=\"\" width=\"650\" height=\"1000\" srcset=\"https:\/\/www.satokangas.fi\/blogi\/wp-content\/uploads\/2018\/09\/Helsingiss\u00e4.jpg 650w, https:\/\/www.satokangas.fi\/blogi\/wp-content\/uploads\/2018\/09\/Helsingiss\u00e4-195x300.jpg 195w, https:\/\/www.satokangas.fi\/blogi\/wp-content\/uploads\/2018\/09\/Helsingiss\u00e4-260x400.jpg 260w\" sizes=\"auto, (max-width: 650px) 100vw, 650px\" \/><\/a><\/p>\n<p>Kulkea ajatuksissa akateemisessa maailmassa, &#8221;Pitk\u00e4n sillan pohjoispuolella&#8221;, Vetehisenkujalla, Rantapellossa&#8230;<\/p>\n<p>Joka tapauksessa: olipa hyv\u00e4 pieni lomanen, tai ehk\u00e4 loma on v\u00e4\u00e4r\u00e4 sana t\u00e4ss\u00e4. Pala el\u00e4m\u00e4\u00e4. Hyvin hyv\u00e4 pala.<\/p>\n","protected":false},"excerpt":{"rendered":"<p>&#8211; Miss\u00e4 sin\u00e4 olet ollut! puuskahti is\u00e4. &#8211; Min\u00e4k\u00f6? \u00e4iti sanoi viattomasti. \u2013 Tein vain pienen k\u00e4velyretken tuulettuakseni. &#8211; Et saa pel\u00e4stytt\u00e4\u00e4 meit\u00e4 tuolla tavoin, sanoi is\u00e4. \u2013 Muista toki, ett\u00e4 me olemme tottuneet n\u00e4kem\u00e4\u00e4n sinut kotona iltaisin. &#8211; Sep\u00e4 juuri onkin kauheata, huokaisi \u00e4iti. \u2013 Vaihtelu on v\u00e4ltt\u00e4m\u00e4t\u00f6nt\u00e4. Muuten sit\u00e4 tottuu liikaa toisiinsa ja kaikki on samanlaista, eik\u00f6 niin, &hellip; <\/p>\n","protected":false},"author":1,"featured_media":0,"comment_status":"open","ping_status":"open","sticky":false,"template":"","format":"standard","meta":{"jetpack_post_was_ever_published":false,"_jetpack_newsletter_access":"","_jetpack_dont_email_post_to_subs":false,"_jetpack_newsletter_tier_id":0,"_jetpack_memberships_contains_paywalled_content":false,"_jetpack_memberships_contains_paid_content":false,"footnotes":"","jetpack_publicize_message":"","jetpack_publicize_feature_enabled":true,"jetpack_social_post_already_shared":true,"jetpack_social_options":{"image_generator_settings":{"template":"highway","default_image_id":0,"font":"","enabled":false},"version":2}},"categories":[22],"tags":[],"class_list":["post-34886","post","type-post","status-publish","format-standard","hentry","category-vanhemmuus","latest_post"],"jetpack_publicize_connections":[],"jetpack_featured_media_url":"","jetpack_shortlink":"https:\/\/wp.me\/pr4p4-94G","jetpack_sharing_enabled":true,"jetpack_likes_enabled":false,"jetpack-related-posts":[{"id":34809,"url":"https:\/\/www.satokangas.fi\/blogi\/2018\/09\/lampun-aika\/","url_meta":{"origin":34886,"position":0},"title":"Lampun aika","author":"Reija","date":"12.9.2018","format":false,"excerpt":"- Is\u00e4, huusi Muumipeikko.\u00a0 - Etk\u00f6 huomaa mit\u00e4\u00e4n erikoista? Meill\u00e4 on lamppu! - Niin, arvelin ett\u00e4 on jo lampun aika, kun illat ovat n\u00e4in pitki\u00e4. T\u00e4n\u00e4 iltana tuntui silt\u00e4, sanoi \u00e4iti.\u00a0 Is\u00e4 sanoi: - Mutta silloin sin\u00e4 lopetat kes\u00e4n. Lamppu sytytet\u00e4\u00e4n vasta kun kes\u00e4 on lopussa. - Sittenh\u00e4n tulee syksy,\u2026","rel":"","context":"Kategoriassa &quot;Muistikuvia&quot;","block_context":{"text":"Muistikuvia","link":"https:\/\/www.satokangas.fi\/blogi\/category\/muistikuvia\/"},"img":{"alt_text":"","src":"https:\/\/i0.wp.com\/www.satokangas.fi\/blogi\/wp-content\/uploads\/2018\/09\/Muumien_syksy.jpg?resize=350%2C200&ssl=1","width":350,"height":200,"srcset":"https:\/\/i0.wp.com\/www.satokangas.fi\/blogi\/wp-content\/uploads\/2018\/09\/Muumien_syksy.jpg?resize=350%2C200&ssl=1 1x, https:\/\/i0.wp.com\/www.satokangas.fi\/blogi\/wp-content\/uploads\/2018\/09\/Muumien_syksy.jpg?resize=525%2C300&ssl=1 1.5x, https:\/\/i0.wp.com\/www.satokangas.fi\/blogi\/wp-content\/uploads\/2018\/09\/Muumien_syksy.jpg?resize=700%2C400&ssl=1 2x"},"classes":[]},{"id":35195,"url":"https:\/\/www.satokangas.fi\/blogi\/2018\/11\/35195\/","url_meta":{"origin":34886,"position":1},"title":"Juhlan aikaa&#8230;","author":"Reija","date":"11.11.2018","format":false,"excerpt":"Tuntuu ett\u00e4 eilisest\u00e4 aamusta on aikaa kauankin... Eilisest\u00e4, jolloin me saimme toisen lapsenlapsemme. Toissay\u00f6n\u00e4 kolmen aikaan Juniori pudotti poikansa meid\u00e4n eteiseen ja sanoi, ett\u00e4 \"me menn\u00e4\u00e4n nyt\". L\u00e4htiv\u00e4t synnytt\u00e4m\u00e4\u00e4n - vihdoinkin. Apsu seisoi kalpeana, ruskeat suklaasilm\u00e4t suurina ja ihmetteli tilannetta, vaikka tilanteesta oli jo etuk\u00e4teen h\u00e4nelle kerrottu. Menimme yhdess\u00e4 nukkumaan,\u2026","rel":"","context":"Kategoriassa &quot;Isovanhemmuus&quot;","block_context":{"text":"Isovanhemmuus","link":"https:\/\/www.satokangas.fi\/blogi\/category\/isovanhemmuus\/"},"img":{"alt_text":"","src":"https:\/\/i0.wp.com\/www.satokangas.fi\/blogi\/wp-content\/uploads\/2018\/11\/legot.jpg?resize=350%2C200&ssl=1","width":350,"height":200,"srcset":"https:\/\/i0.wp.com\/www.satokangas.fi\/blogi\/wp-content\/uploads\/2018\/11\/legot.jpg?resize=350%2C200&ssl=1 1x, https:\/\/i0.wp.com\/www.satokangas.fi\/blogi\/wp-content\/uploads\/2018\/11\/legot.jpg?resize=525%2C300&ssl=1 1.5x, https:\/\/i0.wp.com\/www.satokangas.fi\/blogi\/wp-content\/uploads\/2018\/11\/legot.jpg?resize=700%2C400&ssl=1 2x"},"classes":[]},{"id":27346,"url":"https:\/\/www.satokangas.fi\/blogi\/2016\/01\/kotiinpaluu-4\/","url_meta":{"origin":34886,"position":2},"title":"Kotiinpaluu","author":"Reija","date":"10.1.2016","format":false,"excerpt":"On hyv\u00e4 olla kotona. Joulun j\u00e4lkeen l\u00e4hdettiin pohjoiseeen, t\u00e4n\u00e4\u00e4n olen palannut Ouluun, josta joulu on jo kaukana. Onneksi t\u00e4\u00e4ll\u00e4kin lunta ja pakkasta. Ja onneksi t\u00e4\u00e4ll\u00e4 on perhe. Tied\u00e4ttek\u00f6, ett\u00e4 t\u00e4\u00e4ll\u00e4 oli pullantuoksuinen koti, kun palasin! Kuinka moni nainen on sellaisen kokenut tullessaan opiskelujen j\u00e4lkeen kotiin? Pehtoori oli t\u00e4n\u00e4\u00e4n leiponut pullaa!\u2026","rel":"","context":"Kategoriassa &quot;Isovanhemmuus&quot;","block_context":{"text":"Isovanhemmuus","link":"https:\/\/www.satokangas.fi\/blogi\/category\/isovanhemmuus\/"},"img":{"alt_text":"1-3","src":"https:\/\/i0.wp.com\/www.satokangas.fi\/blogi\/wp-content\/uploads\/2016\/01\/1-3-600x400.jpg?resize=350%2C200&ssl=1","width":350,"height":200,"srcset":"https:\/\/i0.wp.com\/www.satokangas.fi\/blogi\/wp-content\/uploads\/2016\/01\/1-3-600x400.jpg?resize=350%2C200&ssl=1 1x, https:\/\/i0.wp.com\/www.satokangas.fi\/blogi\/wp-content\/uploads\/2016\/01\/1-3-600x400.jpg?resize=525%2C300&ssl=1 1.5x"},"classes":[]},{"id":34061,"url":"https:\/\/www.satokangas.fi\/blogi\/2018\/05\/dna-geeniperima-haploryhma-ja-mina\/","url_meta":{"origin":34886,"position":3},"title":"DNA, geeniperim\u00e4, haploryhm\u00e4 ja min\u00e4","author":"Reija","date":"24.5.2018","format":false,"excerpt":"Aivastatko sy\u00f6ty\u00e4si tummaa suklaata? -\u00a0Min\u00e4 en, mutta minun DNA:ssani on kyll\u00e4 monia muita j\u00e4lki\u00e4 neanderthalilaisesta, esimerkiksi pituuteni. DNAssani on enemm\u00e4n j\u00e4lki\u00e4 neanderthalilaisesta kuin keskim\u00e4\u00e4rin niiss\u00e4 kymmeniss\u00e4tuhansissa ihmisiss\u00e4, jotka on ovat tehneet geeniperim\u00e4n kartoituksen DNA:sta t\u00e4llaisessa firmassa\u00a0 \u00a0 \u00a0\u00a0\u00a0 \u00a0 \u00a0 \u00a0https:\/\/www.23andme.com\/en-eu\/ Min\u00e4 sain tuon testin lapsilta viime jouluna lahjaksi. Testi\u2026","rel":"","context":"Kategoriassa &quot;Historiaa&quot;","block_context":{"text":"Historiaa","link":"https:\/\/www.satokangas.fi\/blogi\/category\/historiaa\/"},"img":{"alt_text":"","src":"https:\/\/i0.wp.com\/www.satokangas.fi\/blogi\/wp-content\/uploads\/2018\/05\/Haplo.jpg?resize=350%2C200&ssl=1","width":350,"height":200,"srcset":"https:\/\/i0.wp.com\/www.satokangas.fi\/blogi\/wp-content\/uploads\/2018\/05\/Haplo.jpg?resize=350%2C200&ssl=1 1x, https:\/\/i0.wp.com\/www.satokangas.fi\/blogi\/wp-content\/uploads\/2018\/05\/Haplo.jpg?resize=525%2C300&ssl=1 1.5x, https:\/\/i0.wp.com\/www.satokangas.fi\/blogi\/wp-content\/uploads\/2018\/05\/Haplo.jpg?resize=700%2C400&ssl=1 2x, https:\/\/i0.wp.com\/www.satokangas.fi\/blogi\/wp-content\/uploads\/2018\/05\/Haplo.jpg?resize=1050%2C600&ssl=1 3x"},"classes":[]},{"id":30096,"url":"https:\/\/www.satokangas.fi\/blogi\/2017\/01\/loppuviikon-perjantai\/","url_meta":{"origin":34886,"position":4},"title":"Loppuviikon perjantai","author":"Reija","date":"13.1.2017","format":false,"excerpt":"Eih\u00e4n se ollut tarkoitus. Sorry vaan itselleni. Ei ollut tarkoitus her\u00e4t\u00e4 viidelt\u00e4, mutta jos nukahtaa ennen kymment\u00e4, eik\u00e4 ole kunnolla ulkoillut\/liikkunut moneen p\u00e4iv\u00e4\u00e4n, niin mit\u00e4 muuta voi odottaa. Oma vika. Viidelt\u00e4 her\u00e4\u00e4misess\u00e4 on tietysti puolensa. Ehtii tehd\u00e4 kaikenmoista pitkin aamua. Aloittaa suorittamisen, vaikkei edes isommasti haluaisi. T\u00e4n\u00e4\u00e4n oli sellainen p\u00e4iv\u00e4,\u2026","rel":"","context":"Kategoriassa &quot;Niit\u00e4 n\u00e4it\u00e4&quot;","block_context":{"text":"Niit\u00e4 n\u00e4it\u00e4","link":"https:\/\/www.satokangas.fi\/blogi\/category\/aiheeton\/"},"img":{"alt_text":"","src":"https:\/\/i0.wp.com\/www.satokangas.fi\/blogi\/wp-content\/uploads\/2017\/01\/Tupperware-328x400.jpg?resize=350%2C200&ssl=1","width":350,"height":200},"classes":[]},{"id":23262,"url":"https:\/\/www.satokangas.fi\/blogi\/2014\/12\/kotiinpaluu-3\/","url_meta":{"origin":34886,"position":5},"title":"Kotiinpaluu","author":"Reija","date":"6.12.2014","format":false,"excerpt":"\"Min\u00e4 asun v\u00e4h\u00e4n siell\u00e4 ja t\u00e4\u00e4ll\u00e4, Nuuskamuikkunen vastasi ja pani kahvin tulelle. T\u00e4n\u00e4\u00e4n satun olemaan t\u00e4\u00e4ll\u00e4 - huomenna jossakin toisessa paikassa. Min\u00e4 kuljen kulkemistani, ja kun l\u00f6yd\u00e4n hauskan paikan, pystyt\u00e4n telttani ja soitan huuliharppua.\" \u00a0 Meid\u00e4n Nuuskamuikkunen on kotona! \u00a0 \u00a0 \u00a0 ~~~~~~~~~~~~~~~~~~~~~~~~~~~~~~~~~~~~~~~~~~~~ JOULUKALENTERI\u00a0","rel":"","context":"Kategoriassa &quot;Meksiko&quot;","block_context":{"text":"Meksiko","link":"https:\/\/www.satokangas.fi\/blogi\/category\/reissut\/meksiko\/"},"img":{"alt_text":"5_2014-2","src":"https:\/\/i0.wp.com\/www.satokangas.fi\/blogi\/wp-content\/uploads\/2014\/12\/5_2014-2-578x400.jpg?resize=350%2C200&ssl=1","width":350,"height":200,"srcset":"https:\/\/i0.wp.com\/www.satokangas.fi\/blogi\/wp-content\/uploads\/2014\/12\/5_2014-2-578x400.jpg?resize=350%2C200&ssl=1 1x, https:\/\/i0.wp.com\/www.satokangas.fi\/blogi\/wp-content\/uploads\/2014\/12\/5_2014-2-578x400.jpg?resize=525%2C300&ssl=1 1.5x"},"classes":[]}],"_links":{"self":[{"href":"https:\/\/www.satokangas.fi\/blogi\/wp-json\/wp\/v2\/posts\/34886","targetHints":{"allow":["GET"]}}],"collection":[{"href":"https:\/\/www.satokangas.fi\/blogi\/wp-json\/wp\/v2\/posts"}],"about":[{"href":"https:\/\/www.satokangas.fi\/blogi\/wp-json\/wp\/v2\/types\/post"}],"author":[{"embeddable":true,"href":"https:\/\/www.satokangas.fi\/blogi\/wp-json\/wp\/v2\/users\/1"}],"replies":[{"embeddable":true,"href":"https:\/\/www.satokangas.fi\/blogi\/wp-json\/wp\/v2\/comments?post=34886"}],"version-history":[{"count":0,"href":"https:\/\/www.satokangas.fi\/blogi\/wp-json\/wp\/v2\/posts\/34886\/revisions"}],"wp:attachment":[{"href":"https:\/\/www.satokangas.fi\/blogi\/wp-json\/wp\/v2\/media?parent=34886"}],"wp:term":[{"taxonomy":"category","embeddable":true,"href":"https:\/\/www.satokangas.fi\/blogi\/wp-json\/wp\/v2\/categories?post=34886"},{"taxonomy":"post_tag","embeddable":true,"href":"https:\/\/www.satokangas.fi\/blogi\/wp-json\/wp\/v2\/tags?post=34886"}],"curies":[{"name":"wp","href":"https:\/\/api.w.org\/{rel}","templated":true}]}}