{"id":34880,"date":"2018-09-23T19:24:42","date_gmt":"2018-09-23T16:24:42","guid":{"rendered":"https:\/\/www.satokangas.fi\/blogi\/?p=34880"},"modified":"2019-01-07T12:38:53","modified_gmt":"2019-01-07T10:38:53","slug":"miljoona-tietokilpailun-tulokset","status":"publish","type":"post","link":"https:\/\/www.satokangas.fi\/blogi\/2018\/09\/miljoona-tietokilpailun-tulokset\/","title":{"rendered":"Miljoona-tietokilpailun tulokset"},"content":{"rendered":"<p style=\"text-align: justify;\">Miljoonablogini (ehk\u00e4 voin nimitt\u00e4\u00e4 t\u00e4t\u00e4 n\u00e4in&#8230; \ud83d\ude09 ) toinen <a href=\"https:\/\/www.satokangas.fi\/blogi\/2018\/09\/miljoona-tietokilpailu\/\" target=\"_blank\" rel=\"noopener\">juhla-arvonta<\/a> on nyt valmis.\u00a0 Aluksi v\u00e4h\u00e4n pelk\u00e4sin, ett\u00e4 kukaan ei vastaa &#8211; kielt\u00e4m\u00e4tt\u00e4 v\u00e4h\u00e4n vaikeisiin kysymyksiin &#8211; tai ett\u00e4 vastauksia kysymyksiin ei blogistani l\u00f6ytyisik\u00e4\u00e4n.\u00a0 Tai ett\u00e4 kukaan ei haluaisi heitt\u00e4yty\u00e4 edes leikill\u00e4\u00e4n mukaan.<\/p>\n<p style=\"text-align: justify;\">Ja sitten alkoi vastauksia ilokseni tipahdella. Kes\u00e4kuvakisoihin monena vuonna osallistuneet ja muutama uusikin arvailija ja vakavasti suhtautuja on mukana. Kaikille osallistujille mahdottoman l\u00e4mmin kiitos. On vaan niin mukava kun t\u00e4m\u00e4 blogi on v\u00e4h\u00e4n vastavuoroinen. Yhteens\u00e4 vastauksia on tullut 11, osa vain kuvateksteihin, osa s\u00e4hk\u00f6postiin &#8211; mutta joka tapauksessa kaikki olen huomioinut.<\/p>\n<p style=\"text-align: justify;\">Ja yhdess\u00e4 paperissa on kaikki vastaukset oikein. Ihan t\u00e4ydellisesti oikein!<\/p>\n<p><a href=\"https:\/\/www.satokangas.fi\/blogi\/2018\/09\/miljoona-tietokilpailun-tulokset\/kysymykset-2\/#main\" rel=\"attachment wp-att-35752\"><img loading=\"lazy\" decoding=\"async\" data-attachment-id=\"35752\" data-permalink=\"https:\/\/www.satokangas.fi\/blogi\/2018\/09\/miljoona-tietokilpailun-tulokset\/kysymykset-2\/\" data-orig-file=\"https:\/\/www.satokangas.fi\/blogi\/wp-content\/uploads\/2018\/09\/kysymykset-1.jpg\" data-orig-size=\"1240,737\" data-comments-opened=\"1\" data-image-meta=\"{&quot;aperture&quot;:&quot;0&quot;,&quot;credit&quot;:&quot;Reija&quot;,&quot;camera&quot;:&quot;&quot;,&quot;caption&quot;:&quot;&quot;,&quot;created_timestamp&quot;:&quot;1537728997&quot;,&quot;copyright&quot;:&quot;&quot;,&quot;focal_length&quot;:&quot;0&quot;,&quot;iso&quot;:&quot;0&quot;,&quot;shutter_speed&quot;:&quot;0&quot;,&quot;title&quot;:&quot;&quot;,&quot;orientation&quot;:&quot;1&quot;}\" data-image-title=\"kysymykset\" data-image-description=\"\" data-image-caption=\"\" data-large-file=\"https:\/\/www.satokangas.fi\/blogi\/wp-content\/uploads\/2018\/09\/kysymykset-1.jpg\" class=\"aligncenter size-full wp-image-35752\" src=\"https:\/\/www.satokangas.fi\/blogi\/wp-content\/uploads\/2018\/09\/kysymykset-1.jpg\" alt=\"\" width=\"1240\" height=\"737\" srcset=\"https:\/\/www.satokangas.fi\/blogi\/wp-content\/uploads\/2018\/09\/kysymykset-1.jpg 1240w, https:\/\/www.satokangas.fi\/blogi\/wp-content\/uploads\/2018\/09\/kysymykset-1-300x178.jpg 300w, https:\/\/www.satokangas.fi\/blogi\/wp-content\/uploads\/2018\/09\/kysymykset-1-673x400.jpg 673w, https:\/\/www.satokangas.fi\/blogi\/wp-content\/uploads\/2018\/09\/kysymykset-1-768x456.jpg 768w\" sizes=\"auto, (max-width: 1240px) 100vw, 1240px\" \/><\/a><\/p>\n<p style=\"text-align: justify;\">\n<p style=\"text-align: justify;\">T\u00e4ss\u00e4 ne vastaukset (sulkuihin olen merkinnyt viel\u00e4 v\u00e4h\u00e4n t\u00e4ydennyst\u00e4).<\/p>\n<ol style=\"text-align: justify;\">\n<li>M\u00f6kkinne My\u00f6t\u00e4tuuli, kuva olohuoneesta, Hangasojalta Lapista. <span style=\"color: #800000;\">(Sielt\u00e4p\u00e4 juuri, ja sinnekin on taas kova ik\u00e4v\u00e4.)<\/span><\/li>\n<li>Kuva Strasbourgista. Tyt\u00e4r Saara oli vaihdossa, muu perhe reissasi katsomaan h\u00e4nt\u00e4 ja Ranskaa. Kuva otettu 4.3.2011. <span style=\"color: #800000;\">(Moni arveli, ett\u00e4 t\u00e4m\u00e4 on Lontoosta. Kyll\u00e4 Lontoossakin oltiin kolmisin, ja nimenomaan &#8221;ulsteriaikana&#8221;, mutta t\u00e4m\u00e4 ei ole syyslomalta, vaan kev\u00e4\u00e4n 2011 hiihtoloman aikaan, ja sen on ottanut Tomppa, joka my\u00f6s oli mukana.)<\/span><\/li>\n<li>La Umbria. Helatorstai 2011.<span style=\"color: #800000;\"> (Vuorottteluvapaavuoteni toukokuun kolmeviikkoinen Villa Francossa, vuokratalossa Umbriassa. Se on viel\u00e4kin kuin unta. Se oli niin hieno juttu.)<\/span><\/li>\n<li><span style=\"font-size: 12.0pt; color: black;\">Meksikon matkalla 13.6.2013. Kuva seikkailup\u00e4iv\u00e4st\u00e4 The Jungle Maya-retkelt\u00e4. Laskeudutte k\u00f6ysill\u00e4 hiidenkirnuun. <span style=\"color: #800000;\">(Olimme hakemassa tyt\u00e4rt\u00e4 kotiin ensimm\u00e4iselt\u00e4 Meksikon ty\u00f6reissultaan, ja vietimme viikon Cancunissa. Ja todellakin, viidakkoseikkailukin sis\u00e4ltyi reissuun.)<\/span><\/span><\/li>\n<li>Ty\u00f6huoneesi Linnanmaalla, Yliopistolla. <span style=\"color: #800000;\">(Niinp\u00e4. Tuntuu ett\u00e4 siit\u00e4 on hirmu kauan!)\u00a0<\/span><\/li>\n<li>Perjantai 18.7.2014 Stubnerkogelin kieleke.<span style=\"color: #800000;\"> (Tuohon en en\u00e4\u00e4 pystyisi. Patikalle Alpeille kyll\u00e4kin. Ja It\u00e4valtaan. Ja kerronpa t\u00e4ss\u00e4, ett\u00e4 seuraava reissumme onkin juuri sinne suuntaan.)\u00a0<\/span><\/li>\n<li>Kuvassa Junior, mini\u00e4 ja Pehtoori. 19.10.2014. Mallorca. <span style=\"color: #800000;\">(Kyll\u00e4 Tomppa, Jenni Aatu jo mukanaan ja Pekka. T\u00e4m\u00e4kin oli mukava patikkareissu.)<\/span><\/li>\n<li>Saariselk\u00e4 keskusta, uudenvuoden aatto 31.12.2014. <span style=\"color: #800000;\">(Saara oli juuri palannut Meksikosta, reilun vuoden reissultaan, ja olimme kolmisin uudenvuoden vietossa m\u00f6kill\u00e4, ja Saarisel\u00e4n raitilla.)\u00a0<\/span><\/li>\n<li>Kalaasit kotonanne Rantapellossa, Festassa 6.8.2016. Mm. Kokkola-Karibia teemainen menu.<span style=\"color: #800000;\"> (Moni arveli ett\u00e4 viinikerhon tapaaminen, mutta todellakin oli tulossa kalaasit.)<\/span><\/li>\n<li>Rantapelto, kotinne piha.23.6.2017. Kes\u00e4isess\u00e4 hetkess\u00e4 tytt\u00e4renne Saara ja pojan poikanne Apsu. <span style=\"color: #000080;\">(<span style=\"color: #800000;\">Juhannus, jolloin Aatu oli juuri t\u00e4ytt\u00e4nyt kaksi vuotta ja jolloin oli kylm\u00e4. Meid\u00e4n Piazza di Pekalla, eli kotipihalla.)<\/span><\/span><\/li>\n<li>Pyh\u00e4-Nattanen 23.6.2015 <span style=\"color: #800000;\">(Sep\u00e4 se, enk\u00e4 ollut viel\u00e4 edes pyrkinyt opiskelemaan valokuvausta, vaikka tuosta kamera- ja muusta repertuaarista voisi niin p\u00e4\u00e4tell\u00e4. \ud83d\ude42 )\u00a0<\/span><\/li>\n<li>5.12.2015 jouluvalaistusta ruotsalaisittain. Aamun kuvausta Haaparannan puolelta. Ruotsalaiset osaavat koristaa valoilla kauniisti, kauniimmin kuin vastarannalla Suomessa? Valokuvausopinnoissa harjoittelit panoraamakuvausta. <span style=\"color: #800000;\">(T\u00e4ss\u00e4 sellainen pienen pieni hairahdus vastauksessa, tosin jollakin\u00a0 toisella oli ihan oikeinkin: eli ei en\u00e4\u00e4 VAT-opintoja, eik\u00e4 panoraamakuvausta, vaan milj\u00f6\u00f6simultaanin\u00e4ytt\u00f6 oli kyseess\u00e4. Siis n\u00e4ytt\u00f6tutkinto. Yksi harvoista kerralla l\u00e4pimenneist\u00e4. \ud83d\ude09 )<\/span><\/li>\n<\/ol>\n<p style=\"text-align: justify;\">Kiistaton voittaja on Sini!<strong> Kaikki<\/strong> vastaukset oikein. Onneksi olkoon! Voitto vaati varmasti aika lailla blogin selailua.<\/p>\n<p style=\"text-align: justify;\">Palkinto on siis kalenteri! Sen toimitan vasta joulukuun alussa, ja saat valita kumpi: ruoka- vai Oulu-kuvakalenteri.<\/p>\n<p style=\"text-align: justify;\">Toiselle sijalle ylsiv\u00e4t tasapistein AK ja Satu, molemmilla 17 pistett\u00e4.<\/p>\n<p style=\"text-align: justify;\">Kaikki kolme palkintosijoille ylt\u00e4nytt\u00e4 ovat sellaisia, joiden kanssa emme tunne kasvokkain, emme ole koskaan tavanneet, joten blogissa on tullut etsitty\u00e4 vastauksia. Ja kaikki ovat tainneet voittaa ennenkin jossain blogini arvonnassa. Siis periaatteessa minulla on teid\u00e4n yhteystietonne, mutta l\u00e4het\u00e4ttek\u00f6 ne silti s\u00e4hk\u00f6postilla, niin voin postittaa palkinnot.<\/p>\n<p style=\"text-align: justify;\"><a href=\"https:\/\/www.satokangas.fi\/blogi\/2018\/09\/miljoona-tietokilpailun-tulokset\/miljoonatietokilpailun-palkintotaulukko\/#main\" rel=\"attachment wp-att-34881\"><img loading=\"lazy\" decoding=\"async\" data-attachment-id=\"34881\" data-permalink=\"https:\/\/www.satokangas.fi\/blogi\/2018\/09\/miljoona-tietokilpailun-tulokset\/miljoonatietokilpailun-palkintotaulukko\/\" data-orig-file=\"https:\/\/www.satokangas.fi\/blogi\/wp-content\/uploads\/2018\/09\/Miljoonatietokilpailun-palkintotaulukko.jpg\" data-orig-size=\"266,221\" data-comments-opened=\"1\" data-image-meta=\"{&quot;aperture&quot;:&quot;0&quot;,&quot;credit&quot;:&quot;Reija&quot;,&quot;camera&quot;:&quot;&quot;,&quot;caption&quot;:&quot;&quot;,&quot;created_timestamp&quot;:&quot;1537707098&quot;,&quot;copyright&quot;:&quot;&quot;,&quot;focal_length&quot;:&quot;0&quot;,&quot;iso&quot;:&quot;0&quot;,&quot;shutter_speed&quot;:&quot;0&quot;,&quot;title&quot;:&quot;&quot;,&quot;orientation&quot;:&quot;0&quot;}\" data-image-title=\"Miljoonatietokilpailun palkintotaulukko\" data-image-description=\"\" data-image-caption=\"\" data-large-file=\"https:\/\/www.satokangas.fi\/blogi\/wp-content\/uploads\/2018\/09\/Miljoonatietokilpailun-palkintotaulukko.jpg\" class=\"aligncenter size-full wp-image-34881\" src=\"https:\/\/www.satokangas.fi\/blogi\/wp-content\/uploads\/2018\/09\/Miljoonatietokilpailun-palkintotaulukko.jpg\" alt=\"\" width=\"266\" height=\"221\" \/><\/a><\/p>\n<p style=\"text-align: center;\"><strong>Ja sittenh\u00e4n oli viel\u00e4 arvonta kaikkien osallistuneiden kesken.<\/strong><\/p>\n<p style=\"text-align: justify;\">Ja niinh\u00e4n Apsu p\u00e4\u00e4si \u00e4sken taas availemaan arvontalipukkeita. Ja voittaja n\u00e4kyy videolla! Onneksi olkoon my\u00f6s arvontavoitosta! Jos heitt\u00e4ytymisest\u00e4 olisi voinut palkita, niin juuri t\u00e4nne olisi se palkinto mennyt!<\/p>\n<p style=\"text-align: justify;\"><a href=\"https:\/\/satokangas.kuvat.fi\/kuvat\/2017\/Videoita\/WhatsApp%20Video%202018-09-23%20at%2017.16.42.mp4\">https:\/\/photos.google.com\/photo\/AF1QipPOGaLnXSj6I5lJ02msRuXyooX0QICL2jD7Kuu5<\/a><\/p>\n<p style=\"text-align: justify;\">Kiitos paljon kaikille osallistuneille.<\/p>\n<p style=\"text-align: justify;\">Miljoonan j\u00e4lkeenkin on el\u00e4m\u00e4\u00e4! Reseptej\u00e4 ja reissuja, kuvia ja kaikenlaista. Huomennakin l\u00e4hden reissuun&#8230; joten pysyk\u00e4\u00e4h\u00e4n tuulen mukana&#8230; Niin ja onhan viel\u00e4 kolmas <a href=\"https:\/\/www.satokangas.fi\/blogi\/2018\/09\/arvontaa-arvonnan-peraan\/\" target=\"_blank\" rel=\"noopener\">arvontakin menossa<\/a>; ei muuta kuin osallistumaan.<\/p>\n<p style=\"text-align: justify;\">Juhlakakun\u00a0 (jonka nimesin &#8221;Syysp\u00e4iv\u00e4n tasaus&#8221; -kakuksi) kuva on t\u00e4ss\u00e4, reseptin postailen kunhan ehdin. (melkoinen tekele tuo rutistukseni&#8230; Mutta aika hyv\u00e4\u00e4 se oli.)<\/p>\n<p style=\"text-align: justify;\"><a href=\"https:\/\/www.satokangas.fi\/blogi\/2018\/09\/miljoona-tietokilpailun-tulokset\/syyspaivantasaus-3-2\/#main\" rel=\"attachment wp-att-34883\"><img loading=\"lazy\" decoding=\"async\" data-attachment-id=\"34883\" data-permalink=\"https:\/\/www.satokangas.fi\/blogi\/2018\/09\/miljoona-tietokilpailun-tulokset\/syyspaivantasaus-3-2\/\" data-orig-file=\"https:\/\/www.satokangas.fi\/blogi\/wp-content\/uploads\/2018\/09\/Syyspaivantasaus-3.jpg\" data-orig-size=\"1000,609\" data-comments-opened=\"1\" data-image-meta=\"{&quot;aperture&quot;:&quot;16&quot;,&quot;credit&quot;:&quot;Reija Satokangas&quot;,&quot;camera&quot;:&quot;Canon EOS 5D Mark IV&quot;,&quot;caption&quot;:&quot;&quot;,&quot;created_timestamp&quot;:&quot;1537711763&quot;,&quot;copyright&quot;:&quot;Reija Satokangas&quot;,&quot;focal_length&quot;:&quot;100&quot;,&quot;iso&quot;:&quot;100&quot;,&quot;shutter_speed&quot;:&quot;0.005&quot;,&quot;title&quot;:&quot;&quot;,&quot;orientation&quot;:&quot;0&quot;}\" data-image-title=\"Syyspaivantasaus-3\" data-image-description=\"\" data-image-caption=\"\" data-large-file=\"https:\/\/www.satokangas.fi\/blogi\/wp-content\/uploads\/2018\/09\/Syyspaivantasaus-3.jpg\" class=\"aligncenter size-full wp-image-34883\" src=\"https:\/\/www.satokangas.fi\/blogi\/wp-content\/uploads\/2018\/09\/Syyspaivantasaus-3.jpg\" alt=\"\" width=\"1000\" height=\"609\" srcset=\"https:\/\/www.satokangas.fi\/blogi\/wp-content\/uploads\/2018\/09\/Syyspaivantasaus-3.jpg 1000w, https:\/\/www.satokangas.fi\/blogi\/wp-content\/uploads\/2018\/09\/Syyspaivantasaus-3-300x183.jpg 300w, https:\/\/www.satokangas.fi\/blogi\/wp-content\/uploads\/2018\/09\/Syyspaivantasaus-3-657x400.jpg 657w, https:\/\/www.satokangas.fi\/blogi\/wp-content\/uploads\/2018\/09\/Syyspaivantasaus-3-768x468.jpg 768w\" sizes=\"auto, (max-width: 1000px) 100vw, 1000px\" \/><\/a><\/p>\n<p>&nbsp;<\/p>\n<p><span style=\"color: #33cccc;\">EDIT!!!! Nyt kun tarkastelen uudelleen vastauksia, niin tuossa kolmosessa onkin Sinill\u00e4 v\u00e4\u00e4r\u00e4 vuosi: Siis ei 2011 vaan 2012! Siis &#8221;vain 20 pistett\u00e4&#8221; Sinill\u00e4, mutta ei se muuta tilannetta. Voitto kuitenkin.\u00a0<\/span><\/p>\n","protected":false},"excerpt":{"rendered":"<p>Miljoonablogini (ehk\u00e4 voin nimitt\u00e4\u00e4 t\u00e4t\u00e4 n\u00e4in&#8230; \ud83d\ude09 ) toinen juhla-arvonta on nyt valmis.\u00a0 Aluksi v\u00e4h\u00e4n pelk\u00e4sin, ett\u00e4 kukaan ei vastaa &#8211; kielt\u00e4m\u00e4tt\u00e4 v\u00e4h\u00e4n vaikeisiin kysymyksiin &#8211; tai ett\u00e4 vastauksia kysymyksiin ei blogistani l\u00f6ytyisik\u00e4\u00e4n.\u00a0 Tai ett\u00e4 kukaan ei haluaisi heitt\u00e4yty\u00e4 edes leikill\u00e4\u00e4n mukaan. Ja sitten alkoi vastauksia ilokseni tipahdella. Kes\u00e4kuvakisoihin monena vuonna osallistuneet ja muutama uusikin arvailija ja vakavasti suhtautuja on &hellip; <\/p>\n","protected":false},"author":1,"featured_media":0,"comment_status":"open","ping_status":"open","sticky":false,"template":"","format":"standard","meta":{"jetpack_post_was_ever_published":false,"_jetpack_newsletter_access":"","_jetpack_dont_email_post_to_subs":false,"_jetpack_newsletter_tier_id":0,"_jetpack_memberships_contains_paywalled_content":false,"_jetpack_memberships_contains_paid_content":false,"footnotes":"","jetpack_publicize_message":"","jetpack_publicize_feature_enabled":true,"jetpack_social_post_already_shared":true,"jetpack_social_options":{"image_generator_settings":{"template":"highway","default_image_id":0,"font":"","enabled":false},"version":2}},"categories":[12],"tags":[],"class_list":["post-34880","post","type-post","status-publish","format-standard","hentry","category-bloggailu","latest_post"],"jetpack_publicize_connections":[],"jetpack_featured_media_url":"","jetpack_shortlink":"https:\/\/wp.me\/pr4p4-94A","jetpack_sharing_enabled":true,"jetpack_likes_enabled":false,"jetpack-related-posts":[{"id":15516,"url":"https:\/\/www.satokangas.fi\/blogi\/2012\/10\/sadonkorjuujuhlien-jalkeen\/","url_meta":{"origin":34880,"position":0},"title":"Sadonkorjuujuhlien j\u00e4lkeen","author":"Reija","date":"14.10.2012","format":false,"excerpt":"Olihan meill\u00e4 eilen mukavat juhlat. Melkein 40 paistink\u00e4\u00e4nt\u00e4j\u00e4\u00e4 aveceineen ohjelmallisissa iltamissa ja nauttimassa sadonkorjuun herkkuja. Poronkielimousse, sorsapata ja omenapavlova olivat minun - ja monen muunkin - feivoritteja. Illan is\u00e4nt\u00e4 chef de table H. oli valinnut viinit pieteetill\u00e4 eik\u00e4 kaadoissa pihistelty. Kuten toiveena ja tavoitteena oli, illan tunnelma oli mukavan rento,\u2026","rel":"","context":"Kategoriassa &quot;Historiaa&quot;","block_context":{"text":"Historiaa","link":"https:\/\/www.satokangas.fi\/blogi\/category\/historiaa\/"},"img":{"alt_text":"","src":"https:\/\/i0.wp.com\/www.satokangas.fi\/blogi\/wp-content\/uploads\/MG_6543-316x400.jpg?resize=350%2C200&ssl=1","width":350,"height":200},"classes":[]},{"id":34858,"url":"https:\/\/www.satokangas.fi\/blogi\/2018\/09\/arvontaa-arvonnan-peraan\/","url_meta":{"origin":34880,"position":1},"title":"Arvontaa arvonnan per\u00e4\u00e4n","author":"Reija","date":"18.9.2018","format":false,"excerpt":"Tuulestatemmatun laskuri n\u00e4ytti (tosin vuoden verran j\u00e4lkeenj\u00e4\u00e4nen\u00e4) miljoonan k\u00e4ynnin tulleen t\u00e4yteen muutama viikko sitten. Siihen liittyen oli arvonta ko. ajankohdasta, ja nyt on menossa tietokilpailu liittyen kuviin ja nyt laitan viel\u00e4 yhden arvonnan pystyyn - sekin liittyy t\u00e4h\u00e4n 10-vuotiaaseen, miljoonan k\u00e4vij\u00e4n Tuulestatemmattua-\"el\u00e4m\u00e4ntapaani\". :) Ennen kolmannen arvonnan julkistamistaensin kuitenkin pieni tietokilpailun\u2026","rel":"","context":"Kategoriassa &quot;Bloggailu&quot;","block_context":{"text":"Bloggailu","link":"https:\/\/www.satokangas.fi\/blogi\/category\/bloggailu\/"},"img":{"alt_text":"","src":"https:\/\/i0.wp.com\/www.satokangas.fi\/blogi\/wp-content\/uploads\/2018\/09\/Keittoskit.jpg?resize=350%2C200&ssl=1","width":350,"height":200,"srcset":"https:\/\/i0.wp.com\/www.satokangas.fi\/blogi\/wp-content\/uploads\/2018\/09\/Keittoskit.jpg?resize=350%2C200&ssl=1 1x, https:\/\/i0.wp.com\/www.satokangas.fi\/blogi\/wp-content\/uploads\/2018\/09\/Keittoskit.jpg?resize=525%2C300&ssl=1 1.5x, https:\/\/i0.wp.com\/www.satokangas.fi\/blogi\/wp-content\/uploads\/2018\/09\/Keittoskit.jpg?resize=700%2C400&ssl=1 2x"},"classes":[]},{"id":31943,"url":"https:\/\/www.satokangas.fi\/blogi\/2017\/09\/kesakuvakisan-2017-tulosten-julkistus\/","url_meta":{"origin":34880,"position":2},"title":"Kes\u00e4kuvakisan 2017 tulosten julkistus!","author":"Reija","date":"11.9.2017","format":false,"excerpt":"Kes\u00e4kuvakisa 2017 on nyt p\u00e4\u00e4t\u00f6ksess\u00e4. On aika kertoa oikeat vastaukset, suorittaa arvonta osallistujien kesken ja julistaa ja palkita kaksi parhaiten vastannutta. Ensin vastauskuvat. Kuvatekstit ovat ne t\u00e4ysin oikeat vastaukset, jotka voittaja l\u00e4hetti. Martinniemen sahan j\u00e4\u00e4nn\u00f6s. Voimalaitos ja piippu. Martinniemi, Haukipudas, Oulu. \u00a0\u00a0 Retikkapelto Tyrn\u00e4v\u00e4ll\u00e4. Soson rautatieseisakkeella tapahtui vuonna 1953 pitk\u00e4nperjantain\u2026","rel":"","context":"Kategoriassa &quot;Kes\u00e4kuvakisa&quot;","block_context":{"text":"Kes\u00e4kuvakisa","link":"https:\/\/www.satokangas.fi\/blogi\/category\/valokuvaus\/kesakuvakisa\/"},"img":{"alt_text":"","src":"https:\/\/i0.wp.com\/www.satokangas.fi\/blogi\/wp-content\/uploads\/2017\/09\/soso.jpg?resize=350%2C200&ssl=1","width":350,"height":200,"srcset":"https:\/\/i0.wp.com\/www.satokangas.fi\/blogi\/wp-content\/uploads\/2017\/09\/soso.jpg?resize=350%2C200&ssl=1 1x, https:\/\/i0.wp.com\/www.satokangas.fi\/blogi\/wp-content\/uploads\/2017\/09\/soso.jpg?resize=525%2C300&ssl=1 1.5x"},"classes":[]},{"id":33546,"url":"https:\/\/www.satokangas.fi\/blogi\/2018\/03\/33546\/","url_meta":{"origin":34880,"position":3},"title":"Juhlaviikonlopun tietokilpailu","author":"Reija","date":"17.3.2018","format":false,"excerpt":"T\u00e4m\u00e4 viikonloppu on juhlaviikonloppu. Monin tavoin. Parhaillaan (la klo 15) meid\u00e4n Festassa, \"kakkoskeitti\u00f6ss\u00e4\", on kokki, joka valmistelee nelj\u00e4n ruokalajin juhlap\u00e4iv\u00e4llist\u00e4 apunaan meid\u00e4n Juniori. Festassa ovat my\u00f6s ty\u00e4r ja poikayst\u00e4v\u00e4ns\u00e4. Eilen juhlaviikonloppu alkoi, kun olimme vain perheen kesken ruokap\u00f6yd\u00e4ss\u00e4 ja vihdoin sain pit\u00e4\u00e4 tietokilpailun, joka liittyi matkaan. Varasin tammikuussa matkan, enk\u00e4\u2026","rel":"","context":"Kategoriassa &quot;Niit\u00e4 n\u00e4it\u00e4&quot;","block_context":{"text":"Niit\u00e4 n\u00e4it\u00e4","link":"https:\/\/www.satokangas.fi\/blogi\/category\/aiheeton\/"},"img":{"alt_text":"","src":"","width":0,"height":0},"classes":[]},{"id":34784,"url":"https:\/\/www.satokangas.fi\/blogi\/2018\/09\/miljoona-tietokilpailu\/","url_meta":{"origin":34880,"position":4},"title":"Miljoona-tietokilpailu","author":"Reija","date":"11.9.2018","format":false,"excerpt":"No nyt vihdoin tietokilpailu liittyen blogin 10-vuotiseen historiaan ja miljoonan k\u00e4ynnin ylittymiseen. Mietin kauan millaisen kilpailun rakennan, ja p\u00e4\u00e4tin lopulta, ett\u00e4 kun t\u00e4n\u00e4 kes\u00e4n\u00e4 j\u00e4i kes\u00e4kuvakisa pit\u00e4m\u00e4tt\u00e4, niin t\u00e4m\u00e4 on nyt yhden sortin versio siit\u00e4. Siis \"matka blogiin\". Vakiseuraajille ja tutuille t\u00e4m\u00e4 on varmasti aika helppo, mutta ei pit\u00e4isi olla\u2026","rel":"","context":"Kategoriassa &quot;Bloggailu&quot;","block_context":{"text":"Bloggailu","link":"https:\/\/www.satokangas.fi\/blogi\/category\/bloggailu\/"},"img":{"alt_text":"","src":"https:\/\/i0.wp.com\/www.satokangas.fi\/blogi\/wp-content\/uploads\/2018\/09\/1-1.jpg?resize=350%2C200&ssl=1","width":350,"height":200,"srcset":"https:\/\/i0.wp.com\/www.satokangas.fi\/blogi\/wp-content\/uploads\/2018\/09\/1-1.jpg?resize=350%2C200&ssl=1 1x, https:\/\/i0.wp.com\/www.satokangas.fi\/blogi\/wp-content\/uploads\/2018\/09\/1-1.jpg?resize=525%2C300&ssl=1 1.5x, https:\/\/i0.wp.com\/www.satokangas.fi\/blogi\/wp-content\/uploads\/2018\/09\/1-1.jpg?resize=700%2C400&ssl=1 2x"},"classes":[]},{"id":37532,"url":"https:\/\/www.satokangas.fi\/blogi\/2019\/10\/vastauksia-vailla\/","url_meta":{"origin":34880,"position":5},"title":"Vastauksia vailla","author":"Reija","date":"30.10.2019","format":false,"excerpt":"Auringonnousu t\u00e4n\u00e4\u00e4n\u00a07:58. Auringonlasku t\u00e4n\u00e4\u00e4n\u00a016:04. P\u00e4iv\u00e4n pituus on\u00a08\u00a0h\u00a06\u00a0min. Auringolla on Oulussa t\u00e4n\u00e4\u00e4n kahdeksan tunnin ty\u00f6aika, ihan virastoty\u00f6aika. Ja virastoissa olevat ihmiset eiv\u00e4t voi minulle vastata. Minulla on kolme s\u00e4hk\u00f6postia ja\/tai soittopyynt\u00f6\u00e4 vet\u00e4m\u00e4ss\u00e4, kaikki pantu alulle jo ennen Madeiralle l\u00e4ht\u00f6\u00e4, sielt\u00e4 palattua kyselyt uudistettu, eik\u00e4 viel\u00e4k\u00e4\u00e4n mit\u00e4\u00e4n. Ja ne on sellaisia juttuja,\u2026","rel":"","context":"Kategoriassa &quot;Oulu&quot;","block_context":{"text":"Oulu","link":"https:\/\/www.satokangas.fi\/blogi\/category\/oulu\/"},"img":{"alt_text":"","src":"https:\/\/i0.wp.com\/www.satokangas.fi\/blogi\/wp-content\/uploads\/2019\/10\/1-14.jpg?resize=350%2C200&ssl=1","width":350,"height":200,"srcset":"https:\/\/i0.wp.com\/www.satokangas.fi\/blogi\/wp-content\/uploads\/2019\/10\/1-14.jpg?resize=350%2C200&ssl=1 1x, https:\/\/i0.wp.com\/www.satokangas.fi\/blogi\/wp-content\/uploads\/2019\/10\/1-14.jpg?resize=525%2C300&ssl=1 1.5x, https:\/\/i0.wp.com\/www.satokangas.fi\/blogi\/wp-content\/uploads\/2019\/10\/1-14.jpg?resize=700%2C400&ssl=1 2x"},"classes":[]}],"_links":{"self":[{"href":"https:\/\/www.satokangas.fi\/blogi\/wp-json\/wp\/v2\/posts\/34880","targetHints":{"allow":["GET"]}}],"collection":[{"href":"https:\/\/www.satokangas.fi\/blogi\/wp-json\/wp\/v2\/posts"}],"about":[{"href":"https:\/\/www.satokangas.fi\/blogi\/wp-json\/wp\/v2\/types\/post"}],"author":[{"embeddable":true,"href":"https:\/\/www.satokangas.fi\/blogi\/wp-json\/wp\/v2\/users\/1"}],"replies":[{"embeddable":true,"href":"https:\/\/www.satokangas.fi\/blogi\/wp-json\/wp\/v2\/comments?post=34880"}],"version-history":[{"count":0,"href":"https:\/\/www.satokangas.fi\/blogi\/wp-json\/wp\/v2\/posts\/34880\/revisions"}],"wp:attachment":[{"href":"https:\/\/www.satokangas.fi\/blogi\/wp-json\/wp\/v2\/media?parent=34880"}],"wp:term":[{"taxonomy":"category","embeddable":true,"href":"https:\/\/www.satokangas.fi\/blogi\/wp-json\/wp\/v2\/categories?post=34880"},{"taxonomy":"post_tag","embeddable":true,"href":"https:\/\/www.satokangas.fi\/blogi\/wp-json\/wp\/v2\/tags?post=34880"}],"curies":[{"name":"wp","href":"https:\/\/api.w.org\/{rel}","templated":true}]}}