{"id":34861,"date":"2018-09-24T21:11:13","date_gmt":"2018-09-24T18:11:13","guid":{"rendered":"https:\/\/www.satokangas.fi\/blogi\/?p=34861"},"modified":"2018-09-25T08:36:53","modified_gmt":"2018-09-25T05:36:53","slug":"helsingissa-piipahtamassa","status":"publish","type":"post","link":"https:\/\/www.satokangas.fi\/blogi\/2018\/09\/helsingissa-piipahtamassa\/","title":{"rendered":"Helsingiss\u00e4 piipahtamassa"},"content":{"rendered":"<p style=\"text-align: justify;\">Terveisi\u00e4 Helsingist\u00e4! Olen tytt\u00e4ren luona visiteeraamassa. T\u00e4st\u00e4 on puhuttu kauan, ja nyt kun meill\u00e4 Pehtoorin kanssa ei ole mit\u00e4\u00e4n syysreissua, niin tupsahdin opiskelijalapsen luo pariksi p\u00e4iv\u00e4ksi. Finskin plussapisteit\u00e4 oli riitt\u00e4v\u00e4sti maksuttomaan lentoon; lensin iltap\u00e4iv\u00e4ll\u00e4, ja palaan torstaina puolenp\u00e4iv\u00e4n j\u00e4lkeen. Citybreak.<\/p>\n<p style=\"text-align: justify;\">Onkin yli vuosi edellisest\u00e4 Helsingiss\u00e4 k\u00e4ynnist\u00e4: Rodokselle kev\u00e4\u00e4ll\u00e4 ja viime syyskuussa Kroatiaan lennettiin suoraan Oulusta, joten ei edes lentokentt\u00e4piipahdusta ole ollut. Eik\u00e4 Helsingin museoita ja ei Stockkaa ja ei\u00a0 uusia ravintolakokemuksia ja ei lenkkeily\u00e4 rannoilla eik\u00e4 muuta mukavaa. Olen siis syyslomasella. Lomalla mist\u00e4? Loma kotiarjesta. Joka tapauksessa mukava.<\/p>\n<p style=\"text-align: justify;\">V\u00e4h\u00e4n ennen kuutta kun olin Vetehisenpuistossa, j\u00e4tin laukkuni tytt\u00e4ren luo ja l\u00e4hdimme saman tien etsim\u00e4\u00e4n ruokapaikkaa: kohti uutta Redi\u00e4.<\/p>\n<p style=\"text-align: justify;\"><a href=\"https:\/\/www.satokangas.fi\/blogi\/2018\/09\/helsingissa-piipahtamassa\/redi-2\/#main\" rel=\"attachment wp-att-34892\"><img loading=\"lazy\" decoding=\"async\" data-attachment-id=\"34892\" data-permalink=\"https:\/\/www.satokangas.fi\/blogi\/2018\/09\/helsingissa-piipahtamassa\/redi-2\/\" data-orig-file=\"https:\/\/www.satokangas.fi\/blogi\/wp-content\/uploads\/2018\/09\/Redi-2.jpg\" data-orig-size=\"1000,667\" data-comments-opened=\"1\" data-image-meta=\"{&quot;aperture&quot;:&quot;5&quot;,&quot;credit&quot;:&quot;Reija Satokangas&quot;,&quot;camera&quot;:&quot;Canon EOS 5D Mark IV&quot;,&quot;caption&quot;:&quot;&quot;,&quot;created_timestamp&quot;:&quot;1537813242&quot;,&quot;copyright&quot;:&quot;&quot;,&quot;focal_length&quot;:&quot;16&quot;,&quot;iso&quot;:&quot;160&quot;,&quot;shutter_speed&quot;:&quot;0.16666666666667&quot;,&quot;title&quot;:&quot;&quot;,&quot;orientation&quot;:&quot;0&quot;}\" data-image-title=\"Redi-2\" data-image-description=\"\" data-image-caption=\"\" data-large-file=\"https:\/\/www.satokangas.fi\/blogi\/wp-content\/uploads\/2018\/09\/Redi-2.jpg\" class=\"aligncenter size-full wp-image-34892\" src=\"https:\/\/www.satokangas.fi\/blogi\/wp-content\/uploads\/2018\/09\/Redi-2.jpg\" alt=\"\" width=\"1000\" height=\"667\" srcset=\"https:\/\/www.satokangas.fi\/blogi\/wp-content\/uploads\/2018\/09\/Redi-2.jpg 1000w, https:\/\/www.satokangas.fi\/blogi\/wp-content\/uploads\/2018\/09\/Redi-2-300x200.jpg 300w, https:\/\/www.satokangas.fi\/blogi\/wp-content\/uploads\/2018\/09\/Redi-2-600x400.jpg 600w, https:\/\/www.satokangas.fi\/blogi\/wp-content\/uploads\/2018\/09\/Redi-2-768x512.jpg 768w\" sizes=\"auto, (max-width: 1000px) 100vw, 1000px\" \/><\/a><\/p>\n<p style=\"text-align: justify;\">Uusi, viime viikolla avattu valtava kauppakeskus Kalasataman kupeessa ei ollut oikeastaan sen kummempi kuin muutkaan tuollaiset kompleksit: Cubus, H&amp;M, Iittala, Lidl, Pentik, &#8230;\u00a0 kaikkia niit\u00e4 ketjuliikkeit\u00e4, joita on Oulun Valkeassa ja Ideaparkissakin tai miss\u00e4 tahansa suomalaisessa kauppakeskuksessa. Ja siell\u00e4 oli ruokamaailma, josta ihan keskustelematta valitsimme Hanko Sushin.<\/p>\n<p style=\"text-align: justify;\"><a href=\"https:\/\/www.satokangas.fi\/blogi\/2018\/09\/helsingissa-piipahtamassa\/dsc_1245\/#main\" rel=\"attachment wp-att-34890\"><img loading=\"lazy\" decoding=\"async\" data-attachment-id=\"34890\" data-permalink=\"https:\/\/www.satokangas.fi\/blogi\/2018\/09\/helsingissa-piipahtamassa\/dsc_1245\/\" data-orig-file=\"https:\/\/www.satokangas.fi\/blogi\/wp-content\/uploads\/2018\/09\/DSC_1245.jpg\" data-orig-size=\"2745,2153\" data-comments-opened=\"1\" data-image-meta=\"{&quot;aperture&quot;:&quot;2&quot;,&quot;credit&quot;:&quot;&quot;,&quot;camera&quot;:&quot;E5823&quot;,&quot;caption&quot;:&quot;&quot;,&quot;created_timestamp&quot;:&quot;1537813729&quot;,&quot;copyright&quot;:&quot;&quot;,&quot;focal_length&quot;:&quot;4.23&quot;,&quot;iso&quot;:&quot;64&quot;,&quot;shutter_speed&quot;:&quot;0.01&quot;,&quot;title&quot;:&quot;&quot;,&quot;orientation&quot;:&quot;1&quot;}\" data-image-title=\"DSC_1245\" data-image-description=\"\" data-image-caption=\"\" data-large-file=\"https:\/\/www.satokangas.fi\/blogi\/wp-content\/uploads\/2018\/09\/DSC_1245-1306x1024.jpg\" class=\"aligncenter wp-image-34890 size-medium\" src=\"https:\/\/www.satokangas.fi\/blogi\/wp-content\/uploads\/2018\/09\/DSC_1245-510x400.jpg\" alt=\"\" width=\"510\" height=\"400\" srcset=\"https:\/\/www.satokangas.fi\/blogi\/wp-content\/uploads\/2018\/09\/DSC_1245-510x400.jpg 510w, https:\/\/www.satokangas.fi\/blogi\/wp-content\/uploads\/2018\/09\/DSC_1245-300x235.jpg 300w, https:\/\/www.satokangas.fi\/blogi\/wp-content\/uploads\/2018\/09\/DSC_1245-768x602.jpg 768w, https:\/\/www.satokangas.fi\/blogi\/wp-content\/uploads\/2018\/09\/DSC_1245-1306x1024.jpg 1306w\" sizes=\"auto, (max-width: 510px) 100vw, 510px\" \/><\/a><\/p>\n<p style=\"text-align: justify;\">V\u00e4h\u00e4n aikaa kiertelimme, opiskelija l\u00f6ysi itselleen termosmukin ja min\u00e4 yhden suklaalevyn. Ihan shoppailimme siis.<\/p>\n<p style=\"text-align: justify;\">Metrolla paluu Hakaniemen rantaan.<\/p>\n<p>T\u00e4ss\u00e4 mietin, kuinka etuoikeutettu olenkaan. Niin monin tavoin. Siit\u00e4 iloisena, niin mukava nyt.<\/p>\n<p style=\"text-align: justify;\">\n","protected":false},"excerpt":{"rendered":"<p>Terveisi\u00e4 Helsingist\u00e4! Olen tytt\u00e4ren luona visiteeraamassa. T\u00e4st\u00e4 on puhuttu kauan, ja nyt kun meill\u00e4 Pehtoorin kanssa ei ole mit\u00e4\u00e4n syysreissua, niin tupsahdin opiskelijalapsen luo pariksi p\u00e4iv\u00e4ksi. Finskin plussapisteit\u00e4 oli riitt\u00e4v\u00e4sti maksuttomaan lentoon; lensin iltap\u00e4iv\u00e4ll\u00e4, ja palaan torstaina puolenp\u00e4iv\u00e4n j\u00e4lkeen. Citybreak. Onkin yli vuosi edellisest\u00e4 Helsingiss\u00e4 k\u00e4ynnist\u00e4: Rodokselle kev\u00e4\u00e4ll\u00e4 ja viime syyskuussa Kroatiaan lennettiin suoraan Oulusta, joten ei edes lentokentt\u00e4piipahdusta ole &hellip; <\/p>\n","protected":false},"author":1,"featured_media":0,"comment_status":"open","ping_status":"open","sticky":false,"template":"","format":"standard","meta":{"jetpack_post_was_ever_published":false,"_jetpack_newsletter_access":"","_jetpack_dont_email_post_to_subs":false,"_jetpack_newsletter_tier_id":0,"_jetpack_memberships_contains_paywalled_content":false,"_jetpack_memberships_contains_paid_content":false,"footnotes":"","jetpack_publicize_message":"","jetpack_publicize_feature_enabled":true,"jetpack_social_post_already_shared":true,"jetpack_social_options":{"image_generator_settings":{"template":"highway","default_image_id":0,"font":"","enabled":false},"version":2}},"categories":[1],"tags":[],"class_list":["post-34861","post","type-post","status-publish","format-standard","hentry","category-aiheeton","latest_post"],"jetpack_publicize_connections":[],"jetpack_featured_media_url":"","jetpack_shortlink":"https:\/\/wp.me\/pr4p4-94h","jetpack_sharing_enabled":true,"jetpack_likes_enabled":false,"jetpack-related-posts":[{"id":26876,"url":"https:\/\/www.satokangas.fi\/blogi\/2015\/11\/muuttokeikka-ohi\/","url_meta":{"origin":34861,"position":0},"title":"Muuttokeikka ohi","author":"Reija","date":"22.11.2015","format":false,"excerpt":"Ihan kuin olisi oltu kauemminkin pois. Helsingin ty\u00f6leirilt\u00e4 palattu, ja hyv\u00e4 viikonloppuhan t\u00e4m\u00e4 on ollut. Hyv\u00e4 mieli, kun sai tytt\u00e4relle kodin kuntoon. Eik\u00e4 se koti ole Meksikossa tai Saksassa tai jossain muualla kaukana, vaan Helsingin Kalliossa, vai pit\u00e4isik\u00f6 sittenkin sanoa, ett\u00e4 Hakaniemess\u00e4. Ja kiva koti siit\u00e4 tuli. Josko nyt n\u00e4m\u00e4\u2026","rel":"","context":"Kategoriassa &quot;Niit\u00e4 n\u00e4it\u00e4&quot;","block_context":{"text":"Niit\u00e4 n\u00e4it\u00e4","link":"https:\/\/www.satokangas.fi\/blogi\/category\/aiheeton\/"},"img":{"alt_text":"Helsingiss\u00e4-2","src":"https:\/\/i0.wp.com\/www.satokangas.fi\/blogi\/wp-content\/uploads\/2015\/11\/Helsingiss%C3%A4-2-600x400.jpg?resize=350%2C200&ssl=1","width":350,"height":200,"srcset":"https:\/\/i0.wp.com\/www.satokangas.fi\/blogi\/wp-content\/uploads\/2015\/11\/Helsingiss%C3%A4-2-600x400.jpg?resize=350%2C200&ssl=1 1x, https:\/\/i0.wp.com\/www.satokangas.fi\/blogi\/wp-content\/uploads\/2015\/11\/Helsingiss%C3%A4-2-600x400.jpg?resize=525%2C300&ssl=1 1.5x"},"classes":[]},{"id":28360,"url":"https:\/\/www.satokangas.fi\/blogi\/2016\/05\/helsingissa-ihan-noin-vaan\/","url_meta":{"origin":34861,"position":1},"title":"Helsingiss\u00e4 &#8211; ihan noin vaan","author":"Reija","date":"31.5.2016","format":false,"excerpt":"Pari viikkoa sitten tuli Finnairilta postia, ett\u00e4 plussapisteit\u00e4 on vanhenemassa. Siit\u00e4p\u00e4 sitten l\u00e4hti liikkeelle ajatus l\u00e4hte\u00e4 k\u00e4ym\u00e4\u00e4n tytt\u00e4ren luona. \"Kun se nyt vaan on mahdollista\". Mukava p\u00e4iv\u00e4 on ollut. P\u00e4iv\u00e4ll\u00e4 puoliksi vantaalaisen sisaren kanssa meetinki Musiikkitalon kahvilassa. Auringossa istuskelimme, kuulumiset p\u00e4ivittelimme, ja sitten siirryimme Mannerheimintien toiselle puolen: Kansallismuseossa on valokuvan\u00e4yttely\u2026","rel":"","context":"Kategoriassa &quot;Niit\u00e4 n\u00e4it\u00e4&quot;","block_context":{"text":"Niit\u00e4 n\u00e4it\u00e4","link":"https:\/\/www.satokangas.fi\/blogi\/category\/aiheeton\/"},"img":{"alt_text":"1","src":"https:\/\/i0.wp.com\/www.satokangas.fi\/blogi\/wp-content\/uploads\/2016\/05\/1-1-600x365.jpg?resize=350%2C200&ssl=1","width":350,"height":200,"srcset":"https:\/\/i0.wp.com\/www.satokangas.fi\/blogi\/wp-content\/uploads\/2016\/05\/1-1-600x365.jpg?resize=350%2C200&ssl=1 1x, https:\/\/i0.wp.com\/www.satokangas.fi\/blogi\/wp-content\/uploads\/2016\/05\/1-1-600x365.jpg?resize=525%2C300&ssl=1 1.5x"},"classes":[]},{"id":47309,"url":"https:\/\/www.satokangas.fi\/blogi\/2023\/10\/tyttojen-paivana\/","url_meta":{"origin":34861,"position":2},"title":"Tytt\u00f6jen p\u00e4iv\u00e4n\u00e4","author":"Reija","date":"11.10.2023","format":false,"excerpt":"\"Tytt\u00f6itten huttuja\"\u00a0 sanoisi pojantyt\u00e4r Eepi, jos juteltaisiin t\u00e4st\u00e4 p\u00e4iv\u00e4st\u00e4. T\u00e4n\u00e4\u00e4n tytt\u00f6jen p\u00e4iv\u00e4n\u00e4 matkasin Oulusta Helsingin kautta J\u00e4rvenp\u00e4\u00e4h\u00e4n. Kunhan olin early check in\u00b4n saanut BnB-kolmiooni* tehdyksi l\u00e4hdin vajaan kilometrin p\u00e4\u00e4h\u00e4n, jossa tytt\u00e4ren ja perheens\u00e4 koti on. (*Eritt\u00e4in hyv\u00e4, siisti, tilava, hyv\u00e4ll\u00e4 paikkaa, hiljainen, mukavasti ja varsin hyvin sisustettu ja varusteltu.) Vajaa\u2026","rel":"","context":"Kategoriassa &quot;Isovanhemmuus&quot;","block_context":{"text":"Isovanhemmuus","link":"https:\/\/www.satokangas.fi\/blogi\/category\/isovanhemmuus\/"},"img":{"alt_text":"","src":"","width":0,"height":0},"classes":[]},{"id":34325,"url":"https:\/\/www.satokangas.fi\/blogi\/2018\/07\/opiskelijatytarta-tapaamaan\/","url_meta":{"origin":34861,"position":3},"title":"Opiskelijatyt\u00e4rt\u00e4 tapaamaan","author":"Reija","date":"3.7.2018","format":false,"excerpt":"S\u00e4l\u00e4p\u00e4iv\u00e4. Mutta rauhoittumista merkitsi istahtaminen iltap\u00e4iv\u00e4ll\u00e4 ruokap\u00f6yt\u00e4\u00e4n. Meill\u00e4 oli minun herkkuruokaani: porolasagnea. Tein sit\u00e4 aika paljon. Yleens\u00e4 sit\u00e4 tehdess\u00e4 teen ison annoksen, koska l\u00e4hes aina on tarkoitus vied\u00e4 sit\u00e4 m\u00f6kille. Niin nytkin. Viikonlopuksi meill\u00e4 on kutsu Hangasojalle; tyt\u00e4r kutsui. H\u00e4nkin kun aikoo tulla sinne. Tulee kaverinsa M:n kanssa. M. oli\u2026","rel":"","context":"Kategoriassa &quot;M\u00f6kkiel\u00e4m\u00e4\u00e4&quot;","block_context":{"text":"M\u00f6kkiel\u00e4m\u00e4\u00e4","link":"https:\/\/www.satokangas.fi\/blogi\/category\/mokkielamaa\/"},"img":{"alt_text":"","src":"https:\/\/i0.wp.com\/www.satokangas.fi\/blogi\/wp-content\/uploads\/2018\/07\/Porolasagne-kupilka.jpg?resize=350%2C200&ssl=1","width":350,"height":200,"srcset":"https:\/\/i0.wp.com\/www.satokangas.fi\/blogi\/wp-content\/uploads\/2018\/07\/Porolasagne-kupilka.jpg?resize=350%2C200&ssl=1 1x, https:\/\/i0.wp.com\/www.satokangas.fi\/blogi\/wp-content\/uploads\/2018\/07\/Porolasagne-kupilka.jpg?resize=525%2C300&ssl=1 1.5x, https:\/\/i0.wp.com\/www.satokangas.fi\/blogi\/wp-content\/uploads\/2018\/07\/Porolasagne-kupilka.jpg?resize=700%2C400&ssl=1 2x"},"classes":[]},{"id":24049,"url":"https:\/\/www.satokangas.fi\/blogi\/2015\/03\/lomalta-palattua\/","url_meta":{"origin":34861,"position":4},"title":"Lomalta palattua","author":"Reija","date":"8.3.2015","format":false,"excerpt":"Kymmenen p\u00e4iv\u00e4n reissun ja loman j\u00e4lkeen kotona. Yll\u00e4tt\u00e4v\u00e4nkin sujuvasti meni matka sumuisesta, sateisesta Helsingist\u00e4 aurinkoiseen Ouluun, jossa nelj\u00e4n aikaan tullessamme oli \u00a0+6 C. Oulun etel\u00e4puolen pelloilta lumi l\u00e4hes h\u00e4vinnyt. Liikennett\u00e4 aika v\u00e4h\u00e4n. Min\u00e4kin sitten halusin ajaa, en jaksanut koko aikaa Kekkos-tutkimusta lukea. Ja pehtoori on nyt pikkuisen reilun viikon aikana\u2026","rel":"","context":"Kategoriassa &quot;Niit\u00e4 n\u00e4it\u00e4&quot;","block_context":{"text":"Niit\u00e4 n\u00e4it\u00e4","link":"https:\/\/www.satokangas.fi\/blogi\/category\/aiheeton\/"},"img":{"alt_text":"Saaran uusi koti-14","src":"https:\/\/i0.wp.com\/www.satokangas.fi\/blogi\/wp-content\/uploads\/2015\/03\/Saaran-uusi-koti-14-600x400.jpg?resize=350%2C200&ssl=1","width":350,"height":200,"srcset":"https:\/\/i0.wp.com\/www.satokangas.fi\/blogi\/wp-content\/uploads\/2015\/03\/Saaran-uusi-koti-14-600x400.jpg?resize=350%2C200&ssl=1 1x, https:\/\/i0.wp.com\/www.satokangas.fi\/blogi\/wp-content\/uploads\/2015\/03\/Saaran-uusi-koti-14-600x400.jpg?resize=525%2C300&ssl=1 1.5x"},"classes":[]},{"id":43400,"url":"https:\/\/www.satokangas.fi\/blogi\/2022\/07\/matka-eiliseen\/","url_meta":{"origin":34861,"position":5},"title":"Matka eiliseen","author":"Reija","date":"16.7.2022","format":false,"excerpt":"Eilinen \"tahdoin\"-puhelu tytt\u00e4relt\u00e4 oli yll\u00e4tys, josta olemme jo hyvinkin toipuneet. Kaksi oululaista Helsingin yliopistossa tietotekniikkaa opiskelevaa l\u00f6ysiv\u00e4t toisensa kolmisen vuotta sitten, riiaamiseksi opiskelukaveruus muuttui aikana joskus ennen koronan puhkeamista. Melkein naapureina asuivat Hakaniemess\u00e4, kunnes viime vuoden loppupuolella muuttivat virallisestikin yhteen - odottamaan J\u00e4rvenp\u00e4\u00e4n uuden rivitalokodin valmistumista. Korona-aikana nuoripari vietti monta\u2026","rel":"","context":"Kategoriassa &quot;Niit\u00e4 n\u00e4it\u00e4&quot;","block_context":{"text":"Niit\u00e4 n\u00e4it\u00e4","link":"https:\/\/www.satokangas.fi\/blogi\/category\/aiheeton\/"},"img":{"alt_text":"","src":"","width":0,"height":0},"classes":[]}],"_links":{"self":[{"href":"https:\/\/www.satokangas.fi\/blogi\/wp-json\/wp\/v2\/posts\/34861","targetHints":{"allow":["GET"]}}],"collection":[{"href":"https:\/\/www.satokangas.fi\/blogi\/wp-json\/wp\/v2\/posts"}],"about":[{"href":"https:\/\/www.satokangas.fi\/blogi\/wp-json\/wp\/v2\/types\/post"}],"author":[{"embeddable":true,"href":"https:\/\/www.satokangas.fi\/blogi\/wp-json\/wp\/v2\/users\/1"}],"replies":[{"embeddable":true,"href":"https:\/\/www.satokangas.fi\/blogi\/wp-json\/wp\/v2\/comments?post=34861"}],"version-history":[{"count":0,"href":"https:\/\/www.satokangas.fi\/blogi\/wp-json\/wp\/v2\/posts\/34861\/revisions"}],"wp:attachment":[{"href":"https:\/\/www.satokangas.fi\/blogi\/wp-json\/wp\/v2\/media?parent=34861"}],"wp:term":[{"taxonomy":"category","embeddable":true,"href":"https:\/\/www.satokangas.fi\/blogi\/wp-json\/wp\/v2\/categories?post=34861"},{"taxonomy":"post_tag","embeddable":true,"href":"https:\/\/www.satokangas.fi\/blogi\/wp-json\/wp\/v2\/tags?post=34861"}],"curies":[{"name":"wp","href":"https:\/\/api.w.org\/{rel}","templated":true}]}}