{"id":346,"date":"2008-01-31T20:33:00","date_gmt":"2008-01-31T18:33:00","guid":{"rendered":"http:\/\/tuulestatemmattua.wordpress.com\/2008\/01\/31\/lyhyesti-arjesta\/"},"modified":"2008-01-31T20:33:00","modified_gmt":"2008-01-31T18:33:00","slug":"lyhyesti-arjesta","status":"publish","type":"post","link":"https:\/\/www.satokangas.fi\/blogi\/2008\/01\/lyhyesti-arjesta\/","title":{"rendered":"Lyhyesti arjesta"},"content":{"rendered":"<p>Min\u00e4 onnistuin t\u00e4n\u00e4\u00e4n siin\u00e4! Sain luennoitua kerralla mit\u00e4 olin aikonut. Sanottua suunnilleen kaikki, mit\u00e4 t\u00e4n\u00e4\u00e4n oli tarkoituskin. Mutta: onko edelleen h\u00f6p\u00f6tett\u00e4v\u00e4 asian vierest\u00e4! Ensi kerralla puhun VAIN paperissa olevista asioista. Vain asiaa!<\/p>\n","protected":false},"excerpt":{"rendered":"<p>Min\u00e4 onnistuin t\u00e4n\u00e4\u00e4n siin\u00e4! Sain luennoitua kerralla mit\u00e4 olin aikonut. Sanottua suunnilleen kaikki, mit\u00e4 t\u00e4n\u00e4\u00e4n oli tarkoituskin. Mutta: onko edelleen h\u00f6p\u00f6tett\u00e4v\u00e4 asian vierest\u00e4! Ensi kerralla puhun VAIN paperissa olevista asioista. Vain asiaa!<\/p>\n","protected":false},"author":2,"featured_media":0,"comment_status":"open","ping_status":"open","sticky":false,"template":"","format":"standard","meta":{"jetpack_post_was_ever_published":false,"_jetpack_newsletter_access":"","_jetpack_dont_email_post_to_subs":false,"_jetpack_newsletter_tier_id":0,"_jetpack_memberships_contains_paywalled_content":false,"_jetpack_memberships_contains_paid_content":false,"footnotes":"","jetpack_publicize_message":"","jetpack_publicize_feature_enabled":true,"jetpack_social_post_already_shared":false,"jetpack_social_options":{"image_generator_settings":{"template":"highway","default_image_id":0,"font":"","enabled":false},"version":2}},"categories":[1],"tags":[],"class_list":["post-346","post","type-post","status-publish","format-standard","hentry","category-aiheeton","latest_post"],"jetpack_publicize_connections":[],"jetpack_featured_media_url":"","jetpack_shortlink":"https:\/\/wp.me\/pr4p4-5A","jetpack_sharing_enabled":true,"jetpack_likes_enabled":false,"jetpack-related-posts":[{"id":2152,"url":"https:\/\/www.satokangas.fi\/blogi\/2009\/01\/hermostunutta-haslinkia\/","url_meta":{"origin":346,"position":0},"title":"Hermostunutta h\u00e4slinki\u00e4","author":"Reija","date":"22.1.2009","format":false,"excerpt":"Aamunelj\u00e4lt\u00e4 aloin odottaa, ett\u00e4 voisin nousta yl\u00f6s. Taas kerran olin sitten salin oven takana ennen kuin se aukesi. Ja p\u00e4iv\u00e4 jatkui suunnilleen yht\u00e4 hermostuneena. Paitsi luennolla. Oli mukava luennoida. Ja mik\u00e4 parasta: min\u00e4 sain asiani sopimaan. Se ei minulta - edelleenk\u00e4\u00e4n - k\u00e4y mitenk\u00e4\u00e4n vaivattomasti. Nanosekunnin murto-osassa saatan unohtaa vakaat\u2026","rel":"","context":"Kategoriassa &quot;Yliopistoel\u00e4m\u00e4\u00e4&quot;","block_context":{"text":"Yliopistoel\u00e4m\u00e4\u00e4","link":"https:\/\/www.satokangas.fi\/blogi\/category\/yliopistoelamaa\/"},"img":{"alt_text":"","src":"","width":0,"height":0},"classes":[]},{"id":29240,"url":"https:\/\/www.satokangas.fi\/blogi\/2016\/09\/asiat-menevat\/","url_meta":{"origin":346,"position":1},"title":"Asiat menev\u00e4t","author":"Reija","date":"21.9.2016","format":false,"excerpt":"Tied\u00e4ttek\u00f6s, ett\u00e4 kun on el\u00e4m\u00e4nmuutoksen edess\u00e4 sit\u00e4 ajattelee, tai ainakin min\u00e4 ajattelin, ett\u00e4 vastaisuudessa, uudessa el\u00e4m\u00e4ss\u00e4, teen asioita, j\u00e4rjest\u00e4n p\u00e4iv\u00e4ni kovinkin erilailla kuin ennen. Siis ett\u00e4 paljolti ty\u00f6n m\u00e4\u00e4ritt\u00e4m\u00e4st\u00e4 ja viem\u00e4st\u00e4 ajank\u00e4yt\u00f6st\u00e4 luopuessani muuttaisin el\u00e4m\u00e4ntapojani, ajank\u00e4ytt\u00f6\u00e4ni paljonkin. Ett\u00e4 alkaisin nukkua enemm\u00e4n, pidemp\u00e4\u00e4n, p\u00e4ivisinkin. Ett\u00e4 liikkuisin joka ikinen p\u00e4iv\u00e4. Ett\u00e4 lukisin\u2026","rel":"","context":"Kategoriassa &quot;Isovanhemmuus&quot;","block_context":{"text":"Isovanhemmuus","link":"https:\/\/www.satokangas.fi\/blogi\/category\/isovanhemmuus\/"},"img":{"alt_text":"aapeli","src":"https:\/\/i0.wp.com\/www.satokangas.fi\/blogi\/wp-content\/uploads\/2016\/09\/Aapeli-1-442x400.jpg?resize=350%2C200&ssl=1","width":350,"height":200},"classes":[]},{"id":36903,"url":"https:\/\/www.satokangas.fi\/blogi\/2019\/07\/vaatekaapista-ulos\/","url_meta":{"origin":346,"position":2},"title":"Vaatekaapista ulos","author":"Reija","date":"31.7.2019","format":false,"excerpt":"P\u00e4iv\u00e4ss\u00e4 paljon plussia ja iloja, ja sitten my\u00f6s sellaisia pohjaimujuttuja. Eik\u00e4 kovinkaan kes\u00e4ist\u00e4. Kolmen viikon p\u00e4\u00e4st\u00e4 on paistink\u00e4\u00e4nt\u00e4jien kapituli Rovaniemell\u00e4, ja kun minulla ei ole siell\u00e4 mit\u00e4\u00e4n varsinaista pramilla oloa, en ole kovastikaan vaivannut p\u00e4\u00e4t\u00e4ni, mit\u00e4 t\u00e4n\u00e4 vuonna laitan p\u00e4\u00e4lleni. Ja kapituleissa on oltava ainakin kolme asukokonaisuutta, joista yksi on\u2026","rel":"","context":"Kategoriassa &quot;Niit\u00e4 n\u00e4it\u00e4&quot;","block_context":{"text":"Niit\u00e4 n\u00e4it\u00e4","link":"https:\/\/www.satokangas.fi\/blogi\/category\/aiheeton\/"},"img":{"alt_text":"","src":"https:\/\/i0.wp.com\/www.satokangas.fi\/blogi\/wp-content\/uploads\/2019\/07\/poikkimaantiesilta.jpg?resize=350%2C200&ssl=1","width":350,"height":200,"srcset":"https:\/\/i0.wp.com\/www.satokangas.fi\/blogi\/wp-content\/uploads\/2019\/07\/poikkimaantiesilta.jpg?resize=350%2C200&ssl=1 1x, https:\/\/i0.wp.com\/www.satokangas.fi\/blogi\/wp-content\/uploads\/2019\/07\/poikkimaantiesilta.jpg?resize=525%2C300&ssl=1 1.5x, https:\/\/i0.wp.com\/www.satokangas.fi\/blogi\/wp-content\/uploads\/2019\/07\/poikkimaantiesilta.jpg?resize=700%2C400&ssl=1 2x"},"classes":[]},{"id":41493,"url":"https:\/\/www.satokangas.fi\/blogi\/2021\/09\/helpotusta-monessa-asiassa\/","url_meta":{"origin":346,"position":3},"title":"Helpotusta monessa asiassa &#8230;","author":"Reija","date":"2.9.2021","format":false,"excerpt":"Hyv\u00e4 p\u00e4iv\u00e4 t\u00e4n\u00e4\u00e4n. Yksi iso projekti, voisin melkein v\u00e4itt\u00e4\u00e4 el\u00e4m\u00e4nvaiheriitiksi on t\u00e4n\u00e4\u00e4n saatettu p\u00e4\u00e4t\u00f6kseen. Nyt helpottaa, ja onneksi on tunne, ett\u00e4 oon tehny voitavani, parempaan en olisi pystynyt, en olisi osannut. Palaan t\u00e4h\u00e4n l\u00e4hip\u00e4ivin\u00e4 ... Toinen hyv\u00e4 tunne liittyy my\u00f6s ko. kuvaan. Ravintola Nallikariin. K\u00e4ytiin siell\u00e4 talkooporukalla lounaalla, rohkenin sy\u00f6d\u00e4\u2026","rel":"","context":"Kategoriassa &quot;Niit\u00e4 n\u00e4it\u00e4&quot;","block_context":{"text":"Niit\u00e4 n\u00e4it\u00e4","link":"https:\/\/www.satokangas.fi\/blogi\/category\/aiheeton\/"},"img":{"alt_text":"","src":"https:\/\/i0.wp.com\/www.satokangas.fi\/blogi\/wp-content\/uploads\/2021\/09\/1.jpg?resize=350%2C200&ssl=1","width":350,"height":200,"srcset":"https:\/\/i0.wp.com\/www.satokangas.fi\/blogi\/wp-content\/uploads\/2021\/09\/1.jpg?resize=350%2C200&ssl=1 1x, https:\/\/i0.wp.com\/www.satokangas.fi\/blogi\/wp-content\/uploads\/2021\/09\/1.jpg?resize=525%2C300&ssl=1 1.5x, https:\/\/i0.wp.com\/www.satokangas.fi\/blogi\/wp-content\/uploads\/2021\/09\/1.jpg?resize=700%2C400&ssl=1 2x"},"classes":[]},{"id":11622,"url":"https:\/\/www.satokangas.fi\/blogi\/2011\/05\/unenomainen-perjantai\/","url_meta":{"origin":346,"position":4},"title":"Unenomainen perjantai","author":"Reija","date":"13.5.2011","format":false,"excerpt":"K\u00e4yk\u00f6 teille koskaan niin, ett\u00e4 uni j\u00e4\u00e4 p\u00e4\u00e4lle? Minulla on t\u00e4n\u00e4\u00e4n ollut sellainen p\u00e4iv\u00e4, ett\u00e4 \"koko y\u00f6n\" kest\u00e4nyt uni vain jatkuu. Se oli hyvinkin todentuntuinen uni, siin\u00e4 oli koottuna eilisen ja kahden vuoden takaisia muistoja, siin\u00e4 oli pelkoja ja toiveita. Sekin kertoi pettymyksist\u00e4, mutta my\u00f6s ilosta. Her\u00e4\u00e4n aamulla - kuten\u2026","rel":"","context":"Kategoriassa &quot;Niit\u00e4 n\u00e4it\u00e4&quot;","block_context":{"text":"Niit\u00e4 n\u00e4it\u00e4","link":"https:\/\/www.satokangas.fi\/blogi\/category\/aiheeton\/"},"img":{"alt_text":"","src":"","width":0,"height":0},"classes":[]},{"id":6468,"url":"https:\/\/www.satokangas.fi\/blogi\/2010\/03\/sairaalassa-takaumia\/","url_meta":{"origin":346,"position":5},"title":"Sairaalassa takaumia","author":"Reija","date":"22.3.2010","format":false,"excerpt":"K\u00e4velen naistentautienklinikan ovesta sis\u00e4\u00e4n ja mieleeni hulmahtaa muistoja, jotka kohisevat tullessaan, melkein huimaavat. \u00a0Muistan, kuinka taas kerran olin siell\u00e4, olin polkenut py\u00f6r\u00e4ll\u00e4 kotoa, kaupungin l\u00e4pi sairaalalle asti ja puoli v\u00e4liss\u00e4 matkaa oli alkanut sataa niin kuin toukokuussa vain voi. Olin ihan l\u00e4pim\u00e4rk\u00e4, tukka liimautunut p\u00e4\u00e4t\u00e4 vasten ja palelin hurjasti istahtaessani\u2026","rel":"","context":"Kategoriassa &quot;Vanhemmuus&quot;","block_context":{"text":"Vanhemmuus","link":"https:\/\/www.satokangas.fi\/blogi\/category\/vanhemmuus\/"},"img":{"alt_text":"","src":"","width":0,"height":0},"classes":[]}],"_links":{"self":[{"href":"https:\/\/www.satokangas.fi\/blogi\/wp-json\/wp\/v2\/posts\/346","targetHints":{"allow":["GET"]}}],"collection":[{"href":"https:\/\/www.satokangas.fi\/blogi\/wp-json\/wp\/v2\/posts"}],"about":[{"href":"https:\/\/www.satokangas.fi\/blogi\/wp-json\/wp\/v2\/types\/post"}],"author":[{"embeddable":true,"href":"https:\/\/www.satokangas.fi\/blogi\/wp-json\/wp\/v2\/users\/2"}],"replies":[{"embeddable":true,"href":"https:\/\/www.satokangas.fi\/blogi\/wp-json\/wp\/v2\/comments?post=346"}],"version-history":[{"count":0,"href":"https:\/\/www.satokangas.fi\/blogi\/wp-json\/wp\/v2\/posts\/346\/revisions"}],"wp:attachment":[{"href":"https:\/\/www.satokangas.fi\/blogi\/wp-json\/wp\/v2\/media?parent=346"}],"wp:term":[{"taxonomy":"category","embeddable":true,"href":"https:\/\/www.satokangas.fi\/blogi\/wp-json\/wp\/v2\/categories?post=346"},{"taxonomy":"post_tag","embeddable":true,"href":"https:\/\/www.satokangas.fi\/blogi\/wp-json\/wp\/v2\/tags?post=346"}],"curies":[{"name":"wp","href":"https:\/\/api.w.org\/{rel}","templated":true}]}}