{"id":34530,"date":"2018-08-04T19:28:00","date_gmt":"2018-08-04T16:28:00","guid":{"rendered":"https:\/\/www.satokangas.fi\/blogi\/?p=34530"},"modified":"2018-08-04T21:31:43","modified_gmt":"2018-08-04T18:31:43","slug":"elokuun-alku-on-ollut-hyva","status":"publish","type":"post","link":"https:\/\/www.satokangas.fi\/blogi\/2018\/08\/elokuun-alku-on-ollut-hyva\/","title":{"rendered":"Elokuun alku on ollut hyv\u00e4"},"content":{"rendered":"<p style=\"text-align: justify;\">Elokuinen lauantaiaamu ei ollut unta varten.<\/p>\n<p style=\"text-align: justify;\">Tied\u00e4 h\u00e4nt\u00e4, mit\u00e4 varten se oli, mutta kesti monta tuntia ennen kuin sain l\u00e4hdetyksi py\u00f6r\u00e4ll\u00e4 kohti Giganttia. Uusi nelj\u00e4n teran ulkoinen kovalevy oli \u2013 taas \u2013 tarpeen hankkia. Siisp\u00e4 sen hakuun.<\/p>\n<p style=\"text-align: justify;\">Mutkien kautta menin ja mutkien kautta tulin, joten hyvinkin parituntinen kului, ja polvi kipeytyi. Vanha lasketteluvamma, joka yleens\u00e4 kiusaa vain pitkin\u00e4 patikointip\u00e4ivin\u00e4, ilmoitti t\u00e4n\u00e4\u00e4n pitk\u00e4st\u00e4 aikaa olemassaolostaan. Urheilija ei tervett\u00e4 p\u00e4iv\u00e4\u00e4 \u2026 Paitsi, ett\u00e4 pitk\u00e4\u00e4n aikaan t\u00e4t\u00e4 ennen ei ole juilinut tai s\u00e4rkenyt mist\u00e4\u00e4n. No mutta, pikku juttu joka tapauksessa. Semminkin kun en varsinaisesti ole mik\u00e4\u00e4n urheilija, enemm\u00e4nkin hy\u00f6tyliikkuja ja tepastelija.<\/p>\n<p style=\"text-align: justify;\">Iltap\u00e4iv\u00e4ll\u00e4 kodinhoidollisia hommia ja sitten sapuskan tekoa. Milloinkas olet viimeksi tehnyt wokkia \u201dalusta asti\u201d. Siis ettei mit\u00e4\u00e4n pakastepusseja, vaan silppuat ja pilkot ja paistat erikseen ja yhdess\u00e4 kaikki osat: kasvikset, vihannekset, maustekasvit (inkiv\u00e4\u00e4ri, valkosipuli, chili) ja broilerin, p\u00e4hkin\u00e4t ja viel\u00e4 wokkaat nuudelin. Enp\u00e4 itsek\u00e4\u00e4n muista milloin edellisen kerran, mutta t\u00e4n\u00e4\u00e4n tein, ja kyll\u00e4 kannatti. Ehdottomasti kannatti. Eik\u00e4 siin\u00e4 edes mennyt kauan.<\/p>\n<p style=\"text-align: justify;\"><a href=\"https:\/\/www.satokangas.fi\/blogi\/2018\/08\/elokuun-alku-on-ollut-hyva\/1-11-14\/#main\" rel=\"attachment wp-att-34532\"><img loading=\"lazy\" decoding=\"async\" data-attachment-id=\"34532\" data-permalink=\"https:\/\/www.satokangas.fi\/blogi\/2018\/08\/elokuun-alku-on-ollut-hyva\/1-11-14\/\" data-orig-file=\"https:\/\/www.satokangas.fi\/blogi\/wp-content\/uploads\/2018\/08\/1-11.jpg\" data-orig-size=\"1000,731\" data-comments-opened=\"1\" data-image-meta=\"{&quot;aperture&quot;:&quot;6.3&quot;,&quot;credit&quot;:&quot;Reija Satokangas&quot;,&quot;camera&quot;:&quot;Canon EOS 5D Mark IV&quot;,&quot;caption&quot;:&quot;&quot;,&quot;created_timestamp&quot;:&quot;1533396246&quot;,&quot;copyright&quot;:&quot;Reija Satokangas&quot;,&quot;focal_length&quot;:&quot;100&quot;,&quot;iso&quot;:&quot;1000&quot;,&quot;shutter_speed&quot;:&quot;0.033333333333333&quot;,&quot;title&quot;:&quot;&quot;,&quot;orientation&quot;:&quot;0&quot;}\" data-image-title=\"1-11\" data-image-description=\"\" data-image-caption=\"\" data-large-file=\"https:\/\/www.satokangas.fi\/blogi\/wp-content\/uploads\/2018\/08\/1-11.jpg\" class=\"aligncenter size-full wp-image-34532\" src=\"https:\/\/www.satokangas.fi\/blogi\/wp-content\/uploads\/2018\/08\/1-11.jpg\" alt=\"\" width=\"1000\" height=\"731\" srcset=\"https:\/\/www.satokangas.fi\/blogi\/wp-content\/uploads\/2018\/08\/1-11.jpg 1000w, https:\/\/www.satokangas.fi\/blogi\/wp-content\/uploads\/2018\/08\/1-11-300x219.jpg 300w, https:\/\/www.satokangas.fi\/blogi\/wp-content\/uploads\/2018\/08\/1-11-547x400.jpg 547w, https:\/\/www.satokangas.fi\/blogi\/wp-content\/uploads\/2018\/08\/1-11-768x561.jpg 768w\" sizes=\"auto, (max-width: 1000px) 100vw, 1000px\" \/><\/a><\/p>\n<p style=\"text-align: justify;\">Ja kaiken t\u00e4m\u00e4n kiinalaisen kes\u00e4ruoan j\u00e4lkeen supisuomalaista mustikkapiirakkaa, jonka Pehtoori teki. Kyll\u00e4h\u00e4n me tytt\u00e4ren kanssa mielihyvin s\u00f6imme. \ud83d\ude09<\/p>\n<p style=\"text-align: justify;\"><a href=\"https:\/\/www.satokangas.fi\/blogi\/2018\/08\/elokuun-alku-on-ollut-hyva\/1-3-43\/#main\" rel=\"attachment wp-att-34531\"><img loading=\"lazy\" decoding=\"async\" data-attachment-id=\"34531\" data-permalink=\"https:\/\/www.satokangas.fi\/blogi\/2018\/08\/elokuun-alku-on-ollut-hyva\/1-3-43\/\" data-orig-file=\"https:\/\/www.satokangas.fi\/blogi\/wp-content\/uploads\/2018\/08\/1-3-1.jpg\" data-orig-size=\"2048,1348\" data-comments-opened=\"1\" data-image-meta=\"{&quot;aperture&quot;:&quot;5&quot;,&quot;credit&quot;:&quot;Reija Satokangas&quot;,&quot;camera&quot;:&quot;Canon EOS 5D Mark IV&quot;,&quot;caption&quot;:&quot;&quot;,&quot;created_timestamp&quot;:&quot;1533399707&quot;,&quot;copyright&quot;:&quot;Reija Satokangas&quot;,&quot;focal_length&quot;:&quot;100&quot;,&quot;iso&quot;:&quot;160&quot;,&quot;shutter_speed&quot;:&quot;0.000625&quot;,&quot;title&quot;:&quot;&quot;,&quot;orientation&quot;:&quot;0&quot;}\" data-image-title=\"1-3\" data-image-description=\"\" data-image-caption=\"\" data-large-file=\"https:\/\/www.satokangas.fi\/blogi\/wp-content\/uploads\/2018\/08\/1-3-1-1556x1024.jpg\" class=\"aligncenter wp-image-34531\" src=\"https:\/\/www.satokangas.fi\/blogi\/wp-content\/uploads\/2018\/08\/1-3-1-1556x1024.jpg\" alt=\"\" width=\"1000\" height=\"658\" srcset=\"https:\/\/www.satokangas.fi\/blogi\/wp-content\/uploads\/2018\/08\/1-3-1-1556x1024.jpg 1556w, https:\/\/www.satokangas.fi\/blogi\/wp-content\/uploads\/2018\/08\/1-3-1-300x197.jpg 300w, https:\/\/www.satokangas.fi\/blogi\/wp-content\/uploads\/2018\/08\/1-3-1-608x400.jpg 608w, https:\/\/www.satokangas.fi\/blogi\/wp-content\/uploads\/2018\/08\/1-3-1-768x506.jpg 768w, https:\/\/www.satokangas.fi\/blogi\/wp-content\/uploads\/2018\/08\/1-3-1.jpg 2048w\" sizes=\"auto, (max-width: 1000px) 100vw, 1000px\" \/><\/a><\/p>\n<p style=\"text-align: justify;\">Nyt istun viel\u00e4 pihalla, postaan ulkona, tuntuu kuin olisin ulkomailla, hvy\u00e4lle tuntuu el\u00e4m\u00e4 t\u00e4llaisina p\u00e4ivin\u00e4, jolloin huomistakin odottaa jo ilolla.<\/p>\n","protected":false},"excerpt":{"rendered":"<p>Elokuinen lauantaiaamu ei ollut unta varten. Tied\u00e4 h\u00e4nt\u00e4, mit\u00e4 varten se oli, mutta kesti monta tuntia ennen kuin sain l\u00e4hdetyksi py\u00f6r\u00e4ll\u00e4 kohti Giganttia. Uusi nelj\u00e4n teran ulkoinen kovalevy oli \u2013 taas \u2013 tarpeen hankkia. Siisp\u00e4 sen hakuun. Mutkien kautta menin ja mutkien kautta tulin, joten hyvinkin parituntinen kului, ja polvi kipeytyi. Vanha lasketteluvamma, joka yleens\u00e4 kiusaa vain pitkin\u00e4 patikointip\u00e4ivin\u00e4, ilmoitti &hellip; <\/p>\n","protected":false},"author":1,"featured_media":0,"comment_status":"open","ping_status":"open","sticky":false,"template":"","format":"standard","meta":{"jetpack_post_was_ever_published":false,"_jetpack_newsletter_access":"","_jetpack_dont_email_post_to_subs":false,"_jetpack_newsletter_tier_id":0,"_jetpack_memberships_contains_paywalled_content":false,"_jetpack_memberships_contains_paid_content":false,"footnotes":"","jetpack_publicize_message":"","jetpack_publicize_feature_enabled":true,"jetpack_social_post_already_shared":true,"jetpack_social_options":{"image_generator_settings":{"template":"highway","default_image_id":0,"font":"","enabled":false},"version":2}},"categories":[1],"tags":[],"class_list":["post-34530","post","type-post","status-publish","format-standard","hentry","category-aiheeton","latest_post"],"jetpack_publicize_connections":[],"jetpack_featured_media_url":"","jetpack_shortlink":"https:\/\/wp.me\/pr4p4-8YW","jetpack_sharing_enabled":true,"jetpack_likes_enabled":false,"jetpack-related-posts":[{"id":3559,"url":"https:\/\/www.satokangas.fi\/blogi\/2009\/06\/sanoja-jotka-syntyvat-ja-eivat\/","url_meta":{"origin":34530,"position":0},"title":"Sanoja, jotka syntyv\u00e4t ja eiv\u00e4t","author":"Reija","date":"16.6.2009","format":false,"excerpt":"Hieman irrallinen olo. Kovasti olen huolissani kun en saa t\u00f6iss\u00e4 sanoja syntym\u00e4\u00e4n, teksti\u00e4 ei tule. Merkillist\u00e4, kuinka k\u00e4veleminen ty\u00f6paikan kohtuullisen tyhjill\u00e4 k\u00e4yt\u00e4vill\u00e4 on tullut jokap\u00e4iv\u00e4iseksi huvikseni. Milloin k\u00e4velen kirjastoon, mutkan kautta. Milloin ostamaan kahvia, mutkan kautta. Milloin pankkiautomaatille, mutkan kautta. Milloin huomaan, ett\u00e4 onkin k\u00e4yt\u00e4v\u00e4 uudestaan kirjastossa, mutkan kautta. Huomenna\u2026","rel":"","context":"Kategoriassa &quot;Niit\u00e4 n\u00e4it\u00e4&quot;","block_context":{"text":"Niit\u00e4 n\u00e4it\u00e4","link":"https:\/\/www.satokangas.fi\/blogi\/category\/aiheeton\/"},"img":{"alt_text":"","src":"","width":0,"height":0},"classes":[]},{"id":53010,"url":"https:\/\/www.satokangas.fi\/blogi\/2025\/08\/kaupungissa-kierrellen-ja-kohdaten\/","url_meta":{"origin":34530,"position":1},"title":"Kaupungissa kierrellen ja kohdaten","author":"Reija","date":"28.8.2025","format":false,"excerpt":"Hautausmaat ovat my\u00f6s el\u00e4m\u00e4\u00e4 varten. Tai kuten Naantalin hautausmaan portin pieless\u00e4 lukee: \u201dHautausmaa tukee el\u00e4m\u00e4\u00e4.\u201d Taas kerran olin t\u00e4n\u00e4\u00e4n Oulun hautuumaalla, sek\u00e4 ylh\u00e4\u00e4ll\u00e4 Inti\u00f6nm\u00e4ell\u00e4 uurnalehdossa, ett\u00e4 vanhalla puolella vanhojen oululaisten kauppias- ja virkamiessukujen ja\u00a0 tervaporvareiden sukuhautojen v\u00e4lisill\u00e4 poluilla. Sisaren haudalla uurnalehdossa k\u00e4ynnit ovat jo tyynempi\u00e4, armollisempia kuin kes\u00e4n alkupuolella olivat.\u2026","rel":"","context":"Kategoriassa &quot;Hautausmailla&quot;","block_context":{"text":"Hautausmailla","link":"https:\/\/www.satokangas.fi\/blogi\/category\/hautausmailla\/"},"img":{"alt_text":"","src":"https:\/\/i0.wp.com\/www.satokangas.fi\/blogi\/wp-content\/uploads\/2025\/08\/kaupungintalo_2025_8-2.jpg?resize=350%2C200&ssl=1","width":350,"height":200,"srcset":"https:\/\/i0.wp.com\/www.satokangas.fi\/blogi\/wp-content\/uploads\/2025\/08\/kaupungintalo_2025_8-2.jpg?resize=350%2C200&ssl=1 1x, https:\/\/i0.wp.com\/www.satokangas.fi\/blogi\/wp-content\/uploads\/2025\/08\/kaupungintalo_2025_8-2.jpg?resize=525%2C300&ssl=1 1.5x, https:\/\/i0.wp.com\/www.satokangas.fi\/blogi\/wp-content\/uploads\/2025\/08\/kaupungintalo_2025_8-2.jpg?resize=700%2C400&ssl=1 2x"},"classes":[]},{"id":53014,"url":"https:\/\/www.satokangas.fi\/blogi\/2025\/08\/ruoka-on-muutakin-kuin-ravintoa-2\/","url_meta":{"origin":34530,"position":2},"title":"Ruoka on muutakin kuin ravintoa","author":"Reija","date":"30.8.2025","format":false,"excerpt":"Eilisen p\u00e4iv\u00e4n tyyneys teki hyv\u00e4\u00e4. Aamusella hiljaisessa jokivarressa pitk\u00e4lle, - ja takaisin. Ja sitten hakemaan lapsia kunhan olivat koulusta p\u00e4\u00e4sseet: l\u00e4hdettiin muksujen kanssa kansainv\u00e4lisille suurmarkkinoille: prezeleit\u00e4, parmesankimpale, englantilainen toffee (miksi? sit\u00e4 kysyn taas kerran), J\u00e4rvenp\u00e4\u00e4h\u00e4n tuliaiskirja Emmiliinille ja tilpeh\u00f6\u00f6rit A:lle ja E:lle. Ja gelatoa! Juniorikin liittyi seuraamme kun t\u00f6ist\u00e4\u00e4n p\u00e4\u00e4si.\u2026","rel":"","context":"Kategoriassa &quot;Niit\u00e4 n\u00e4it\u00e4&quot;","block_context":{"text":"Niit\u00e4 n\u00e4it\u00e4","link":"https:\/\/www.satokangas.fi\/blogi\/category\/aiheeton\/"},"img":{"alt_text":"","src":"https:\/\/i0.wp.com\/www.satokangas.fi\/blogi\/wp-content\/uploads\/2025\/08\/elokuun_leppoisuss-2.jpg?resize=350%2C200&ssl=1","width":350,"height":200,"srcset":"https:\/\/i0.wp.com\/www.satokangas.fi\/blogi\/wp-content\/uploads\/2025\/08\/elokuun_leppoisuss-2.jpg?resize=350%2C200&ssl=1 1x, https:\/\/i0.wp.com\/www.satokangas.fi\/blogi\/wp-content\/uploads\/2025\/08\/elokuun_leppoisuss-2.jpg?resize=525%2C300&ssl=1 1.5x, https:\/\/i0.wp.com\/www.satokangas.fi\/blogi\/wp-content\/uploads\/2025\/08\/elokuun_leppoisuss-2.jpg?resize=700%2C400&ssl=1 2x, https:\/\/i0.wp.com\/www.satokangas.fi\/blogi\/wp-content\/uploads\/2025\/08\/elokuun_leppoisuss-2.jpg?resize=1050%2C600&ssl=1 3x"},"classes":[]},{"id":39688,"url":"https:\/\/www.satokangas.fi\/blogi\/2020\/11\/kohti-levollisia-paivia\/","url_meta":{"origin":34530,"position":3},"title":"Kohti levollisia p\u00e4ivi\u00e4","author":"Reija","date":"17.11.2020","format":false,"excerpt":"Kynttil\u00e4n valoa, jouluvaloja, pihavaloja - - valoja pimeyteen. Luonnon valoa on kovin v\u00e4h\u00e4n, ja sekin on harmaata. Eilen tulomatkalla vihre\u00e4t pellot ja Kemi- ja Ounasjoen vedenkorkeus h\u00e4mm\u00e4styttiv\u00e4t; kev\u00e4inen v\u00e4ri ja vesist\u00f6jen tulvakorkeus eiv\u00e4t yleens\u00e4 kuulu marraskuuhun. T\u00e4n\u00e4\u00e4n maisema ja s\u00e4\u00e4 on jo ollut enemm\u00e4n marraskuinen. M\u00e4rk\u00e4\u00e4, sateista, liki myrskytuulista ja\u2026","rel":"","context":"Kategoriassa &quot;M\u00f6kkiel\u00e4m\u00e4\u00e4&quot;","block_context":{"text":"M\u00f6kkiel\u00e4m\u00e4\u00e4","link":"https:\/\/www.satokangas.fi\/blogi\/category\/mokkielamaa\/"},"img":{"alt_text":"","src":"https:\/\/i0.wp.com\/www.satokangas.fi\/blogi\/wp-content\/uploads\/2020\/11\/2-3.jpg?resize=350%2C200&ssl=1","width":350,"height":200,"srcset":"https:\/\/i0.wp.com\/www.satokangas.fi\/blogi\/wp-content\/uploads\/2020\/11\/2-3.jpg?resize=350%2C200&ssl=1 1x, https:\/\/i0.wp.com\/www.satokangas.fi\/blogi\/wp-content\/uploads\/2020\/11\/2-3.jpg?resize=525%2C300&ssl=1 1.5x, https:\/\/i0.wp.com\/www.satokangas.fi\/blogi\/wp-content\/uploads\/2020\/11\/2-3.jpg?resize=700%2C400&ssl=1 2x"},"classes":[]},{"id":46634,"url":"https:\/\/www.satokangas.fi\/blogi\/2023\/08\/hommat-hanskassa-ainakin-talla-eraa\/","url_meta":{"origin":34530,"position":4},"title":"Hommat hanskassa &#8211; ainakin t\u00e4ll\u00e4 er\u00e4\u00e4","author":"Reija","date":"10.8.2023","format":false,"excerpt":"Nyt on hyv\u00e4 mieli! Aamuvarhaisesta on ollut tekemist\u00e4 ja j\u00e4lke\u00e4kin on syntynyt. Suorittaja minussa, jota en ole viel\u00e4k\u00e4\u00e4n ihan saanut vuosien yritt\u00e4misen j\u00e4lkeen nujerretuksi, on tyytyv\u00e4inen, eik\u00e4 edes v\u00e4synyt. Eilinen iltap\u00e4iv\u00e4 meni kuvaushommissa, ja t\u00e4n\u00e4\u00e4n sitten massiivinen muistikorteille tallentunut kuvam\u00e4\u00e4r\u00e4 perattavana ja editoitavana. De Gamlas Hemin hotelliin (Hemmettiin) on valmistunut\u2026","rel":"","context":"Kategoriassa &quot;Muistikuvia&quot;","block_context":{"text":"Muistikuvia","link":"https:\/\/www.satokangas.fi\/blogi\/category\/muistikuvia\/"},"img":{"alt_text":"","src":"https:\/\/i0.wp.com\/www.satokangas.fi\/blogi\/wp-content\/uploads\/2023\/08\/1-9.jpg?resize=350%2C200&ssl=1","width":350,"height":200,"srcset":"https:\/\/i0.wp.com\/www.satokangas.fi\/blogi\/wp-content\/uploads\/2023\/08\/1-9.jpg?resize=350%2C200&ssl=1 1x, https:\/\/i0.wp.com\/www.satokangas.fi\/blogi\/wp-content\/uploads\/2023\/08\/1-9.jpg?resize=525%2C300&ssl=1 1.5x, https:\/\/i0.wp.com\/www.satokangas.fi\/blogi\/wp-content\/uploads\/2023\/08\/1-9.jpg?resize=700%2C400&ssl=1 2x"},"classes":[]},{"id":52542,"url":"https:\/\/www.satokangas.fi\/blogi\/2025\/05\/puutarhoissa-ja-merenrannassa\/","url_meta":{"origin":34530,"position":5},"title":"Puutarhoissa ja merenrannassa","author":"Reija","date":"29.5.2025","format":false,"excerpt":"Puutarhoilla, - py\u00f6r\u00e4ll\u00e4 Seelantiin, py\u00f6r\u00e4ll\u00e4 Hietasaareen, ensin S\u00e4yn\u00e4j\u00e4aholle, sitten Aleniukselle. Molemmista t\u00e4ydennyksi\u00e4 jo aiemmin haettuihin... Molemmat omalla tavallaan parhaita. Auringossa, hyv\u00e4 on, melkoisessa siitep\u00f6lyp\u00f6hn\u00e4ss\u00e4, mutta liikkumisesta nauttien, v\u00e4h\u00e4n mutkienkin kautta, ett\u00e4 sain sen 40 km poljettua. Oli v\u00e4h\u00e4n hassu tunne, sellainen totaalisen kiireet\u00f6n: ei tarvitse tehd\u00e4 mit\u00e4\u00e4n. Ei mit\u00e4\u00e4n, ei\u2026","rel":"","context":"Kategoriassa &quot;Niit\u00e4 n\u00e4it\u00e4&quot;","block_context":{"text":"Niit\u00e4 n\u00e4it\u00e4","link":"https:\/\/www.satokangas.fi\/blogi\/category\/aiheeton\/"},"img":{"alt_text":"","src":"https:\/\/i0.wp.com\/www.satokangas.fi\/blogi\/wp-content\/uploads\/2025\/05\/puutarhapaiva_2025.jpg?resize=350%2C200&ssl=1","width":350,"height":200,"srcset":"https:\/\/i0.wp.com\/www.satokangas.fi\/blogi\/wp-content\/uploads\/2025\/05\/puutarhapaiva_2025.jpg?resize=350%2C200&ssl=1 1x, https:\/\/i0.wp.com\/www.satokangas.fi\/blogi\/wp-content\/uploads\/2025\/05\/puutarhapaiva_2025.jpg?resize=525%2C300&ssl=1 1.5x, https:\/\/i0.wp.com\/www.satokangas.fi\/blogi\/wp-content\/uploads\/2025\/05\/puutarhapaiva_2025.jpg?resize=700%2C400&ssl=1 2x"},"classes":[]}],"_links":{"self":[{"href":"https:\/\/www.satokangas.fi\/blogi\/wp-json\/wp\/v2\/posts\/34530","targetHints":{"allow":["GET"]}}],"collection":[{"href":"https:\/\/www.satokangas.fi\/blogi\/wp-json\/wp\/v2\/posts"}],"about":[{"href":"https:\/\/www.satokangas.fi\/blogi\/wp-json\/wp\/v2\/types\/post"}],"author":[{"embeddable":true,"href":"https:\/\/www.satokangas.fi\/blogi\/wp-json\/wp\/v2\/users\/1"}],"replies":[{"embeddable":true,"href":"https:\/\/www.satokangas.fi\/blogi\/wp-json\/wp\/v2\/comments?post=34530"}],"version-history":[{"count":0,"href":"https:\/\/www.satokangas.fi\/blogi\/wp-json\/wp\/v2\/posts\/34530\/revisions"}],"wp:attachment":[{"href":"https:\/\/www.satokangas.fi\/blogi\/wp-json\/wp\/v2\/media?parent=34530"}],"wp:term":[{"taxonomy":"category","embeddable":true,"href":"https:\/\/www.satokangas.fi\/blogi\/wp-json\/wp\/v2\/categories?post=34530"},{"taxonomy":"post_tag","embeddable":true,"href":"https:\/\/www.satokangas.fi\/blogi\/wp-json\/wp\/v2\/tags?post=34530"}],"curies":[{"name":"wp","href":"https:\/\/api.w.org\/{rel}","templated":true}]}}