{"id":34509,"date":"2018-08-03T23:23:38","date_gmt":"2018-08-03T20:23:38","guid":{"rendered":"https:\/\/www.satokangas.fi\/blogi\/?p=34509"},"modified":"2018-08-03T23:31:42","modified_gmt":"2018-08-03T20:31:42","slug":"helle-on-mennyt","status":"publish","type":"post","link":"https:\/\/www.satokangas.fi\/blogi\/2018\/08\/helle-on-mennyt\/","title":{"rendered":"Helle on mennyt"},"content":{"rendered":"<p style=\"text-align: justify;\">Ensimm\u00e4ist\u00e4 kertaa aikoihin: ei ole kuuma, nippa nappa on l\u00e4mmin. Onneksi edes l\u00e4mmin.<\/p>\n<p style=\"text-align: justify;\">Ajattelin aamulla menness\u00e4ni Nallikariin, nimenomaan <em>ravintola<\/em> Nallikariin, sopimaan tulevista kuvausjutuista, ett\u00e4 ottaisin samalla reissulla kuvia paitsi rannalta, my\u00f6s Hannalasta. Saahan sit\u00e4 ajatellla. Kun v\u00e4h\u00e4n ennen kymment\u00e4 l\u00e4hdin ymm\u00e4rt\u00e4\u00e4kseni onnistuneesta (?) meetingist\u00e4, alkoi auton tuulilasiin napsahdella v\u00e4hint\u00e4\u00e4nkin kananmunan kokoisia vesipisaroita. Se siit\u00e4 kuvaamisesta.<\/p>\n<p style=\"text-align: justify;\"><a href=\"https:\/\/www.satokangas.fi\/blogi\/2018\/08\/helle-on-mennyt\/1-6-32\/#main\" rel=\"attachment wp-att-34511\"><img loading=\"lazy\" decoding=\"async\" data-attachment-id=\"34511\" data-permalink=\"https:\/\/www.satokangas.fi\/blogi\/2018\/08\/helle-on-mennyt\/1-6-32\/\" data-orig-file=\"https:\/\/www.satokangas.fi\/blogi\/wp-content\/uploads\/2018\/08\/1-6.jpg\" data-orig-size=\"1000,667\" data-comments-opened=\"1\" data-image-meta=\"{&quot;aperture&quot;:&quot;2.8&quot;,&quot;credit&quot;:&quot;Reija Satokangas&quot;,&quot;camera&quot;:&quot;Canon EOS 5D Mark IV&quot;,&quot;caption&quot;:&quot;&quot;,&quot;created_timestamp&quot;:&quot;1533294556&quot;,&quot;copyright&quot;:&quot;Reija Satokangas&quot;,&quot;focal_length&quot;:&quot;35&quot;,&quot;iso&quot;:&quot;100&quot;,&quot;shutter_speed&quot;:&quot;0.00125&quot;,&quot;title&quot;:&quot;&quot;,&quot;orientation&quot;:&quot;0&quot;}\" data-image-title=\"1-6\" data-image-description=\"\" data-image-caption=\"\" data-large-file=\"https:\/\/www.satokangas.fi\/blogi\/wp-content\/uploads\/2018\/08\/1-6.jpg\" class=\"aligncenter size-full wp-image-34511\" src=\"https:\/\/www.satokangas.fi\/blogi\/wp-content\/uploads\/2018\/08\/1-6.jpg\" alt=\"\" width=\"1000\" height=\"667\" srcset=\"https:\/\/www.satokangas.fi\/blogi\/wp-content\/uploads\/2018\/08\/1-6.jpg 1000w, https:\/\/www.satokangas.fi\/blogi\/wp-content\/uploads\/2018\/08\/1-6-300x200.jpg 300w, https:\/\/www.satokangas.fi\/blogi\/wp-content\/uploads\/2018\/08\/1-6-600x400.jpg 600w, https:\/\/www.satokangas.fi\/blogi\/wp-content\/uploads\/2018\/08\/1-6-768x512.jpg 768w\" sizes=\"auto, (max-width: 1000px) 100vw, 1000px\" \/><\/a><\/p>\n<p style=\"text-align: justify;\">K\u00e4ytinp\u00e4 sitten rutkasti aikaa ruokakaupassa; kyll\u00e4 on sanottava, ett\u00e4 kilpailu tekee hyv\u00e4\u00e4. Kun Oulun keskustan uusi Pekurin K-kauppa avattiin, alkoi Sokoksen Herkussa melkoinen saneeraus, mink\u00e4 tuloksena Herkku alkaa olla jo varsin hyv\u00e4 ruokakauppa. Meid\u00e4n kolmen hengen kes\u00e4perjantain juhlaruokana karitsan karetta grillist\u00e4, fenkolia, kuningasosterivinokasta ja salaattia. Ja hyv\u00e4 shiraz (Nugan) siihen oheen. Ei voi valittaa.<\/p>\n<p style=\"text-align: justify;\"><a href=\"https:\/\/www.satokangas.fi\/blogi\/2018\/08\/helle-on-mennyt\/1-5-37\/#main\" rel=\"attachment wp-att-34510\"><img loading=\"lazy\" decoding=\"async\" data-attachment-id=\"34510\" data-permalink=\"https:\/\/www.satokangas.fi\/blogi\/2018\/08\/helle-on-mennyt\/1-5-37\/\" data-orig-file=\"https:\/\/www.satokangas.fi\/blogi\/wp-content\/uploads\/2018\/08\/1-5.jpg\" data-orig-size=\"1000,638\" data-comments-opened=\"1\" data-image-meta=\"{&quot;aperture&quot;:&quot;4&quot;,&quot;credit&quot;:&quot;Reija Satokangas&quot;,&quot;camera&quot;:&quot;Canon EOS 5D Mark IV&quot;,&quot;caption&quot;:&quot;&quot;,&quot;created_timestamp&quot;:&quot;1533309533&quot;,&quot;copyright&quot;:&quot;Reija Satokangas&quot;,&quot;focal_length&quot;:&quot;50&quot;,&quot;iso&quot;:&quot;125&quot;,&quot;shutter_speed&quot;:&quot;0.05&quot;,&quot;title&quot;:&quot;&quot;,&quot;orientation&quot;:&quot;0&quot;}\" data-image-title=\"1-5\" data-image-description=\"\" data-image-caption=\"\" data-large-file=\"https:\/\/www.satokangas.fi\/blogi\/wp-content\/uploads\/2018\/08\/1-5.jpg\" class=\"aligncenter size-full wp-image-34510\" src=\"https:\/\/www.satokangas.fi\/blogi\/wp-content\/uploads\/2018\/08\/1-5.jpg\" alt=\"\" width=\"1000\" height=\"638\" srcset=\"https:\/\/www.satokangas.fi\/blogi\/wp-content\/uploads\/2018\/08\/1-5.jpg 1000w, https:\/\/www.satokangas.fi\/blogi\/wp-content\/uploads\/2018\/08\/1-5-300x191.jpg 300w, https:\/\/www.satokangas.fi\/blogi\/wp-content\/uploads\/2018\/08\/1-5-627x400.jpg 627w, https:\/\/www.satokangas.fi\/blogi\/wp-content\/uploads\/2018\/08\/1-5-768x490.jpg 768w\" sizes=\"auto, (max-width: 1000px) 100vw, 1000px\" \/><\/a><\/p>\n<p style=\"text-align: justify;\"><a href=\"https:\/\/www.satokangas.fi\/blogi\/2018\/08\/helle-on-mennyt\/1-7-23\/#main\" rel=\"attachment wp-att-34512\"><img loading=\"lazy\" decoding=\"async\" data-attachment-id=\"34512\" data-permalink=\"https:\/\/www.satokangas.fi\/blogi\/2018\/08\/helle-on-mennyt\/1-7-23\/\" data-orig-file=\"https:\/\/www.satokangas.fi\/blogi\/wp-content\/uploads\/2018\/08\/1-7.jpg\" data-orig-size=\"1000,679\" data-comments-opened=\"1\" data-image-meta=\"{&quot;aperture&quot;:&quot;9&quot;,&quot;credit&quot;:&quot;Reija Satokangas&quot;,&quot;camera&quot;:&quot;Canon EOS 5D Mark IV&quot;,&quot;caption&quot;:&quot;&quot;,&quot;created_timestamp&quot;:&quot;1533309805&quot;,&quot;copyright&quot;:&quot;Reija Satokangas&quot;,&quot;focal_length&quot;:&quot;50&quot;,&quot;iso&quot;:&quot;125&quot;,&quot;shutter_speed&quot;:&quot;0.005&quot;,&quot;title&quot;:&quot;&quot;,&quot;orientation&quot;:&quot;0&quot;}\" data-image-title=\"1-7\" data-image-description=\"\" data-image-caption=\"\" data-large-file=\"https:\/\/www.satokangas.fi\/blogi\/wp-content\/uploads\/2018\/08\/1-7.jpg\" class=\"aligncenter size-full wp-image-34512\" src=\"https:\/\/www.satokangas.fi\/blogi\/wp-content\/uploads\/2018\/08\/1-7.jpg\" alt=\"\" width=\"1000\" height=\"679\" srcset=\"https:\/\/www.satokangas.fi\/blogi\/wp-content\/uploads\/2018\/08\/1-7.jpg 1000w, https:\/\/www.satokangas.fi\/blogi\/wp-content\/uploads\/2018\/08\/1-7-300x204.jpg 300w, https:\/\/www.satokangas.fi\/blogi\/wp-content\/uploads\/2018\/08\/1-7-589x400.jpg 589w, https:\/\/www.satokangas.fi\/blogi\/wp-content\/uploads\/2018\/08\/1-7-768x521.jpg 768w\" sizes=\"auto, (max-width: 1000px) 100vw, 1000px\" \/><\/a><\/p>\n<p style=\"text-align: justify;\">N\u00e4it\u00e4 kuvaillessa tyt\u00e4r otti minusta kuvia ja mutisi jotain, ett\u00e4 &#8221;luullakseni joissakin perheiss\u00e4 on ruokarukous, meill\u00e4 on ruokakuvaus&#8221;. No niin on. Ihan vaan teille, hyv\u00e4t blogisyst\u00e4v\u00e4t!, iloksenne &#8211; ja tiett\u00e4v\u00e4ksenne.<\/p>\n<p style=\"text-align: justify;\">Siin\u00e4 sitten pilvipoutaisella pihalla istuskeltiin, h\u00f6p\u00f6teltiin, ja lopulta ilmoitin l\u00e4htev\u00e4ni tekem\u00e4\u00e4n kuvia, ja tyt\u00e4r ilmoitti, ett\u00e4 illansuussa l\u00e4hdet\u00e4\u00e4n kolmisin kaupungille &#8221;yhille&#8221;.<\/p>\n<p style=\"text-align: justify;\">Niin l\u00e4hdettiin, ja vasta \u00e4sken palattiin. Tosin ty\u00e4r j\u00e4i\u00a0 kaupungille viel\u00e4&#8230;<\/p>\n<p style=\"text-align: justify;\">Olipa hyv\u00e4, ett\u00e4 lapsi vei vanhempansa Oulun y\u00f6el\u00e4m\u00e4\u00e4n tai siis iltael\u00e4m\u00e4\u00e4n. Istahdimme <a href=\"https:\/\/www.viinibaarivox.fi\/\" target=\"_blank\" rel=\"noopener\">viinibaari Voxin<\/a> patiolle, kuohuvalle tietysti. Pistimme maailmanpolitiikan ja l\u00e4hipiirin asioita jutuillamme j\u00e4rjestykseen ja yht\u00e4kki\u00e4 saimmekin seuraa: The Valokuvaaja viiv\u00e4hti seurassamme. Olipa mukava n\u00e4hd\u00e4 liven\u00e4.<\/p>\n<p style=\"text-align: justify;\">Vakaana aikeena oli l\u00e4hte\u00e4 kotiin heti yhdeks\u00e4n j\u00e4lkeen, mutta eik\u00f6s vain viel\u00e4 siirrytty Roosteriin, jossa tytt\u00e4ren kavereita ja sitten serkkunsakin. Kaikki t\u00e4m\u00e4 meille vanhuksille hyv\u00e4ksi: on hyv\u00e4 n\u00e4hd\u00e4 my\u00f6s kotikaupungin iltael\u00e4m\u00e4\u00e4 ja nuoria.<\/p>\n<p style=\"text-align: justify;\">Kymmenen j\u00e4lkeen, auringon jo laskiessa l\u00e4hdimme kuitenkin py\u00f6r\u00e4ilem\u00e4\u00e4n kohti kotia. Hyv\u00e4 hengitt\u00e4\u00e4, pimenev\u00e4, kostea ilta ja kaikki hyvin.<\/p>\n<p style=\"text-align: justify;\"><a href=\"https:\/\/www.satokangas.fi\/blogi\/2018\/08\/helle-on-mennyt\/1-10-18\/#main\" rel=\"attachment wp-att-34513\"><img loading=\"lazy\" decoding=\"async\" class=\"aligncenter size-full wp-image-34513\" src=\"https:\/\/www.satokangas.fi\/blogi\/wp-content\/uploads\/2018\/08\/1-10.jpg\" alt=\"\" width=\"1000\" height=\"622\" \/><\/a><\/p>\n<p style=\"text-align: justify;\">\n","protected":false},"excerpt":{"rendered":"<p>Ensimm\u00e4ist\u00e4 kertaa aikoihin: ei ole kuuma, nippa nappa on l\u00e4mmin. Onneksi edes l\u00e4mmin. Ajattelin aamulla menness\u00e4ni Nallikariin, nimenomaan ravintola Nallikariin, sopimaan tulevista kuvausjutuista, ett\u00e4 ottaisin samalla reissulla kuvia paitsi rannalta, my\u00f6s Hannalasta. Saahan sit\u00e4 ajatellla. Kun v\u00e4h\u00e4n ennen kymment\u00e4 l\u00e4hdin ymm\u00e4rt\u00e4\u00e4kseni onnistuneesta (?) meetingist\u00e4, alkoi auton tuulilasiin napsahdella v\u00e4hint\u00e4\u00e4nkin kananmunan kokoisia vesipisaroita. Se siit\u00e4 kuvaamisesta. K\u00e4ytinp\u00e4 sitten rutkasti aikaa ruokakaupassa; &hellip; <\/p>\n","protected":false},"author":1,"featured_media":0,"comment_status":"open","ping_status":"open","sticky":false,"template":"","format":"standard","meta":{"jetpack_post_was_ever_published":false,"_jetpack_newsletter_access":"","_jetpack_dont_email_post_to_subs":false,"_jetpack_newsletter_tier_id":0,"_jetpack_memberships_contains_paywalled_content":false,"_jetpack_memberships_contains_paid_content":false,"footnotes":"","jetpack_publicize_message":"","jetpack_publicize_feature_enabled":true,"jetpack_social_post_already_shared":true,"jetpack_social_options":{"image_generator_settings":{"template":"highway","default_image_id":0,"font":"","enabled":false},"version":2}},"categories":[1,55,22],"tags":[],"class_list":["post-34509","post","type-post","status-publish","format-standard","hentry","category-aiheeton","category-oulu","category-vanhemmuus","latest_post"],"jetpack_publicize_connections":[],"jetpack_featured_media_url":"","jetpack_shortlink":"https:\/\/wp.me\/pr4p4-8YB","jetpack_sharing_enabled":true,"jetpack_likes_enabled":false,"jetpack-related-posts":[{"id":31490,"url":"https:\/\/www.satokangas.fi\/blogi\/2017\/08\/nallikari-valokuvaukseni-ja-taidehistoria\/","url_meta":{"origin":34509,"position":0},"title":"Nallikari, valokuvaukseni ja taidehistoria","author":"Reija","date":"2.8.2017","format":false,"excerpt":"Ymp\u00e4rivuotisesti Nallikari on minulle t\u00e4rke\u00e4 paikka, merenrannassa on hyv\u00e4 olla. On tutkittua tietoa siit\u00e4, ett\u00e4 mets\u00e4ss\u00e4 oleminen on hyv\u00e4ksi terveydelle. Jo parikymment\u00e4 minuuttia samoilua mets\u00e4ss\u00e4 p\u00e4ivitt\u00e4in tuo terveysvaikutuksia (mm. laskee verenpainetta etc.), ja olen ihan (mutu)varma, ett\u00e4 sama koskee tunturissa ja merenrannassa kulkemista. Ja vaikka ei olisi suoranaista fyysist\u00e4 vaikutusta,\u2026","rel":"","context":"Kategoriassa &quot;Oulu&quot;","block_context":{"text":"Oulu","link":"https:\/\/www.satokangas.fi\/blogi\/category\/oulu\/"},"img":{"alt_text":"","src":"https:\/\/i0.wp.com\/www.satokangas.fi\/blogi\/wp-content\/uploads\/2017\/08\/111-4.jpg?resize=350%2C200&ssl=1","width":350,"height":200,"srcset":"https:\/\/i0.wp.com\/www.satokangas.fi\/blogi\/wp-content\/uploads\/2017\/08\/111-4.jpg?resize=350%2C200&ssl=1 1x, https:\/\/i0.wp.com\/www.satokangas.fi\/blogi\/wp-content\/uploads\/2017\/08\/111-4.jpg?resize=525%2C300&ssl=1 1.5x, https:\/\/i0.wp.com\/www.satokangas.fi\/blogi\/wp-content\/uploads\/2017\/08\/111-4.jpg?resize=700%2C400&ssl=1 2x"},"classes":[]},{"id":3157,"url":"https:\/\/www.satokangas.fi\/blogi\/2009\/04\/harrastuksia\/","url_meta":{"origin":34509,"position":1},"title":"Harrastuksia","author":"Reija","date":"22.4.2009","format":false,"excerpt":"Keskiviikkoilta. Eik\u00e4 ole valokuvauskurssia, en\u00e4\u00e4. Se on finito. Loppu. \u00a0Me kurssilaiset ripustimme perjantai-iltana n\u00e4yttelyn Oulu-opiston aulaan: k\u00e4yk\u00e4\u00e4h\u00e4n kuun loppuun menness\u00e4 katsomassa millaisten ammattilaiskuvaajien seurassa sain keskiviikkoillat harrastaa. Siell\u00e4 on heid\u00e4n hienoja otoksiaan. Ja muutama meitsinkin harjoitelma. Toinenkin harrastukseni tuotos on julkistettu: huhtikuun ruokahaasteen \u00e4\u00e4nestys on menossa. Linkin takaa l\u00f6ytyy monta\u2026","rel":"","context":"Kategoriassa &quot;Valokuvaus&quot;","block_context":{"text":"Valokuvaus","link":"https:\/\/www.satokangas.fi\/blogi\/category\/valokuvaus\/"},"img":{"alt_text":"nallikari","src":"https:\/\/i0.wp.com\/www.satokangas.fi\/blogi\/wp-content\/uploads\/2009\/04\/nallikari-500x333.jpg?resize=350%2C200&ssl=1","width":350,"height":200},"classes":[]},{"id":21664,"url":"https:\/\/www.satokangas.fi\/blogi\/2014\/07\/oulu-on-merenrantakaupunki\/","url_meta":{"origin":34509,"position":2},"title":"Oulu on merenrantakaupunki","author":"Reija","date":"6.7.2014","format":false,"excerpt":"Miksi l\u00e4hte\u00e4 maailman \u00e4\u00e4riin, kun Oulukin on niin kaunis!? \u00a0Aamuisin varsinkin. Kes\u00e4aamuisin varsinkin. Tyynet, aurinkoiset kes\u00e4aamut! \u00a0\u2665 Lenkill\u00e4 Toppilansaaressa, M\u00f6lj\u00e4ll\u00e4, Nallikarissa. Eik\u00e4 sitten paljon muuta, miksi pit\u00e4isi? :) Klikkaamalla allaolevat kuvat suurenevat, jopa n\u00e4yt\u00f6n backgroundeiksi? Top 10 -viinilista ja kes\u00e4lukemistot pihalla \"puuhailuna\". Olen NIIIIN\u00a0lomalla! \u266a \u00a0\u266a \u266a \u00a0\u266b \u266a \u266b\u00a0","rel":"","context":"Kategoriassa &quot;Oulu&quot;","block_context":{"text":"Oulu","link":"https:\/\/www.satokangas.fi\/blogi\/category\/oulu\/"},"img":{"alt_text":"Nallikarissa-7","src":"https:\/\/i0.wp.com\/www.satokangas.fi\/blogi\/wp-content\/uploads\/2014\/07\/Nallikarissa-7-266x400.jpg?resize=350%2C200&ssl=1","width":350,"height":200},"classes":[]},{"id":31424,"url":"https:\/\/www.satokangas.fi\/blogi\/2017\/07\/biitsipaiva-onnen-paiva\/","url_meta":{"origin":34509,"position":3},"title":"Biitsip\u00e4iv\u00e4 &#8211; onnen p\u00e4iv\u00e4","author":"Reija","date":"26.7.2017","format":false,"excerpt":"On minulla varmasti ollut el\u00e4m\u00e4ss\u00e4ni onnellisempiakin p\u00e4ivi\u00e4. On varmasti. Liek\u00f6 niit\u00e4 kuitenkaan monia? T\u00e4n\u00e4\u00e4n oli Apsu-p\u00e4iv\u00e4. Kes\u00e4p\u00e4iv\u00e4. Aurinkop\u00e4iv\u00e4. Hellep\u00e4iv\u00e4. Onnen p\u00e4iv\u00e4. Good times. Hyv\u00e4 el\u00e4m\u00e4. Helppo p\u00e4iv\u00e4. Levollinen p\u00e4iv\u00e4, josta ei tekemist\u00e4 puuttunut.\u00a0Meill\u00e4 Pehtoorin kanssa p\u00e4iv\u00e4 pojanpojan kanssa. Ei ollut v\u00e4ltt\u00e4m\u00e4t\u00f6nt\u00e4 \"hoitopaikkatarvetta\", vaan min\u00e4 halusin viett\u00e4\u00e4 kes\u00e4p\u00e4iv\u00e4n Apsun kanssa, joten\u2026","rel":"","context":"Kategoriassa &quot;Isovanhemmuus&quot;","block_context":{"text":"Isovanhemmuus","link":"https:\/\/www.satokangas.fi\/blogi\/category\/isovanhemmuus\/"},"img":{"alt_text":"","src":"https:\/\/i0.wp.com\/www.satokangas.fi\/blogi\/wp-content\/uploads\/2017\/07\/Biitsip%C3%A4iv%C3%A4-1-530x400.jpg?resize=350%2C200&ssl=1","width":350,"height":200,"srcset":"https:\/\/i0.wp.com\/www.satokangas.fi\/blogi\/wp-content\/uploads\/2017\/07\/Biitsip%C3%A4iv%C3%A4-1-530x400.jpg?resize=350%2C200&ssl=1 1x, https:\/\/i0.wp.com\/www.satokangas.fi\/blogi\/wp-content\/uploads\/2017\/07\/Biitsip%C3%A4iv%C3%A4-1-530x400.jpg?resize=525%2C300&ssl=1 1.5x"},"classes":[]},{"id":24782,"url":"https:\/\/www.satokangas.fi\/blogi\/2015\/06\/joku-voisi-kutsua-tyopaivaksi\/","url_meta":{"origin":34509,"position":4},"title":"Joku voisi kutsua ty\u00f6p\u00e4iv\u00e4ksi &#8230;","author":"Reija","date":"14.6.2015","format":false,"excerpt":"... min\u00e4 en. Suven sunnuntai, aamu ihanan aurinkoinen. Pihalla ja puutarhassa tekemist\u00e4, sis\u00e4ll\u00e4 siistimist\u00e4, j\u00e4rjestely\u00e4 ja touhuamista. Ei ruoanlaittoa, eik\u00e4 virtuaali-viininmaistiaisen raportointia (teen sen huomenna), mutta l\u00e4hdin py\u00f6r\u00e4illen kohti Pikisaarta hyviss\u00e4 ajoin. Nallikarin kautta. .. Olin siell\u00e4 tovin. Auringosta, hiljaisuudesta, tyvenest\u00e4, kes\u00e4st\u00e4 kuitenkin, nauttien. Kaikki kuvat suurenevat klikkaamalla. Ja tietysti\u2026","rel":"","context":"Kategoriassa &quot;Oulu&quot;","block_context":{"text":"Oulu","link":"https:\/\/www.satokangas.fi\/blogi\/category\/oulu\/"},"img":{"alt_text":"Pikisaaressa-3","src":"https:\/\/i0.wp.com\/www.satokangas.fi\/blogi\/wp-content\/uploads\/2015\/06\/Pikisaaressa-3-600x400.jpg?resize=350%2C200&ssl=1","width":350,"height":200,"srcset":"https:\/\/i0.wp.com\/www.satokangas.fi\/blogi\/wp-content\/uploads\/2015\/06\/Pikisaaressa-3-600x400.jpg?resize=350%2C200&ssl=1 1x, https:\/\/i0.wp.com\/www.satokangas.fi\/blogi\/wp-content\/uploads\/2015\/06\/Pikisaaressa-3-600x400.jpg?resize=525%2C300&ssl=1 1.5x"},"classes":[]},{"id":18283,"url":"https:\/\/www.satokangas.fi\/blogi\/2013\/08\/merenrannassa-fiilistelemassa\/","url_meta":{"origin":34509,"position":5},"title":"Merenrannassa fiilistelem\u00e4ss\u00e4","author":"Reija","date":"3.8.2013","format":false,"excerpt":"Suurenmoista, lumoavaa, vaikuttavaa, henke\u00e4salpaavaa, erinomaisen kaunista, ainutlaatuista? Ei mit\u00e4\u00e4n noista, ja niit\u00e4 kaikkia. En l\u00f6yd\u00e4 sanaa sumuisen aamun tunnelmalle, sille kauniille maisemalle, joka Nallikarissa ja M\u00f6lj\u00e4ll\u00e4 kahdeksan tienoilla ja sen j\u00e4lkeen oli. Sumuinen aamu oli kaunis jo kotitakapihalla, ja sitten merenrannassa. Parituntinen siell\u00e4 vier\u00e4hti kun kerran oli aikaa. Kaikki kuvat\u2026","rel":"","context":"Kategoriassa &quot;Niit\u00e4 n\u00e4it\u00e4&quot;","block_context":{"text":"Niit\u00e4 n\u00e4it\u00e4","link":"https:\/\/www.satokangas.fi\/blogi\/category\/aiheeton\/"},"img":{"alt_text":"Nalskussa-2-2","src":"https:\/\/i0.wp.com\/www.satokangas.fi\/blogi\/wp-content\/uploads\/2013\/08\/Nalskussa-2-2-600x400.jpg?resize=350%2C200&ssl=1","width":350,"height":200,"srcset":"https:\/\/i0.wp.com\/www.satokangas.fi\/blogi\/wp-content\/uploads\/2013\/08\/Nalskussa-2-2-600x400.jpg?resize=350%2C200&ssl=1 1x, https:\/\/i0.wp.com\/www.satokangas.fi\/blogi\/wp-content\/uploads\/2013\/08\/Nalskussa-2-2-600x400.jpg?resize=525%2C300&ssl=1 1.5x"},"classes":[]}],"_links":{"self":[{"href":"https:\/\/www.satokangas.fi\/blogi\/wp-json\/wp\/v2\/posts\/34509","targetHints":{"allow":["GET"]}}],"collection":[{"href":"https:\/\/www.satokangas.fi\/blogi\/wp-json\/wp\/v2\/posts"}],"about":[{"href":"https:\/\/www.satokangas.fi\/blogi\/wp-json\/wp\/v2\/types\/post"}],"author":[{"embeddable":true,"href":"https:\/\/www.satokangas.fi\/blogi\/wp-json\/wp\/v2\/users\/1"}],"replies":[{"embeddable":true,"href":"https:\/\/www.satokangas.fi\/blogi\/wp-json\/wp\/v2\/comments?post=34509"}],"version-history":[{"count":0,"href":"https:\/\/www.satokangas.fi\/blogi\/wp-json\/wp\/v2\/posts\/34509\/revisions"}],"wp:attachment":[{"href":"https:\/\/www.satokangas.fi\/blogi\/wp-json\/wp\/v2\/media?parent=34509"}],"wp:term":[{"taxonomy":"category","embeddable":true,"href":"https:\/\/www.satokangas.fi\/blogi\/wp-json\/wp\/v2\/categories?post=34509"},{"taxonomy":"post_tag","embeddable":true,"href":"https:\/\/www.satokangas.fi\/blogi\/wp-json\/wp\/v2\/tags?post=34509"}],"curies":[{"name":"wp","href":"https:\/\/api.w.org\/{rel}","templated":true}]}}