{"id":34503,"date":"2018-08-02T21:14:00","date_gmt":"2018-08-02T18:14:00","guid":{"rendered":"https:\/\/www.satokangas.fi\/blogi\/?p=34503"},"modified":"2018-08-02T21:45:23","modified_gmt":"2018-08-02T18:45:23","slug":"kesalomapaiva","status":"publish","type":"post","link":"https:\/\/www.satokangas.fi\/blogi\/2018\/08\/kesalomapaiva\/","title":{"rendered":"Kes\u00e4lomap\u00e4iv\u00e4"},"content":{"rendered":"<p style=\"text-align: justify;\">T\u00e4n\u00e4\u00e4n aamulenkki \u00e4idin kanssa: neurologian polin piikkien j\u00e4lkeen ei mentyk\u00e4\u00e4n tavan mukaan sairaalan kanttiiniin vaan hurruuttelin kaupungille, ja jatketiin py\u00f6r\u00e4tuolilla Ainolan puistoon. Katsomaan ruusuja ja Kiikkuun kahville. Ei ollut aina palelevalla \u00e4idill\u00e4k\u00e4\u00e4n kylm\u00e4. Kes\u00e4lomap\u00e4iv\u00e4 oli h\u00e4nell\u00e4kin.<\/p>\n<p style=\"text-align: justify;\">Oulun uutta, rakenteilla olevaa kes\u00e4teatterirakennusta k\u00e4ytiin katsomassa ja ihailemassa puiston kunnostettuja puroja ja solisevia pikkukoskia. Ensi kes\u00e4n\u00e4 puisto on varmaan jo hyvin, hyvin kaunis, kun on kerran jo nytkin.<\/p>\n<p style=\"text-align: justify;\">Iltap\u00e4iv\u00e4ll\u00e4 minulla v\u00e4h\u00e4n \u201dverkkojen laskua\u201d muutamaan lehteen ja \u201dVastavaloa\u201d.<\/p>\n<p style=\"text-align: justify;\">Illansuussa meill\u00e4 oli sitten kutsu Herukkaan; Juniori on koko kes\u00e4n (ja viime kes\u00e4n) puhunut, ett\u00e4 h\u00e4n mielell\u00e4\u00e4n tarjoaisi py\u00f6r\u00e4ilij\u00f6ille samppanjakellaristaan jotain erikoista hyv\u00e4\u00e4&#8230; eip\u00e4 ole tullut l\u00e4hdetyksi. Mihin yksi isohko syy on ollut, ett\u00e4 poika on suunnilleen koko hein\u00e4kuun kaikki illat (pl. sunnuntait) ollut iltatuurissa t\u00f6iss\u00e4. Mutta t\u00e4n\u00e4\u00e4n oli vapaap\u00e4iv\u00e4, ja kun sisarensakin on taas ilonamme Oulussa, niin t\u00e4n\u00e4\u00e4n sitten. Sinne py\u00f6r\u00e4ilimme ja matkalta ostimme croissanteja, mansikoita ja karkkia viemiseksi.<\/p>\n<p style=\"text-align: justify;\">Pikkuperheen luonahan min\u00e4 en paljon k\u00e4y; eik\u00e4 k\u00e4ym\u00e4tt\u00f6myyteen ole muuta syyt\u00e4 kuin koirat. Ennen niit\u00e4 oli kolme, nyt vain kaksi, mutta niiss\u00e4kin on riitt\u00e4miin aiheuttamaan minulle kunnon allergiaoireet.<\/p>\n<p style=\"text-align: justify;\">Mutta t\u00e4m\u00e4 kes\u00e4! T\u00e4m\u00e4 kes\u00e4 mahdollistaa pihalla olemisen.<\/p>\n<p style=\"text-align: justify;\">Ja olipas meill\u00e4 mukava ilta. Ja kun Juniorin kaverikin liittyi seuraan, nautimme yhteens\u00e4 kaksikin pullollista samppanjaa.<\/p>\n<p><a href=\"https:\/\/www.satokangas.fi\/blogi\/2018\/08\/kesalomapaiva\/1-3-42\/#main\" rel=\"attachment wp-att-34506\"><img loading=\"lazy\" decoding=\"async\" data-attachment-id=\"34506\" data-permalink=\"https:\/\/www.satokangas.fi\/blogi\/2018\/08\/kesalomapaiva\/1-3-42\/\" data-orig-file=\"https:\/\/www.satokangas.fi\/blogi\/wp-content\/uploads\/2018\/08\/1-3.jpg\" data-orig-size=\"2048,1356\" data-comments-opened=\"1\" data-image-meta=\"{&quot;aperture&quot;:&quot;3.5&quot;,&quot;credit&quot;:&quot;Reija Satokangas&quot;,&quot;camera&quot;:&quot;Canon EOS 5D Mark IV&quot;,&quot;caption&quot;:&quot;&quot;,&quot;created_timestamp&quot;:&quot;1533233682&quot;,&quot;copyright&quot;:&quot;Reija Satokangas&quot;,&quot;focal_length&quot;:&quot;50&quot;,&quot;iso&quot;:&quot;100&quot;,&quot;shutter_speed&quot;:&quot;0.000625&quot;,&quot;title&quot;:&quot;&quot;,&quot;orientation&quot;:&quot;0&quot;}\" data-image-title=\"1-3\" data-image-description=\"\" data-image-caption=\"\" data-large-file=\"https:\/\/www.satokangas.fi\/blogi\/wp-content\/uploads\/2018\/08\/1-3-1547x1024.jpg\" class=\"aligncenter wp-image-34506\" src=\"https:\/\/www.satokangas.fi\/blogi\/wp-content\/uploads\/2018\/08\/1-3-1547x1024.jpg\" alt=\"\" width=\"1000\" height=\"662\" srcset=\"https:\/\/www.satokangas.fi\/blogi\/wp-content\/uploads\/2018\/08\/1-3-1547x1024.jpg 1547w, https:\/\/www.satokangas.fi\/blogi\/wp-content\/uploads\/2018\/08\/1-3-300x199.jpg 300w, https:\/\/www.satokangas.fi\/blogi\/wp-content\/uploads\/2018\/08\/1-3-604x400.jpg 604w, https:\/\/www.satokangas.fi\/blogi\/wp-content\/uploads\/2018\/08\/1-3-768x509.jpg 768w, https:\/\/www.satokangas.fi\/blogi\/wp-content\/uploads\/2018\/08\/1-3.jpg 2048w\" sizes=\"auto, (max-width: 1000px) 100vw, 1000px\" \/><\/a><\/p>\n<p style=\"text-align: justify;\">Vaikea sanoa, kumpi oli parempi, mutta parasta oli kun Apsu p\u00e4\u00e4si el\u00e4m\u00e4ns\u00e4 ensimm\u00e4ist\u00e4 kertaa j\u00e4\u00e4tel\u00f6autolle!! Koko auto t\u00e4ynn\u00e4 &#8221;j\u00e4kki\u00e4&#8221;! Voi sit\u00e4 ihmetyksen ja riemun m\u00e4\u00e4r\u00e4\u00e4!<\/p>\n<p style=\"text-align: justify;\"><a href=\"https:\/\/www.satokangas.fi\/blogi\/2018\/08\/kesalomapaiva\/f2de4d32-de25-4dcc-9ca5-cdad32cccb91\/#main\" rel=\"attachment wp-att-34504\"><img loading=\"lazy\" decoding=\"async\" data-attachment-id=\"34504\" data-permalink=\"https:\/\/www.satokangas.fi\/blogi\/2018\/08\/kesalomapaiva\/f2de4d32-de25-4dcc-9ca5-cdad32cccb91\/\" data-orig-file=\"https:\/\/www.satokangas.fi\/blogi\/wp-content\/uploads\/2018\/08\/f2de4d32-de25-4dcc-9ca5-cdad32cccb91.jpg\" data-orig-size=\"1600,1200\" data-comments-opened=\"1\" data-image-meta=\"{&quot;aperture&quot;:&quot;0&quot;,&quot;credit&quot;:&quot;&quot;,&quot;camera&quot;:&quot;&quot;,&quot;caption&quot;:&quot;&quot;,&quot;created_timestamp&quot;:&quot;0&quot;,&quot;copyright&quot;:&quot;&quot;,&quot;focal_length&quot;:&quot;0&quot;,&quot;iso&quot;:&quot;0&quot;,&quot;shutter_speed&quot;:&quot;0&quot;,&quot;title&quot;:&quot;&quot;,&quot;orientation&quot;:&quot;0&quot;}\" data-image-title=\"f2de4d32-de25-4dcc-9ca5-cdad32cccb91\" data-image-description=\"\" data-image-caption=\"\" data-large-file=\"https:\/\/www.satokangas.fi\/blogi\/wp-content\/uploads\/2018\/08\/f2de4d32-de25-4dcc-9ca5-cdad32cccb91-1365x1024.jpg\" class=\"aligncenter wp-image-34504 size-medium\" src=\"https:\/\/www.satokangas.fi\/blogi\/wp-content\/uploads\/2018\/08\/f2de4d32-de25-4dcc-9ca5-cdad32cccb91-533x400.jpg\" alt=\"\" width=\"533\" height=\"400\" srcset=\"https:\/\/www.satokangas.fi\/blogi\/wp-content\/uploads\/2018\/08\/f2de4d32-de25-4dcc-9ca5-cdad32cccb91-533x400.jpg 533w, https:\/\/www.satokangas.fi\/blogi\/wp-content\/uploads\/2018\/08\/f2de4d32-de25-4dcc-9ca5-cdad32cccb91-300x225.jpg 300w, https:\/\/www.satokangas.fi\/blogi\/wp-content\/uploads\/2018\/08\/f2de4d32-de25-4dcc-9ca5-cdad32cccb91-768x576.jpg 768w, https:\/\/www.satokangas.fi\/blogi\/wp-content\/uploads\/2018\/08\/f2de4d32-de25-4dcc-9ca5-cdad32cccb91-1365x1024.jpg 1365w, https:\/\/www.satokangas.fi\/blogi\/wp-content\/uploads\/2018\/08\/f2de4d32-de25-4dcc-9ca5-cdad32cccb91.jpg 1600w\" sizes=\"auto, (max-width: 533px) 100vw, 533px\" \/><\/a><\/p>\n<p style=\"text-align: justify;\"><a href=\"https:\/\/www.satokangas.fi\/blogi\/2018\/08\/kesalomapaiva\/whatsapp-image-2018-08-02-at-20-24-04\/#main\" rel=\"attachment wp-att-34505\"><img loading=\"lazy\" decoding=\"async\" data-attachment-id=\"34505\" data-permalink=\"https:\/\/www.satokangas.fi\/blogi\/2018\/08\/kesalomapaiva\/whatsapp-image-2018-08-02-at-20-24-04\/\" data-orig-file=\"https:\/\/www.satokangas.fi\/blogi\/wp-content\/uploads\/2018\/08\/WhatsApp-Image-2018-08-02-at-20.24.04.jpeg\" data-orig-size=\"1200,1600\" data-comments-opened=\"1\" data-image-meta=\"{&quot;aperture&quot;:&quot;0&quot;,&quot;credit&quot;:&quot;&quot;,&quot;camera&quot;:&quot;&quot;,&quot;caption&quot;:&quot;&quot;,&quot;created_timestamp&quot;:&quot;0&quot;,&quot;copyright&quot;:&quot;&quot;,&quot;focal_length&quot;:&quot;0&quot;,&quot;iso&quot;:&quot;0&quot;,&quot;shutter_speed&quot;:&quot;0&quot;,&quot;title&quot;:&quot;&quot;,&quot;orientation&quot;:&quot;0&quot;}\" data-image-title=\"WhatsApp Image 2018-08-02 at 20.24.04\" data-image-description=\"\" data-image-caption=\"\" data-large-file=\"https:\/\/www.satokangas.fi\/blogi\/wp-content\/uploads\/2018\/08\/WhatsApp-Image-2018-08-02-at-20.24.04-768x1024.jpeg\" class=\"aligncenter wp-image-34505\" src=\"https:\/\/www.satokangas.fi\/blogi\/wp-content\/uploads\/2018\/08\/WhatsApp-Image-2018-08-02-at-20.24.04.jpeg\" alt=\"\" width=\"850\" height=\"1133\" srcset=\"https:\/\/www.satokangas.fi\/blogi\/wp-content\/uploads\/2018\/08\/WhatsApp-Image-2018-08-02-at-20.24.04.jpeg 1200w, https:\/\/www.satokangas.fi\/blogi\/wp-content\/uploads\/2018\/08\/WhatsApp-Image-2018-08-02-at-20.24.04-225x300.jpeg 225w, https:\/\/www.satokangas.fi\/blogi\/wp-content\/uploads\/2018\/08\/WhatsApp-Image-2018-08-02-at-20.24.04-300x400.jpeg 300w, https:\/\/www.satokangas.fi\/blogi\/wp-content\/uploads\/2018\/08\/WhatsApp-Image-2018-08-02-at-20.24.04-768x1024.jpeg 768w\" sizes=\"auto, (max-width: 850px) 100vw, 850px\" \/><\/a><\/p>\n<p style=\"text-align: justify;\">Kummasti t\u00e4n\u00e4\u00e4n on tuntunut omalta Lidlin mainos: &#8221;El\u00e4 kuin viimeist\u00e4 KES\u00c4p\u00e4iv\u00e4\u00e4&#8221;! Ihana p\u00e4iv\u00e4<\/p>\n","protected":false},"excerpt":{"rendered":"<p>T\u00e4n\u00e4\u00e4n aamulenkki \u00e4idin kanssa: neurologian polin piikkien j\u00e4lkeen ei mentyk\u00e4\u00e4n tavan mukaan sairaalan kanttiiniin vaan hurruuttelin kaupungille, ja jatketiin py\u00f6r\u00e4tuolilla Ainolan puistoon. Katsomaan ruusuja ja Kiikkuun kahville. Ei ollut aina palelevalla \u00e4idill\u00e4k\u00e4\u00e4n kylm\u00e4. Kes\u00e4lomap\u00e4iv\u00e4 oli h\u00e4nell\u00e4kin. Oulun uutta, rakenteilla olevaa kes\u00e4teatterirakennusta k\u00e4ytiin katsomassa ja ihailemassa puiston kunnostettuja puroja ja solisevia pikkukoskia. Ensi kes\u00e4n\u00e4 puisto on varmaan jo hyvin, hyvin kaunis, &hellip; <\/p>\n","protected":false},"author":1,"featured_media":0,"comment_status":"open","ping_status":"open","sticky":false,"template":"","format":"standard","meta":{"jetpack_post_was_ever_published":false,"_jetpack_newsletter_access":"","_jetpack_dont_email_post_to_subs":false,"_jetpack_newsletter_tier_id":0,"_jetpack_memberships_contains_paywalled_content":false,"_jetpack_memberships_contains_paid_content":false,"footnotes":"","jetpack_publicize_message":"","jetpack_publicize_feature_enabled":true,"jetpack_social_post_already_shared":true,"jetpack_social_options":{"image_generator_settings":{"template":"highway","default_image_id":0,"font":"","enabled":false},"version":2}},"categories":[75,1,22],"tags":[],"class_list":["post-34503","post","type-post","status-publish","format-standard","hentry","category-isovanhemmuus","category-aiheeton","category-vanhemmuus","latest_post"],"jetpack_publicize_connections":[],"jetpack_featured_media_url":"","jetpack_shortlink":"https:\/\/wp.me\/pr4p4-8Yv","jetpack_sharing_enabled":true,"jetpack_likes_enabled":false,"jetpack-related-posts":[{"id":46062,"url":"https:\/\/www.satokangas.fi\/blogi\/2023\/06\/muksujen-kesalomapaiva-kaupungissa\/","url_meta":{"origin":34503,"position":0},"title":"Muksujen kes\u00e4lomap\u00e4iv\u00e4 kaupungissa","author":"Reija","date":"15.6.2023","format":false,"excerpt":"Nyt on pikkuisen kaksijakoinen tilanne: toisaalta tekisi mieleni kirjoittaa koko p\u00e4iv\u00e4 auki, hetki hetkelt\u00e4 tallentaa t\u00e4h\u00e4n kaikki, mutta toisaalta en haluaisi avata mit\u00e4\u00e4n - tuntuu, ett\u00e4 sen my\u00f6t\u00e4 kaikki latistuisi kuitenkn. Tekisi mieli olla ihan vain muistoiksi muodostaa p\u00e4iv\u00e4n kulkua, omassa mieless\u00e4ni mietti\u00e4, hymyill\u00e4 hiljaa, koettaa painaa kaikki mieleen, jotta\u2026","rel":"","context":"Kategoriassa &quot;Isovanhemmuus&quot;","block_context":{"text":"Isovanhemmuus","link":"https:\/\/www.satokangas.fi\/blogi\/category\/isovanhemmuus\/"},"img":{"alt_text":"","src":"https:\/\/i0.wp.com\/www.satokangas.fi\/blogi\/wp-content\/uploads\/2023\/06\/kesapaiva_-15.jpg?resize=350%2C200&ssl=1","width":350,"height":200,"srcset":"https:\/\/i0.wp.com\/www.satokangas.fi\/blogi\/wp-content\/uploads\/2023\/06\/kesapaiva_-15.jpg?resize=350%2C200&ssl=1 1x, https:\/\/i0.wp.com\/www.satokangas.fi\/blogi\/wp-content\/uploads\/2023\/06\/kesapaiva_-15.jpg?resize=525%2C300&ssl=1 1.5x, https:\/\/i0.wp.com\/www.satokangas.fi\/blogi\/wp-content\/uploads\/2023\/06\/kesapaiva_-15.jpg?resize=700%2C400&ssl=1 2x"},"classes":[]},{"id":43408,"url":"https:\/\/www.satokangas.fi\/blogi\/2022\/07\/kotimaanantai\/","url_meta":{"origin":34503,"position":1},"title":"Kotimaanantai","author":"Reija","date":"18.7.2022","format":false,"excerpt":"Onko mit\u00e4\u00e4n mainitsemisen arvoista t\u00e4lle p\u00e4iv\u00e4lle? Pehtoori on pessyt ikkunat. Min\u00e4kin olen touhunnut jotain kodin viihtyvyyden (lue: siisteyden) lis\u00e4\u00e4miseksi. Olen tehnyt kaksi taulua. Valokuvista metallitauluiksi. Lahjoiksi nuo. Oravat ovat (edelleen) l\u00e4sn\u00e4 el\u00e4m\u00e4ss\u00e4mme! Argh! Ei yht\u00e4k\u00e4\u00e4n kilometri\u00e4 py\u00f6r\u00e4ily\u00e4. Tein oikein hyvi\u00e4 juuresr\u00f6stilettuja meille ruoaksi. Kaupassa on nyt niiiin paljon kaikkea hyv\u00e4\u00e4\u2026","rel":"","context":"Kategoriassa &quot;Niit\u00e4 n\u00e4it\u00e4&quot;","block_context":{"text":"Niit\u00e4 n\u00e4it\u00e4","link":"https:\/\/www.satokangas.fi\/blogi\/category\/aiheeton\/"},"img":{"alt_text":"","src":"","width":0,"height":0},"classes":[]},{"id":21695,"url":"https:\/\/www.satokangas.fi\/blogi\/2014\/07\/juhlahetkia-loman-keskella\/","url_meta":{"origin":34503,"position":2},"title":"Juhlahetki\u00e4 loman keskell\u00e4","author":"Reija","date":"9.7.2014","format":false,"excerpt":"Mit\u00e4 t\u00e4n\u00e4\u00e4n? Ihan hurjan aikaisin yl\u00f6s. Touhuamista. Liikkumista. K\u00e4vellen kaupungille. Iltap\u00e4iv\u00e4ll\u00e4 Laanilan historia -palaveria, aurinkoa, h\u00f6mpp\u00e4lukemista. Ja illansuussa uudelleen kaupunkiin, Pehtoorin kanssa, - nyt py\u00f6rill\u00e4. Ensin ajateltiin polkevamme Nallikariin simpukoille, mutta sitten: n\u00e4it\u00e4 helteisi\u00e4 kes\u00e4lomap\u00e4ivi\u00e4 on niiiiiin v\u00e4h\u00e4n, joten nyt tehd\u00e4\u00e4nkin ruoasta juhla. Siis vuorossa t\u00e4m\u00e4n kes\u00e4n Ule\u00e5borg. Luulen, ett\u00e4\u2026","rel":"","context":"Kategoriassa &quot;Oulu&quot;","block_context":{"text":"Oulu","link":"https:\/\/www.satokangas.fi\/blogi\/category\/oulu\/"},"img":{"alt_text":"ulkona-4","src":"https:\/\/i0.wp.com\/www.satokangas.fi\/blogi\/wp-content\/uploads\/2014\/07\/ulkona-4-297x400.jpg?resize=350%2C200&ssl=1","width":350,"height":200},"classes":[]},{"id":31282,"url":"https:\/\/www.satokangas.fi\/blogi\/2017\/07\/oulun-kahviloissa-ja-puistossa\/","url_meta":{"origin":34503,"position":3},"title":"Oulun kahviloissa &#8211; ja puistossa","author":"Reija","date":"11.7.2017","format":false,"excerpt":"Kotiseututuristeilu senkun jatkuu ... Eilen olimme \u00e4idin kanssa aamup\u00e4iv\u00e4n poliklinikkareissun j\u00e4lkeen keskikaupungilla lounaskahvilla. L\u00e4mm\u00f6n ja kes\u00e4n my\u00f6t\u00e4 sain \u00e4idin houkuteltua Otto Karhin puiston (lue: Letkun puiston) Makiaan. Miksik\u00f6 puistoa kutsutaan (edelleen) Letkun puistoksi? Puiston reunalla oli Oulun ensimm\u00e4inen palokuntatalo, ja kuten palokuntataloissa ruukaa olla, oli t\u00e4ss\u00e4kin torni, johon vesi\/sammutusletkut vedettiin\u2026","rel":"","context":"Kategoriassa &quot;Historiaa&quot;","block_context":{"text":"Historiaa","link":"https:\/\/www.satokangas.fi\/blogi\/category\/historiaa\/"},"img":{"alt_text":"","src":"https:\/\/i0.wp.com\/www.satokangas.fi\/blogi\/wp-content\/uploads\/2017\/07\/Puhalluskukkapoika-e1499796411480.jpg?resize=350%2C200&ssl=1","width":350,"height":200,"srcset":"https:\/\/i0.wp.com\/www.satokangas.fi\/blogi\/wp-content\/uploads\/2017\/07\/Puhalluskukkapoika-e1499796411480.jpg?resize=350%2C200&ssl=1 1x, https:\/\/i0.wp.com\/www.satokangas.fi\/blogi\/wp-content\/uploads\/2017\/07\/Puhalluskukkapoika-e1499796411480.jpg?resize=525%2C300&ssl=1 1.5x, https:\/\/i0.wp.com\/www.satokangas.fi\/blogi\/wp-content\/uploads\/2017\/07\/Puhalluskukkapoika-e1499796411480.jpg?resize=700%2C400&ssl=1 2x"},"classes":[]},{"id":36639,"url":"https:\/\/www.satokangas.fi\/blogi\/2019\/06\/onnen-paiva-2\/","url_meta":{"origin":34503,"position":4},"title":"Onnen p\u00e4iv\u00e4","author":"Reija","date":"14.6.2019","format":false,"excerpt":"Aamuyhdeks\u00e4n j\u00e4lkeen... - Mummiiiii! Oon ihan kohta valmis. Menn\u00e4\u00e4nk\u00f6? - Menn\u00e4\u00e4n. Kolmen minuutin kuluttua autossa: \"Mummi, miss\u00e4 se Liikennepuisto on? Onko viel\u00e4 kauan? - Ai, ei. Menn\u00e4\u00e4nk\u00f6 t\u00e4st\u00e4 suoraan vai mummipapan ohi? Olemme aamup\u00e4iv\u00e4n, reilusti enemm\u00e4n kuin kaksi tuntia Oulun Liikennepuistossa. T\u00e4t\u00e4 on odotettu koko pitk\u00e4 talvi, ja t\u00e4n\u00e4\u00e4n sitten\u2026","rel":"","context":"Kategoriassa &quot;Isovanhemmuus&quot;","block_context":{"text":"Isovanhemmuus","link":"https:\/\/www.satokangas.fi\/blogi\/category\/isovanhemmuus\/"},"img":{"alt_text":"","src":"https:\/\/i0.wp.com\/www.satokangas.fi\/blogi\/wp-content\/uploads\/2019\/06\/makkarilla.jpg?resize=350%2C200&ssl=1","width":350,"height":200,"srcset":"https:\/\/i0.wp.com\/www.satokangas.fi\/blogi\/wp-content\/uploads\/2019\/06\/makkarilla.jpg?resize=350%2C200&ssl=1 1x, https:\/\/i0.wp.com\/www.satokangas.fi\/blogi\/wp-content\/uploads\/2019\/06\/makkarilla.jpg?resize=525%2C300&ssl=1 1.5x, https:\/\/i0.wp.com\/www.satokangas.fi\/blogi\/wp-content\/uploads\/2019\/06\/makkarilla.jpg?resize=700%2C400&ssl=1 2x"},"classes":[]},{"id":36635,"url":"https:\/\/www.satokangas.fi\/blogi\/2019\/06\/junan-perassa-ja-puistossa\/","url_meta":{"origin":34503,"position":5},"title":"Junan per\u00e4ss\u00e4 ja puistossa","author":"Reija","date":"13.6.2019","format":false,"excerpt":"Sellainen suhaamisp\u00e4iv\u00e4. Paikasta toiseen, ja pari kertaa v\u00e4\u00e4r\u00e4ss\u00e4 paikassa v\u00e4\u00e4r\u00e4\u00e4n aikaan, ja kuten tavallista, jokaiseen pieneenkin l\u00e4ht\u00f6\u00f6n liittyi, ett\u00e4 ensin oli k\u00e4ytett\u00e4v\u00e4 kohtuullinen tovi jonkin kadoksissa olevan asian etsimiseen. Milloin hukassa oli py\u00f6r\u00e4navain, milloin hanskat, milloin muistikortti, milloin \u00e4idin sanelema kauppalappu (\u00c4: Mik\u00e4 kauppa nyky\u00e4\u00e4n myy Revlonin tuotteita? M: Hmm---\u2026","rel":"","context":"Kategoriassa &quot;Historiaa&quot;","block_context":{"text":"Historiaa","link":"https:\/\/www.satokangas.fi\/blogi\/category\/historiaa\/"},"img":{"alt_text":"","src":"https:\/\/i0.wp.com\/www.satokangas.fi\/blogi\/wp-content\/uploads\/2019\/06\/alppiruusu-2.jpg?resize=350%2C200&ssl=1","width":350,"height":200,"srcset":"https:\/\/i0.wp.com\/www.satokangas.fi\/blogi\/wp-content\/uploads\/2019\/06\/alppiruusu-2.jpg?resize=350%2C200&ssl=1 1x, https:\/\/i0.wp.com\/www.satokangas.fi\/blogi\/wp-content\/uploads\/2019\/06\/alppiruusu-2.jpg?resize=525%2C300&ssl=1 1.5x"},"classes":[]}],"_links":{"self":[{"href":"https:\/\/www.satokangas.fi\/blogi\/wp-json\/wp\/v2\/posts\/34503","targetHints":{"allow":["GET"]}}],"collection":[{"href":"https:\/\/www.satokangas.fi\/blogi\/wp-json\/wp\/v2\/posts"}],"about":[{"href":"https:\/\/www.satokangas.fi\/blogi\/wp-json\/wp\/v2\/types\/post"}],"author":[{"embeddable":true,"href":"https:\/\/www.satokangas.fi\/blogi\/wp-json\/wp\/v2\/users\/1"}],"replies":[{"embeddable":true,"href":"https:\/\/www.satokangas.fi\/blogi\/wp-json\/wp\/v2\/comments?post=34503"}],"version-history":[{"count":0,"href":"https:\/\/www.satokangas.fi\/blogi\/wp-json\/wp\/v2\/posts\/34503\/revisions"}],"wp:attachment":[{"href":"https:\/\/www.satokangas.fi\/blogi\/wp-json\/wp\/v2\/media?parent=34503"}],"wp:term":[{"taxonomy":"category","embeddable":true,"href":"https:\/\/www.satokangas.fi\/blogi\/wp-json\/wp\/v2\/categories?post=34503"},{"taxonomy":"post_tag","embeddable":true,"href":"https:\/\/www.satokangas.fi\/blogi\/wp-json\/wp\/v2\/tags?post=34503"}],"curies":[{"name":"wp","href":"https:\/\/api.w.org\/{rel}","templated":true}]}}