{"id":34488,"date":"2018-07-31T21:09:18","date_gmt":"2018-07-31T18:09:18","guid":{"rendered":"https:\/\/www.satokangas.fi\/blogi\/?p=34488"},"modified":"2018-07-31T22:20:39","modified_gmt":"2018-07-31T19:20:39","slug":"ulkosalla-auringon-alla","status":"publish","type":"post","link":"https:\/\/www.satokangas.fi\/blogi\/2018\/07\/ulkosalla-auringon-alla\/","title":{"rendered":"Ulkosalla, auringon alla"},"content":{"rendered":"<p style=\"text-align: justify;\">Nyt on kyll\u00e4 pitk\u00e4st\u00e4 aikaa jo huono omatunto tekem\u00e4tt\u00f6mist\u00e4 &#8221;t\u00f6ist\u00e4&#8221;, hoidettavista asioista.<\/p>\n<p style=\"text-align: justify;\">Eilisen, Oulun s\u00e4\u00e4historian kautta aikojen helteisimm\u00e4n p\u00e4iv\u00e4n, j\u00e4lkeen ei ole tuntunut yht\u00e4\u00e4n v\u00e4hemm\u00e4n helteiselt\u00e4, mik\u00e4 on merkinnyt, ett\u00e4 olen ollut koko p\u00e4iv\u00e4n, piazzalle paistavaan viimeiseen auringons\u00e4teeseen asti, ulkona.<\/p>\n<p style=\"text-align: justify;\">Aamup\u00e4iv\u00e4ll\u00e4 perustin pihalle &#8221;kuvausstudion&#8221;. Tein ja kuvailin kaikenmoisia juomia. Pelkki\u00e4 alkoholittomia t\u00e4ll\u00e4 kertaa, tarkoituksena latailla niit\u00e4 Vastavaloon myyntiin. J\u00e4\u00e4kahvia, makuvesi\u00e4, limpparidrinksuja, tuoremehuja ja smoothieita.<\/p>\n<p style=\"text-align: justify;\"><a href=\"https:\/\/www.satokangas.fi\/blogi\/2018\/07\/ulkosalla-auringon-alla\/drinksu\/#main\" rel=\"attachment wp-att-34489\"><img loading=\"lazy\" decoding=\"async\" data-attachment-id=\"34489\" data-permalink=\"https:\/\/www.satokangas.fi\/blogi\/2018\/07\/ulkosalla-auringon-alla\/drinksu\/\" data-orig-file=\"https:\/\/www.satokangas.fi\/blogi\/wp-content\/uploads\/2018\/07\/drinksu.jpg\" data-orig-size=\"993,1000\" data-comments-opened=\"1\" data-image-meta=\"{&quot;aperture&quot;:&quot;8&quot;,&quot;credit&quot;:&quot;Reija Satokangas&quot;,&quot;camera&quot;:&quot;Canon EOS 5D Mark IV&quot;,&quot;caption&quot;:&quot;&quot;,&quot;created_timestamp&quot;:&quot;1533034705&quot;,&quot;copyright&quot;:&quot;Reija Satokangas&quot;,&quot;focal_length&quot;:&quot;100&quot;,&quot;iso&quot;:&quot;100&quot;,&quot;shutter_speed&quot;:&quot;0.005&quot;,&quot;title&quot;:&quot;&quot;,&quot;orientation&quot;:&quot;0&quot;}\" data-image-title=\"drinksu\" data-image-description=\"\" data-image-caption=\"\" data-large-file=\"https:\/\/www.satokangas.fi\/blogi\/wp-content\/uploads\/2018\/07\/drinksu.jpg\" class=\"aligncenter size-full wp-image-34489\" src=\"https:\/\/www.satokangas.fi\/blogi\/wp-content\/uploads\/2018\/07\/drinksu.jpg\" alt=\"\" width=\"993\" height=\"1000\" srcset=\"https:\/\/www.satokangas.fi\/blogi\/wp-content\/uploads\/2018\/07\/drinksu.jpg 993w, https:\/\/www.satokangas.fi\/blogi\/wp-content\/uploads\/2018\/07\/drinksu-298x300.jpg 298w, https:\/\/www.satokangas.fi\/blogi\/wp-content\/uploads\/2018\/07\/drinksu-397x400.jpg 397w, https:\/\/www.satokangas.fi\/blogi\/wp-content\/uploads\/2018\/07\/drinksu-768x773.jpg 768w\" sizes=\"auto, (max-width: 993px) 100vw, 993px\" \/><\/a><\/p>\n<p style=\"text-align: justify;\">Iltap\u00e4iv\u00e4ll\u00e4 sitten olin taas kajakilla liikkeell\u00e4. Ja nuoret l\u00e4htiv\u00e4t kokeilemaan suppailua. Pappa ja Apsu k\u00e4viv\u00e4t sill\u00e4 aikaa &#8221;miehiss\u00e4&#8221; j\u00e4tskill\u00e4. Pikkuisen poika j\u00e4i Kiikelin rantaan ep\u00e4illen katselemaan kun is\u00e4 ja \u00e4iti l\u00e4htiv\u00e4t merelle pienen laudan p\u00e4\u00e4ll\u00e4 polvillaan meloen. Ja kun palattiin tunnin reissun j\u00e4lkeen takaisin rantaan, poika huuteli: &#8221;pumplahtiko isi?&#8221; &#8221;Pumplahtiko mummi?&#8221; ja n\u00e4ill\u00e4 huudoillaan sai monet rannalla kulkevat hymyilem\u00e4\u00e4n&#8230; Vesiurheilun j\u00e4lkeen sitten meille sy\u00f6m\u00e4\u00e4n koko poppoo, ja Apsu sai eka kertaa juoksennella sadettajan alla!<\/p>\n<p style=\"text-align: justify;\"><a href=\"https:\/\/www.satokangas.fi\/blogi\/2018\/07\/ulkosalla-auringon-alla\/1-30-4\/#main\" rel=\"attachment wp-att-34490\"><img loading=\"lazy\" decoding=\"async\" data-attachment-id=\"34490\" data-permalink=\"https:\/\/www.satokangas.fi\/blogi\/2018\/07\/ulkosalla-auringon-alla\/1-30-4\/\" data-orig-file=\"https:\/\/www.satokangas.fi\/blogi\/wp-content\/uploads\/2018\/07\/1-30.jpg\" data-orig-size=\"1000,684\" data-comments-opened=\"1\" data-image-meta=\"{&quot;aperture&quot;:&quot;6.3&quot;,&quot;credit&quot;:&quot;&quot;,&quot;camera&quot;:&quot;Canon EOS 6D&quot;,&quot;caption&quot;:&quot;&quot;,&quot;created_timestamp&quot;:&quot;1533049962&quot;,&quot;copyright&quot;:&quot;Reija Satokangas&quot;,&quot;focal_length&quot;:&quot;50&quot;,&quot;iso&quot;:&quot;320&quot;,&quot;shutter_speed&quot;:&quot;0.0005&quot;,&quot;title&quot;:&quot;&quot;,&quot;orientation&quot;:&quot;0&quot;}\" data-image-title=\"1-30\" data-image-description=\"\" data-image-caption=\"\" data-large-file=\"https:\/\/www.satokangas.fi\/blogi\/wp-content\/uploads\/2018\/07\/1-30.jpg\" class=\"aligncenter size-full wp-image-34490\" src=\"https:\/\/www.satokangas.fi\/blogi\/wp-content\/uploads\/2018\/07\/1-30.jpg\" alt=\"\" width=\"1000\" height=\"684\" srcset=\"https:\/\/www.satokangas.fi\/blogi\/wp-content\/uploads\/2018\/07\/1-30.jpg 1000w, https:\/\/www.satokangas.fi\/blogi\/wp-content\/uploads\/2018\/07\/1-30-300x205.jpg 300w, https:\/\/www.satokangas.fi\/blogi\/wp-content\/uploads\/2018\/07\/1-30-585x400.jpg 585w, https:\/\/www.satokangas.fi\/blogi\/wp-content\/uploads\/2018\/07\/1-30-768x525.jpg 768w\" sizes=\"auto, (max-width: 1000px) 100vw, 1000px\" \/><\/a><\/p>\n<p style=\"text-align: justify;\">Jos ja kun huomenna on v\u00e4hemm\u00e4n aurinkoinen ja l\u00e4mmin p\u00e4iv\u00e4, kuten Tuulestatemmatun eiliseen kyselyyn vastanneista selv\u00e4sti enemmist\u00f6 n\u00e4ytt\u00e4\u00e4 toivovan :D, niin min\u00e4 ryhdist\u00e4ydyn ja postaan t\u00e4nnekin v\u00e4h\u00e4n enemm\u00e4n &#8221;asiaa&#8221;. \ud83d\ude09<\/p>\n","protected":false},"excerpt":{"rendered":"<p>Nyt on kyll\u00e4 pitk\u00e4st\u00e4 aikaa jo huono omatunto tekem\u00e4tt\u00f6mist\u00e4 &#8221;t\u00f6ist\u00e4&#8221;, hoidettavista asioista. Eilisen, Oulun s\u00e4\u00e4historian kautta aikojen helteisimm\u00e4n p\u00e4iv\u00e4n, j\u00e4lkeen ei ole tuntunut yht\u00e4\u00e4n v\u00e4hemm\u00e4n helteiselt\u00e4, mik\u00e4 on merkinnyt, ett\u00e4 olen ollut koko p\u00e4iv\u00e4n, piazzalle paistavaan viimeiseen auringons\u00e4teeseen asti, ulkona. Aamup\u00e4iv\u00e4ll\u00e4 perustin pihalle &#8221;kuvausstudion&#8221;. Tein ja kuvailin kaikenmoisia juomia. Pelkki\u00e4 alkoholittomia t\u00e4ll\u00e4 kertaa, tarkoituksena latailla niit\u00e4 Vastavaloon myyntiin. J\u00e4\u00e4kahvia, makuvesi\u00e4, &hellip; <\/p>\n","protected":false},"author":1,"featured_media":0,"comment_status":"open","ping_status":"open","sticky":false,"template":"","format":"standard","meta":{"jetpack_post_was_ever_published":false,"_jetpack_newsletter_access":"","_jetpack_dont_email_post_to_subs":false,"_jetpack_newsletter_tier_id":0,"_jetpack_memberships_contains_paywalled_content":false,"_jetpack_memberships_contains_paid_content":false,"footnotes":"","jetpack_publicize_message":"","jetpack_publicize_feature_enabled":true,"jetpack_social_post_already_shared":true,"jetpack_social_options":{"image_generator_settings":{"template":"highway","default_image_id":0,"font":"","enabled":false},"version":2}},"categories":[12],"tags":[],"class_list":["post-34488","post","type-post","status-publish","format-standard","hentry","category-bloggailu","latest_post"],"jetpack_publicize_connections":[],"jetpack_featured_media_url":"","jetpack_shortlink":"https:\/\/wp.me\/pr4p4-8Yg","jetpack_sharing_enabled":true,"jetpack_likes_enabled":false,"jetpack-related-posts":[{"id":17539,"url":"https:\/\/www.satokangas.fi\/blogi\/2013\/05\/helteisia-mietteita\/","url_meta":{"origin":34488,"position":0},"title":"Helteisi\u00e4 mietteit\u00e4","author":"Reija","date":"29.5.2013","format":false,"excerpt":"Eilisi\u00e4 r\u00e4\u00e4ppi\u00e4isi\u00e4 oli viel\u00e4, kun pidettiin \u00e4sken pieni Laanilan historia -projektin p\u00e4ivityspalaveri. Toscanalainen sitruunapiirakka, jonka p\u00e4\u00e4lle tursottelin vatkattua suklaakermaa... [ohje] Hellerajan rikkoutuminen (+ 27 C) aiheutti Linnanmaalla tolkuttoman hikisen ty\u00f6p\u00e4iv\u00e4n, kuin olisi oikeasti ollut duunari. Hiki ei tullut huhkimisesta, ei en\u00e4\u00e4 ole niin tuhottomasti tekemist\u00e4, p\u00e4invastoin kaikenmoista pient\u00e4 ja \"h\u00e4nti\u00e4\"\u2026","rel":"","context":"Kategoriassa &quot;Niit\u00e4 n\u00e4it\u00e4&quot;","block_context":{"text":"Niit\u00e4 n\u00e4it\u00e4","link":"https:\/\/www.satokangas.fi\/blogi\/category\/aiheeton\/"},"img":{"alt_text":"Sininen kattaus-2-2","src":"https:\/\/i0.wp.com\/www.satokangas.fi\/blogi\/wp-content\/uploads\/2013\/05\/Sininen-kattaus-2-2-600x281.jpg?resize=350%2C200&ssl=1","width":350,"height":200,"srcset":"https:\/\/i0.wp.com\/www.satokangas.fi\/blogi\/wp-content\/uploads\/2013\/05\/Sininen-kattaus-2-2-600x281.jpg?resize=350%2C200&ssl=1 1x, https:\/\/i0.wp.com\/www.satokangas.fi\/blogi\/wp-content\/uploads\/2013\/05\/Sininen-kattaus-2-2-600x281.jpg?resize=525%2C300&ssl=1 1.5x"},"classes":[]},{"id":40810,"url":"https:\/\/www.satokangas.fi\/blogi\/2021\/05\/helteisessa-oulussa\/","url_meta":{"origin":34488,"position":1},"title":"Helteisess\u00e4 Oulussa","author":"Reija","date":"12.5.2021","format":false,"excerpt":"Aurinko Oulun yll\u00e4 aamulla. Oikealla n\u00e4kyy (pitk\u00e4llisen vitkuttelun ja valitusruljanssin j\u00e4lkeen) rakenteilla oleva uusi hotelli. T\u00e4ss\u00e4 vaiheessa minulla oli viel\u00e4 v\u00e4lipusero anorakin alla ja hanskat k\u00e4dess\u00e4, kun olin matkalla kohti Kempelett\u00e4. Puolelta p\u00e4ivin ne olivat todellakin tarpeettomia: helleraja ylittyi iltap\u00e4iv\u00e4ll\u00e4 heitt\u00e4m\u00e4ll\u00e4! K\u00e4vin tarkistamassa joko Kempeleen vanhan kirkon remontti olisi valmistunut,\u2026","rel":"","context":"Kategoriassa &quot;Niit\u00e4 n\u00e4it\u00e4&quot;","block_context":{"text":"Niit\u00e4 n\u00e4it\u00e4","link":"https:\/\/www.satokangas.fi\/blogi\/category\/aiheeton\/"},"img":{"alt_text":"","src":"https:\/\/i0.wp.com\/www.satokangas.fi\/blogi\/wp-content\/uploads\/2021\/05\/IMG_20210512_112912.jpg?resize=350%2C200&ssl=1","width":350,"height":200,"srcset":"https:\/\/i0.wp.com\/www.satokangas.fi\/blogi\/wp-content\/uploads\/2021\/05\/IMG_20210512_112912.jpg?resize=350%2C200&ssl=1 1x, https:\/\/i0.wp.com\/www.satokangas.fi\/blogi\/wp-content\/uploads\/2021\/05\/IMG_20210512_112912.jpg?resize=525%2C300&ssl=1 1.5x"},"classes":[]},{"id":52773,"url":"https:\/\/www.satokangas.fi\/blogi\/2025\/07\/pyoraillen-helteisessa-oulussa\/","url_meta":{"origin":34488,"position":2},"title":"Py\u00f6r\u00e4illen helteisess\u00e4 Oulussa","author":"Reija","date":"20.7.2025","format":false,"excerpt":"Oulunsalon museokahvila suvisunnuntaina on ollut yksi minun viime kesien py\u00f6r\u00e4retkikohteeni: t\u00e4n\u00e4\u00e4n, ah niin helteisen\u00e4 kes\u00e4aamuna, oli sen aika.\u00a0L\u00e4hdin kymmenen aikoihin kotoa, jotta olisin hyviss\u00e4 ajoin, heti kahvilan avautuessa ja ennen kuin kirkonmenot naapurissa loppuvat ja ennen kuin kirkkokansa rient\u00e4\u00e4 kirkkokahveille museoalueelle. Ja nappiajoitus: kokemuksesta on hy\u00f6ty\u00e4 t\u00e4mm\u00f6isiss\u00e4kin asioissa. Olin siis\u2026","rel":"","context":"Kategoriassa &quot;Niit\u00e4 n\u00e4it\u00e4&quot;","block_context":{"text":"Niit\u00e4 n\u00e4it\u00e4","link":"https:\/\/www.satokangas.fi\/blogi\/category\/aiheeton\/"},"img":{"alt_text":"","src":"https:\/\/i0.wp.com\/www.satokangas.fi\/blogi\/wp-content\/uploads\/2025\/07\/suvisunnuntai-2.jpg?resize=350%2C200&ssl=1","width":350,"height":200,"srcset":"https:\/\/i0.wp.com\/www.satokangas.fi\/blogi\/wp-content\/uploads\/2025\/07\/suvisunnuntai-2.jpg?resize=350%2C200&ssl=1 1x, https:\/\/i0.wp.com\/www.satokangas.fi\/blogi\/wp-content\/uploads\/2025\/07\/suvisunnuntai-2.jpg?resize=525%2C300&ssl=1 1.5x, https:\/\/i0.wp.com\/www.satokangas.fi\/blogi\/wp-content\/uploads\/2025\/07\/suvisunnuntai-2.jpg?resize=700%2C400&ssl=1 2x"},"classes":[]},{"id":40927,"url":"https:\/\/www.satokangas.fi\/blogi\/2021\/06\/fat-bikella-helteisessa-tunturissa\/","url_meta":{"origin":34488,"position":3},"title":"Fatbikella helteisess\u00e4 tunturissa","author":"Reija","date":"3.6.2021","format":false,"excerpt":"Py\u00f6r\u00e4retkip\u00e4iv\u00e4 t\u00e4n\u00e4\u00e4n! Teimme huolella ev\u00e4\u00e4t (kun yksik\u00e4\u00e4n kuppila, taukopaikka, p\u00e4iv\u00e4tupa ei ole viel\u00e4 auki), varustauduimme varasukin, villapuseroin, kartoin, luonnollisesti juomapullot ja kuksat reppuihin. Sek\u00e4 tietysti kamera. Reittisuunnitelma oli tehty jo eilen (Lue: min\u00e4 olin tehnyt :) ), mutta eih\u00e4n se tullut pit\u00e4m\u00e4\u00e4n. Onneksi ja valitettavasti, mutta hyv\u00e4 reissu oli. Onneksi\u2026","rel":"","context":"Kategoriassa &quot;Lappi&quot;","block_context":{"text":"Lappi","link":"https:\/\/www.satokangas.fi\/blogi\/category\/lappi\/"},"img":{"alt_text":"","src":"https:\/\/i0.wp.com\/www.satokangas.fi\/blogi\/wp-content\/uploads\/2021\/06\/195747171_10159279979856192_8847449994938692466_n.jpg?resize=350%2C200&ssl=1","width":350,"height":200,"srcset":"https:\/\/i0.wp.com\/www.satokangas.fi\/blogi\/wp-content\/uploads\/2021\/06\/195747171_10159279979856192_8847449994938692466_n.jpg?resize=350%2C200&ssl=1 1x, https:\/\/i0.wp.com\/www.satokangas.fi\/blogi\/wp-content\/uploads\/2021\/06\/195747171_10159279979856192_8847449994938692466_n.jpg?resize=525%2C300&ssl=1 1.5x, https:\/\/i0.wp.com\/www.satokangas.fi\/blogi\/wp-content\/uploads\/2021\/06\/195747171_10159279979856192_8847449994938692466_n.jpg?resize=700%2C400&ssl=1 2x, https:\/\/i0.wp.com\/www.satokangas.fi\/blogi\/wp-content\/uploads\/2021\/06\/195747171_10159279979856192_8847449994938692466_n.jpg?resize=1050%2C600&ssl=1 3x, https:\/\/i0.wp.com\/www.satokangas.fi\/blogi\/wp-content\/uploads\/2021\/06\/195747171_10159279979856192_8847449994938692466_n.jpg?resize=1400%2C800&ssl=1 4x"},"classes":[]},{"id":11362,"url":"https:\/\/www.satokangas.fi\/blogi\/2011\/04\/valokuvatorstai-heijastuksia-2\/","url_meta":{"origin":34488,"position":4},"title":"Valokuvatorstai: Heijastuksia","author":"Reija","date":"7.4.2011","format":false,"excerpt":"T\u00e4m\u00e4n viikon valokuvatorstain haaste \"Heijastuksia\" antaa mahdollisuuden haaveilla kes\u00e4st\u00e4. Kuva helteisen hein\u00e4kuun aamuna Mustion linnan lummepolun varrelta. Kuvat suurenevat klikkaamalla. Muiden heijastuksia t\u00e4\u00e4ll\u00e4.","rel":"","context":"Kategoriassa &quot;Valokuvatorstai&quot;","block_context":{"text":"Valokuvatorstai","link":"https:\/\/www.satokangas.fi\/blogi\/category\/valokuvaus\/valokuvatorstai\/"},"img":{"alt_text":"","src":"https:\/\/i0.wp.com\/www.satokangas.fi\/blogi\/wp-content\/uploads\/heijastuksia-572x400.jpg?resize=350%2C200&ssl=1","width":350,"height":200,"srcset":"https:\/\/i0.wp.com\/www.satokangas.fi\/blogi\/wp-content\/uploads\/heijastuksia-572x400.jpg?resize=350%2C200&ssl=1 1x, https:\/\/i0.wp.com\/www.satokangas.fi\/blogi\/wp-content\/uploads\/heijastuksia-572x400.jpg?resize=525%2C300&ssl=1 1.5x"},"classes":[]},{"id":11952,"url":"https:\/\/www.satokangas.fi\/blogi\/2011\/07\/haloo-helsingista\/","url_meta":{"origin":34488,"position":5},"title":"Haloo Helsingist\u00e4!","author":"Reija","date":"9.7.2011","format":false,"excerpt":"Tyt\u00e4r vei meid\u00e4t kent\u00e4lle. Helteisest\u00e4 Oulusta melkein yht\u00e4 helteiseen Hesaan. No seh\u00e4n olikin sitten merkillisesti pettymys. Mutta yht\u00e4 aikaa esill\u00e4 ollut n\u00e4yttely Heikki Aho ja Bj\u00f6rn Soldan (Juhani Ahon pojat) valokuvista oli hurjan hyv\u00e4, laaja ja mielenkiintoinen. Aho ja Soldan kuvasivat sotien v\u00e4lisen\u00e4 aikana; mv-otokset olivat ihan mahdottoman hienoja. Eik\u00e4\u2026","rel":"","context":"Kategoriassa &quot;Niit\u00e4 n\u00e4it\u00e4&quot;","block_context":{"text":"Niit\u00e4 n\u00e4it\u00e4","link":"https:\/\/www.satokangas.fi\/blogi\/category\/aiheeton\/"},"img":{"alt_text":"","src":"","width":0,"height":0},"classes":[]}],"_links":{"self":[{"href":"https:\/\/www.satokangas.fi\/blogi\/wp-json\/wp\/v2\/posts\/34488","targetHints":{"allow":["GET"]}}],"collection":[{"href":"https:\/\/www.satokangas.fi\/blogi\/wp-json\/wp\/v2\/posts"}],"about":[{"href":"https:\/\/www.satokangas.fi\/blogi\/wp-json\/wp\/v2\/types\/post"}],"author":[{"embeddable":true,"href":"https:\/\/www.satokangas.fi\/blogi\/wp-json\/wp\/v2\/users\/1"}],"replies":[{"embeddable":true,"href":"https:\/\/www.satokangas.fi\/blogi\/wp-json\/wp\/v2\/comments?post=34488"}],"version-history":[{"count":0,"href":"https:\/\/www.satokangas.fi\/blogi\/wp-json\/wp\/v2\/posts\/34488\/revisions"}],"wp:attachment":[{"href":"https:\/\/www.satokangas.fi\/blogi\/wp-json\/wp\/v2\/media?parent=34488"}],"wp:term":[{"taxonomy":"category","embeddable":true,"href":"https:\/\/www.satokangas.fi\/blogi\/wp-json\/wp\/v2\/categories?post=34488"},{"taxonomy":"post_tag","embeddable":true,"href":"https:\/\/www.satokangas.fi\/blogi\/wp-json\/wp\/v2\/tags?post=34488"}],"curies":[{"name":"wp","href":"https:\/\/api.w.org\/{rel}","templated":true}]}}