{"id":34473,"date":"2018-07-27T21:07:46","date_gmt":"2018-07-27T18:07:46","guid":{"rendered":"https:\/\/www.satokangas.fi\/blogi\/?p=34473"},"modified":"2018-07-27T23:31:22","modified_gmt":"2018-07-27T20:31:22","slug":"rotissooripiknik-vol-8","status":"publish","type":"post","link":"https:\/\/www.satokangas.fi\/blogi\/2018\/07\/rotissooripiknik-vol-8\/","title":{"rendered":"Rotiss\u00f6\u00f6ripiknik vol. 8"},"content":{"rendered":"<p>T\u00e4n\u00e4\u00e4n oli Oulun voutikunnan paistink\u00e4\u00e4nt\u00e4jien kahdeksas piknik! Teemana oli &#8221;oma herkku&#8221;. Aiemmin on ollut teemoina <a href=\"https:\/\/www.satokangas.fi\/blogi\/2011\/07\/rotissoori-piknik-ohi\/\" target=\"_blank\" rel=\"noopener\">Italiaa<\/a>, <a href=\"https:\/\/www.satokangas.fi\/blogi\/2012\/07\/cucina-italiana-ja-piknikkuvia\/\" target=\"_blank\" rel=\"noopener\">V\u00e4limerta<\/a>, <a href=\"https:\/\/www.satokangas.fi\/blogi\/2015\/07\/rotissoori-piknik-vol-5\/\" target=\"_blank\" rel=\"noopener\">Aasiaa<\/a>, <a href=\"https:\/\/www.satokangas.fi\/blogi\/2016\/07\/karibialainen-piknik\/\" target=\"_blank\" rel=\"noopener\">Karibiaa<\/a> ja ties mit\u00e4.<\/p>\n<p>T\u00e4n\u00e4\u00e4n meit\u00e4 oli v\u00e4hemm\u00e4n kuin ennen (nyt alle 30) mutta maut olivat entist\u00e4kin parempia, tai noh, voiko olla&#8230; Joka tapauksessa rakkaudella ja taidolla laitettua hyv\u00e4\u00e4 ruokaa yllin kyllin.<\/p>\n<p>Olimme Tuirassa Villa Lipporannassa, joka olikin hieno tila. Todella hieno. Olisi hyv\u00e4 karonkka- tai joku muu juhlapaikka.<\/p>\n<p>Ja mukavaa seuraa meill\u00e4 oli. Luonnollisesti.<\/p>\n<p><a href=\"https:\/\/www.satokangas.fi\/blogi\/2018\/07\/rotissooripiknik-vol-8\/piknik-11\/#main\" rel=\"attachment wp-att-34474\"><img loading=\"lazy\" decoding=\"async\" data-attachment-id=\"34474\" data-permalink=\"https:\/\/www.satokangas.fi\/blogi\/2018\/07\/rotissooripiknik-vol-8\/piknik-11\/\" data-orig-file=\"https:\/\/www.satokangas.fi\/blogi\/wp-content\/uploads\/2018\/07\/Piknik.jpg\" data-orig-size=\"1000,426\" data-comments-opened=\"1\" data-image-meta=\"{&quot;aperture&quot;:&quot;5.6&quot;,&quot;credit&quot;:&quot;Reija Satokangas&quot;,&quot;camera&quot;:&quot;Canon EOS 5D Mark IV&quot;,&quot;caption&quot;:&quot;&quot;,&quot;created_timestamp&quot;:&quot;1532706095&quot;,&quot;copyright&quot;:&quot;Reija Satokangas&quot;,&quot;focal_length&quot;:&quot;16&quot;,&quot;iso&quot;:&quot;1250&quot;,&quot;shutter_speed&quot;:&quot;0.02&quot;,&quot;title&quot;:&quot;&quot;,&quot;orientation&quot;:&quot;0&quot;}\" data-image-title=\"Piknik\" data-image-description=\"\" data-image-caption=\"\" data-large-file=\"https:\/\/www.satokangas.fi\/blogi\/wp-content\/uploads\/2018\/07\/Piknik.jpg\" class=\"aligncenter size-full wp-image-34474\" src=\"https:\/\/www.satokangas.fi\/blogi\/wp-content\/uploads\/2018\/07\/Piknik.jpg\" alt=\"\" width=\"1000\" height=\"426\" srcset=\"https:\/\/www.satokangas.fi\/blogi\/wp-content\/uploads\/2018\/07\/Piknik.jpg 1000w, https:\/\/www.satokangas.fi\/blogi\/wp-content\/uploads\/2018\/07\/Piknik-300x128.jpg 300w, https:\/\/www.satokangas.fi\/blogi\/wp-content\/uploads\/2018\/07\/Piknik-800x341.jpg 800w, https:\/\/www.satokangas.fi\/blogi\/wp-content\/uploads\/2018\/07\/Piknik-768x327.jpg 768w\" sizes=\"auto, (max-width: 1000px) 100vw, 1000px\" \/><\/a><\/p>\n<p>Qstock soi taustalla, ilma edelleen kes\u00e4isen l\u00e4mmin, &#8230;<\/p>\n<p><a href=\"https:\/\/www.satokangas.fi\/blogi\/2018\/07\/rotissooripiknik-vol-8\/piknik-2-4\/#main\" rel=\"attachment wp-att-34475\"><img loading=\"lazy\" decoding=\"async\" data-attachment-id=\"34475\" data-permalink=\"https:\/\/www.satokangas.fi\/blogi\/2018\/07\/rotissooripiknik-vol-8\/piknik-2-4\/\" data-orig-file=\"https:\/\/www.satokangas.fi\/blogi\/wp-content\/uploads\/2018\/07\/Piknik-2.jpg\" data-orig-size=\"592,1000\" data-comments-opened=\"1\" data-image-meta=\"{&quot;aperture&quot;:&quot;8&quot;,&quot;credit&quot;:&quot;Reija Satokangas&quot;,&quot;camera&quot;:&quot;Canon EOS 5D Mark IV&quot;,&quot;caption&quot;:&quot;&quot;,&quot;created_timestamp&quot;:&quot;1532711294&quot;,&quot;copyright&quot;:&quot;Reija Satokangas&quot;,&quot;focal_length&quot;:&quot;50&quot;,&quot;iso&quot;:&quot;1600&quot;,&quot;shutter_speed&quot;:&quot;0.05&quot;,&quot;title&quot;:&quot;&quot;,&quot;orientation&quot;:&quot;0&quot;}\" data-image-title=\"Piknik-2\" data-image-description=\"\" data-image-caption=\"\" data-large-file=\"https:\/\/www.satokangas.fi\/blogi\/wp-content\/uploads\/2018\/07\/Piknik-2.jpg\" class=\"aligncenter size-full wp-image-34475\" src=\"https:\/\/www.satokangas.fi\/blogi\/wp-content\/uploads\/2018\/07\/Piknik-2.jpg\" alt=\"\" width=\"592\" height=\"1000\" srcset=\"https:\/\/www.satokangas.fi\/blogi\/wp-content\/uploads\/2018\/07\/Piknik-2.jpg 592w, https:\/\/www.satokangas.fi\/blogi\/wp-content\/uploads\/2018\/07\/Piknik-2-178x300.jpg 178w, https:\/\/www.satokangas.fi\/blogi\/wp-content\/uploads\/2018\/07\/Piknik-2-237x400.jpg 237w\" sizes=\"auto, (max-width: 592px) 100vw, 592px\" \/><\/a><\/p>\n<p>Se mik\u00e4 t\u00e4st\u00e4 illasta j\u00e4\u00e4 kokeiluun ja t\u00e4nne temmattuunkin testattavaksi on (ainakin) hedelm\u00e4salaatti! Limell\u00e4 maustettu hedelm\u00e4salaatti. Palaan asiaan.<\/p>\n<p>Nyt mietin kovasti, ett\u00e4 jaksanko viel\u00e4 valvoa, odottaa ja l\u00e4hte\u00e4 reilun tunnin p\u00e4\u00e4st\u00e4 kuvailemaan: verikuu nousee&#8230;! Saapa n\u00e4hd\u00e4.<\/p>\n","protected":false},"excerpt":{"rendered":"<p>T\u00e4n\u00e4\u00e4n oli Oulun voutikunnan paistink\u00e4\u00e4nt\u00e4jien kahdeksas piknik! Teemana oli &#8221;oma herkku&#8221;. Aiemmin on ollut teemoina Italiaa, V\u00e4limerta, Aasiaa, Karibiaa ja ties mit\u00e4. T\u00e4n\u00e4\u00e4n meit\u00e4 oli v\u00e4hemm\u00e4n kuin ennen (nyt alle 30) mutta maut olivat entist\u00e4kin parempia, tai noh, voiko olla&#8230; Joka tapauksessa rakkaudella ja taidolla laitettua hyv\u00e4\u00e4 ruokaa yllin kyllin. Olimme Tuirassa Villa Lipporannassa, joka olikin hieno tila. Todella hieno. &hellip; <\/p>\n","protected":false},"author":1,"featured_media":0,"comment_status":"open","ping_status":"open","sticky":false,"template":"","format":"standard","meta":{"jetpack_post_was_ever_published":false,"_jetpack_newsletter_access":"","_jetpack_dont_email_post_to_subs":false,"_jetpack_newsletter_tier_id":0,"_jetpack_memberships_contains_paywalled_content":false,"_jetpack_memberships_contains_paid_content":false,"footnotes":"","jetpack_publicize_message":"","jetpack_publicize_feature_enabled":true,"jetpack_social_post_already_shared":true,"jetpack_social_options":{"image_generator_settings":{"template":"highway","default_image_id":0,"font":"","enabled":false},"version":2}},"categories":[17],"tags":[],"class_list":["post-34473","post","type-post","status-publish","format-standard","hentry","category-ruoka_ja_viini","latest_post"],"jetpack_publicize_connections":[],"jetpack_featured_media_url":"","jetpack_shortlink":"https:\/\/wp.me\/pr4p4-8Y1","jetpack_sharing_enabled":true,"jetpack_likes_enabled":false,"jetpack-related-posts":[{"id":35802,"url":"https:\/\/www.satokangas.fi\/blogi\/2019\/01\/pakkasperjantaina-hyva-hyrina\/","url_meta":{"origin":34473,"position":0},"title":"Pakkasperjantaina hyv\u00e4 hyrin\u00e4","author":"Reija","date":"18.1.2019","format":false,"excerpt":"Ihan mielett\u00f6m\u00e4n hieno p\u00e4iv\u00e4 t\u00e4n\u00e4\u00e4n. Kunhan aamup\u00e4iv\u00e4ll\u00e4 sain osuuteni viestinnist\u00e4 suoritetuksi, pakkasin kamerarepun ja l\u00e4hdin ulos. Ihan vain piipahtamaan. Ja parituntinen se sitten kuitenkin humahti. Kiertelin jokisuistossa, vinkkelit jalassa taas kerran lenkill\u00e4, eik\u00e4 palellut ollenkaan. En ehtinyt kylm\u00e4\u00e4n reagoida, sill\u00e4 oli niin hienon n\u00e4k\u00f6ist\u00e4 ja paljon kuvattavaa... Minulle k\u00e4y Lapissa\u2026","rel":"","context":"Kategoriassa &quot;Niit\u00e4 n\u00e4it\u00e4&quot;","block_context":{"text":"Niit\u00e4 n\u00e4it\u00e4","link":"https:\/\/www.satokangas.fi\/blogi\/category\/aiheeton\/"},"img":{"alt_text":"","src":"https:\/\/i0.wp.com\/www.satokangas.fi\/blogi\/wp-content\/uploads\/2019\/01\/3-3.jpg?resize=350%2C200&ssl=1","width":350,"height":200,"srcset":"https:\/\/i0.wp.com\/www.satokangas.fi\/blogi\/wp-content\/uploads\/2019\/01\/3-3.jpg?resize=350%2C200&ssl=1 1x, https:\/\/i0.wp.com\/www.satokangas.fi\/blogi\/wp-content\/uploads\/2019\/01\/3-3.jpg?resize=525%2C300&ssl=1 1.5x, https:\/\/i0.wp.com\/www.satokangas.fi\/blogi\/wp-content\/uploads\/2019\/01\/3-3.jpg?resize=700%2C400&ssl=1 2x"},"classes":[]},{"id":25433,"url":"https:\/\/www.satokangas.fi\/blogi\/2015\/07\/rotissoori-piknik-vol-5\/","url_meta":{"origin":34473,"position":1},"title":"Rotiss\u00f6\u00f6ri-piknik vol. 5","author":"Reija","date":"31.7.2015","format":false,"excerpt":"Olenhan min\u00e4 ennenkin leuhkinut t\u00e4ll\u00e4 paistink\u00e4\u00e4nt\u00e4jyydell\u00e4ni. Ett\u00e4 olen harrastajaj\u00e4senen\u00e4 mukana j\u00e4rjest\u00f6ss\u00e4, jossa ammattilaiset ja ruoan intohimoiset harrastajat kokoontuvat yhteen milloin mink\u00e4kin syyn varjolla nauttimaan hyvist\u00e4 mauista, ruoasta ja juomasta. Monia, monia hienoja makuel\u00e4myksi\u00e4 ja uusia asioita, hienoja viinej\u00e4 ja tekemist\u00e4, illallisia, ruokakursseja, tutustumista tuottajiin, juhlia ja oppimista on tullut koettua.\u2026","rel":"","context":"Kategoriassa &quot;Ruoka ja viini&quot;","block_context":{"text":"Ruoka ja viini","link":"https:\/\/www.satokangas.fi\/blogi\/category\/ruoka_ja_viini\/"},"img":{"alt_text":"","src":"","width":0,"height":0},"classes":[]},{"id":34626,"url":"https:\/\/www.satokangas.fi\/blogi\/2018\/08\/paistinkaantajyys-on-hieno-asia\/","url_meta":{"origin":34473,"position":2},"title":"Paistink\u00e4\u00e4nt\u00e4jyys on hieno asia!","author":"Reija","date":"18.8.2018","format":false,"excerpt":"Aamiainen (l\u00e4hinn\u00e4 kahvia ja viiniryp\u00e4leit\u00e4), lenkki torille ja Harjulle, Polarn o. Pyretist\u00e4 tuliaisia, lounas kilpiravintola Albassa, kampaaja ja Grand Dinner Paviljongissa. Niist\u00e4 oli Suurkapitulin toinen p\u00e4iv\u00e4 tehty. Aamukahdeksalta viel\u00e4 satoi, mutta yhdeks\u00e4n j\u00e4lkeen lenkille l\u00e4htiess\u00e4 se oli jo toennut, iltap\u00e4iv\u00e4ll\u00e4 kaunis kes\u00e4inen p\u00e4iv\u00e4, Jyv\u00e4skyl\u00e4n paljon Oulua vilkkaammassa keskustassa tuntui kuin\u2026","rel":"","context":"Kategoriassa &quot;Niit\u00e4 n\u00e4it\u00e4&quot;","block_context":{"text":"Niit\u00e4 n\u00e4it\u00e4","link":"https:\/\/www.satokangas.fi\/blogi\/category\/aiheeton\/"},"img":{"alt_text":"","src":"https:\/\/i0.wp.com\/www.satokangas.fi\/blogi\/wp-content\/uploads\/2018\/08\/Lounas-4.jpg?resize=350%2C200&ssl=1","width":350,"height":200,"srcset":"https:\/\/i0.wp.com\/www.satokangas.fi\/blogi\/wp-content\/uploads\/2018\/08\/Lounas-4.jpg?resize=350%2C200&ssl=1 1x, https:\/\/i0.wp.com\/www.satokangas.fi\/blogi\/wp-content\/uploads\/2018\/08\/Lounas-4.jpg?resize=525%2C300&ssl=1 1.5x, https:\/\/i0.wp.com\/www.satokangas.fi\/blogi\/wp-content\/uploads\/2018\/08\/Lounas-4.jpg?resize=700%2C400&ssl=1 2x"},"classes":[]},{"id":5436,"url":"https:\/\/www.satokangas.fi\/blogi\/2009\/12\/5436\/","url_meta":{"origin":34473,"position":3},"title":"Joulukuun maanantai","author":"Reija","date":"14.12.2009","format":false,"excerpt":"Hoppup\u00e4iv\u00e4. Mukavasti hoppu. Opetus loppui t\u00e4n\u00e4\u00e4n. En\u00e4\u00e4 pari kokousta, muutama tentin valvonta, artikkelin loppurutistus ja pient\u00e4 s\u00e4l\u00e4\u00e4, raportin tynk\u00e4\u00e4 ja julkaisuluettelon p\u00e4ivityst\u00e4 ja syyslukukausi \u00a02009 on pulkassa. Ensi viikolla ty\u00f6tunteja t\u00e4h\u00e4n aikaan en\u00e4\u00e4 v\u00e4h\u00e4n. Ei haittaa. T\u00e4n\u00e4\u00e4n p\u00e4\u00e4sin my\u00f6s huippufysioterapiaan: k\u00e4si toimii. Veri kiert\u00e4\u00e4 olkap\u00e4\u00e4ss\u00e4kin. Mutta tied\u00e4ttek\u00f6s, mit\u00e4 se ihminen\u2026","rel":"","context":"Kategoriassa &quot;Niit\u00e4 n\u00e4it\u00e4&quot;","block_context":{"text":"Niit\u00e4 n\u00e4it\u00e4","link":"https:\/\/www.satokangas.fi\/blogi\/category\/aiheeton\/"},"img":{"alt_text":"14_1","src":"https:\/\/i0.wp.com\/www.satokangas.fi\/blogi\/wp-content\/uploads\/2009\/12\/14_1-500x334.jpg?resize=350%2C200&ssl=1","width":350,"height":200},"classes":[]},{"id":36182,"url":"https:\/\/www.satokangas.fi\/blogi\/2019\/04\/niin-hieno-maisteluilta\/","url_meta":{"origin":34473,"position":4},"title":"Niin hieno maisteluilta","author":"Reija","date":"1.4.2019","format":false,"excerpt":"Kun kaikki me kymmenen viinikerhon j\u00e4sent\u00e4 olemme pois ty\u00f6el\u00e4m\u00e4n kiihkeimm\u00e4st\u00e4 kierteest\u00e4, arki-iltojen kotiin kannetuista t\u00f6ist\u00e4, tiistaiaamujen aikaisista her\u00e4\u00e4misist\u00e4, pitkist\u00e4 ilta- tai aamukokouksista, saatoimme kokoontua maanantai-iltana Iskossa vanhojen (viime vuosituhannen vuosikertojen!) \u00e4\u00e4relle. Maistelimme, sokkona kommentoimme, koetimme arvailla ja tunnistaa, arvailimme ja tunnistimmekin. Puhuimme paljon viineist\u00e4, ohi ja oikeinkin. Arvasimme, arvelimme ja\u2026","rel":"","context":"Kategoriassa &quot;Niit\u00e4 n\u00e4it\u00e4&quot;","block_context":{"text":"Niit\u00e4 n\u00e4it\u00e4","link":"https:\/\/www.satokangas.fi\/blogi\/category\/aiheeton\/"},"img":{"alt_text":"","src":"https:\/\/i0.wp.com\/www.satokangas.fi\/blogi\/wp-content\/uploads\/2019\/04\/2-2.jpg?resize=350%2C200&ssl=1","width":350,"height":200,"srcset":"https:\/\/i0.wp.com\/www.satokangas.fi\/blogi\/wp-content\/uploads\/2019\/04\/2-2.jpg?resize=350%2C200&ssl=1 1x, https:\/\/i0.wp.com\/www.satokangas.fi\/blogi\/wp-content\/uploads\/2019\/04\/2-2.jpg?resize=525%2C300&ssl=1 1.5x, https:\/\/i0.wp.com\/www.satokangas.fi\/blogi\/wp-content\/uploads\/2019\/04\/2-2.jpg?resize=700%2C400&ssl=1 2x"},"classes":[]},{"id":47044,"url":"https:\/\/www.satokangas.fi\/blogi\/2023\/09\/yhteisen-paivallisen-aarella\/","url_meta":{"origin":34473,"position":5},"title":"Yhteisen p\u00e4iv\u00e4llisen \u00e4\u00e4rell\u00e4","author":"Reija","date":"16.9.2023","format":false,"excerpt":"\"T\u00e4n\u00e4\u00e4n on ollu kyll\u00e4 kiva p\u00e4iv\u00e4.\" - oli Apsu todennut, kun olivat kotiutuneet meid\u00e4n yhteiselt\u00e4 kyl\u00e4ilyreissulta. Kuinka kauan t\u00e4t\u00e4 onkaan suunniteltu, aiottu, sovittu, ja aina on tullut jotain, useimmiten muksujen sairastumisia tai muita esteit\u00e4. Mutta t\u00e4n\u00e4\u00e4n me vihdoin olimme systerini ja avokkinsa luona \"saunaillassa\". Saunailtaan kuului my\u00f6s hienon hieno p\u00e4iv\u00e4llinen,\u2026","rel":"","context":"Kategoriassa &quot;Isovanhemmuus&quot;","block_context":{"text":"Isovanhemmuus","link":"https:\/\/www.satokangas.fi\/blogi\/category\/isovanhemmuus\/"},"img":{"alt_text":"","src":"https:\/\/i0.wp.com\/www.satokangas.fi\/blogi\/wp-content\/uploads\/2023\/09\/Syysiltana-1.jpg?resize=350%2C200&ssl=1","width":350,"height":200,"srcset":"https:\/\/i0.wp.com\/www.satokangas.fi\/blogi\/wp-content\/uploads\/2023\/09\/Syysiltana-1.jpg?resize=350%2C200&ssl=1 1x, https:\/\/i0.wp.com\/www.satokangas.fi\/blogi\/wp-content\/uploads\/2023\/09\/Syysiltana-1.jpg?resize=525%2C300&ssl=1 1.5x, https:\/\/i0.wp.com\/www.satokangas.fi\/blogi\/wp-content\/uploads\/2023\/09\/Syysiltana-1.jpg?resize=700%2C400&ssl=1 2x"},"classes":[]}],"_links":{"self":[{"href":"https:\/\/www.satokangas.fi\/blogi\/wp-json\/wp\/v2\/posts\/34473","targetHints":{"allow":["GET"]}}],"collection":[{"href":"https:\/\/www.satokangas.fi\/blogi\/wp-json\/wp\/v2\/posts"}],"about":[{"href":"https:\/\/www.satokangas.fi\/blogi\/wp-json\/wp\/v2\/types\/post"}],"author":[{"embeddable":true,"href":"https:\/\/www.satokangas.fi\/blogi\/wp-json\/wp\/v2\/users\/1"}],"replies":[{"embeddable":true,"href":"https:\/\/www.satokangas.fi\/blogi\/wp-json\/wp\/v2\/comments?post=34473"}],"version-history":[{"count":0,"href":"https:\/\/www.satokangas.fi\/blogi\/wp-json\/wp\/v2\/posts\/34473\/revisions"}],"wp:attachment":[{"href":"https:\/\/www.satokangas.fi\/blogi\/wp-json\/wp\/v2\/media?parent=34473"}],"wp:term":[{"taxonomy":"category","embeddable":true,"href":"https:\/\/www.satokangas.fi\/blogi\/wp-json\/wp\/v2\/categories?post=34473"},{"taxonomy":"post_tag","embeddable":true,"href":"https:\/\/www.satokangas.fi\/blogi\/wp-json\/wp\/v2\/tags?post=34473"}],"curies":[{"name":"wp","href":"https:\/\/api.w.org\/{rel}","templated":true}]}}