{"id":34460,"date":"2018-07-25T20:29:45","date_gmt":"2018-07-25T17:29:45","guid":{"rendered":"https:\/\/www.satokangas.fi\/blogi\/?p=34460"},"modified":"2018-07-25T20:37:12","modified_gmt":"2018-07-25T17:37:12","slug":"kesan-perinteita","status":"publish","type":"post","link":"https:\/\/www.satokangas.fi\/blogi\/2018\/07\/kesan-perinteita\/","title":{"rendered":"Kes\u00e4n perinteit\u00e4"},"content":{"rendered":"<p style=\"text-align: justify;\"><a href=\"https:\/\/www.satokangas.fi\/blogi\/2018\/07\/kesan-perinteita\/1-22-9\/#main\" rel=\"attachment wp-att-34463\"><img loading=\"lazy\" decoding=\"async\" data-attachment-id=\"34463\" data-permalink=\"https:\/\/www.satokangas.fi\/blogi\/2018\/07\/kesan-perinteita\/1-22-9\/\" data-orig-file=\"https:\/\/www.satokangas.fi\/blogi\/wp-content\/uploads\/2018\/07\/1-22.jpg\" data-orig-size=\"708,1000\" data-comments-opened=\"1\" data-image-meta=\"{&quot;aperture&quot;:&quot;6.3&quot;,&quot;credit&quot;:&quot;Reija Satokangas&quot;,&quot;camera&quot;:&quot;Canon EOS 5D Mark IV&quot;,&quot;caption&quot;:&quot;&quot;,&quot;created_timestamp&quot;:&quot;1532504334&quot;,&quot;copyright&quot;:&quot;Reija Satokangas&quot;,&quot;focal_length&quot;:&quot;20&quot;,&quot;iso&quot;:&quot;160&quot;,&quot;shutter_speed&quot;:&quot;0.0008&quot;,&quot;title&quot;:&quot;&quot;,&quot;orientation&quot;:&quot;0&quot;}\" data-image-title=\"1-22\" data-image-description=\"\" data-image-caption=\"\" data-large-file=\"https:\/\/www.satokangas.fi\/blogi\/wp-content\/uploads\/2018\/07\/1-22.jpg\" class=\"aligncenter wp-image-34463\" src=\"https:\/\/www.satokangas.fi\/blogi\/wp-content\/uploads\/2018\/07\/1-22.jpg\" alt=\"\" width=\"531\" height=\"750\" srcset=\"https:\/\/www.satokangas.fi\/blogi\/wp-content\/uploads\/2018\/07\/1-22.jpg 708w, https:\/\/www.satokangas.fi\/blogi\/wp-content\/uploads\/2018\/07\/1-22-212x300.jpg 212w, https:\/\/www.satokangas.fi\/blogi\/wp-content\/uploads\/2018\/07\/1-22-283x400.jpg 283w\" sizes=\"auto, (max-width: 531px) 100vw, 531px\" \/><\/a><\/p>\n<p style=\"text-align: justify;\">T\u00e4m\u00e4 p\u00e4iv\u00e4 alkoi jokakes\u00e4isell\u00e4 Papinj\u00e4rven &#8221;retkell\u00e4&#8221;. T\u00e4n\u00e4\u00e4n siell\u00e4 oli sama lintuharrastaja-herrasmies, jonka olen siell\u00e4 tavannut jo useana vuonna. H\u00e4n oli n\u00e4hnyt t\u00e4n\u00e4\u00e4n harmaahaikaran, mik\u00e4 Oulun korkeudella on kyll\u00e4 harvinaista. Min\u00e4 olen n\u00e4hnyt harmaahaikaroita Alsacessa, lienenk\u00f6 muualla? Visbyss\u00e4 viime kes\u00e4n\u00e4? Enk\u00e4 n\u00e4hnyt sitten t\u00e4n\u00e4\u00e4nk\u00e4\u00e4n.<\/p>\n<p style=\"text-align: justify;\">Mutta j\u00e4rvi ja maisema olivat hyvi\u00e4 ja kauniita. J\u00e4nn\u00e4 purppuran s\u00e4vy aamussa.<\/p>\n<p style=\"text-align: justify;\"><a href=\"https:\/\/www.satokangas.fi\/blogi\/2018\/07\/kesan-perinteita\/1-19-8\/#main\" rel=\"attachment wp-att-34462\"><img loading=\"lazy\" decoding=\"async\" data-attachment-id=\"34462\" data-permalink=\"https:\/\/www.satokangas.fi\/blogi\/2018\/07\/kesan-perinteita\/1-19-8\/\" data-orig-file=\"https:\/\/www.satokangas.fi\/blogi\/wp-content\/uploads\/2018\/07\/1-19.jpg\" data-orig-size=\"1000,667\" data-comments-opened=\"1\" data-image-meta=\"{&quot;aperture&quot;:&quot;6.3&quot;,&quot;credit&quot;:&quot;Reija Satokangas&quot;,&quot;camera&quot;:&quot;Canon EOS 5D Mark IV&quot;,&quot;caption&quot;:&quot;&quot;,&quot;created_timestamp&quot;:&quot;1532503581&quot;,&quot;copyright&quot;:&quot;Reija Satokangas&quot;,&quot;focal_length&quot;:&quot;16&quot;,&quot;iso&quot;:&quot;100&quot;,&quot;shutter_speed&quot;:&quot;0.0025&quot;,&quot;title&quot;:&quot;&quot;,&quot;orientation&quot;:&quot;0&quot;}\" data-image-title=\"1-19\" data-image-description=\"\" data-image-caption=\"\" data-large-file=\"https:\/\/www.satokangas.fi\/blogi\/wp-content\/uploads\/2018\/07\/1-19.jpg\" class=\"aligncenter size-full wp-image-34462\" src=\"https:\/\/www.satokangas.fi\/blogi\/wp-content\/uploads\/2018\/07\/1-19.jpg\" alt=\"\" width=\"1000\" height=\"667\" srcset=\"https:\/\/www.satokangas.fi\/blogi\/wp-content\/uploads\/2018\/07\/1-19.jpg 1000w, https:\/\/www.satokangas.fi\/blogi\/wp-content\/uploads\/2018\/07\/1-19-300x200.jpg 300w, https:\/\/www.satokangas.fi\/blogi\/wp-content\/uploads\/2018\/07\/1-19-600x400.jpg 600w, https:\/\/www.satokangas.fi\/blogi\/wp-content\/uploads\/2018\/07\/1-19-768x512.jpg 768w\" sizes=\"auto, (max-width: 1000px) 100vw, 1000px\" \/><\/a><\/p>\n<p style=\"text-align: justify;\">Ihan kuin puutkin olisivat halunneet uimaan.<\/p>\n<p style=\"text-align: justify;\">Iltap\u00e4iv\u00e4n helteess\u00e4 pikkuperhe tuli salaattibrunssille ja mansikkaj\u00e4lkk\u00e4rille. Eturuokana hellep\u00e4iv\u00e4n ehdoton perinneherkku: <a href=\"https:\/\/www.satokangas.fi\/blogi\/2017\/06\/kesan-lampoon-kylma-kurkkukeitto\/\" target=\"_blank\" rel=\"noopener\">kylm\u00e4 kurkkukeitto<\/a>.<\/p>\n<p style=\"text-align: justify;\"><a href=\"https:\/\/www.satokangas.fi\/blogi\/2018\/07\/kesan-perinteita\/1-24-7\/#main\" rel=\"attachment wp-att-34464\"><img loading=\"lazy\" decoding=\"async\" data-attachment-id=\"34464\" data-permalink=\"https:\/\/www.satokangas.fi\/blogi\/2018\/07\/kesan-perinteita\/1-24-7\/\" data-orig-file=\"https:\/\/www.satokangas.fi\/blogi\/wp-content\/uploads\/2018\/07\/1-24.jpg\" data-orig-size=\"962,1000\" data-comments-opened=\"1\" data-image-meta=\"{&quot;aperture&quot;:&quot;8&quot;,&quot;credit&quot;:&quot;Reija Satokangas&quot;,&quot;camera&quot;:&quot;Canon EOS 5D Mark IV&quot;,&quot;caption&quot;:&quot;&quot;,&quot;created_timestamp&quot;:&quot;1532525808&quot;,&quot;copyright&quot;:&quot;Reija Satokangas&quot;,&quot;focal_length&quot;:&quot;50&quot;,&quot;iso&quot;:&quot;160&quot;,&quot;shutter_speed&quot;:&quot;0.005&quot;,&quot;title&quot;:&quot;&quot;,&quot;orientation&quot;:&quot;0&quot;}\" data-image-title=\"1-24\" data-image-description=\"\" data-image-caption=\"\" data-large-file=\"https:\/\/www.satokangas.fi\/blogi\/wp-content\/uploads\/2018\/07\/1-24.jpg\" class=\"aligncenter size-full wp-image-34464\" src=\"https:\/\/www.satokangas.fi\/blogi\/wp-content\/uploads\/2018\/07\/1-24.jpg\" alt=\"\" width=\"962\" height=\"1000\" srcset=\"https:\/\/www.satokangas.fi\/blogi\/wp-content\/uploads\/2018\/07\/1-24.jpg 962w, https:\/\/www.satokangas.fi\/blogi\/wp-content\/uploads\/2018\/07\/1-24-289x300.jpg 289w, https:\/\/www.satokangas.fi\/blogi\/wp-content\/uploads\/2018\/07\/1-24-385x400.jpg 385w, https:\/\/www.satokangas.fi\/blogi\/wp-content\/uploads\/2018\/07\/1-24-768x798.jpg 768w\" sizes=\"auto, (max-width: 962px) 100vw, 962px\" \/><\/a><\/p>\n<p style=\"text-align: justify;\"><a href=\"https:\/\/www.satokangas.fi\/blogi\/2018\/07\/kesan-perinteita\/1-25-11\/#main\" rel=\"attachment wp-att-34465\"><img loading=\"lazy\" decoding=\"async\" data-attachment-id=\"34465\" data-permalink=\"https:\/\/www.satokangas.fi\/blogi\/2018\/07\/kesan-perinteita\/1-25-11\/\" data-orig-file=\"https:\/\/www.satokangas.fi\/blogi\/wp-content\/uploads\/2018\/07\/1-25.jpg\" data-orig-size=\"1000,759\" data-comments-opened=\"1\" data-image-meta=\"{&quot;aperture&quot;:&quot;6.3&quot;,&quot;credit&quot;:&quot;Reija Satokangas&quot;,&quot;camera&quot;:&quot;Canon EOS 5D Mark IV&quot;,&quot;caption&quot;:&quot;&quot;,&quot;created_timestamp&quot;:&quot;1532526433&quot;,&quot;copyright&quot;:&quot;Reija Satokangas&quot;,&quot;focal_length&quot;:&quot;50&quot;,&quot;iso&quot;:&quot;640&quot;,&quot;shutter_speed&quot;:&quot;0.00015625&quot;,&quot;title&quot;:&quot;&quot;,&quot;orientation&quot;:&quot;0&quot;}\" data-image-title=\"1-25\" data-image-description=\"\" data-image-caption=\"\" data-large-file=\"https:\/\/www.satokangas.fi\/blogi\/wp-content\/uploads\/2018\/07\/1-25.jpg\" class=\"aligncenter size-full wp-image-34465\" src=\"https:\/\/www.satokangas.fi\/blogi\/wp-content\/uploads\/2018\/07\/1-25.jpg\" alt=\"\" width=\"1000\" height=\"759\" srcset=\"https:\/\/www.satokangas.fi\/blogi\/wp-content\/uploads\/2018\/07\/1-25.jpg 1000w, https:\/\/www.satokangas.fi\/blogi\/wp-content\/uploads\/2018\/07\/1-25-300x228.jpg 300w, https:\/\/www.satokangas.fi\/blogi\/wp-content\/uploads\/2018\/07\/1-25-527x400.jpg 527w, https:\/\/www.satokangas.fi\/blogi\/wp-content\/uploads\/2018\/07\/1-25-768x583.jpg 768w\" sizes=\"auto, (max-width: 1000px) 100vw, 1000px\" \/><\/a><\/p>\n<p style=\"text-align: justify;\">Mutta t\u00e4rkein juttu oli kun pappa oli laittanut Apsulle puhallettavan uima-altaan! Muutaman tunnin aikana poika meni ainakin viisi kertaa &#8221;uimaan&#8221; &#8211; ainakin. Periaatteessa oli koko iltap\u00e4iv\u00e4n lillumassa vedess\u00e4.<\/p>\n<p style=\"text-align: justify;\">Muutoin minun p\u00e4iv\u00e4ni on mennyt eilisten kuvien ty\u00f6st\u00e4misess\u00e4, ja sainkin ne nyt valmiiksi. Hyv\u00e4 juttu!<\/p>\n","protected":false},"excerpt":{"rendered":"<p>T\u00e4m\u00e4 p\u00e4iv\u00e4 alkoi jokakes\u00e4isell\u00e4 Papinj\u00e4rven &#8221;retkell\u00e4&#8221;. T\u00e4n\u00e4\u00e4n siell\u00e4 oli sama lintuharrastaja-herrasmies, jonka olen siell\u00e4 tavannut jo useana vuonna. H\u00e4n oli n\u00e4hnyt t\u00e4n\u00e4\u00e4n harmaahaikaran, mik\u00e4 Oulun korkeudella on kyll\u00e4 harvinaista. Min\u00e4 olen n\u00e4hnyt harmaahaikaroita Alsacessa, lienenk\u00f6 muualla? Visbyss\u00e4 viime kes\u00e4n\u00e4? Enk\u00e4 n\u00e4hnyt sitten t\u00e4n\u00e4\u00e4nk\u00e4\u00e4n. Mutta j\u00e4rvi ja maisema olivat hyvi\u00e4 ja kauniita. J\u00e4nn\u00e4 purppuran s\u00e4vy aamussa. Ihan kuin puutkin olisivat halunneet &hellip; <\/p>\n","protected":false},"author":1,"featured_media":0,"comment_status":"open","ping_status":"open","sticky":false,"template":"","format":"standard","meta":{"jetpack_post_was_ever_published":false,"_jetpack_newsletter_access":"","_jetpack_dont_email_post_to_subs":false,"_jetpack_newsletter_tier_id":0,"_jetpack_memberships_contains_paywalled_content":false,"_jetpack_memberships_contains_paid_content":false,"footnotes":"","jetpack_publicize_message":"","jetpack_publicize_feature_enabled":true,"jetpack_social_post_already_shared":true,"jetpack_social_options":{"image_generator_settings":{"template":"highway","default_image_id":0,"font":"","enabled":false},"version":2}},"categories":[55,17,37],"tags":[],"class_list":["post-34460","post","type-post","status-publish","format-standard","hentry","category-oulu","category-ruoka_ja_viini","category-valokuvaus","latest_post"],"jetpack_publicize_connections":[],"jetpack_featured_media_url":"","jetpack_shortlink":"https:\/\/wp.me\/pr4p4-8XO","jetpack_sharing_enabled":true,"jetpack_likes_enabled":false,"jetpack-related-posts":[{"id":36818,"url":"https:\/\/www.satokangas.fi\/blogi\/2019\/07\/paivia-kuvittaen-ja-sanoittaen\/","url_meta":{"origin":34460,"position":0},"title":"P\u00e4ivi\u00e4 kuvittaen ja sanoittaen","author":"Reija","date":"20.7.2019","format":false,"excerpt":"Yht\u00e4kki\u00e4 matkalla tunsin ratap\u00f6lkkyjen tuoksun, sitten taas n\u00e4in kimmelt\u00e4v\u00e4n joen, iloitsin kun aurinko pysyi sinnikk\u00e4\u00e4sti pilvien v\u00e4liss\u00e4 eik\u00e4 takana, tuntui kes\u00e4lle, vihdoin tuntui kes\u00e4lle. Oulujokivarren kapealla tiell\u00e4 Maikkulan j\u00e4lkeen oli levollista, lauantaiaamun hiljaisuus ja tuntui melkein vieraalta - kuin en Oulussa olisikaan. Oli poljettava hiljaksiin, melkein joutilaasti. Makustelin mieless\u00e4ni ja\u2026","rel":"","context":"Kategoriassa &quot;Historiaa&quot;","block_context":{"text":"Historiaa","link":"https:\/\/www.satokangas.fi\/blogi\/category\/historiaa\/"},"img":{"alt_text":"","src":"https:\/\/i0.wp.com\/www.satokangas.fi\/blogi\/wp-content\/uploads\/2019\/07\/Turkansaari-2.jpg?resize=350%2C200&ssl=1","width":350,"height":200,"srcset":"https:\/\/i0.wp.com\/www.satokangas.fi\/blogi\/wp-content\/uploads\/2019\/07\/Turkansaari-2.jpg?resize=350%2C200&ssl=1 1x, https:\/\/i0.wp.com\/www.satokangas.fi\/blogi\/wp-content\/uploads\/2019\/07\/Turkansaari-2.jpg?resize=525%2C300&ssl=1 1.5x, https:\/\/i0.wp.com\/www.satokangas.fi\/blogi\/wp-content\/uploads\/2019\/07\/Turkansaari-2.jpg?resize=700%2C400&ssl=1 2x"},"classes":[]},{"id":46582,"url":"https:\/\/www.satokangas.fi\/blogi\/2023\/08\/kesapaivana-hautausmaalla\/","url_meta":{"origin":34460,"position":1},"title":"Kes\u00e4p\u00e4iv\u00e4n\u00e4 hautausmaalla","author":"Reija","date":"3.8.2023","format":false,"excerpt":"\u00a0 Pient\u00e4 touhuilua, liikkumista, kauppa-asioita. Tied\u00e4ttek\u00f6s, mit\u00e4 outoa ostin? - Akryylimaalia ja akryylitussit. Kaikkea sit\u00e4 hurahtaakin kokeilemaan. Jollei asiasta l\u00e4hiaikoina kuulu enemp\u00e4\u00e4, niin kokeilu on sitten hiljaa haudattu. Katsellaan nyt. M\u00f6kin notskipaikan rempan, tai paremminkin rakentamisen suunnittelu, on my\u00f6s ollut viime p\u00e4ivien ohjelmassamme, erityisesti Pehtoorilla. T\u00e4n\u00e4\u00e4n yksi ratkaiseva tekij\u00e4 (minikaivinkoneen\u00a0\u2026","rel":"","context":"Kategoriassa &quot;Hautausmailla&quot;","block_context":{"text":"Hautausmailla","link":"https:\/\/www.satokangas.fi\/blogi\/category\/hautausmailla\/"},"img":{"alt_text":"","src":"https:\/\/i0.wp.com\/www.satokangas.fi\/blogi\/wp-content\/uploads\/2023\/08\/aurinkoa_kukkia.jpg?resize=350%2C200&ssl=1","width":350,"height":200,"srcset":"https:\/\/i0.wp.com\/www.satokangas.fi\/blogi\/wp-content\/uploads\/2023\/08\/aurinkoa_kukkia.jpg?resize=350%2C200&ssl=1 1x, https:\/\/i0.wp.com\/www.satokangas.fi\/blogi\/wp-content\/uploads\/2023\/08\/aurinkoa_kukkia.jpg?resize=525%2C300&ssl=1 1.5x, https:\/\/i0.wp.com\/www.satokangas.fi\/blogi\/wp-content\/uploads\/2023\/08\/aurinkoa_kukkia.jpg?resize=700%2C400&ssl=1 2x"},"classes":[]},{"id":12970,"url":"https:\/\/www.satokangas.fi\/blogi\/2011\/12\/joulukuun-alkaessa\/","url_meta":{"origin":34460,"position":2},"title":"Joulukuun alkaessa","author":"Reija","date":"1.12.2011","format":false,"excerpt":"Aamulla k\u00e4velless\u00e4 (hammasl\u00e4\u00e4k\u00e4riin - viimeinen k\u00e4ynti t\u00e4n\u00e4 vuonna? JEE!) huomasin ett\u00e4 Pikisaaren siltaan oli laitettu lukko. Sellainen \"love\"-lukko. Eilen. Ikin\u00e4 ennen en ole Oulussa sellaista n\u00e4hnyt. Ensimm\u00e4ist\u00e4 kertaa sellaisen n\u00e4in Riiassa kes\u00e4ll\u00e4 2008. Siell\u00e4 sillankaiteeseen oli t\u00e4llaisia vastaavia pistetty vaikka kuinka paljon, mutta eilen oli laitettu Oulussa ensimm\u00e4inen - sik\u00e4li\u2026","rel":"","context":"Kategoriassa &quot;Niit\u00e4 n\u00e4it\u00e4&quot;","block_context":{"text":"Niit\u00e4 n\u00e4it\u00e4","link":"https:\/\/www.satokangas.fi\/blogi\/category\/aiheeton\/"},"img":{"alt_text":"","src":"https:\/\/i0.wp.com\/www.satokangas.fi\/blogi\/wp-content\/uploads\/MG_4657-266x400.jpg?resize=350%2C200&ssl=1","width":350,"height":200},"classes":[]},{"id":49965,"url":"https:\/\/www.satokangas.fi\/blogi\/2024\/07\/kesailoa\/","url_meta":{"origin":34460,"position":3},"title":"Kes\u00e4iloa","author":"Reija","date":"3.7.2024","format":false,"excerpt":"Koti on taas hiljainen. Sen j\u00e4lkeen kun alkuiltap\u00e4iv\u00e4st\u00e4 vein Eepin kotiinsa, vasta huomasin, kuinka paljon tytt\u00f6 puhua pulputtaa. Jopa yksikseen tietokoneella pelatessaan. Kuten mumminsakin, tai siis mummi ei pelaa koneen \u00e4\u00e4ress\u00e4, mutta juttelee silti omiaan my\u00f6s esim. blogitekstej\u00e4 raapustaessaan. Yleens\u00e4, tosiasiassa aina, Eepi on veljens\u00e4 kanssa kahdestaan yht\u00e4aikaa mummipapalla, mutta\u2026","rel":"","context":"Kategoriassa &quot;Isovanhemmuus&quot;","block_context":{"text":"Isovanhemmuus","link":"https:\/\/www.satokangas.fi\/blogi\/category\/isovanhemmuus\/"},"img":{"alt_text":"","src":"https:\/\/i0.wp.com\/www.satokangas.fi\/blogi\/wp-content\/uploads\/2024\/07\/1-10.jpg?resize=350%2C200&ssl=1","width":350,"height":200,"srcset":"https:\/\/i0.wp.com\/www.satokangas.fi\/blogi\/wp-content\/uploads\/2024\/07\/1-10.jpg?resize=350%2C200&ssl=1 1x, https:\/\/i0.wp.com\/www.satokangas.fi\/blogi\/wp-content\/uploads\/2024\/07\/1-10.jpg?resize=525%2C300&ssl=1 1.5x, https:\/\/i0.wp.com\/www.satokangas.fi\/blogi\/wp-content\/uploads\/2024\/07\/1-10.jpg?resize=700%2C400&ssl=1 2x"},"classes":[]},{"id":14547,"url":"https:\/\/www.satokangas.fi\/blogi\/2012\/06\/menomaanantai-2\/","url_meta":{"origin":34460,"position":4},"title":"Menomaanantai ja kukkakuvia","author":"Reija","date":"18.6.2012","format":false,"excerpt":"Tied\u00e4ttek\u00f6s ei siell\u00e4 niin tavattoman kehno ilma ollutkaan. \u00c4sken siis. P\u00e4invastoin. L\u00e4ht\u00f6kohtaisesti t\u00e4n\u00e4 kes\u00e4n\u00e4 (liek\u00f6 tuota sanaa n\u00e4ill\u00e4 leveysasteilla voi oikein vakavissaan k\u00e4ytt\u00e4\u00e4k\u00e4\u00e4n) ajattelee jo koko ajan, ett\u00e4 s\u00e4\u00e4 ei ole oikein hyv\u00e4. Sitten yll\u00e4ttyykin positiivisesti, kun lenkill\u00e4 huomaakin viihtyv\u00e4ns\u00e4. Pihlajat ovat jo kauniisti kukassa, unkarin syreenit, lumipalloheisit, omenapuut, koiranputket,\u2026","rel":"","context":"Kategoriassa &quot;Niit\u00e4 n\u00e4it\u00e4&quot;","block_context":{"text":"Niit\u00e4 n\u00e4it\u00e4","link":"https:\/\/www.satokangas.fi\/blogi\/category\/aiheeton\/"},"img":{"alt_text":"","src":"https:\/\/i0.wp.com\/www.satokangas.fi\/blogi\/wp-content\/uploads\/Koiranputket-Medium-600x272.jpg?resize=350%2C200&ssl=1","width":350,"height":200,"srcset":"https:\/\/i0.wp.com\/www.satokangas.fi\/blogi\/wp-content\/uploads\/Koiranputket-Medium-600x272.jpg?resize=350%2C200&ssl=1 1x, https:\/\/i0.wp.com\/www.satokangas.fi\/blogi\/wp-content\/uploads\/Koiranputket-Medium-600x272.jpg?resize=525%2C300&ssl=1 1.5x"},"classes":[]},{"id":34322,"url":"https:\/\/www.satokangas.fi\/blogi\/2018\/07\/dekkarin-parissa\/","url_meta":{"origin":34460,"position":5},"title":"Dekkarin parissa","author":"Reija","date":"2.7.2018","format":false,"excerpt":"Sain t\u00e4n\u00e4\u00e4n iltap\u00e4iv\u00e4ll\u00e4 Lyceum Club- kuvaurakkani pakettiin: 1100 kuvaa, joista valitsin parisataa ja muokkailin ja \"kehitin\", toimitin kansioihin ladattavaksi ja l\u00e4hetin asiakkaalle. Palkitsin itseni istumalla loppup\u00e4iv\u00e4n pihalla auringossa ja luin dekkarin: ensimm\u00e4isen Janet Evanovichin kirja (\"Ensin rahat\"), jonka luin. Luulen, ett\u00e4 j\u00e4\u00e4 ainoaksi. Aika koukuttava se oli, mutta ehk\u00e4 v\u00e4h\u00e4n\u2026","rel":"","context":"Kategoriassa &quot;Luettua&quot;","block_context":{"text":"Luettua","link":"https:\/\/www.satokangas.fi\/blogi\/category\/luettua\/"},"img":{"alt_text":"","src":"https:\/\/i0.wp.com\/www.satokangas.fi\/blogi\/wp-content\/uploads\/2018\/07\/1-4.jpg?resize=350%2C200&ssl=1","width":350,"height":200,"srcset":"https:\/\/i0.wp.com\/www.satokangas.fi\/blogi\/wp-content\/uploads\/2018\/07\/1-4.jpg?resize=350%2C200&ssl=1 1x, https:\/\/i0.wp.com\/www.satokangas.fi\/blogi\/wp-content\/uploads\/2018\/07\/1-4.jpg?resize=525%2C300&ssl=1 1.5x, https:\/\/i0.wp.com\/www.satokangas.fi\/blogi\/wp-content\/uploads\/2018\/07\/1-4.jpg?resize=700%2C400&ssl=1 2x"},"classes":[]}],"_links":{"self":[{"href":"https:\/\/www.satokangas.fi\/blogi\/wp-json\/wp\/v2\/posts\/34460","targetHints":{"allow":["GET"]}}],"collection":[{"href":"https:\/\/www.satokangas.fi\/blogi\/wp-json\/wp\/v2\/posts"}],"about":[{"href":"https:\/\/www.satokangas.fi\/blogi\/wp-json\/wp\/v2\/types\/post"}],"author":[{"embeddable":true,"href":"https:\/\/www.satokangas.fi\/blogi\/wp-json\/wp\/v2\/users\/1"}],"replies":[{"embeddable":true,"href":"https:\/\/www.satokangas.fi\/blogi\/wp-json\/wp\/v2\/comments?post=34460"}],"version-history":[{"count":0,"href":"https:\/\/www.satokangas.fi\/blogi\/wp-json\/wp\/v2\/posts\/34460\/revisions"}],"wp:attachment":[{"href":"https:\/\/www.satokangas.fi\/blogi\/wp-json\/wp\/v2\/media?parent=34460"}],"wp:term":[{"taxonomy":"category","embeddable":true,"href":"https:\/\/www.satokangas.fi\/blogi\/wp-json\/wp\/v2\/categories?post=34460"},{"taxonomy":"post_tag","embeddable":true,"href":"https:\/\/www.satokangas.fi\/blogi\/wp-json\/wp\/v2\/tags?post=34460"}],"curies":[{"name":"wp","href":"https:\/\/api.w.org\/{rel}","templated":true}]}}