{"id":34384,"date":"2018-07-12T22:11:02","date_gmt":"2018-07-12T19:11:02","guid":{"rendered":"https:\/\/www.satokangas.fi\/blogi\/?p=34384"},"modified":"2018-07-12T22:11:02","modified_gmt":"2018-07-12T19:11:02","slug":"kohti-festusta","status":"publish","type":"post","link":"https:\/\/www.satokangas.fi\/blogi\/2018\/07\/kohti-festusta\/","title":{"rendered":"Kohti Festusta"},"content":{"rendered":"<p style=\"text-align: justify;\">Juuri \u00e4sken l\u00e4hti Apsu kotiin. Tulikin tosi vasta iltap\u00e4iv\u00e4ll\u00e4, iltavuorolainen kuten vanhempansakin. Ja heti l\u00e4hdettiin Nallikariin. Kolmisin, sill\u00e4 kummit\u00e4din Apsu halusi tietysti mukaan. Ja kuinka olikaan ep\u00e4todellisen mukava olo siell\u00e4, ja sen j\u00e4lkeen kotipihalla koko ilta.<\/p>\n<p style=\"text-align: justify;\">Nyth\u00e4n on v\u00e4h\u00e4n sellainen viikko, ett\u00e4 kaikki on yht\u00e4aikaa. Kaikki hyv\u00e4.<\/p>\n<p><a href=\"https:\/\/www.satokangas.fi\/blogi\/2018\/07\/kohti-festusta\/1-6-31\/#main\" rel=\"attachment wp-att-34386\"><img loading=\"lazy\" decoding=\"async\" data-attachment-id=\"34386\" data-permalink=\"https:\/\/www.satokangas.fi\/blogi\/2018\/07\/kohti-festusta\/1-6-31\/\" data-orig-file=\"https:\/\/www.satokangas.fi\/blogi\/wp-content\/uploads\/2018\/07\/1-6.jpg\" data-orig-size=\"1000,667\" data-comments-opened=\"1\" data-image-meta=\"{&quot;aperture&quot;:&quot;7.1&quot;,&quot;credit&quot;:&quot;Reija Satokangas&quot;,&quot;camera&quot;:&quot;Canon EOS 5D Mark IV&quot;,&quot;caption&quot;:&quot;&quot;,&quot;created_timestamp&quot;:&quot;1531419077&quot;,&quot;copyright&quot;:&quot;Reija Satokangas&quot;,&quot;focal_length&quot;:&quot;123&quot;,&quot;iso&quot;:&quot;200&quot;,&quot;shutter_speed&quot;:&quot;0.01&quot;,&quot;title&quot;:&quot;&quot;,&quot;orientation&quot;:&quot;0&quot;}\" data-image-title=\"1-6\" data-image-description=\"\" data-image-caption=\"\" data-large-file=\"https:\/\/www.satokangas.fi\/blogi\/wp-content\/uploads\/2018\/07\/1-6.jpg\" class=\"aligncenter size-full wp-image-34386\" src=\"https:\/\/www.satokangas.fi\/blogi\/wp-content\/uploads\/2018\/07\/1-6.jpg\" alt=\"\" width=\"1000\" height=\"667\" srcset=\"https:\/\/www.satokangas.fi\/blogi\/wp-content\/uploads\/2018\/07\/1-6.jpg 1000w, https:\/\/www.satokangas.fi\/blogi\/wp-content\/uploads\/2018\/07\/1-6-300x200.jpg 300w, https:\/\/www.satokangas.fi\/blogi\/wp-content\/uploads\/2018\/07\/1-6-600x400.jpg 600w, https:\/\/www.satokangas.fi\/blogi\/wp-content\/uploads\/2018\/07\/1-6-768x512.jpg 768w\" sizes=\"auto, (max-width: 1000px) 100vw, 1000px\" \/><\/a><\/p>\n<p style=\"text-align: justify;\">Siin\u00e4 me kalaaseja valmistelimme, vuorotellen, yhdess\u00e4 ja erikseen. Tosin siin\u00e4 vaiheessa kun keittelin ruusun ter\u00e4lehti\u00e4, alkoi hiipi\u00e4 ajatus, ett\u00e4 jotain merkillist\u00e4 on tekeill\u00e4. Ja kun viel\u00e4 kes\u00e4n l\u00e4mm\u00f6ss\u00e4 koko talossa tuoksuu joululta, kanelilta, inkiv\u00e4\u00e4rilt\u00e4, manteleilta, olen melko varma, ett\u00e4 olen erehtynyt vuodenajasta, tai ehk\u00e4 sittenkin vuosituhannesta. Mutta ehk\u00e4 t\u00e4m\u00e4 kaikki vain kertoo siit\u00e4, ett\u00e4 todellakin kohti keskiaikaista Festusta ollaan menossa&#8230;<\/p>\n<p>Ja jotain ennen maistamatonta on tarjolla. &#8230; my\u00f6s reseptein\u00e4 ja kuvina t\u00e4\u00e4ll\u00e4. Ihan kuten <a href=\"https:\/\/www.satokangas.fi\/blogi\/category\/kalaasit\/\" target=\"_blank\" rel=\"noopener\">aiemmistakin kalaaseista<\/a>. Nyt viel\u00e4 kirjoittamaan menua ja juomalistaa&#8230;<\/p>\n<p>&nbsp;<\/p>\n","protected":false},"excerpt":{"rendered":"<p>Juuri \u00e4sken l\u00e4hti Apsu kotiin. Tulikin tosi vasta iltap\u00e4iv\u00e4ll\u00e4, iltavuorolainen kuten vanhempansakin. Ja heti l\u00e4hdettiin Nallikariin. Kolmisin, sill\u00e4 kummit\u00e4din Apsu halusi tietysti mukaan. Ja kuinka olikaan ep\u00e4todellisen mukava olo siell\u00e4, ja sen j\u00e4lkeen kotipihalla koko ilta. Nyth\u00e4n on v\u00e4h\u00e4n sellainen viikko, ett\u00e4 kaikki on yht\u00e4aikaa. Kaikki hyv\u00e4. Siin\u00e4 me kalaaseja valmistelimme, vuorotellen, yhdess\u00e4 ja erikseen. Tosin siin\u00e4 vaiheessa kun keittelin &hellip; <\/p>\n","protected":false},"author":1,"featured_media":0,"comment_status":"open","ping_status":"open","sticky":false,"template":"","format":"standard","meta":{"jetpack_post_was_ever_published":false,"_jetpack_newsletter_access":"","_jetpack_dont_email_post_to_subs":false,"_jetpack_newsletter_tier_id":0,"_jetpack_memberships_contains_paywalled_content":false,"_jetpack_memberships_contains_paid_content":false,"footnotes":"","jetpack_publicize_message":"","jetpack_publicize_feature_enabled":true,"jetpack_social_post_already_shared":true,"jetpack_social_options":{"image_generator_settings":{"template":"highway","default_image_id":0,"font":"","enabled":false},"version":2}},"categories":[1],"tags":[],"class_list":["post-34384","post","type-post","status-publish","format-standard","hentry","category-aiheeton","latest_post"],"jetpack_publicize_connections":[],"jetpack_featured_media_url":"","jetpack_shortlink":"https:\/\/wp.me\/pr4p4-8WA","jetpack_sharing_enabled":true,"jetpack_likes_enabled":false,"jetpack-related-posts":[{"id":33132,"url":"https:\/\/www.satokangas.fi\/blogi\/2018\/01\/pienen-maailmassa-mukana\/","url_meta":{"origin":34384,"position":0},"title":"Pienen maailmassa mukana","author":"Reija","date":"23.1.2018","format":false,"excerpt":"Aamupuurolla istuttiin kolmisin ja Apsu katseli tulppaanikimppua, jonka Pehtoori jo viime viikolla oli tuonut: \"Kukka rikki\", ja jatkaa pian: \"Kolme puutttuu\". Yrit\u00e4n kysy\u00e4, miten niin kolme? Sen ett\u00e4 liki kolmevuotias sanookin v\u00e4h\u00e4n uuvahtanuttta kimppua rikkin\u00e4iseksi, ymm\u00e4rr\u00e4n, mutta mik\u00e4 logiikka on siin\u00e4, ett\u00e4 kolme puuttuu? T\u00e4m\u00e4 on taas sit\u00e4 lapsen kielen,\u2026","rel":"","context":"Kategoriassa &quot;Isovanhemmuus&quot;","block_context":{"text":"Isovanhemmuus","link":"https:\/\/www.satokangas.fi\/blogi\/category\/isovanhemmuus\/"},"img":{"alt_text":"","src":"https:\/\/i0.wp.com\/www.satokangas.fi\/blogi\/wp-content\/uploads\/2018\/01\/apsu-2-400x400.jpg?resize=350%2C200&ssl=1","width":350,"height":200},"classes":[]},{"id":46271,"url":"https:\/\/www.satokangas.fi\/blogi\/2023\/07\/messi-paita-missattu-mutta-paljon-muuta-hyvaa\/","url_meta":{"origin":34384,"position":1},"title":"Messi-paita missattu, mutta paljon muuta hyv\u00e4\u00e4","author":"Reija","date":"7.7.2023","format":false,"excerpt":"Kotiin laskeutui iltap\u00e4iv\u00e4ll\u00e4 hiljaisuus, kun Juniori p\u00e4\u00e4si t\u00f6ist\u00e4 ja tuli hakemaan muksut, jotka olivat olleet ensimm\u00e4ist\u00e4 kertaa, yhdess\u00e4, ilman vanhempia mummilassa y\u00f6t\u00e4. Eilinen p\u00e4iv\u00e4 vietettiin yhdess\u00e4, ja t\u00e4n\u00e4\u00e4n aamupalap\u00f6yd\u00e4ss\u00e4, kun oli nukuttu pitk\u00e4t 11 tunnin unet, oli p\u00e4iv\u00e4 ladattu t\u00e4yteen ohjelmaa. Ainakin jos oli uskominen lapsia. Minusta toiveet ja aikeet\u2026","rel":"","context":"Kategoriassa &quot;Isovanhemmuus&quot;","block_context":{"text":"Isovanhemmuus","link":"https:\/\/www.satokangas.fi\/blogi\/category\/isovanhemmuus\/"},"img":{"alt_text":"","src":"https:\/\/i0.wp.com\/www.satokangas.fi\/blogi\/wp-content\/uploads\/2023\/07\/pioni.jpg?resize=350%2C200&ssl=1","width":350,"height":200,"srcset":"https:\/\/i0.wp.com\/www.satokangas.fi\/blogi\/wp-content\/uploads\/2023\/07\/pioni.jpg?resize=350%2C200&ssl=1 1x, https:\/\/i0.wp.com\/www.satokangas.fi\/blogi\/wp-content\/uploads\/2023\/07\/pioni.jpg?resize=525%2C300&ssl=1 1.5x, https:\/\/i0.wp.com\/www.satokangas.fi\/blogi\/wp-content\/uploads\/2023\/07\/pioni.jpg?resize=700%2C400&ssl=1 2x"},"classes":[]},{"id":39449,"url":"https:\/\/www.satokangas.fi\/blogi\/2020\/10\/aamusta-asti-mummina\/","url_meta":{"origin":34384,"position":2},"title":"Aamusta asti mummina","author":"Reija","date":"3.10.2020","format":false,"excerpt":"T\u00e4ydenkuun levoton y\u00f6uni p\u00e4\u00e4ttyi jo ennen kuutta - t\u00e4n\u00e4\u00e4n oli aamuvuoro. T\u00e4llaisina(kin) p\u00e4ivin\u00e4 (ja aamuina) on ihan mahdottoman hienoa, ett\u00e4 Juniori, eron j\u00e4lkeen, el\u00e4m\u00e4ntilanteen muuttuessa, hommasi uuden kodin likiet\u00e4isyydelt\u00e4 meihin n\u00e4hden. Siirtyess\u00e4 omakotitalosta rivitaloasumiseen oli meillekin Pehtoorin kanssa asuntoesittelyiss\u00e4 k\u00e4ymist\u00e4, apupohtimista, laskemista, suunnittelua, mutta lopultakin aika helposti kaikki k\u00e4vi: suunnilleen\u2026","rel":"","context":"Kategoriassa &quot;Isovanhemmuus&quot;","block_context":{"text":"Isovanhemmuus","link":"https:\/\/www.satokangas.fi\/blogi\/category\/isovanhemmuus\/"},"img":{"alt_text":"","src":"https:\/\/i0.wp.com\/www.satokangas.fi\/blogi\/wp-content\/uploads\/2020\/10\/Aatun_filmi-12.jpg?resize=350%2C200&ssl=1","width":350,"height":200,"srcset":"https:\/\/i0.wp.com\/www.satokangas.fi\/blogi\/wp-content\/uploads\/2020\/10\/Aatun_filmi-12.jpg?resize=350%2C200&ssl=1 1x, https:\/\/i0.wp.com\/www.satokangas.fi\/blogi\/wp-content\/uploads\/2020\/10\/Aatun_filmi-12.jpg?resize=525%2C300&ssl=1 1.5x, https:\/\/i0.wp.com\/www.satokangas.fi\/blogi\/wp-content\/uploads\/2020\/10\/Aatun_filmi-12.jpg?resize=700%2C400&ssl=1 2x"},"classes":[]},{"id":35123,"url":"https:\/\/www.satokangas.fi\/blogi\/2018\/10\/kaikella-on-aikansa\/","url_meta":{"origin":34384,"position":3},"title":"Kaikella on aikansa","author":"Reija","date":"31.10.2018","format":false,"excerpt":"Syksyn t\u00e4h\u00e4n asti pimeimp\u00e4n\u00e4 ja sateisimpana iltap\u00e4iv\u00e4n\u00e4 saimme tytt\u00e4ren kotikotiin muutamaksi p\u00e4iv\u00e4ksi. Mist\u00e4 kummipoikansa Apsu on ihan erityisen iloinen. \"Saanan\" (viel\u00e4 kes\u00e4ll\u00e4 Naana) kanssa piti \u00e4sken leikki\u00e4, lukea ja istua k\u00e4sikk\u00e4in. Sy\u00f6dess\u00e4 poika sent\u00e4\u00e4n malttoi istua omalla penkill\u00e4\u00e4n. N\u00e4ill\u00e4 kahdella on ihan omia \"hommiaan\"; katon korjausta, kilpa-ajoja ja pitk\u00e4\u00e4n ovat\u2026","rel":"","context":"Kategoriassa &quot;Isovanhemmuus&quot;","block_context":{"text":"Isovanhemmuus","link":"https:\/\/www.satokangas.fi\/blogi\/category\/isovanhemmuus\/"},"img":{"alt_text":"","src":"https:\/\/i0.wp.com\/www.satokangas.fi\/blogi\/wp-content\/uploads\/2018\/10\/suru-3.jpg?resize=350%2C200&ssl=1","width":350,"height":200},"classes":[]},{"id":42124,"url":"https:\/\/www.satokangas.fi\/blogi\/2021\/12\/tonttuovella-ruuhkaa\/","url_meta":{"origin":34384,"position":4},"title":"Tonttuovella ruuhkaa!","author":"Reija","date":"12.12.2021","format":false,"excerpt":"Pikkujoulup\u00e4iv\u00e4. Todellakin koko p\u00e4iv\u00e4 pikkujoulujen merkeiss\u00e4. Perjantai-illansuussa kun Apsu ja Eevis olivat tuulikaapissa jo pukemassa, l\u00e4hd\u00f6ss\u00e4 is\u00e4ns\u00e4 kanssa kotiin, Apsu ilmoitti \"Me voitais viett\u00e4\u00e4 t\u00e4\u00e4ll\u00e4 huomenna pikkujoulut!\" H\u00e4mm\u00e4stytty\u00e4ni, hetken p\u00e4\u00e4st\u00e4 totesin, ett\u00e4 ei se oikein k\u00e4y, kun mummilla ja papalla on muutakin tekemist\u00e4 ja menoa, mutta ehk\u00e4 sunnuntaina. Eilen viel\u00e4\u2026","rel":"","context":"Kategoriassa &quot;Isovanhemmuus&quot;","block_context":{"text":"Isovanhemmuus","link":"https:\/\/www.satokangas.fi\/blogi\/category\/isovanhemmuus\/"},"img":{"alt_text":"","src":"https:\/\/i0.wp.com\/www.satokangas.fi\/blogi\/wp-content\/uploads\/2021\/12\/Tonttuovella-4-1.jpg?resize=350%2C200&ssl=1","width":350,"height":200,"srcset":"https:\/\/i0.wp.com\/www.satokangas.fi\/blogi\/wp-content\/uploads\/2021\/12\/Tonttuovella-4-1.jpg?resize=350%2C200&ssl=1 1x, https:\/\/i0.wp.com\/www.satokangas.fi\/blogi\/wp-content\/uploads\/2021\/12\/Tonttuovella-4-1.jpg?resize=525%2C300&ssl=1 1.5x, https:\/\/i0.wp.com\/www.satokangas.fi\/blogi\/wp-content\/uploads\/2021\/12\/Tonttuovella-4-1.jpg?resize=700%2C400&ssl=1 2x"},"classes":[]},{"id":36806,"url":"https:\/\/www.satokangas.fi\/blogi\/2019\/07\/hiljalleen-hiljenee\/","url_meta":{"origin":34384,"position":5},"title":"Hiljalleen hiljenee","author":"Reija","date":"14.7.2019","format":false,"excerpt":"Koti on hiljennyt, j\u00e4\u00e4kaappi tyhjentynyt, juhlat ohi. Olen saanut kokata ja kestit\u00e4, mik\u00e4 toki on minulle mieluista. Mielell\u00e4ni hemmottelen l\u00e4heisi\u00e4 herkuttelulla, jonka p\u00e4\u00e4lle ymm\u00e4rt\u00e4v\u00e4t. ;) Juhannus, m\u00f6kkiviikonloppu, jolloin tyt\u00e4r oli mankelimatkansa loppusuoralla huilaamassa ja voimaantumassa m\u00f6kin ruokap\u00f6yd\u00e4ss\u00e4, saunassa ja levossa, seruraavana viikonloppuna \u00e4idin \"kes\u00e4retki\" Rantapeltoon ja samalla muitakin ruokavieraita (=\u2026","rel":"","context":"Kategoriassa &quot;Isovanhemmuus&quot;","block_context":{"text":"Isovanhemmuus","link":"https:\/\/www.satokangas.fi\/blogi\/category\/isovanhemmuus\/"},"img":{"alt_text":"","src":"https:\/\/i0.wp.com\/www.satokangas.fi\/blogi\/wp-content\/uploads\/2019\/07\/Ainola-3.jpg?resize=350%2C200&ssl=1","width":350,"height":200,"srcset":"https:\/\/i0.wp.com\/www.satokangas.fi\/blogi\/wp-content\/uploads\/2019\/07\/Ainola-3.jpg?resize=350%2C200&ssl=1 1x, https:\/\/i0.wp.com\/www.satokangas.fi\/blogi\/wp-content\/uploads\/2019\/07\/Ainola-3.jpg?resize=525%2C300&ssl=1 1.5x, https:\/\/i0.wp.com\/www.satokangas.fi\/blogi\/wp-content\/uploads\/2019\/07\/Ainola-3.jpg?resize=700%2C400&ssl=1 2x"},"classes":[]}],"_links":{"self":[{"href":"https:\/\/www.satokangas.fi\/blogi\/wp-json\/wp\/v2\/posts\/34384","targetHints":{"allow":["GET"]}}],"collection":[{"href":"https:\/\/www.satokangas.fi\/blogi\/wp-json\/wp\/v2\/posts"}],"about":[{"href":"https:\/\/www.satokangas.fi\/blogi\/wp-json\/wp\/v2\/types\/post"}],"author":[{"embeddable":true,"href":"https:\/\/www.satokangas.fi\/blogi\/wp-json\/wp\/v2\/users\/1"}],"replies":[{"embeddable":true,"href":"https:\/\/www.satokangas.fi\/blogi\/wp-json\/wp\/v2\/comments?post=34384"}],"version-history":[{"count":0,"href":"https:\/\/www.satokangas.fi\/blogi\/wp-json\/wp\/v2\/posts\/34384\/revisions"}],"wp:attachment":[{"href":"https:\/\/www.satokangas.fi\/blogi\/wp-json\/wp\/v2\/media?parent=34384"}],"wp:term":[{"taxonomy":"category","embeddable":true,"href":"https:\/\/www.satokangas.fi\/blogi\/wp-json\/wp\/v2\/categories?post=34384"},{"taxonomy":"post_tag","embeddable":true,"href":"https:\/\/www.satokangas.fi\/blogi\/wp-json\/wp\/v2\/tags?post=34384"}],"curies":[{"name":"wp","href":"https:\/\/api.w.org\/{rel}","templated":true}]}}