{"id":34381,"date":"2018-07-11T21:20:08","date_gmt":"2018-07-11T18:20:08","guid":{"rendered":"https:\/\/www.satokangas.fi\/blogi\/?p=34381"},"modified":"2018-07-11T21:20:10","modified_gmt":"2018-07-11T18:20:10","slug":"toimen-paiva","status":"publish","type":"post","link":"https:\/\/www.satokangas.fi\/blogi\/2018\/07\/toimen-paiva\/","title":{"rendered":"Toimen p\u00e4iv\u00e4"},"content":{"rendered":"<p>Hyv\u00e4nen aika, kuinka ihminen voikaan nukkua ihanasti kymmenen tuntia yhteen menoon!<\/p>\n<p>Mutta sitten toimeen ja touhuun, jota on riitt\u00e4nyt koko p\u00e4iv\u00e4ksi. Lenkki\u00e4, pihahommia, v\u00e4lill\u00e4 piipahdin tukanleikkuussa, pyykki\u00e4 ja sitten viel\u00e4 luokkakokousj\u00e4rjestelyj\u00e4, paistink\u00e4\u00e4nt\u00e4j\u00e4- ja valokuvauss\u00e4hk\u00f6posteja. Ja kolmelta tuli Apsu!<\/p>\n<p>Jonka suureksi yll\u00e4tykseksi t\u00e4\u00e4ll\u00e4 olikin my\u00f6s Naana! Kummit\u00e4din kohtaaminen meni ensin pelk\u00e4ll\u00e4 &#8221;telve&#8221; mutta parin tunnin ja Nallikarissa k\u00e4ynnin j\u00e4lkeen oli sitten saatava kummit\u00e4ti kaveriksi takapenkille, jotta voi olla k\u00e4sik\u00e4dess\u00e4. Ja huomenna menn\u00e4\u00e4n Nalskuun uudelleen, niin p\u00e4\u00e4tettiin.<\/p>\n<p><a href=\"https:\/\/www.satokangas.fi\/blogi\/2018\/07\/toimen-paiva\/dsc_0982\/#main\" rel=\"attachment wp-att-34382\"><img loading=\"lazy\" decoding=\"async\" data-attachment-id=\"34382\" data-permalink=\"https:\/\/www.satokangas.fi\/blogi\/2018\/07\/toimen-paiva\/dsc_0982\/\" data-orig-file=\"https:\/\/www.satokangas.fi\/blogi\/wp-content\/uploads\/2018\/07\/DSC_0982.jpg\" data-orig-size=\"565,850\" data-comments-opened=\"1\" data-image-meta=\"{&quot;aperture&quot;:&quot;2&quot;,&quot;credit&quot;:&quot;&quot;,&quot;camera&quot;:&quot;E5823&quot;,&quot;caption&quot;:&quot;&quot;,&quot;created_timestamp&quot;:&quot;1531331701&quot;,&quot;copyright&quot;:&quot;&quot;,&quot;focal_length&quot;:&quot;4.23&quot;,&quot;iso&quot;:&quot;40&quot;,&quot;shutter_speed&quot;:&quot;0.0005&quot;,&quot;title&quot;:&quot;&quot;,&quot;orientation&quot;:&quot;1&quot;}\" data-image-title=\"DSC_0982\" data-image-description=\"\" data-image-caption=\"\" data-large-file=\"https:\/\/www.satokangas.fi\/blogi\/wp-content\/uploads\/2018\/07\/DSC_0982.jpg\" class=\"aligncenter size-full wp-image-34382\" src=\"https:\/\/www.satokangas.fi\/blogi\/wp-content\/uploads\/2018\/07\/DSC_0982.jpg\" alt=\"\" width=\"565\" height=\"850\" srcset=\"https:\/\/www.satokangas.fi\/blogi\/wp-content\/uploads\/2018\/07\/DSC_0982.jpg 565w, https:\/\/www.satokangas.fi\/blogi\/wp-content\/uploads\/2018\/07\/DSC_0982-199x300.jpg 199w, https:\/\/www.satokangas.fi\/blogi\/wp-content\/uploads\/2018\/07\/DSC_0982-266x400.jpg 266w\" sizes=\"auto, (max-width: 565px) 100vw, 565px\" \/><\/a><\/p>\n<p>Hiljalleen koetan t\u00e4ss\u00e4 laskeutua keskiaika-moodiin. Kalaasit on jo ylihuomenna, joten hyvinkin olisi tiedett\u00e4v\u00e4, mit\u00e4 aion tarjota. Mit\u00e4s tulee mieleen, jos ajattelet olevasi menossa keskiaikap\u00e4iv\u00e4llisille? Mit\u00e4 odotat ja uskot olevan tarjolla?<\/p>\n","protected":false},"excerpt":{"rendered":"<p>Hyv\u00e4nen aika, kuinka ihminen voikaan nukkua ihanasti kymmenen tuntia yhteen menoon! Mutta sitten toimeen ja touhuun, jota on riitt\u00e4nyt koko p\u00e4iv\u00e4ksi. Lenkki\u00e4, pihahommia, v\u00e4lill\u00e4 piipahdin tukanleikkuussa, pyykki\u00e4 ja sitten viel\u00e4 luokkakokousj\u00e4rjestelyj\u00e4, paistink\u00e4\u00e4nt\u00e4j\u00e4- ja valokuvauss\u00e4hk\u00f6posteja. Ja kolmelta tuli Apsu! Jonka suureksi yll\u00e4tykseksi t\u00e4\u00e4ll\u00e4 olikin my\u00f6s Naana! Kummit\u00e4din kohtaaminen meni ensin pelk\u00e4ll\u00e4 &#8221;telve&#8221; mutta parin tunnin ja Nallikarissa k\u00e4ynnin j\u00e4lkeen oli sitten &hellip; <\/p>\n","protected":false},"author":1,"featured_media":0,"comment_status":"open","ping_status":"open","sticky":false,"template":"","format":"standard","meta":{"jetpack_post_was_ever_published":false,"_jetpack_newsletter_access":"","_jetpack_dont_email_post_to_subs":false,"_jetpack_newsletter_tier_id":0,"_jetpack_memberships_contains_paywalled_content":false,"_jetpack_memberships_contains_paid_content":false,"footnotes":"","jetpack_publicize_message":"","jetpack_publicize_feature_enabled":true,"jetpack_social_post_already_shared":true,"jetpack_social_options":{"image_generator_settings":{"template":"highway","default_image_id":0,"font":"","enabled":false},"version":2}},"categories":[1],"tags":[],"class_list":["post-34381","post","type-post","status-publish","format-standard","hentry","category-aiheeton","latest_post"],"jetpack_publicize_connections":[],"jetpack_featured_media_url":"","jetpack_shortlink":"https:\/\/wp.me\/pr4p4-8Wx","jetpack_sharing_enabled":true,"jetpack_likes_enabled":false,"jetpack-related-posts":[{"id":49772,"url":"https:\/\/www.satokangas.fi\/blogi\/2024\/06\/toimen-paiva-ilolla\/","url_meta":{"origin":34381,"position":0},"title":"Toimen p\u00e4iv\u00e4 &#8211; ilolla","author":"Reija","date":"12.6.2024","format":false,"excerpt":"Touhun ja toimen p\u00e4iv\u00e4h\u00e4n se t\u00e4st\u00e4kin tuli. Ja ilon kautta! Pehtoori on aamutuurissa, siis her\u00e4ilee turhan aikaisin, joten niinp\u00e4 min\u00e4kin. Seitsem\u00e4lt\u00e4 oli aamiainen jo sy\u00f6tyn\u00e4, ja p\u00e4iv\u00e4n tekemisi\u00e4 jo suunniteltiin. Oli t\u00e4n\u00e4\u00e4n k\u00e4yt\u00e4v\u00e4 kaupassa; toissap\u00e4iv\u00e4isest\u00e4 Ivalon reissusta huolimatta t\u00e4m\u00e4n p\u00e4iv\u00e4n kauppalapussa oli yhdeks\u00e4n pient\u00e4 juttua. Ja eih\u00e4n \"pikku Kuukkelissa\" ollut\u2026","rel":"","context":"Kategoriassa &quot;M\u00f6kkiel\u00e4m\u00e4\u00e4&quot;","block_context":{"text":"M\u00f6kkiel\u00e4m\u00e4\u00e4","link":"https:\/\/www.satokangas.fi\/blogi\/category\/mokkielamaa\/"},"img":{"alt_text":"","src":"https:\/\/i0.wp.com\/www.satokangas.fi\/blogi\/wp-content\/uploads\/2024\/06\/kesametsa-2.jpg?resize=350%2C200&ssl=1","width":350,"height":200,"srcset":"https:\/\/i0.wp.com\/www.satokangas.fi\/blogi\/wp-content\/uploads\/2024\/06\/kesametsa-2.jpg?resize=350%2C200&ssl=1 1x, https:\/\/i0.wp.com\/www.satokangas.fi\/blogi\/wp-content\/uploads\/2024\/06\/kesametsa-2.jpg?resize=525%2C300&ssl=1 1.5x, https:\/\/i0.wp.com\/www.satokangas.fi\/blogi\/wp-content\/uploads\/2024\/06\/kesametsa-2.jpg?resize=700%2C400&ssl=1 2x"},"classes":[]},{"id":52518,"url":"https:\/\/www.satokangas.fi\/blogi\/2025\/05\/touhun-ja-toimen-paiva\/","url_meta":{"origin":34381,"position":1},"title":"Touhun ja toimen p\u00e4iv\u00e4","author":"Reija","date":"22.5.2025","format":false,"excerpt":"Touhun ja toimen p\u00e4iv\u00e4. Minullakin t\u00e4n\u00e4\u00e4n.\u00a0Pehtoorilla niit\u00e4 on ollut jo pari, kolme viikkoa. Pihahommien aikaa. (Otsikkokuva kes\u00e4lt\u00e4 2010) Kes\u00e4vieraat, pihalla piipahtelijat, joskus ohikulkijatkin usein ihastelevat pihaamme, \u00e4\u00e4neenkin kehuvat, kuinka harmooninen ja hyvin hoidettu, vehre\u00e4 ja vihre\u00e4 se onkaan, ja samaan hengenvetoon p\u00e4ivittelev\u00e4t, kuinka paljon se mahtaakaan vaatia aikaa ja huolenpitoa.\u2026","rel":"","context":"Kategoriassa &quot;Puutarhahommia&quot;","block_context":{"text":"Puutarhahommia","link":"https:\/\/www.satokangas.fi\/blogi\/category\/puutarhahommia\/"},"img":{"alt_text":"","src":"https:\/\/i0.wp.com\/www.satokangas.fi\/blogi\/wp-content\/uploads\/2010\/07\/piazzalla.jpg?resize=350%2C200&ssl=1","width":350,"height":200,"srcset":"https:\/\/i0.wp.com\/www.satokangas.fi\/blogi\/wp-content\/uploads\/2010\/07\/piazzalla.jpg?resize=350%2C200&ssl=1 1x, https:\/\/i0.wp.com\/www.satokangas.fi\/blogi\/wp-content\/uploads\/2010\/07\/piazzalla.jpg?resize=525%2C300&ssl=1 1.5x, https:\/\/i0.wp.com\/www.satokangas.fi\/blogi\/wp-content\/uploads\/2010\/07\/piazzalla.jpg?resize=700%2C400&ssl=1 2x"},"classes":[]},{"id":33698,"url":"https:\/\/www.satokangas.fi\/blogi\/2018\/04\/toimasta-toimeen-pienella-viiveella\/","url_meta":{"origin":34381,"position":2},"title":"Tuumasta toimeen  &#8211; pienell\u00e4 viiveell\u00e4","author":"Reija","date":"3.4.2018","format":false,"excerpt":"K\u00e4vin \u00e4sken poikkeuksellisesti ILTAlenkill\u00e4. Kiertelin Hartaansel\u00e4n\u00a0 ymp\u00e4ri etsim\u00e4ss\u00e4 joutsenia. Olihan niit\u00e4. Ja tunnin aikana ehti olla kaikkia s\u00e4\u00e4n olomuotoja, mit\u00e4 t\u00e4h\u00e4n aikaan vuodesta on tapana olla. Kova tuuli ei n\u00e4y kuvissa.\u00a0Sitten yht\u00e4kki\u00e4 kirkastui, ja nyt jo paistaa aurinko. Kev\u00e4t. Mik\u00e4p\u00e4 siin\u00e4, tulkoon! Kyll\u00e4 minulle sopii. Hyvinkin. Pitk\u00e4sti toistakymment\u00e4 joutsenta oli\u2026","rel":"","context":"Kategoriassa &quot;Niit\u00e4 n\u00e4it\u00e4&quot;","block_context":{"text":"Niit\u00e4 n\u00e4it\u00e4","link":"https:\/\/www.satokangas.fi\/blogi\/category\/aiheeton\/"},"img":{"alt_text":"","src":"https:\/\/i0.wp.com\/www.satokangas.fi\/blogi\/wp-content\/uploads\/2018\/04\/1-12.jpg?resize=350%2C200&ssl=1","width":350,"height":200,"srcset":"https:\/\/i0.wp.com\/www.satokangas.fi\/blogi\/wp-content\/uploads\/2018\/04\/1-12.jpg?resize=350%2C200&ssl=1 1x, https:\/\/i0.wp.com\/www.satokangas.fi\/blogi\/wp-content\/uploads\/2018\/04\/1-12.jpg?resize=525%2C300&ssl=1 1.5x"},"classes":[]},{"id":40976,"url":"https:\/\/www.satokangas.fi\/blogi\/2021\/06\/toimen-paiva-2\/","url_meta":{"origin":34381,"position":3},"title":"Toimen p\u00e4iv\u00e4","author":"Reija","date":"10.6.2021","format":false,"excerpt":"Olen t\u00e4n\u00e4\u00e4n kuvaillut puita kotipihalla, py\u00f6r\u00e4lenkill\u00e4, kukkakaupassa, hautausmaalla. Olisin mielell\u00e4ni kuvannut my\u00f6s auringonpimennyst\u00e4, mutta olinpa juuri silloin - taas vaihteeksi - hammasl\u00e4\u00e4k\u00e4riss\u00e4. Ja olen kyll\u00e4 kohtuullisen pettynyt kalliiseen operaatioon! V\u00e4h\u00e4n sellainen ojasta allikkoon juttu! Py\u00f6r\u00e4illess\u00e4 puistojen ja pihojen ohi, tuntui, ett\u00e4 kaikkialla kukkii kaikki. Yhdess\u00e4 rys\u00e4yksess\u00e4 t\u00e4m\u00e4n kes\u00e4n kukkaloisto? Ja\u2026","rel":"","context":"Kategoriassa &quot;Niit\u00e4 n\u00e4it\u00e4&quot;","block_context":{"text":"Niit\u00e4 n\u00e4it\u00e4","link":"https:\/\/www.satokangas.fi\/blogi\/category\/aiheeton\/"},"img":{"alt_text":"","src":"https:\/\/i0.wp.com\/www.satokangas.fi\/blogi\/wp-content\/uploads\/2021\/06\/food-3.jpg?resize=350%2C200&ssl=1","width":350,"height":200,"srcset":"https:\/\/i0.wp.com\/www.satokangas.fi\/blogi\/wp-content\/uploads\/2021\/06\/food-3.jpg?resize=350%2C200&ssl=1 1x, https:\/\/i0.wp.com\/www.satokangas.fi\/blogi\/wp-content\/uploads\/2021\/06\/food-3.jpg?resize=525%2C300&ssl=1 1.5x"},"classes":[]},{"id":53639,"url":"https:\/\/www.satokangas.fi\/blogi\/2025\/12\/tekemisen-meininkia-koko-tiistai\/","url_meta":{"origin":34381,"position":4},"title":"Tekemisen meininki\u00e4 koko tiistai","author":"Reija","date":"16.12.2025","format":false,"excerpt":"Ihan vaan t\u00e4m\u00e4n blogin KALENTERIKUVAA varten l\u00e4hdin aamusella kaupungille kulkemaan: joulu-Oulua katselemaan. En\u00e4\u00e4 pari viikkoa kulttuurip\u00e4\u00e4kaupunkihumun alkuun, ja jouluun viikko; eip\u00e4 kumpikaan viel\u00e4 mink\u00e4\u00e4n moisena vilkkautena tiistaiaamun pikkupakkasessa n\u00e4kynyt. Mutta ovathan monet julkiset rakennukset ja liiketilat keskustassa valaistu hienosti: t\u00e4h\u00e4n postaukseen otsikkokuva Pokkisesta (Lyska, Tuomiokirkko, Kolmiotalo) ja sitten muutama kuva\u2026","rel":"","context":"Kategoriassa &quot;Joulu&quot;","block_context":{"text":"Joulu","link":"https:\/\/www.satokangas.fi\/blogi\/category\/joulu\/"},"img":{"alt_text":"","src":"https:\/\/i0.wp.com\/www.satokangas.fi\/blogi\/wp-content\/uploads\/2025\/12\/Joulu-Oulu-2025-10.jpg?resize=350%2C200&ssl=1","width":350,"height":200,"srcset":"https:\/\/i0.wp.com\/www.satokangas.fi\/blogi\/wp-content\/uploads\/2025\/12\/Joulu-Oulu-2025-10.jpg?resize=350%2C200&ssl=1 1x, https:\/\/i0.wp.com\/www.satokangas.fi\/blogi\/wp-content\/uploads\/2025\/12\/Joulu-Oulu-2025-10.jpg?resize=525%2C300&ssl=1 1.5x, https:\/\/i0.wp.com\/www.satokangas.fi\/blogi\/wp-content\/uploads\/2025\/12\/Joulu-Oulu-2025-10.jpg?resize=700%2C400&ssl=1 2x, https:\/\/i0.wp.com\/www.satokangas.fi\/blogi\/wp-content\/uploads\/2025\/12\/Joulu-Oulu-2025-10.jpg?resize=1050%2C600&ssl=1 3x"},"classes":[]},{"id":36718,"url":"https:\/\/www.satokangas.fi\/blogi\/2019\/06\/mokkireissulle-lahdossa\/","url_meta":{"origin":34381,"position":5},"title":"M\u00f6kkireissulle l\u00e4hd\u00f6ss\u00e4","author":"Reija","date":"27.6.2019","format":false,"excerpt":"Lopulta hyvinkin kes\u00e4inen p\u00e4iv\u00e4, vaikka aamulla toisenlaiseksi luulin. Koskapa huomenissa l\u00e4hdemme (taas) m\u00f6kille, on t\u00e4n\u00e4\u00e4n ollut valmistelup\u00e4iv\u00e4. Aamup\u00e4iv\u00e4 ensin \u00e4idin asioilla ja luona: varmuusvarastot t\u00e4ydennetty ja muut tarpeelliset toimet ja seuranpito hoidettu. Sitten m\u00f6kille kauppa-asiat ja pakkaaminen valmiiksi, kukkien kastelu ja muu kodin \"alasajo\". Tarkoitus on l\u00e4hte\u00e4 heti aamusta, ett\u00e4\u2026","rel":"","context":"Kategoriassa &quot;Niit\u00e4 n\u00e4it\u00e4&quot;","block_context":{"text":"Niit\u00e4 n\u00e4it\u00e4","link":"https:\/\/www.satokangas.fi\/blogi\/category\/aiheeton\/"},"img":{"alt_text":"","src":"https:\/\/i0.wp.com\/www.satokangas.fi\/blogi\/wp-content\/uploads\/2019\/06\/Huvila.jpg?resize=350%2C200&ssl=1","width":350,"height":200,"srcset":"https:\/\/i0.wp.com\/www.satokangas.fi\/blogi\/wp-content\/uploads\/2019\/06\/Huvila.jpg?resize=350%2C200&ssl=1 1x, https:\/\/i0.wp.com\/www.satokangas.fi\/blogi\/wp-content\/uploads\/2019\/06\/Huvila.jpg?resize=525%2C300&ssl=1 1.5x, https:\/\/i0.wp.com\/www.satokangas.fi\/blogi\/wp-content\/uploads\/2019\/06\/Huvila.jpg?resize=700%2C400&ssl=1 2x"},"classes":[]}],"_links":{"self":[{"href":"https:\/\/www.satokangas.fi\/blogi\/wp-json\/wp\/v2\/posts\/34381","targetHints":{"allow":["GET"]}}],"collection":[{"href":"https:\/\/www.satokangas.fi\/blogi\/wp-json\/wp\/v2\/posts"}],"about":[{"href":"https:\/\/www.satokangas.fi\/blogi\/wp-json\/wp\/v2\/types\/post"}],"author":[{"embeddable":true,"href":"https:\/\/www.satokangas.fi\/blogi\/wp-json\/wp\/v2\/users\/1"}],"replies":[{"embeddable":true,"href":"https:\/\/www.satokangas.fi\/blogi\/wp-json\/wp\/v2\/comments?post=34381"}],"version-history":[{"count":0,"href":"https:\/\/www.satokangas.fi\/blogi\/wp-json\/wp\/v2\/posts\/34381\/revisions"}],"wp:attachment":[{"href":"https:\/\/www.satokangas.fi\/blogi\/wp-json\/wp\/v2\/media?parent=34381"}],"wp:term":[{"taxonomy":"category","embeddable":true,"href":"https:\/\/www.satokangas.fi\/blogi\/wp-json\/wp\/v2\/categories?post=34381"},{"taxonomy":"post_tag","embeddable":true,"href":"https:\/\/www.satokangas.fi\/blogi\/wp-json\/wp\/v2\/tags?post=34381"}],"curies":[{"name":"wp","href":"https:\/\/api.w.org\/{rel}","templated":true}]}}